{"id":8397,"date":"2025-12-01T13:21:18","date_gmt":"2025-12-01T11:21:18","guid":{"rendered":"https:\/\/amurriobidean.org\/?p=8397"},"modified":"2025-12-01T13:21:18","modified_gmt":"2025-12-01T11:21:18","slug":"amurrio-impulsa-el-producto-local-con-una-accion-especial-en-el-mercado-de-productoras-y-productores-este-viernes","status":"publish","type":"post","link":"https:\/\/amurriobidean.org\/es\/amurrio-impulsa-el-producto-local-con-una-accion-especial-en-el-mercado-de-productoras-y-productores-este-viernes\/","title":{"rendered":"Amurrio impulsa el producto local con una acci\u00f3n especial en el Mercado de productoras y productores este viernes"},"content":{"rendered":"<ul>\n<li><strong>Se presentar\u00e1 una nueva imagen y se entregar\u00e1 a las y los productores del mercado que participan cada viernes un delantal<\/strong><\/li>\n<li><strong>Entre las 10:30h y las 14:00h, se instalar\u00e1 un stand con degustaci\u00f3n gratuita de producto local, abierto a todas las personas que se acerquen al mercado<\/strong><\/li>\n<li><strong>Durante la ma\u00f1ana se celebrar\u00e1 un sorteo de una cesta de productos locales entre todas las personas que realicen sus compras en el Mercado<\/strong><\/li>\n<\/ul>\n<p>Promocionar el Mercado de productoras y productores, que se celebra todos los viernes en la Plaza Juan Urrutia y poner en valor la calidad y cercan\u00eda del producto local. Ese es, precisamente, el objetivo de la acci\u00f3n especial que llevar\u00e1 a cabo el Ayuntamiento de Amurrio este viernes, 5 de diciembre.<\/p>\n<p>Con la mirada puesta en la pr\u00f3xima Navidad, ese d\u00eda se presentar\u00e1 una nueva imagen para las y los productores del mercado que participan cada viernes. As\u00ed, se les entregar\u00e1n nuevos delantales dise\u00f1ados espec\u00edficamente para los mercados de Aiaraldea a Burutxaga Hestebeteak, Lureder (Alberto Campo), Arantza Meabe, Queser\u00eda Ziorregi, Queser\u00eda Ibarrola, Pablo Azkoaga y Quesos Agui\u00f1iga<\/p>\n<p>Adem\u00e1s, entre las 10:30h y las 14:00h, se instalar\u00e1 un stand con degustaci\u00f3n gratuita de producto local, abierto a todas las personas que se acerquen al mercado.<\/p>\n<p>Durante la ma\u00f1ana tambi\u00e9n se celebrar\u00e1 un sorteo de una cesta de productos locales entre todas las personas que realicen sus compras en el Mercado de productoras y productores. En el propio stand se colocar\u00e1 una urna en la que cada comprador o compradora podr\u00e1 introducir su papeleta, que se entregar\u00e1 en el momento de realizar la compra. El sorteo tendr\u00e1 lugar a las 14:00, y la cesta se entregar\u00e1 el viernes 12 de diciembre.<\/p>\n<p>Con esta iniciativa, Amurrio reafirma su compromiso con el fortalecimiento del sector primario local y con el impulso de un consumo m\u00e1s cercano, sostenible y de calidad. Este evento est\u00e1 cofinanciado por el Ayuntamiento de Amurrio y la Diputaci\u00f3n Foral de \u00c1lava.<\/p>\n","protected":false},"excerpt":{"rendered":"<p>Se presentar\u00e1 una nueva imagen y se entregar\u00e1 a las y los productores del mercado que participan cada viernes un delantal Entre las 10:30h y las 14:00h, se instalar\u00e1 un stand con degustaci\u00f3n gratuita de producto local, abierto a todas las personas que se acerquen al mercado Durante la ma\u00f1ana se celebrar\u00e1 un sorteo de [&hellip;]<\/p>\n","protected":false},"author":2,"featured_media":8398,"comment_status":"closed","ping_status":"closed","sticky":false,"template":"","format":"standard","meta":{"footnotes":""},"categories":[28],"tags":[],"class_list":["post-8397","post","type-post","status-publish","format-standard","has-post-thumbnail","hentry","category-noticias"],"yoast_head":"<!-- This site is optimized with the Yoast SEO plugin v25.3 - https:\/\/yoast.com\/wordpress\/plugins\/seo\/ -->\n<title>Amurrio impulsa el producto local con una acci\u00f3n especial en el Mercado de productoras y productores este viernes - Amurrio Bidean. Garapen Agentzia - Agencia de desarrollo.<\/title>\n<meta name=\"robots\" content=\"index, follow, max-snippet:-1, max-image-preview:large, max-video-preview:-1\" \/>\n<link rel=\"canonical\" href=\"https:\/\/amurriobidean.org\/es\/amurrio-impulsa-el-producto-local-con-una-accion-especial-en-el-mercado-de-productoras-y-productores-este-viernes\/\" \/>\n<meta property=\"og:locale\" content=\"es_ES\" \/>\n<meta property=\"og:type\" content=\"article\" \/>\n<meta property=\"og:title\" content=\"Amurrio impulsa el producto local con una acci\u00f3n especial en el Mercado de productoras y productores este viernes - Amurrio Bidean. Garapen Agentzia - Agencia de desarrollo.\" \/>\n<meta property=\"og:description\" content=\"Se presentar\u00e1 una nueva imagen y se entregar\u00e1 a las y los productores del mercado que participan cada viernes un delantal Entre las 10:30h y las 14:00h, se instalar\u00e1 un stand con degustaci\u00f3n gratuita de producto local, abierto a todas las personas que se acerquen al mercado Durante la ma\u00f1ana se celebrar\u00e1 un sorteo de [&hellip;]\" \/>\n<meta property=\"og:url\" content=\"https:\/\/amurriobidean.org\/es\/amurrio-impulsa-el-producto-local-con-una-accion-especial-en-el-mercado-de-productoras-y-productores-este-viernes\/\" \/>\n<meta property=\"og:site_name\" content=\"Amurrio Bidean. Garapen Agentzia - Agencia de desarrollo.\" \/>\n<meta property=\"article:publisher\" content=\"https:\/\/www.facebook.com\/amurrio.bidean\" \/>\n<meta property=\"article:published_time\" content=\"2025-12-01T11:21:18+00:00\" \/>\n<meta property=\"og:image\" content=\"https:\/\/amurriobidean.org\/wp-content\/uploads\/2025\/12\/\u00a1Abenduaren-5a-etorri-eta-gozatu-gure-produktuekin.png\" \/>\n\t<meta property=\"og:image:width\" content=\"1587\" \/>\n\t<meta property=\"og:image:height\" content=\"2245\" \/>\n\t<meta property=\"og:image:type\" content=\"image\/png\" \/>\n<meta name=\"author\" content=\"Amurrio Bidean\" \/>\n<meta name=\"twitter:card\" content=\"summary_large_image\" \/>\n<meta name=\"twitter:creator\" content=\"@amurriobidean\" \/>\n<meta name=\"twitter:site\" content=\"@amurriobidean\" \/>\n<meta name=\"twitter:label1\" content=\"Escrito por\" \/>\n\t<meta name=\"twitter:data1\" content=\"Amurrio Bidean\" \/>\n\t<meta name=\"twitter:label2\" content=\"Tiempo de lectura\" \/>\n\t<meta name=\"twitter:data2\" content=\"2 minutos\" \/>\n<script type=\"application\/ld+json\" class=\"yoast-schema-graph\">{\"@context\":\"https:\/\/schema.org\",\"@graph\":[{\"@type\":\"WebPage\",\"@id\":\"https:\/\/amurriobidean.org\/es\/amurrio-impulsa-el-producto-local-con-una-accion-especial-en-el-mercado-de-productoras-y-productores-este-viernes\/\",\"url\":\"https:\/\/amurriobidean.org\/es\/amurrio-impulsa-el-producto-local-con-una-accion-especial-en-el-mercado-de-productoras-y-productores-este-viernes\/\",\"name\":\"Amurrio impulsa el producto local con una acci\u00f3n especial en el Mercado de productoras y productores este viernes - Amurrio Bidean. Garapen Agentzia - Agencia de desarrollo.\",\"isPartOf\":{\"@id\":\"https:\/\/amurriobidean.org\/es\/#website\"},\"primaryImageOfPage\":{\"@id\":\"https:\/\/amurriobidean.org\/es\/amurrio-impulsa-el-producto-local-con-una-accion-especial-en-el-mercado-de-productoras-y-productores-este-viernes\/#primaryimage\"},\"image\":{\"@id\":\"https:\/\/amurriobidean.org\/es\/amurrio-impulsa-el-producto-local-con-una-accion-especial-en-el-mercado-de-productoras-y-productores-este-viernes\/#primaryimage\"},\"thumbnailUrl\":\"https:\/\/amurriobidean.org\/wp-content\/uploads\/2025\/12\/\u00a1Abenduaren-5a-etorri-eta-gozatu-gure-produktuekin.png\",\"datePublished\":\"2025-12-01T11:21:18+00:00\",\"author\":{\"@id\":\"https:\/\/amurriobidean.org\/es\/#\/schema\/person\/56c71b474b3e7f5f5e6f209a6cf3abfe\"},\"breadcrumb\":{\"@id\":\"https:\/\/amurriobidean.org\/es\/amurrio-impulsa-el-producto-local-con-una-accion-especial-en-el-mercado-de-productoras-y-productores-este-viernes\/#breadcrumb\"},\"inLanguage\":\"es\",\"potentialAction\":[{\"@type\":\"ReadAction\",\"target\":[\"https:\/\/amurriobidean.org\/es\/amurrio-impulsa-el-producto-local-con-una-accion-especial-en-el-mercado-de-productoras-y-productores-este-viernes\/\"]}]},{\"@type\":\"ImageObject\",\"inLanguage\":\"es\",\"@id\":\"https:\/\/amurriobidean.org\/es\/amurrio-impulsa-el-producto-local-con-una-accion-especial-en-el-mercado-de-productoras-y-productores-este-viernes\/#primaryimage\",\"url\":\"https:\/\/amurriobidean.org\/wp-content\/uploads\/2025\/12\/\u00a1Abenduaren-5a-etorri-eta-gozatu-gure-produktuekin.png\",\"contentUrl\":\"https:\/\/amurriobidean.org\/wp-content\/uploads\/2025\/12\/\u00a1Abenduaren-5a-etorri-eta-gozatu-gure-produktuekin.png\",\"width\":1587,\"height\":2245},{\"@type\":\"BreadcrumbList\",\"@id\":\"https:\/\/amurriobidean.org\/es\/amurrio-impulsa-el-producto-local-con-una-accion-especial-en-el-mercado-de-productoras-y-productores-este-viernes\/#breadcrumb\",\"itemListElement\":[{\"@type\":\"ListItem\",\"position\":1,\"name\":\"Portada\",\"item\":\"https:\/\/amurriobidean.org\/es\/\"},{\"@type\":\"ListItem\",\"position\":2,\"name\":\"Amurrio impulsa el producto local con una acci\u00f3n especial en el Mercado de productoras y productores este viernes\"}]},{\"@type\":\"WebSite\",\"@id\":\"https:\/\/amurriobidean.org\/es\/#website\",\"url\":\"https:\/\/amurriobidean.org\/es\/\",\"name\":\"Amurrio Bidean. Garapen Agentzia - Agencia de desarrollo.\",\"description\":\"Agencia de Desarollo Local de Amurrio\",\"potentialAction\":[{\"@type\":\"SearchAction\",\"target\":{\"@type\":\"EntryPoint\",\"urlTemplate\":\"https:\/\/amurriobidean.org\/es\/?s={search_term_string}\"},\"query-input\":{\"@type\":\"PropertyValueSpecification\",\"valueRequired\":true,\"valueName\":\"search_term_string\"}}],\"inLanguage\":\"es\"},{\"@type\":\"Person\",\"@id\":\"https:\/\/amurriobidean.org\/es\/#\/schema\/person\/56c71b474b3e7f5f5e6f209a6cf3abfe\",\"name\":\"Amurrio Bidean\",\"image\":{\"@type\":\"ImageObject\",\"inLanguage\":\"es\",\"@id\":\"https:\/\/amurriobidean.org\/es\/#\/schema\/person\/image\/\",\"url\":\"https:\/\/secure.gravatar.com\/avatar\/84a34d50800d0bb5d80eba504fc44ed48c9b2faab16ad58fa7d30bce4e2b661e\",\"contentUrl\":\"https:\/\/secure.gravatar.com\/avatar\/84a34d50800d0bb5d80eba504fc44ed48c9b2faab16ad58fa7d30bce4e2b661e\",\"caption\":\"Amurrio Bidean\"},\"sameAs\":[\"http:\/\/www.amurriobidean.eus\"],\"url\":\"https:\/\/amurriobidean.org\/es\/author\/amurrio-bidean\/\"}]}<\/script>\n<!-- \/ Yoast SEO plugin. -->","yoast_head_json":{"title":"Amurrio impulsa el producto local con una acci\u00f3n especial en el Mercado de productoras y productores este viernes - Amurrio Bidean. Garapen Agentzia - Agencia de desarrollo.","robots":{"index":"index","follow":"follow","max-snippet":"max-snippet:-1","max-image-preview":"max-image-preview:large","max-video-preview":"max-video-preview:-1"},"canonical":"https:\/\/amurriobidean.org\/es\/amurrio-impulsa-el-producto-local-con-una-accion-especial-en-el-mercado-de-productoras-y-productores-este-viernes\/","og_locale":"es_ES","og_type":"article","og_title":"Amurrio impulsa el producto local con una acci\u00f3n especial en el Mercado de productoras y productores este viernes - Amurrio Bidean. Garapen Agentzia - Agencia de desarrollo.","og_description":"Se presentar\u00e1 una nueva imagen y se entregar\u00e1 a las y los productores del mercado que participan cada viernes un delantal Entre las 10:30h y las 14:00h, se instalar\u00e1 un stand con degustaci\u00f3n gratuita de producto local, abierto a todas las personas que se acerquen al mercado Durante la ma\u00f1ana se celebrar\u00e1 un sorteo de [&hellip;]","og_url":"https:\/\/amurriobidean.org\/es\/amurrio-impulsa-el-producto-local-con-una-accion-especial-en-el-mercado-de-productoras-y-productores-este-viernes\/","og_site_name":"Amurrio Bidean. Garapen Agentzia - Agencia de desarrollo.","article_publisher":"https:\/\/www.facebook.com\/amurrio.bidean","article_published_time":"2025-12-01T11:21:18+00:00","og_image":[{"width":1587,"height":2245,"url":"https:\/\/amurriobidean.org\/wp-content\/uploads\/2025\/12\/\u00a1Abenduaren-5a-etorri-eta-gozatu-gure-produktuekin.png","type":"image\/png"}],"author":"Amurrio Bidean","twitter_card":"summary_large_image","twitter_creator":"@amurriobidean","twitter_site":"@amurriobidean","twitter_misc":{"Escrito por":"Amurrio Bidean","Tiempo de lectura":"2 minutos"},"schema":{"@context":"https:\/\/schema.org","@graph":[{"@type":"WebPage","@id":"https:\/\/amurriobidean.org\/es\/amurrio-impulsa-el-producto-local-con-una-accion-especial-en-el-mercado-de-productoras-y-productores-este-viernes\/","url":"https:\/\/amurriobidean.org\/es\/amurrio-impulsa-el-producto-local-con-una-accion-especial-en-el-mercado-de-productoras-y-productores-este-viernes\/","name":"Amurrio impulsa el producto local con una acci\u00f3n especial en el Mercado de productoras y productores este viernes - Amurrio Bidean. Garapen Agentzia - Agencia de desarrollo.","isPartOf":{"@id":"https:\/\/amurriobidean.org\/es\/#website"},"primaryImageOfPage":{"@id":"https:\/\/amurriobidean.org\/es\/amurrio-impulsa-el-producto-local-con-una-accion-especial-en-el-mercado-de-productoras-y-productores-este-viernes\/#primaryimage"},"image":{"@id":"https:\/\/amurriobidean.org\/es\/amurrio-impulsa-el-producto-local-con-una-accion-especial-en-el-mercado-de-productoras-y-productores-este-viernes\/#primaryimage"},"thumbnailUrl":"https:\/\/amurriobidean.org\/wp-content\/uploads\/2025\/12\/\u00a1Abenduaren-5a-etorri-eta-gozatu-gure-produktuekin.png","datePublished":"2025-12-01T11:21:18+00:00","author":{"@id":"https:\/\/amurriobidean.org\/es\/#\/schema\/person\/56c71b474b3e7f5f5e6f209a6cf3abfe"},"breadcrumb":{"@id":"https:\/\/amurriobidean.org\/es\/amurrio-impulsa-el-producto-local-con-una-accion-especial-en-el-mercado-de-productoras-y-productores-este-viernes\/#breadcrumb"},"inLanguage":"es","potentialAction":[{"@type":"ReadAction","target":["https:\/\/amurriobidean.org\/es\/amurrio-impulsa-el-producto-local-con-una-accion-especial-en-el-mercado-de-productoras-y-productores-este-viernes\/"]}]},{"@type":"ImageObject","inLanguage":"es","@id":"https:\/\/amurriobidean.org\/es\/amurrio-impulsa-el-producto-local-con-una-accion-especial-en-el-mercado-de-productoras-y-productores-este-viernes\/#primaryimage","url":"https:\/\/amurriobidean.org\/wp-content\/uploads\/2025\/12\/\u00a1Abenduaren-5a-etorri-eta-gozatu-gure-produktuekin.png","contentUrl":"https:\/\/amurriobidean.org\/wp-content\/uploads\/2025\/12\/\u00a1Abenduaren-5a-etorri-eta-gozatu-gure-produktuekin.png","width":1587,"height":2245},{"@type":"BreadcrumbList","@id":"https:\/\/amurriobidean.org\/es\/amurrio-impulsa-el-producto-local-con-una-accion-especial-en-el-mercado-de-productoras-y-productores-este-viernes\/#breadcrumb","itemListElement":[{"@type":"ListItem","position":1,"name":"Portada","item":"https:\/\/amurriobidean.org\/es\/"},{"@type":"ListItem","position":2,"name":"Amurrio impulsa el producto local con una acci\u00f3n especial en el Mercado de productoras y productores este viernes"}]},{"@type":"WebSite","@id":"https:\/\/amurriobidean.org\/es\/#website","url":"https:\/\/amurriobidean.org\/es\/","name":"Amurrio Bidean. Garapen Agentzia - Agencia de desarrollo.","description":"Agencia de Desarollo Local de Amurrio","potentialAction":[{"@type":"SearchAction","target":{"@type":"EntryPoint","urlTemplate":"https:\/\/amurriobidean.org\/es\/?s={search_term_string}"},"query-input":{"@type":"PropertyValueSpecification","valueRequired":true,"valueName":"search_term_string"}}],"inLanguage":"es"},{"@type":"Person","@id":"https:\/\/amurriobidean.org\/es\/#\/schema\/person\/56c71b474b3e7f5f5e6f209a6cf3abfe","name":"Amurrio Bidean","image":{"@type":"ImageObject","inLanguage":"es","@id":"https:\/\/amurriobidean.org\/es\/#\/schema\/person\/image\/","url":"https:\/\/secure.gravatar.com\/avatar\/84a34d50800d0bb5d80eba504fc44ed48c9b2faab16ad58fa7d30bce4e2b661e","contentUrl":"https:\/\/secure.gravatar.com\/avatar\/84a34d50800d0bb5d80eba504fc44ed48c9b2faab16ad58fa7d30bce4e2b661e","caption":"Amurrio Bidean"},"sameAs":["http:\/\/www.amurriobidean.eus"],"url":"https:\/\/amurriobidean.org\/es\/author\/amurrio-bidean\/"}]}},"_links":{"self":[{"href":"https:\/\/amurriobidean.org\/es\/wp-json\/wp\/v2\/posts\/8397","targetHints":{"allow":["GET"]}}],"collection":[{"href":"https:\/\/amurriobidean.org\/es\/wp-json\/wp\/v2\/posts"}],"about":[{"href":"https:\/\/amurriobidean.org\/es\/wp-json\/wp\/v2\/types\/post"}],"author":[{"embeddable":true,"href":"https:\/\/amurriobidean.org\/es\/wp-json\/wp\/v2\/users\/2"}],"replies":[{"embeddable":true,"href":"https:\/\/amurriobidean.org\/es\/wp-json\/wp\/v2\/comments?post=8397"}],"version-history":[{"count":0,"href":"https:\/\/amurriobidean.org\/es\/wp-json\/wp\/v2\/posts\/8397\/revisions"}],"wp:featuredmedia":[{"embeddable":true,"href":"https:\/\/amurriobidean.org\/es\/wp-json\/wp\/v2\/media\/8398"}],"wp:attachment":[{"href":"https:\/\/amurriobidean.org\/es\/wp-json\/wp\/v2\/media?parent=8397"}],"wp:term":[{"taxonomy":"category","embeddable":true,"href":"https:\/\/amurriobidean.org\/es\/wp-json\/wp\/v2\/categories?post=8397"},{"taxonomy":"post_tag","embeddable":true,"href":"https:\/\/amurriobidean.org\/es\/wp-json\/wp\/v2\/tags?post=8397"}],"curies":[{"name":"wp","href":"https:\/\/api.w.org\/{rel}","templated":true}]}}