{"id":8392,"date":"2025-11-26T12:05:31","date_gmt":"2025-11-26T10:05:31","guid":{"rendered":"https:\/\/amurriobidean.org\/?p=8392"},"modified":"2025-11-26T12:05:31","modified_gmt":"2025-11-26T10:05:31","slug":"ultima-edicion-del-ano-del-barnetegi-sobre-inteligencia-artificial-generativa-en-amurrio","status":"publish","type":"post","link":"https:\/\/amurriobidean.org\/es\/ultima-edicion-del-ano-del-barnetegi-sobre-inteligencia-artificial-generativa-en-amurrio\/","title":{"rendered":"\u00daltima edici\u00f3n del a\u00f1o del Barnetegi sobre Inteligencia Artificial Generativa en Amurrio"},"content":{"rendered":"<p><strong>El 18 de diciembre, de 9:00 a 14:00 horas<\/strong>, se celebrar\u00e1 en Refor-Amurrio Enpresaldea la \u00faltima edici\u00f3n del a\u00f1o del <strong>Barnetegi sobre Inteligencia Artificial Generativa<\/strong>.<\/p>\n<p>Tras la alta demanda de las dos ediciones anteriores, se ha organizado una nueva convocatoria para que las y los profesionales que se quedaron sin plaza, as\u00ed como otras personas interesadas, puedan acercarse a esta tecnolog\u00eda antes de que finalice el a\u00f1o.<\/p>\n<p>Este taller intensivo, subvencionado por SPRI y Enpresa Digitala, ofrecer\u00e1 a empresas y profesionales la oportunidad de conocer y aplicar herramientas de inteligencia artificial generativa como ChatGPT, Gemini o Copilot. Las personas asistentes adquirir\u00e1n competencias pr\u00e1cticas para automatizar tareas, mejorar su eficiencia y creatividad, y tomar decisiones m\u00e1s informadas en su actividad profesional.<\/p>\n<p>El curso proporcionar\u00e1 no solo herramientas pr\u00e1cticas, sino tambi\u00e9n ejemplos reales adaptados a las pymes locales. Adem\u00e1s, se habilitar\u00e1 un espacio de <em>networking<\/em>, con desayuno incluido, para intercambiar ideas y experiencias. Tambi\u00e9n se abordar\u00e1n cuestiones clave como la privacidad, la fiabilidad, la \u00e9tica y los aspectos legales relacionados con el uso de la inteligencia artificial.<\/p>\n<p>Aprovecha esta oportunidad para iniciarte en el uso de la IA y descubrir todo su potencial.<\/p>\n<p>Para m\u00e1s informaci\u00f3n, puedes contactar con Amurrio Bidean por tel\u00e9fono o WhatsApp en el 945 891 721, o por correo electr\u00f3nico en empresa@amurriobidean.org.<br \/>\nLa inscripci\u00f3n puede realizarse a trav\u00e9s del siguiente formulario: <a href=\"https:\/\/labur.eus\/6oflw0ih\">https:\/\/labur.eus\/6oflw0ih<\/a>, seleccionando el taller \u201cAmurrio El Refor \u2013 IAG para empresas\u201d.<\/p>\n","protected":false},"excerpt":{"rendered":"<p>El 18 de diciembre, de 9:00 a 14:00 horas, se celebrar\u00e1 en Refor-Amurrio Enpresaldea la \u00faltima edici\u00f3n del a\u00f1o del Barnetegi sobre Inteligencia Artificial Generativa. Tras la alta demanda de las dos ediciones anteriores, se ha organizado una nueva convocatoria para que las y los profesionales que se quedaron sin plaza, as\u00ed como otras personas [&hellip;]<\/p>\n","protected":false},"author":5,"featured_media":8390,"comment_status":"closed","ping_status":"closed","sticky":false,"template":"","format":"standard","meta":{"footnotes":""},"categories":[28],"tags":[],"class_list":["post-8392","post","type-post","status-publish","format-standard","has-post-thumbnail","hentry","category-noticias"],"yoast_head":"<!-- This site is optimized with the Yoast SEO plugin v25.3 - https:\/\/yoast.com\/wordpress\/plugins\/seo\/ -->\n<title>\u00daltima edici\u00f3n del a\u00f1o del Barnetegi sobre Inteligencia Artificial Generativa en Amurrio - Amurrio Bidean. Garapen Agentzia - Agencia de desarrollo.<\/title>\n<meta name=\"description\" content=\"El 18 de diciembre, de 9:00 a 14:00 horas, se celebrar\u00e1 en Amurrio\" \/>\n<meta name=\"robots\" content=\"index, follow, max-snippet:-1, max-image-preview:large, max-video-preview:-1\" \/>\n<link rel=\"canonical\" href=\"https:\/\/amurriobidean.org\/es\/ultima-edicion-del-ano-del-barnetegi-sobre-inteligencia-artificial-generativa-en-amurrio\/\" \/>\n<meta property=\"og:locale\" content=\"es_ES\" \/>\n<meta property=\"og:type\" content=\"article\" \/>\n<meta property=\"og:title\" content=\"\u00daltima edici\u00f3n del a\u00f1o del Barnetegi sobre Inteligencia Artificial Generativa en Amurrio - Amurrio Bidean. Garapen Agentzia - Agencia de desarrollo.\" \/>\n<meta property=\"og:description\" content=\"El 18 de diciembre, de 9:00 a 14:00 horas, se celebrar\u00e1 en Amurrio\" \/>\n<meta property=\"og:url\" content=\"https:\/\/amurriobidean.org\/es\/ultima-edicion-del-ano-del-barnetegi-sobre-inteligencia-artificial-generativa-en-amurrio\/\" \/>\n<meta property=\"og:site_name\" content=\"Amurrio Bidean. Garapen Agentzia - Agencia de desarrollo.\" \/>\n<meta property=\"article:publisher\" content=\"https:\/\/www.facebook.com\/amurrio.bidean\" \/>\n<meta property=\"article:published_time\" content=\"2025-11-26T10:05:31+00:00\" \/>\n<meta property=\"og:image\" content=\"https:\/\/amurriobidean.org\/wp-content\/uploads\/2025\/11\/ChatGPT-Image-26-nov-2025-09_57_30.png\" \/>\n\t<meta property=\"og:image:width\" content=\"1024\" \/>\n\t<meta property=\"og:image:height\" content=\"1024\" \/>\n\t<meta property=\"og:image:type\" content=\"image\/png\" \/>\n<meta name=\"author\" content=\"Oihane GilSanz\" \/>\n<meta name=\"twitter:card\" content=\"summary_large_image\" \/>\n<meta name=\"twitter:creator\" content=\"@amurriobidean\" \/>\n<meta name=\"twitter:site\" content=\"@amurriobidean\" \/>\n<meta name=\"twitter:label1\" content=\"Escrito por\" \/>\n\t<meta name=\"twitter:data1\" content=\"Oihane GilSanz\" \/>\n\t<meta name=\"twitter:label2\" content=\"Tiempo de lectura\" \/>\n\t<meta name=\"twitter:data2\" content=\"2 minutos\" \/>\n<script type=\"application\/ld+json\" class=\"yoast-schema-graph\">{\"@context\":\"https:\/\/schema.org\",\"@graph\":[{\"@type\":\"WebPage\",\"@id\":\"https:\/\/amurriobidean.org\/es\/ultima-edicion-del-ano-del-barnetegi-sobre-inteligencia-artificial-generativa-en-amurrio\/\",\"url\":\"https:\/\/amurriobidean.org\/es\/ultima-edicion-del-ano-del-barnetegi-sobre-inteligencia-artificial-generativa-en-amurrio\/\",\"name\":\"\u00daltima edici\u00f3n del a\u00f1o del Barnetegi sobre Inteligencia Artificial Generativa en Amurrio - Amurrio Bidean. Garapen Agentzia - Agencia de desarrollo.\",\"isPartOf\":{\"@id\":\"https:\/\/amurriobidean.org\/es\/#website\"},\"primaryImageOfPage\":{\"@id\":\"https:\/\/amurriobidean.org\/es\/ultima-edicion-del-ano-del-barnetegi-sobre-inteligencia-artificial-generativa-en-amurrio\/#primaryimage\"},\"image\":{\"@id\":\"https:\/\/amurriobidean.org\/es\/ultima-edicion-del-ano-del-barnetegi-sobre-inteligencia-artificial-generativa-en-amurrio\/#primaryimage\"},\"thumbnailUrl\":\"https:\/\/amurriobidean.org\/wp-content\/uploads\/2025\/11\/ChatGPT-Image-26-nov-2025-09_57_30.png\",\"datePublished\":\"2025-11-26T10:05:31+00:00\",\"author\":{\"@id\":\"https:\/\/amurriobidean.org\/es\/#\/schema\/person\/7457391104215a2811afeb1f9ed980b0\"},\"description\":\"El 18 de diciembre, de 9:00 a 14:00 horas, se celebrar\u00e1 en Amurrio\",\"breadcrumb\":{\"@id\":\"https:\/\/amurriobidean.org\/es\/ultima-edicion-del-ano-del-barnetegi-sobre-inteligencia-artificial-generativa-en-amurrio\/#breadcrumb\"},\"inLanguage\":\"es\",\"potentialAction\":[{\"@type\":\"ReadAction\",\"target\":[\"https:\/\/amurriobidean.org\/es\/ultima-edicion-del-ano-del-barnetegi-sobre-inteligencia-artificial-generativa-en-amurrio\/\"]}]},{\"@type\":\"ImageObject\",\"inLanguage\":\"es\",\"@id\":\"https:\/\/amurriobidean.org\/es\/ultima-edicion-del-ano-del-barnetegi-sobre-inteligencia-artificial-generativa-en-amurrio\/#primaryimage\",\"url\":\"https:\/\/amurriobidean.org\/wp-content\/uploads\/2025\/11\/ChatGPT-Image-26-nov-2025-09_57_30.png\",\"contentUrl\":\"https:\/\/amurriobidean.org\/wp-content\/uploads\/2025\/11\/ChatGPT-Image-26-nov-2025-09_57_30.png\",\"width\":1024,\"height\":1024},{\"@type\":\"BreadcrumbList\",\"@id\":\"https:\/\/amurriobidean.org\/es\/ultima-edicion-del-ano-del-barnetegi-sobre-inteligencia-artificial-generativa-en-amurrio\/#breadcrumb\",\"itemListElement\":[{\"@type\":\"ListItem\",\"position\":1,\"name\":\"Portada\",\"item\":\"https:\/\/amurriobidean.org\/es\/\"},{\"@type\":\"ListItem\",\"position\":2,\"name\":\"\u00daltima edici\u00f3n del a\u00f1o del Barnetegi sobre Inteligencia Artificial Generativa en Amurrio\"}]},{\"@type\":\"WebSite\",\"@id\":\"https:\/\/amurriobidean.org\/es\/#website\",\"url\":\"https:\/\/amurriobidean.org\/es\/\",\"name\":\"Amurrio Bidean. Garapen Agentzia - Agencia de desarrollo.\",\"description\":\"Agencia de Desarollo Local de Amurrio\",\"potentialAction\":[{\"@type\":\"SearchAction\",\"target\":{\"@type\":\"EntryPoint\",\"urlTemplate\":\"https:\/\/amurriobidean.org\/es\/?s={search_term_string}\"},\"query-input\":{\"@type\":\"PropertyValueSpecification\",\"valueRequired\":true,\"valueName\":\"search_term_string\"}}],\"inLanguage\":\"es\"},{\"@type\":\"Person\",\"@id\":\"https:\/\/amurriobidean.org\/es\/#\/schema\/person\/7457391104215a2811afeb1f9ed980b0\",\"name\":\"Oihane GilSanz\",\"image\":{\"@type\":\"ImageObject\",\"inLanguage\":\"es\",\"@id\":\"https:\/\/amurriobidean.org\/es\/#\/schema\/person\/image\/\",\"url\":\"https:\/\/secure.gravatar.com\/avatar\/1df40c200bdd5927aedf4bd5cac24befa9a952559bc6430083077db9286c3c63\",\"contentUrl\":\"https:\/\/secure.gravatar.com\/avatar\/1df40c200bdd5927aedf4bd5cac24befa9a952559bc6430083077db9286c3c63\",\"caption\":\"Oihane GilSanz\"},\"url\":\"https:\/\/amurriobidean.org\/es\/author\/oihane\/\"}]}<\/script>\n<!-- \/ Yoast SEO plugin. -->","yoast_head_json":{"title":"\u00daltima edici\u00f3n del a\u00f1o del Barnetegi sobre Inteligencia Artificial Generativa en Amurrio - Amurrio Bidean. Garapen Agentzia - Agencia de desarrollo.","description":"El 18 de diciembre, de 9:00 a 14:00 horas, se celebrar\u00e1 en Amurrio","robots":{"index":"index","follow":"follow","max-snippet":"max-snippet:-1","max-image-preview":"max-image-preview:large","max-video-preview":"max-video-preview:-1"},"canonical":"https:\/\/amurriobidean.org\/es\/ultima-edicion-del-ano-del-barnetegi-sobre-inteligencia-artificial-generativa-en-amurrio\/","og_locale":"es_ES","og_type":"article","og_title":"\u00daltima edici\u00f3n del a\u00f1o del Barnetegi sobre Inteligencia Artificial Generativa en Amurrio - Amurrio Bidean. Garapen Agentzia - Agencia de desarrollo.","og_description":"El 18 de diciembre, de 9:00 a 14:00 horas, se celebrar\u00e1 en Amurrio","og_url":"https:\/\/amurriobidean.org\/es\/ultima-edicion-del-ano-del-barnetegi-sobre-inteligencia-artificial-generativa-en-amurrio\/","og_site_name":"Amurrio Bidean. Garapen Agentzia - Agencia de desarrollo.","article_publisher":"https:\/\/www.facebook.com\/amurrio.bidean","article_published_time":"2025-11-26T10:05:31+00:00","og_image":[{"width":1024,"height":1024,"url":"https:\/\/amurriobidean.org\/wp-content\/uploads\/2025\/11\/ChatGPT-Image-26-nov-2025-09_57_30.png","type":"image\/png"}],"author":"Oihane GilSanz","twitter_card":"summary_large_image","twitter_creator":"@amurriobidean","twitter_site":"@amurriobidean","twitter_misc":{"Escrito por":"Oihane GilSanz","Tiempo de lectura":"2 minutos"},"schema":{"@context":"https:\/\/schema.org","@graph":[{"@type":"WebPage","@id":"https:\/\/amurriobidean.org\/es\/ultima-edicion-del-ano-del-barnetegi-sobre-inteligencia-artificial-generativa-en-amurrio\/","url":"https:\/\/amurriobidean.org\/es\/ultima-edicion-del-ano-del-barnetegi-sobre-inteligencia-artificial-generativa-en-amurrio\/","name":"\u00daltima edici\u00f3n del a\u00f1o del Barnetegi sobre Inteligencia Artificial Generativa en Amurrio - Amurrio Bidean. Garapen Agentzia - Agencia de desarrollo.","isPartOf":{"@id":"https:\/\/amurriobidean.org\/es\/#website"},"primaryImageOfPage":{"@id":"https:\/\/amurriobidean.org\/es\/ultima-edicion-del-ano-del-barnetegi-sobre-inteligencia-artificial-generativa-en-amurrio\/#primaryimage"},"image":{"@id":"https:\/\/amurriobidean.org\/es\/ultima-edicion-del-ano-del-barnetegi-sobre-inteligencia-artificial-generativa-en-amurrio\/#primaryimage"},"thumbnailUrl":"https:\/\/amurriobidean.org\/wp-content\/uploads\/2025\/11\/ChatGPT-Image-26-nov-2025-09_57_30.png","datePublished":"2025-11-26T10:05:31+00:00","author":{"@id":"https:\/\/amurriobidean.org\/es\/#\/schema\/person\/7457391104215a2811afeb1f9ed980b0"},"description":"El 18 de diciembre, de 9:00 a 14:00 horas, se celebrar\u00e1 en Amurrio","breadcrumb":{"@id":"https:\/\/amurriobidean.org\/es\/ultima-edicion-del-ano-del-barnetegi-sobre-inteligencia-artificial-generativa-en-amurrio\/#breadcrumb"},"inLanguage":"es","potentialAction":[{"@type":"ReadAction","target":["https:\/\/amurriobidean.org\/es\/ultima-edicion-del-ano-del-barnetegi-sobre-inteligencia-artificial-generativa-en-amurrio\/"]}]},{"@type":"ImageObject","inLanguage":"es","@id":"https:\/\/amurriobidean.org\/es\/ultima-edicion-del-ano-del-barnetegi-sobre-inteligencia-artificial-generativa-en-amurrio\/#primaryimage","url":"https:\/\/amurriobidean.org\/wp-content\/uploads\/2025\/11\/ChatGPT-Image-26-nov-2025-09_57_30.png","contentUrl":"https:\/\/amurriobidean.org\/wp-content\/uploads\/2025\/11\/ChatGPT-Image-26-nov-2025-09_57_30.png","width":1024,"height":1024},{"@type":"BreadcrumbList","@id":"https:\/\/amurriobidean.org\/es\/ultima-edicion-del-ano-del-barnetegi-sobre-inteligencia-artificial-generativa-en-amurrio\/#breadcrumb","itemListElement":[{"@type":"ListItem","position":1,"name":"Portada","item":"https:\/\/amurriobidean.org\/es\/"},{"@type":"ListItem","position":2,"name":"\u00daltima edici\u00f3n del a\u00f1o del Barnetegi sobre Inteligencia Artificial Generativa en Amurrio"}]},{"@type":"WebSite","@id":"https:\/\/amurriobidean.org\/es\/#website","url":"https:\/\/amurriobidean.org\/es\/","name":"Amurrio Bidean. Garapen Agentzia - Agencia de desarrollo.","description":"Agencia de Desarollo Local de Amurrio","potentialAction":[{"@type":"SearchAction","target":{"@type":"EntryPoint","urlTemplate":"https:\/\/amurriobidean.org\/es\/?s={search_term_string}"},"query-input":{"@type":"PropertyValueSpecification","valueRequired":true,"valueName":"search_term_string"}}],"inLanguage":"es"},{"@type":"Person","@id":"https:\/\/amurriobidean.org\/es\/#\/schema\/person\/7457391104215a2811afeb1f9ed980b0","name":"Oihane GilSanz","image":{"@type":"ImageObject","inLanguage":"es","@id":"https:\/\/amurriobidean.org\/es\/#\/schema\/person\/image\/","url":"https:\/\/secure.gravatar.com\/avatar\/1df40c200bdd5927aedf4bd5cac24befa9a952559bc6430083077db9286c3c63","contentUrl":"https:\/\/secure.gravatar.com\/avatar\/1df40c200bdd5927aedf4bd5cac24befa9a952559bc6430083077db9286c3c63","caption":"Oihane GilSanz"},"url":"https:\/\/amurriobidean.org\/es\/author\/oihane\/"}]}},"_links":{"self":[{"href":"https:\/\/amurriobidean.org\/es\/wp-json\/wp\/v2\/posts\/8392","targetHints":{"allow":["GET"]}}],"collection":[{"href":"https:\/\/amurriobidean.org\/es\/wp-json\/wp\/v2\/posts"}],"about":[{"href":"https:\/\/amurriobidean.org\/es\/wp-json\/wp\/v2\/types\/post"}],"author":[{"embeddable":true,"href":"https:\/\/amurriobidean.org\/es\/wp-json\/wp\/v2\/users\/5"}],"replies":[{"embeddable":true,"href":"https:\/\/amurriobidean.org\/es\/wp-json\/wp\/v2\/comments?post=8392"}],"version-history":[{"count":0,"href":"https:\/\/amurriobidean.org\/es\/wp-json\/wp\/v2\/posts\/8392\/revisions"}],"wp:featuredmedia":[{"embeddable":true,"href":"https:\/\/amurriobidean.org\/es\/wp-json\/wp\/v2\/media\/8390"}],"wp:attachment":[{"href":"https:\/\/amurriobidean.org\/es\/wp-json\/wp\/v2\/media?parent=8392"}],"wp:term":[{"taxonomy":"category","embeddable":true,"href":"https:\/\/amurriobidean.org\/es\/wp-json\/wp\/v2\/categories?post=8392"},{"taxonomy":"post_tag","embeddable":true,"href":"https:\/\/amurriobidean.org\/es\/wp-json\/wp\/v2\/tags?post=8392"}],"curies":[{"name":"wp","href":"https:\/\/api.w.org\/{rel}","templated":true}]}}