{"id":8361,"date":"2025-11-13T10:30:04","date_gmt":"2025-11-13T08:30:04","guid":{"rendered":"https:\/\/amurriobidean.org\/?p=8361"},"modified":"2025-11-13T10:46:35","modified_gmt":"2025-11-13T08:46:35","slug":"aiaraldean-ekin-tres-nuevas-jornadas-para-inspirar-conectar-y-fortalecer-el-emprendimiento-en-airaladea","status":"publish","type":"post","link":"https:\/\/amurriobidean.org\/es\/aiaraldean-ekin-tres-nuevas-jornadas-para-inspirar-conectar-y-fortalecer-el-emprendimiento-en-airaladea\/","title":{"rendered":"AIARALDEAN EKIN: TRES NUEVAS JORNADAS PARA INSPIRAR, CONECTAR Y FORTALECER EL EMPRENDIMIENTO EN AIRALADEA"},"content":{"rendered":"<p><strong>La primera jornada se celebrar\u00e1 el pr\u00f3ximo 20 de noviembre en el Hospedaje Albizabal de Amurrio<\/strong><\/p>\n<p>&nbsp;<\/p>\n<p>Tras la excelente acogida de esta iniciativa en sus dos ediciones anteriores, los municipios de la comarca vuelven a unirse para organizar tres nuevas sesiones dirigidas a personas emprendedoras y profesionales del entorno, que se desarrollar\u00e1n en distintos espacios y negocios de Aiaraldea.<\/p>\n<p>Amurrio Bidean, la Asociaci\u00f3n de Desarrollo Rural Zabaia y Laudio Hazi, a trav\u00e9s de la Cuadrilla de Aiaraldea y con el apoyo econ\u00f3mico de Fundaci\u00f3n Vital Fundazioa, impulsan nuevamente este programa con el objetivo de fortalecer el tejido emprendedor y empresarial local, ofreciendo formaci\u00f3n pr\u00e1ctica, inspiraci\u00f3n y espacios para el encuentro.<\/p>\n<p><strong>Formaci\u00f3n pr\u00e1ctica con IA aplicada a las ventas<\/strong><\/p>\n<p>Los dos primeros talleres estar\u00e1n centrados en la estrategia comercial, incorporando el uso de la Inteligencia Artificial en la creaci\u00f3n de contenidos, procesos y plantillas para facilitar y optimizar la gesti\u00f3n de ventas.<br \/>\nSe trabajar\u00e1 con una metodolog\u00eda pr\u00e1ctica, para que las personas participantes puedan aplicar los aprendizajes de forma \u00e1gil y sencilla en sus propios proyectos o negocios.<br \/>\nAmbas sesiones ser\u00e1n impartidas por Ana Blanco, consultora del Grupo Bentas y experta en la materia.<\/p>\n<p><strong>EKIN TOPAKETA: un encuentro inspirador para conectar y crecer<\/strong><\/p>\n<p>Como novedad, este a\u00f1o se celebrar\u00e1 la primera edici\u00f3n de EKIN TOPAKETA, un encuentro entre personas emprendedoras de Aiaraldea concebido como un espacio inspirador para conectar, compartir experiencias y generar confianza.<br \/>\nLa jornada final tendr\u00e1 lugar en el Hotel Arcos de Quejana (Ayala) y servir\u00e1 de colof\u00f3n al programa de este a\u00f1o. Contar\u00e1 con la participaci\u00f3n de Mar\u00eda Olarte, coach profesional, quien ofrecer\u00e1 una breve charla motivacional y dinamizar\u00e1 una mesa redonda en la que tres personas emprendedoras locales compartir\u00e1n sus experiencias. El evento, que se cerrar\u00e1 con un lunch en un ambiente cercano y distendido, busca seguir tejiendo redes y fortalecer la comunidad emprendedora de Aiaraldea.<\/p>\n<p>Para ampliar informaci\u00f3n e inscribirse en todas o alguna de las jornadas se puede contactar con Amurrio Bidean en el tel 945891721 o mail <a href=\"mailto:autoempleo@amurriobidean.org\">autoempleo@amurriobidean.org<\/a><\/p>\n<p>o cumplimentar el formulario de inscripci\u00f3n en el siguiente enlace:<\/p>\n<p><strong><a href=\"https:\/\/forms.office.com\/pages\/responsepage.aspx?id=EkJNK84IgUKhvQb6ct75X6g5jMGiVlpMk5Q839Y57FNURFEzWVZRMTZGMTJPWEw3UllWWjRKNUxCOCQlQCN0PWcu&amp;route=shorturl\">Link inscripciones<\/a><\/strong><\/p>\n<p><img fetchpriority=\"high\" decoding=\"async\" class=\"wp-image-8357 alignleft\" src=\"https:\/\/amurriobidean.org\/wp-content\/uploads\/2025\/11\/Aiaraldean-Ekin-2025_Pagina_1.jpg\" alt=\"\" width=\"812\" height=\"1148\" srcset=\"https:\/\/amurriobidean.org\/wp-content\/uploads\/2025\/11\/Aiaraldean-Ekin-2025_Pagina_1.jpg 1655w, https:\/\/amurriobidean.org\/wp-content\/uploads\/2025\/11\/Aiaraldean-Ekin-2025_Pagina_1-212x300.jpg 212w, https:\/\/amurriobidean.org\/wp-content\/uploads\/2025\/11\/Aiaraldean-Ekin-2025_Pagina_1-728x1030.jpg 728w, https:\/\/amurriobidean.org\/wp-content\/uploads\/2025\/11\/Aiaraldean-Ekin-2025_Pagina_1-768x1086.jpg 768w, https:\/\/amurriobidean.org\/wp-content\/uploads\/2025\/11\/Aiaraldean-Ekin-2025_Pagina_1-1086x1536.jpg 1086w, https:\/\/amurriobidean.org\/wp-content\/uploads\/2025\/11\/Aiaraldean-Ekin-2025_Pagina_1-1448x2048.jpg 1448w, https:\/\/amurriobidean.org\/wp-content\/uploads\/2025\/11\/Aiaraldean-Ekin-2025_Pagina_1-1061x1500.jpg 1061w, https:\/\/amurriobidean.org\/wp-content\/uploads\/2025\/11\/Aiaraldean-Ekin-2025_Pagina_1-499x705.jpg 499w\" sizes=\"(max-width: 812px) 100vw, 812px\" \/><\/p>\n","protected":false},"excerpt":{"rendered":"<p>La primera jornada se celebrar\u00e1 el pr\u00f3ximo 20 de noviembre en el Hospedaje Albizabal de Amurrio &nbsp; Tras la excelente acogida de esta iniciativa en sus dos ediciones anteriores, los municipios de la comarca vuelven a unirse para organizar tres nuevas sesiones dirigidas a personas emprendedoras y profesionales del entorno, que se desarrollar\u00e1n en distintos [&hellip;]<\/p>\n","protected":false},"author":5,"featured_media":8365,"comment_status":"closed","ping_status":"closed","sticky":false,"template":"","format":"standard","meta":{"footnotes":""},"categories":[32,28],"tags":[60,61,94,109,37],"class_list":["post-8361","post","type-post","status-publish","format-standard","has-post-thumbnail","hentry","category-cursos","category-noticias","tag-amurrio","tag-amurriobidean","tag-emprende","tag-emprender-2","tag-formacion-es"],"yoast_head":"<!-- This site is optimized with the Yoast SEO plugin v25.3 - https:\/\/yoast.com\/wordpress\/plugins\/seo\/ -->\n<title>AIARALDEAN EKIN: TRES NUEVAS JORNADAS PARA INSPIRAR, CONECTAR Y FORTALECER EL EMPRENDIMIENTO EN AIRALADEA - Amurrio Bidean. Garapen Agentzia - Agencia de desarrollo.<\/title>\n<meta name=\"robots\" content=\"index, follow, max-snippet:-1, max-image-preview:large, max-video-preview:-1\" \/>\n<link rel=\"canonical\" href=\"https:\/\/amurriobidean.org\/es\/aiaraldean-ekin-tres-nuevas-jornadas-para-inspirar-conectar-y-fortalecer-el-emprendimiento-en-airaladea\/\" \/>\n<meta property=\"og:locale\" content=\"es_ES\" \/>\n<meta property=\"og:type\" content=\"article\" \/>\n<meta property=\"og:title\" content=\"AIARALDEAN EKIN: TRES NUEVAS JORNADAS PARA INSPIRAR, CONECTAR Y FORTALECER EL EMPRENDIMIENTO EN AIRALADEA - Amurrio Bidean. Garapen Agentzia - Agencia de desarrollo.\" \/>\n<meta property=\"og:description\" content=\"La primera jornada se celebrar\u00e1 el pr\u00f3ximo 20 de noviembre en el Hospedaje Albizabal de Amurrio &nbsp; Tras la excelente acogida de esta iniciativa en sus dos ediciones anteriores, los municipios de la comarca vuelven a unirse para organizar tres nuevas sesiones dirigidas a personas emprendedoras y profesionales del entorno, que se desarrollar\u00e1n en distintos [&hellip;]\" \/>\n<meta property=\"og:url\" content=\"https:\/\/amurriobidean.org\/es\/aiaraldean-ekin-tres-nuevas-jornadas-para-inspirar-conectar-y-fortalecer-el-emprendimiento-en-airaladea\/\" \/>\n<meta property=\"og:site_name\" content=\"Amurrio Bidean. Garapen Agentzia - Agencia de desarrollo.\" \/>\n<meta property=\"article:publisher\" content=\"https:\/\/www.facebook.com\/amurrio.bidean\" \/>\n<meta property=\"article:published_time\" content=\"2025-11-13T08:30:04+00:00\" \/>\n<meta property=\"article:modified_time\" content=\"2025-11-13T08:46:35+00:00\" \/>\n<meta property=\"og:image\" content=\"https:\/\/amurriobidean.org\/wp-content\/uploads\/2025\/11\/Aiaraldean-Ekin-2025_Pagina_1-1.jpg\" \/>\n\t<meta property=\"og:image:width\" content=\"1560\" \/>\n\t<meta property=\"og:image:height\" content=\"692\" \/>\n\t<meta property=\"og:image:type\" content=\"image\/jpeg\" \/>\n<meta name=\"author\" content=\"Oihane GilSanz\" \/>\n<meta name=\"twitter:card\" content=\"summary_large_image\" \/>\n<meta name=\"twitter:creator\" content=\"@amurriobidean\" \/>\n<meta name=\"twitter:site\" content=\"@amurriobidean\" \/>\n<meta name=\"twitter:label1\" content=\"Escrito por\" \/>\n\t<meta name=\"twitter:data1\" content=\"Oihane GilSanz\" \/>\n\t<meta name=\"twitter:label2\" content=\"Tiempo de lectura\" \/>\n\t<meta name=\"twitter:data2\" content=\"2 minutos\" \/>\n<script type=\"application\/ld+json\" class=\"yoast-schema-graph\">{\"@context\":\"https:\/\/schema.org\",\"@graph\":[{\"@type\":\"WebPage\",\"@id\":\"https:\/\/amurriobidean.org\/es\/aiaraldean-ekin-tres-nuevas-jornadas-para-inspirar-conectar-y-fortalecer-el-emprendimiento-en-airaladea\/\",\"url\":\"https:\/\/amurriobidean.org\/es\/aiaraldean-ekin-tres-nuevas-jornadas-para-inspirar-conectar-y-fortalecer-el-emprendimiento-en-airaladea\/\",\"name\":\"AIARALDEAN EKIN: TRES NUEVAS JORNADAS PARA INSPIRAR, CONECTAR Y FORTALECER EL EMPRENDIMIENTO EN AIRALADEA - Amurrio Bidean. Garapen Agentzia - Agencia de desarrollo.\",\"isPartOf\":{\"@id\":\"https:\/\/amurriobidean.org\/es\/#website\"},\"primaryImageOfPage\":{\"@id\":\"https:\/\/amurriobidean.org\/es\/aiaraldean-ekin-tres-nuevas-jornadas-para-inspirar-conectar-y-fortalecer-el-emprendimiento-en-airaladea\/#primaryimage\"},\"image\":{\"@id\":\"https:\/\/amurriobidean.org\/es\/aiaraldean-ekin-tres-nuevas-jornadas-para-inspirar-conectar-y-fortalecer-el-emprendimiento-en-airaladea\/#primaryimage\"},\"thumbnailUrl\":\"https:\/\/amurriobidean.org\/wp-content\/uploads\/2025\/11\/Aiaraldean-Ekin-2025_Pagina_1-1.jpg\",\"datePublished\":\"2025-11-13T08:30:04+00:00\",\"dateModified\":\"2025-11-13T08:46:35+00:00\",\"author\":{\"@id\":\"https:\/\/amurriobidean.org\/es\/#\/schema\/person\/7457391104215a2811afeb1f9ed980b0\"},\"breadcrumb\":{\"@id\":\"https:\/\/amurriobidean.org\/es\/aiaraldean-ekin-tres-nuevas-jornadas-para-inspirar-conectar-y-fortalecer-el-emprendimiento-en-airaladea\/#breadcrumb\"},\"inLanguage\":\"es\",\"potentialAction\":[{\"@type\":\"ReadAction\",\"target\":[\"https:\/\/amurriobidean.org\/es\/aiaraldean-ekin-tres-nuevas-jornadas-para-inspirar-conectar-y-fortalecer-el-emprendimiento-en-airaladea\/\"]}]},{\"@type\":\"ImageObject\",\"inLanguage\":\"es\",\"@id\":\"https:\/\/amurriobidean.org\/es\/aiaraldean-ekin-tres-nuevas-jornadas-para-inspirar-conectar-y-fortalecer-el-emprendimiento-en-airaladea\/#primaryimage\",\"url\":\"https:\/\/amurriobidean.org\/wp-content\/uploads\/2025\/11\/Aiaraldean-Ekin-2025_Pagina_1-1.jpg\",\"contentUrl\":\"https:\/\/amurriobidean.org\/wp-content\/uploads\/2025\/11\/Aiaraldean-Ekin-2025_Pagina_1-1.jpg\",\"width\":1560,\"height\":692},{\"@type\":\"BreadcrumbList\",\"@id\":\"https:\/\/amurriobidean.org\/es\/aiaraldean-ekin-tres-nuevas-jornadas-para-inspirar-conectar-y-fortalecer-el-emprendimiento-en-airaladea\/#breadcrumb\",\"itemListElement\":[{\"@type\":\"ListItem\",\"position\":1,\"name\":\"Portada\",\"item\":\"https:\/\/amurriobidean.org\/es\/\"},{\"@type\":\"ListItem\",\"position\":2,\"name\":\"AIARALDEAN EKIN: TRES NUEVAS JORNADAS PARA INSPIRAR, CONECTAR Y FORTALECER EL EMPRENDIMIENTO EN AIRALADEA\"}]},{\"@type\":\"WebSite\",\"@id\":\"https:\/\/amurriobidean.org\/es\/#website\",\"url\":\"https:\/\/amurriobidean.org\/es\/\",\"name\":\"Amurrio Bidean. Garapen Agentzia - Agencia de desarrollo.\",\"description\":\"Agencia de Desarollo Local de Amurrio\",\"potentialAction\":[{\"@type\":\"SearchAction\",\"target\":{\"@type\":\"EntryPoint\",\"urlTemplate\":\"https:\/\/amurriobidean.org\/es\/?s={search_term_string}\"},\"query-input\":{\"@type\":\"PropertyValueSpecification\",\"valueRequired\":true,\"valueName\":\"search_term_string\"}}],\"inLanguage\":\"es\"},{\"@type\":\"Person\",\"@id\":\"https:\/\/amurriobidean.org\/es\/#\/schema\/person\/7457391104215a2811afeb1f9ed980b0\",\"name\":\"Oihane GilSanz\",\"image\":{\"@type\":\"ImageObject\",\"inLanguage\":\"es\",\"@id\":\"https:\/\/amurriobidean.org\/es\/#\/schema\/person\/image\/\",\"url\":\"https:\/\/secure.gravatar.com\/avatar\/1df40c200bdd5927aedf4bd5cac24befa9a952559bc6430083077db9286c3c63\",\"contentUrl\":\"https:\/\/secure.gravatar.com\/avatar\/1df40c200bdd5927aedf4bd5cac24befa9a952559bc6430083077db9286c3c63\",\"caption\":\"Oihane GilSanz\"},\"url\":\"https:\/\/amurriobidean.org\/es\/author\/oihane\/\"}]}<\/script>\n<!-- \/ Yoast SEO plugin. -->","yoast_head_json":{"title":"AIARALDEAN EKIN: TRES NUEVAS JORNADAS PARA INSPIRAR, CONECTAR Y FORTALECER EL EMPRENDIMIENTO EN AIRALADEA - Amurrio Bidean. Garapen Agentzia - Agencia de desarrollo.","robots":{"index":"index","follow":"follow","max-snippet":"max-snippet:-1","max-image-preview":"max-image-preview:large","max-video-preview":"max-video-preview:-1"},"canonical":"https:\/\/amurriobidean.org\/es\/aiaraldean-ekin-tres-nuevas-jornadas-para-inspirar-conectar-y-fortalecer-el-emprendimiento-en-airaladea\/","og_locale":"es_ES","og_type":"article","og_title":"AIARALDEAN EKIN: TRES NUEVAS JORNADAS PARA INSPIRAR, CONECTAR Y FORTALECER EL EMPRENDIMIENTO EN AIRALADEA - Amurrio Bidean. Garapen Agentzia - Agencia de desarrollo.","og_description":"La primera jornada se celebrar\u00e1 el pr\u00f3ximo 20 de noviembre en el Hospedaje Albizabal de Amurrio &nbsp; Tras la excelente acogida de esta iniciativa en sus dos ediciones anteriores, los municipios de la comarca vuelven a unirse para organizar tres nuevas sesiones dirigidas a personas emprendedoras y profesionales del entorno, que se desarrollar\u00e1n en distintos [&hellip;]","og_url":"https:\/\/amurriobidean.org\/es\/aiaraldean-ekin-tres-nuevas-jornadas-para-inspirar-conectar-y-fortalecer-el-emprendimiento-en-airaladea\/","og_site_name":"Amurrio Bidean. Garapen Agentzia - Agencia de desarrollo.","article_publisher":"https:\/\/www.facebook.com\/amurrio.bidean","article_published_time":"2025-11-13T08:30:04+00:00","article_modified_time":"2025-11-13T08:46:35+00:00","og_image":[{"width":1560,"height":692,"url":"https:\/\/amurriobidean.org\/wp-content\/uploads\/2025\/11\/Aiaraldean-Ekin-2025_Pagina_1-1.jpg","type":"image\/jpeg"}],"author":"Oihane GilSanz","twitter_card":"summary_large_image","twitter_creator":"@amurriobidean","twitter_site":"@amurriobidean","twitter_misc":{"Escrito por":"Oihane GilSanz","Tiempo de lectura":"2 minutos"},"schema":{"@context":"https:\/\/schema.org","@graph":[{"@type":"WebPage","@id":"https:\/\/amurriobidean.org\/es\/aiaraldean-ekin-tres-nuevas-jornadas-para-inspirar-conectar-y-fortalecer-el-emprendimiento-en-airaladea\/","url":"https:\/\/amurriobidean.org\/es\/aiaraldean-ekin-tres-nuevas-jornadas-para-inspirar-conectar-y-fortalecer-el-emprendimiento-en-airaladea\/","name":"AIARALDEAN EKIN: TRES NUEVAS JORNADAS PARA INSPIRAR, CONECTAR Y FORTALECER EL EMPRENDIMIENTO EN AIRALADEA - Amurrio Bidean. Garapen Agentzia - Agencia de desarrollo.","isPartOf":{"@id":"https:\/\/amurriobidean.org\/es\/#website"},"primaryImageOfPage":{"@id":"https:\/\/amurriobidean.org\/es\/aiaraldean-ekin-tres-nuevas-jornadas-para-inspirar-conectar-y-fortalecer-el-emprendimiento-en-airaladea\/#primaryimage"},"image":{"@id":"https:\/\/amurriobidean.org\/es\/aiaraldean-ekin-tres-nuevas-jornadas-para-inspirar-conectar-y-fortalecer-el-emprendimiento-en-airaladea\/#primaryimage"},"thumbnailUrl":"https:\/\/amurriobidean.org\/wp-content\/uploads\/2025\/11\/Aiaraldean-Ekin-2025_Pagina_1-1.jpg","datePublished":"2025-11-13T08:30:04+00:00","dateModified":"2025-11-13T08:46:35+00:00","author":{"@id":"https:\/\/amurriobidean.org\/es\/#\/schema\/person\/7457391104215a2811afeb1f9ed980b0"},"breadcrumb":{"@id":"https:\/\/amurriobidean.org\/es\/aiaraldean-ekin-tres-nuevas-jornadas-para-inspirar-conectar-y-fortalecer-el-emprendimiento-en-airaladea\/#breadcrumb"},"inLanguage":"es","potentialAction":[{"@type":"ReadAction","target":["https:\/\/amurriobidean.org\/es\/aiaraldean-ekin-tres-nuevas-jornadas-para-inspirar-conectar-y-fortalecer-el-emprendimiento-en-airaladea\/"]}]},{"@type":"ImageObject","inLanguage":"es","@id":"https:\/\/amurriobidean.org\/es\/aiaraldean-ekin-tres-nuevas-jornadas-para-inspirar-conectar-y-fortalecer-el-emprendimiento-en-airaladea\/#primaryimage","url":"https:\/\/amurriobidean.org\/wp-content\/uploads\/2025\/11\/Aiaraldean-Ekin-2025_Pagina_1-1.jpg","contentUrl":"https:\/\/amurriobidean.org\/wp-content\/uploads\/2025\/11\/Aiaraldean-Ekin-2025_Pagina_1-1.jpg","width":1560,"height":692},{"@type":"BreadcrumbList","@id":"https:\/\/amurriobidean.org\/es\/aiaraldean-ekin-tres-nuevas-jornadas-para-inspirar-conectar-y-fortalecer-el-emprendimiento-en-airaladea\/#breadcrumb","itemListElement":[{"@type":"ListItem","position":1,"name":"Portada","item":"https:\/\/amurriobidean.org\/es\/"},{"@type":"ListItem","position":2,"name":"AIARALDEAN EKIN: TRES NUEVAS JORNADAS PARA INSPIRAR, CONECTAR Y FORTALECER EL EMPRENDIMIENTO EN AIRALADEA"}]},{"@type":"WebSite","@id":"https:\/\/amurriobidean.org\/es\/#website","url":"https:\/\/amurriobidean.org\/es\/","name":"Amurrio Bidean. Garapen Agentzia - Agencia de desarrollo.","description":"Agencia de Desarollo Local de Amurrio","potentialAction":[{"@type":"SearchAction","target":{"@type":"EntryPoint","urlTemplate":"https:\/\/amurriobidean.org\/es\/?s={search_term_string}"},"query-input":{"@type":"PropertyValueSpecification","valueRequired":true,"valueName":"search_term_string"}}],"inLanguage":"es"},{"@type":"Person","@id":"https:\/\/amurriobidean.org\/es\/#\/schema\/person\/7457391104215a2811afeb1f9ed980b0","name":"Oihane GilSanz","image":{"@type":"ImageObject","inLanguage":"es","@id":"https:\/\/amurriobidean.org\/es\/#\/schema\/person\/image\/","url":"https:\/\/secure.gravatar.com\/avatar\/1df40c200bdd5927aedf4bd5cac24befa9a952559bc6430083077db9286c3c63","contentUrl":"https:\/\/secure.gravatar.com\/avatar\/1df40c200bdd5927aedf4bd5cac24befa9a952559bc6430083077db9286c3c63","caption":"Oihane GilSanz"},"url":"https:\/\/amurriobidean.org\/es\/author\/oihane\/"}]}},"_links":{"self":[{"href":"https:\/\/amurriobidean.org\/es\/wp-json\/wp\/v2\/posts\/8361","targetHints":{"allow":["GET"]}}],"collection":[{"href":"https:\/\/amurriobidean.org\/es\/wp-json\/wp\/v2\/posts"}],"about":[{"href":"https:\/\/amurriobidean.org\/es\/wp-json\/wp\/v2\/types\/post"}],"author":[{"embeddable":true,"href":"https:\/\/amurriobidean.org\/es\/wp-json\/wp\/v2\/users\/5"}],"replies":[{"embeddable":true,"href":"https:\/\/amurriobidean.org\/es\/wp-json\/wp\/v2\/comments?post=8361"}],"version-history":[{"count":0,"href":"https:\/\/amurriobidean.org\/es\/wp-json\/wp\/v2\/posts\/8361\/revisions"}],"wp:featuredmedia":[{"embeddable":true,"href":"https:\/\/amurriobidean.org\/es\/wp-json\/wp\/v2\/media\/8365"}],"wp:attachment":[{"href":"https:\/\/amurriobidean.org\/es\/wp-json\/wp\/v2\/media?parent=8361"}],"wp:term":[{"taxonomy":"category","embeddable":true,"href":"https:\/\/amurriobidean.org\/es\/wp-json\/wp\/v2\/categories?post=8361"},{"taxonomy":"post_tag","embeddable":true,"href":"https:\/\/amurriobidean.org\/es\/wp-json\/wp\/v2\/tags?post=8361"}],"curies":[{"name":"wp","href":"https:\/\/api.w.org\/{rel}","templated":true}]}}