{"id":8200,"date":"2025-09-05T13:01:42","date_gmt":"2025-09-05T11:01:42","guid":{"rendered":"https:\/\/amurriobidean.org\/?p=8200"},"modified":"2025-09-05T13:01:42","modified_gmt":"2025-09-05T11:01:42","slug":"amurrio-race-arranca-nueva-temporada-con-dos-retos-en-pista","status":"publish","type":"post","link":"https:\/\/amurriobidean.org\/es\/amurrio-race-arranca-nueva-temporada-con-dos-retos-en-pista\/","title":{"rendered":"Amurrio Race arranca nueva temporada con dos retos en pista"},"content":{"rendered":"<h3><strong>Amurrio Bidean pone en marcha el curso 2025\u20132026 del equipo Amurrio Race, un proyecto educativo y deportivo que une tecnolog\u00eda, igualdad y comunidad.<\/strong><\/h3>\n<p>La nueva edici\u00f3n del programa <strong>comenzar\u00e1 el 6 de octubre y se prolongar\u00e1 hasta el 25 de mayo<\/strong>, con sesiones de trabajo todos los lunes de 18:15 a 20:15 horas en las instalaciones del IES Zaraobe, colaborador del proyecto. El objetivo ser\u00e1 preparar el kart y el equipo para la participaci\u00f3n en dos carreras oficiales, previstas en Navarra y Bilbao, siguiendo el calendario marcado por la organizaci\u00f3n.<\/p>\n<p>Amurrio Race se dirige a j\u00f3venes (chicas y chicos entre 11 y 16 a\u00f1os que est\u00e9n matriculados en centros educativos de Amurrio) que quieren aprender desde la pr\u00e1ctica. En estas sesiones de trabajo, el equipo trabaja en el montaje y mejoras del kart, preparar la comunicaci\u00f3n o, en ocasiones, prueba las modificaciones realizadas en el veh\u00edculo. Cada participante se integra en un grupo de trabajo, asumiendo responsabilidades de dise\u00f1o, mec\u00e1nica o comunicaci\u00f3n, adem\u00e1s del pilotaje que es compartido entre todas las personas participantes. As\u00ed, dise\u00f1an, calculan, fabrican, prueban y presentan su propio kart el\u00e9ctrico de competici\u00f3n. El grupo avanza paso a paso tutorizados por monitores expertos hasta llegar a las carreras, donde se ponen a prueba tanto el veh\u00edculo como la coordinaci\u00f3n del equipo. La experiencia permite desarrollar competencias cient\u00edfico\u2013tecnol\u00f3gicas junto con habilidades de equipo, comunicaci\u00f3n y liderazgo.<\/p>\n<p>En cada fase del proyecto la seguridad est\u00e1 garantizada, con coches inspeccionados, frenos revisados y pilotos equipados bajo normas internacionales. El aprendizaje se orienta a un prop\u00f3sito claro: pasar de la teor\u00eda al box, trabajando competencias STEAM y tambi\u00e9n habilidades de comunicaci\u00f3n y trabajo en equipo. La igualdad se vive como algo real, ya que tanto chicas como chicos conducen, dise\u00f1an y lideran en condiciones de paridad. Todo ello se desarrolla en comunidad, conectando distintos centros de Euskadi o incluso internacionales, lo que aporta referentes cercanos y profesionales. Adem\u00e1s, se trabajan opciones de patrocinio que vinculan a empresas locales con el equipo.<\/p>\n<p>Las personas interesadas pueden informarse en Amurrio Bidean (945 891721 tel\u00e9fono y whatsapp\/ <a href=\"mailto:empresa@amurriobidean.org\">empresa@amurriobidean.org<\/a>).<\/p>\n<p>\u201cCompetir con cabeza, aprender en equipo y abrir camino hacia el futuro\u201d, resume el esp\u00edritu de Amurrio Race, un proyecto que sigue creciendo en Amurrio gracias al esfuerzo de j\u00f3venes, familias e instituciones.<\/p>\n","protected":false},"excerpt":{"rendered":"<p>Amurrio Bidean pone en marcha el curso 2025\u20132026 del equipo Amurrio Race, un proyecto educativo y deportivo que une tecnolog\u00eda, igualdad y comunidad. La nueva edici\u00f3n del programa comenzar\u00e1 el 6 de octubre y se prolongar\u00e1 hasta el 25 de mayo, con sesiones de trabajo todos los lunes de 18:15 a 20:15 horas en las [&hellip;]<\/p>\n","protected":false},"author":5,"featured_media":8201,"comment_status":"closed","ping_status":"closed","sticky":false,"template":"","format":"standard","meta":{"footnotes":""},"categories":[32,28],"tags":[60,61,135,37],"class_list":["post-8200","post","type-post","status-publish","format-standard","has-post-thumbnail","hentry","category-cursos","category-noticias","tag-amurrio","tag-amurriobidean","tag-steam","tag-formacion-es"],"yoast_head":"<!-- This site is optimized with the Yoast SEO plugin v25.3 - https:\/\/yoast.com\/wordpress\/plugins\/seo\/ -->\n<title>Amurrio Race arranca nueva temporada con dos retos en pista - Amurrio Bidean. Garapen Agentzia - Agencia de desarrollo.<\/title>\n<meta name=\"robots\" content=\"index, follow, max-snippet:-1, max-image-preview:large, max-video-preview:-1\" \/>\n<link rel=\"canonical\" href=\"https:\/\/amurriobidean.org\/es\/amurrio-race-arranca-nueva-temporada-con-dos-retos-en-pista\/\" \/>\n<meta property=\"og:locale\" content=\"es_ES\" \/>\n<meta property=\"og:type\" content=\"article\" \/>\n<meta property=\"og:title\" content=\"Amurrio Race arranca nueva temporada con dos retos en pista - Amurrio Bidean. Garapen Agentzia - Agencia de desarrollo.\" \/>\n<meta property=\"og:description\" content=\"Amurrio Bidean pone en marcha el curso 2025\u20132026 del equipo Amurrio Race, un proyecto educativo y deportivo que une tecnolog\u00eda, igualdad y comunidad. La nueva edici\u00f3n del programa comenzar\u00e1 el 6 de octubre y se prolongar\u00e1 hasta el 25 de mayo, con sesiones de trabajo todos los lunes de 18:15 a 20:15 horas en las [&hellip;]\" \/>\n<meta property=\"og:url\" content=\"https:\/\/amurriobidean.org\/es\/amurrio-race-arranca-nueva-temporada-con-dos-retos-en-pista\/\" \/>\n<meta property=\"og:site_name\" content=\"Amurrio Bidean. Garapen Agentzia - Agencia de desarrollo.\" \/>\n<meta property=\"article:publisher\" content=\"https:\/\/www.facebook.com\/amurrio.bidean\" \/>\n<meta property=\"article:published_time\" content=\"2025-09-05T11:01:42+00:00\" \/>\n<meta property=\"og:image\" content=\"https:\/\/amurriobidean.org\/wp-content\/uploads\/2025\/09\/WhatsApp-Image-2025-06-08-at-10.58.55.jpeg\" \/>\n\t<meta property=\"og:image:width\" content=\"1200\" \/>\n\t<meta property=\"og:image:height\" content=\"1600\" \/>\n\t<meta property=\"og:image:type\" content=\"image\/jpeg\" \/>\n<meta name=\"author\" content=\"Oihane GilSanz\" \/>\n<meta name=\"twitter:card\" content=\"summary_large_image\" \/>\n<meta name=\"twitter:creator\" content=\"@amurriobidean\" \/>\n<meta name=\"twitter:site\" content=\"@amurriobidean\" \/>\n<meta name=\"twitter:label1\" content=\"Escrito por\" \/>\n\t<meta name=\"twitter:data1\" content=\"Oihane GilSanz\" \/>\n\t<meta name=\"twitter:label2\" content=\"Tiempo de lectura\" \/>\n\t<meta name=\"twitter:data2\" content=\"2 minutos\" \/>\n<script type=\"application\/ld+json\" class=\"yoast-schema-graph\">{\"@context\":\"https:\/\/schema.org\",\"@graph\":[{\"@type\":\"WebPage\",\"@id\":\"https:\/\/amurriobidean.org\/es\/amurrio-race-arranca-nueva-temporada-con-dos-retos-en-pista\/\",\"url\":\"https:\/\/amurriobidean.org\/es\/amurrio-race-arranca-nueva-temporada-con-dos-retos-en-pista\/\",\"name\":\"Amurrio Race arranca nueva temporada con dos retos en pista - Amurrio Bidean. Garapen Agentzia - Agencia de desarrollo.\",\"isPartOf\":{\"@id\":\"https:\/\/amurriobidean.org\/es\/#website\"},\"primaryImageOfPage\":{\"@id\":\"https:\/\/amurriobidean.org\/es\/amurrio-race-arranca-nueva-temporada-con-dos-retos-en-pista\/#primaryimage\"},\"image\":{\"@id\":\"https:\/\/amurriobidean.org\/es\/amurrio-race-arranca-nueva-temporada-con-dos-retos-en-pista\/#primaryimage\"},\"thumbnailUrl\":\"https:\/\/amurriobidean.org\/wp-content\/uploads\/2025\/09\/WhatsApp-Image-2025-06-08-at-10.58.55.jpeg\",\"datePublished\":\"2025-09-05T11:01:42+00:00\",\"author\":{\"@id\":\"https:\/\/amurriobidean.org\/es\/#\/schema\/person\/7457391104215a2811afeb1f9ed980b0\"},\"breadcrumb\":{\"@id\":\"https:\/\/amurriobidean.org\/es\/amurrio-race-arranca-nueva-temporada-con-dos-retos-en-pista\/#breadcrumb\"},\"inLanguage\":\"es\",\"potentialAction\":[{\"@type\":\"ReadAction\",\"target\":[\"https:\/\/amurriobidean.org\/es\/amurrio-race-arranca-nueva-temporada-con-dos-retos-en-pista\/\"]}]},{\"@type\":\"ImageObject\",\"inLanguage\":\"es\",\"@id\":\"https:\/\/amurriobidean.org\/es\/amurrio-race-arranca-nueva-temporada-con-dos-retos-en-pista\/#primaryimage\",\"url\":\"https:\/\/amurriobidean.org\/wp-content\/uploads\/2025\/09\/WhatsApp-Image-2025-06-08-at-10.58.55.jpeg\",\"contentUrl\":\"https:\/\/amurriobidean.org\/wp-content\/uploads\/2025\/09\/WhatsApp-Image-2025-06-08-at-10.58.55.jpeg\",\"width\":1200,\"height\":1600},{\"@type\":\"BreadcrumbList\",\"@id\":\"https:\/\/amurriobidean.org\/es\/amurrio-race-arranca-nueva-temporada-con-dos-retos-en-pista\/#breadcrumb\",\"itemListElement\":[{\"@type\":\"ListItem\",\"position\":1,\"name\":\"Portada\",\"item\":\"https:\/\/amurriobidean.org\/es\/\"},{\"@type\":\"ListItem\",\"position\":2,\"name\":\"Amurrio Race arranca nueva temporada con dos retos en pista\"}]},{\"@type\":\"WebSite\",\"@id\":\"https:\/\/amurriobidean.org\/es\/#website\",\"url\":\"https:\/\/amurriobidean.org\/es\/\",\"name\":\"Amurrio Bidean. Garapen Agentzia - Agencia de desarrollo.\",\"description\":\"Agencia de Desarollo Local de Amurrio\",\"potentialAction\":[{\"@type\":\"SearchAction\",\"target\":{\"@type\":\"EntryPoint\",\"urlTemplate\":\"https:\/\/amurriobidean.org\/es\/?s={search_term_string}\"},\"query-input\":{\"@type\":\"PropertyValueSpecification\",\"valueRequired\":true,\"valueName\":\"search_term_string\"}}],\"inLanguage\":\"es\"},{\"@type\":\"Person\",\"@id\":\"https:\/\/amurriobidean.org\/es\/#\/schema\/person\/7457391104215a2811afeb1f9ed980b0\",\"name\":\"Oihane GilSanz\",\"image\":{\"@type\":\"ImageObject\",\"inLanguage\":\"es\",\"@id\":\"https:\/\/amurriobidean.org\/es\/#\/schema\/person\/image\/\",\"url\":\"https:\/\/secure.gravatar.com\/avatar\/1df40c200bdd5927aedf4bd5cac24befa9a952559bc6430083077db9286c3c63\",\"contentUrl\":\"https:\/\/secure.gravatar.com\/avatar\/1df40c200bdd5927aedf4bd5cac24befa9a952559bc6430083077db9286c3c63\",\"caption\":\"Oihane GilSanz\"},\"url\":\"https:\/\/amurriobidean.org\/es\/author\/oihane\/\"}]}<\/script>\n<!-- \/ Yoast SEO plugin. -->","yoast_head_json":{"title":"Amurrio Race arranca nueva temporada con dos retos en pista - Amurrio Bidean. Garapen Agentzia - Agencia de desarrollo.","robots":{"index":"index","follow":"follow","max-snippet":"max-snippet:-1","max-image-preview":"max-image-preview:large","max-video-preview":"max-video-preview:-1"},"canonical":"https:\/\/amurriobidean.org\/es\/amurrio-race-arranca-nueva-temporada-con-dos-retos-en-pista\/","og_locale":"es_ES","og_type":"article","og_title":"Amurrio Race arranca nueva temporada con dos retos en pista - Amurrio Bidean. Garapen Agentzia - Agencia de desarrollo.","og_description":"Amurrio Bidean pone en marcha el curso 2025\u20132026 del equipo Amurrio Race, un proyecto educativo y deportivo que une tecnolog\u00eda, igualdad y comunidad. La nueva edici\u00f3n del programa comenzar\u00e1 el 6 de octubre y se prolongar\u00e1 hasta el 25 de mayo, con sesiones de trabajo todos los lunes de 18:15 a 20:15 horas en las [&hellip;]","og_url":"https:\/\/amurriobidean.org\/es\/amurrio-race-arranca-nueva-temporada-con-dos-retos-en-pista\/","og_site_name":"Amurrio Bidean. Garapen Agentzia - Agencia de desarrollo.","article_publisher":"https:\/\/www.facebook.com\/amurrio.bidean","article_published_time":"2025-09-05T11:01:42+00:00","og_image":[{"width":1200,"height":1600,"url":"https:\/\/amurriobidean.org\/wp-content\/uploads\/2025\/09\/WhatsApp-Image-2025-06-08-at-10.58.55.jpeg","type":"image\/jpeg"}],"author":"Oihane GilSanz","twitter_card":"summary_large_image","twitter_creator":"@amurriobidean","twitter_site":"@amurriobidean","twitter_misc":{"Escrito por":"Oihane GilSanz","Tiempo de lectura":"2 minutos"},"schema":{"@context":"https:\/\/schema.org","@graph":[{"@type":"WebPage","@id":"https:\/\/amurriobidean.org\/es\/amurrio-race-arranca-nueva-temporada-con-dos-retos-en-pista\/","url":"https:\/\/amurriobidean.org\/es\/amurrio-race-arranca-nueva-temporada-con-dos-retos-en-pista\/","name":"Amurrio Race arranca nueva temporada con dos retos en pista - Amurrio Bidean. Garapen Agentzia - Agencia de desarrollo.","isPartOf":{"@id":"https:\/\/amurriobidean.org\/es\/#website"},"primaryImageOfPage":{"@id":"https:\/\/amurriobidean.org\/es\/amurrio-race-arranca-nueva-temporada-con-dos-retos-en-pista\/#primaryimage"},"image":{"@id":"https:\/\/amurriobidean.org\/es\/amurrio-race-arranca-nueva-temporada-con-dos-retos-en-pista\/#primaryimage"},"thumbnailUrl":"https:\/\/amurriobidean.org\/wp-content\/uploads\/2025\/09\/WhatsApp-Image-2025-06-08-at-10.58.55.jpeg","datePublished":"2025-09-05T11:01:42+00:00","author":{"@id":"https:\/\/amurriobidean.org\/es\/#\/schema\/person\/7457391104215a2811afeb1f9ed980b0"},"breadcrumb":{"@id":"https:\/\/amurriobidean.org\/es\/amurrio-race-arranca-nueva-temporada-con-dos-retos-en-pista\/#breadcrumb"},"inLanguage":"es","potentialAction":[{"@type":"ReadAction","target":["https:\/\/amurriobidean.org\/es\/amurrio-race-arranca-nueva-temporada-con-dos-retos-en-pista\/"]}]},{"@type":"ImageObject","inLanguage":"es","@id":"https:\/\/amurriobidean.org\/es\/amurrio-race-arranca-nueva-temporada-con-dos-retos-en-pista\/#primaryimage","url":"https:\/\/amurriobidean.org\/wp-content\/uploads\/2025\/09\/WhatsApp-Image-2025-06-08-at-10.58.55.jpeg","contentUrl":"https:\/\/amurriobidean.org\/wp-content\/uploads\/2025\/09\/WhatsApp-Image-2025-06-08-at-10.58.55.jpeg","width":1200,"height":1600},{"@type":"BreadcrumbList","@id":"https:\/\/amurriobidean.org\/es\/amurrio-race-arranca-nueva-temporada-con-dos-retos-en-pista\/#breadcrumb","itemListElement":[{"@type":"ListItem","position":1,"name":"Portada","item":"https:\/\/amurriobidean.org\/es\/"},{"@type":"ListItem","position":2,"name":"Amurrio Race arranca nueva temporada con dos retos en pista"}]},{"@type":"WebSite","@id":"https:\/\/amurriobidean.org\/es\/#website","url":"https:\/\/amurriobidean.org\/es\/","name":"Amurrio Bidean. Garapen Agentzia - Agencia de desarrollo.","description":"Agencia de Desarollo Local de Amurrio","potentialAction":[{"@type":"SearchAction","target":{"@type":"EntryPoint","urlTemplate":"https:\/\/amurriobidean.org\/es\/?s={search_term_string}"},"query-input":{"@type":"PropertyValueSpecification","valueRequired":true,"valueName":"search_term_string"}}],"inLanguage":"es"},{"@type":"Person","@id":"https:\/\/amurriobidean.org\/es\/#\/schema\/person\/7457391104215a2811afeb1f9ed980b0","name":"Oihane GilSanz","image":{"@type":"ImageObject","inLanguage":"es","@id":"https:\/\/amurriobidean.org\/es\/#\/schema\/person\/image\/","url":"https:\/\/secure.gravatar.com\/avatar\/1df40c200bdd5927aedf4bd5cac24befa9a952559bc6430083077db9286c3c63","contentUrl":"https:\/\/secure.gravatar.com\/avatar\/1df40c200bdd5927aedf4bd5cac24befa9a952559bc6430083077db9286c3c63","caption":"Oihane GilSanz"},"url":"https:\/\/amurriobidean.org\/es\/author\/oihane\/"}]}},"_links":{"self":[{"href":"https:\/\/amurriobidean.org\/es\/wp-json\/wp\/v2\/posts\/8200","targetHints":{"allow":["GET"]}}],"collection":[{"href":"https:\/\/amurriobidean.org\/es\/wp-json\/wp\/v2\/posts"}],"about":[{"href":"https:\/\/amurriobidean.org\/es\/wp-json\/wp\/v2\/types\/post"}],"author":[{"embeddable":true,"href":"https:\/\/amurriobidean.org\/es\/wp-json\/wp\/v2\/users\/5"}],"replies":[{"embeddable":true,"href":"https:\/\/amurriobidean.org\/es\/wp-json\/wp\/v2\/comments?post=8200"}],"version-history":[{"count":0,"href":"https:\/\/amurriobidean.org\/es\/wp-json\/wp\/v2\/posts\/8200\/revisions"}],"wp:featuredmedia":[{"embeddable":true,"href":"https:\/\/amurriobidean.org\/es\/wp-json\/wp\/v2\/media\/8201"}],"wp:attachment":[{"href":"https:\/\/amurriobidean.org\/es\/wp-json\/wp\/v2\/media?parent=8200"}],"wp:term":[{"taxonomy":"category","embeddable":true,"href":"https:\/\/amurriobidean.org\/es\/wp-json\/wp\/v2\/categories?post=8200"},{"taxonomy":"post_tag","embeddable":true,"href":"https:\/\/amurriobidean.org\/es\/wp-json\/wp\/v2\/tags?post=8200"}],"curies":[{"name":"wp","href":"https:\/\/api.w.org\/{rel}","templated":true}]}}