{"id":8176,"date":"2025-09-02T12:57:31","date_gmt":"2025-09-02T10:57:31","guid":{"rendered":"https:\/\/amurriobidean.org\/?p=8176"},"modified":"2025-09-29T14:59:58","modified_gmt":"2025-09-29T12:59:58","slug":"insercion-laboral-con-hazilan-competencias-orientacion-y-6-meses-de-practicas-con-beca","status":"publish","type":"post","link":"https:\/\/amurriobidean.org\/es\/insercion-laboral-con-hazilan-competencias-orientacion-y-6-meses-de-practicas-con-beca\/","title":{"rendered":"Inserci\u00f3n laboral con Hazilan+: competencias, orientaci\u00f3n y 6 meses de pr\u00e1cticas con beca"},"content":{"rendered":"<p><strong>Importante.<\/strong> Solo las <strong>personas empadronadas en Amurrio<\/strong> acceden a la <strong>orientaci\u00f3n laboral<\/strong> y a las <strong>pr\u00e1cticas con beca<\/strong> (8 becas de <strong>830 \u20ac\/mes brutos<\/strong>, 6 meses; seg\u00fan bases).<\/p>\n<p><strong>Hazilan+ 2025<\/strong> es un itinerario de inserci\u00f3n laboral pensado para que des un salto real en tu b\u00fasqueda de empleo que llevamos desarrollando en nueve ediciones. Comenzamos con <strong>Aktibatu (30 horas)<\/strong>, un bloque intensivo en el que trabajamos competencias clave \u2014autoconocimiento, comunicaci\u00f3n, trabajo en equipo, gesti\u00f3n emocional\u2014 y preparamos tu candidatura con herramientas pr\u00e1cticas. A esta base se suman dos talleres abiertos a todas las personas participantes: <strong>Entrevistas de trabajo (12 de noviembre)<\/strong> y <strong>LinkedIn (19 de noviembre)<\/strong>, con los que afinar\u00e1s tu perfil y entrenar\u00e1s c\u00f3mo presentarte con seguridad.<\/p>\n<p>Si est\u00e1s <strong>empadronada\/o en Amurrio<\/strong>, el programa a\u00f1ade <strong>orientaci\u00f3n laboral<\/strong>: una fase <strong>grupal del 20 al 24 de octubre y el 12 de diciembre (9:00\u201314:00)<\/strong> y <strong>acompa\u00f1amiento individual<\/strong> entre octubre y diciembre para ayudarte a definir objetivos, priorizar empresas, preparar entrevistas y hacer seguimiento. Adem\u00e1s, tendr\u00e1s la posibilidad de culminar el programa con la realizaci\u00f3n de\u00a0<strong>pr\u00e1cticas en empresa con beca durante 6 meses<\/strong> (<strong>diciembre 2025\u2013junio 2026<\/strong>), con <strong>8 becas de 830 \u20ac\/mes brutos<\/strong> sujetas a bases de elegibilidad.<\/p>\n<p>A lo largo del itinerario, aprender\u00e1s tambi\u00e9n <strong>c\u00f3mo la IA puede ayudarte<\/strong> a mejorar tu proceso: la usaremos para <strong>pulir tu CV<\/strong>, <strong>preparar entrevistas<\/strong>, <strong>analizar ofertas<\/strong> y <strong>organizar tu agenda de b\u00fasqueda<\/strong> con prompts y buenas pr\u00e1cticas sencillas de aplicar. El resultado es una candidatura m\u00e1s clara, visible y coherente: CV actualizado con apoyo visual, <strong>perfil de LinkedIn optimizado<\/strong>, <strong>elevator pitch<\/strong> de 30\u201360 segundos, <strong>mapa de posibilidades<\/strong> (roles\/sectores) y un <strong>plan de acci\u00f3n de <\/strong>\u00a0con tareas concretas y un <strong>kit de seguimiento de candidaturas<\/strong>.<\/p>\n<p><strong>Fechas en un vistazo.<\/strong><\/p>\n<p>Presentaci\u00f3n del programa: <strong>24 de septiembre (10:30\u201312:30)<\/strong>.<\/p>\n<p>Aktibatu: <strong>3, 6, 7, 8, 9 y 10 de octubre (9:00\u201314:00)<\/strong>.<\/p>\n<p>Orientaci\u00f3n (solo Amurrio): grupal:\u00a0<strong>20\u201324 de octubre y 12 de diciembre (9:00\u201314:00)<\/strong> + tutor\u00edas individuales <strong>septiembre\u2013diciembre<\/strong>.<\/p>\n<p>Talleres: <strong>Entrevistas (12 de noviembre)<\/strong> y <strong>LinkedIn (19 de noviembre)<\/strong>.<\/p>\n<p>Pr\u00e1cticas (solo Amurrio): <strong>diciembre 2025\u2013junio 2026<\/strong>.<\/p>\n<p><strong>Lugar:<\/strong> Amurrio Bidean \u2013 Refor Amurrio Enpresaldea (El Refor s\/n).<\/p>\n<p><em>Calendario orientativo: podremos ajustar detalles con el grupo.<\/em><\/p>\n<p><strong>A qui\u00e9n va dirigido.<\/strong><\/p>\n<p>Personas <strong>desempleadas<\/strong> con <strong>FP (Grado Medio\/Superior)<\/strong> o <strong>titulaci\u00f3n universitaria<\/strong>. Para acceder a la orientaci\u00f3n y a las pr\u00e1cticas con beca es necesario estar <strong>empadronada\/o en Amurrio<\/strong>.<\/p>\n<p><strong>C\u00f3mo inscribirte.<\/strong><\/p>\n<p>Las inscripciones est\u00e1n abiertas desde el 1 de septiembre. Primero reg\u00edstrate en el Portal de Persona<strong>s<\/strong> (<a href=\"https:\/\/amurrio.tganet.net\/amurrio_portal_personas\/\">https:\/\/amurrio.tganet.net\/amurrio_portal_personas\/<\/a> &#8211; o si ya tienes cuenta, inicia sesi\u00f3n). Despu\u00e9s, entra en Formaci\u00f3n \u2192 Hazilan+ y pulsa Inscribirme.<\/p>\n<p><strong>Financiaci\u00f3n y coordinaci\u00f3n.<\/strong> Actuaci\u00f3n en el marco del <strong>POPV FSE 2021\u20132027 Hazilan+<\/strong>, <strong>cofinanciada al 40% por FSE<\/strong> y coordinada por <strong>GARAPEN (Asociaci\u00f3n Vasca de Agencias de Desarrollo)<\/strong>.<\/p>\n<p><a href=\"https:\/\/amurriobidean.org\/wp-content\/uploads\/2025\/09\/Listado-prov-admitidas.pdf\" target=\"_blank\" rel=\"noopener\">Listado provisional de personas admitidas<\/a><\/p>\n","protected":false},"excerpt":{"rendered":"<p>Importante. Solo las personas empadronadas en Amurrio acceden a la orientaci\u00f3n laboral y a las pr\u00e1cticas con beca (8 becas de 830 \u20ac\/mes brutos, 6 meses; seg\u00fan bases). Hazilan+ 2025 es un itinerario de inserci\u00f3n laboral pensado para que des un salto real en tu b\u00fasqueda de empleo que llevamos desarrollando en nueve ediciones. Comenzamos [&hellip;]<\/p>\n","protected":false},"author":5,"featured_media":8180,"comment_status":"closed","ping_status":"closed","sticky":false,"template":"","format":"standard","meta":{"footnotes":""},"categories":[32,28],"tags":[60,61,29,37],"class_list":["post-8176","post","type-post","status-publish","format-standard","has-post-thumbnail","hentry","category-cursos","category-noticias","tag-amurrio","tag-amurriobidean","tag-cursos","tag-formacion-es"],"yoast_head":"<!-- This site is optimized with the Yoast SEO plugin v25.3 - https:\/\/yoast.com\/wordpress\/plugins\/seo\/ -->\n<title>Inserci\u00f3n laboral con Hazilan+: competencias, orientaci\u00f3n y 6 meses de pr\u00e1cticas con beca - Amurrio Bidean. Garapen Agentzia - Agencia de desarrollo.<\/title>\n<meta name=\"robots\" content=\"index, follow, max-snippet:-1, max-image-preview:large, max-video-preview:-1\" \/>\n<link rel=\"canonical\" href=\"https:\/\/amurriobidean.org\/es\/insercion-laboral-con-hazilan-competencias-orientacion-y-6-meses-de-practicas-con-beca\/\" \/>\n<meta property=\"og:locale\" content=\"es_ES\" \/>\n<meta property=\"og:type\" content=\"article\" \/>\n<meta property=\"og:title\" content=\"Inserci\u00f3n laboral con Hazilan+: competencias, orientaci\u00f3n y 6 meses de pr\u00e1cticas con beca - Amurrio Bidean. Garapen Agentzia - Agencia de desarrollo.\" \/>\n<meta property=\"og:description\" content=\"Importante. Solo las personas empadronadas en Amurrio acceden a la orientaci\u00f3n laboral y a las pr\u00e1cticas con beca (8 becas de 830 \u20ac\/mes brutos, 6 meses; seg\u00fan bases). Hazilan+ 2025 es un itinerario de inserci\u00f3n laboral pensado para que des un salto real en tu b\u00fasqueda de empleo que llevamos desarrollando en nueve ediciones. Comenzamos [&hellip;]\" \/>\n<meta property=\"og:url\" content=\"https:\/\/amurriobidean.org\/es\/insercion-laboral-con-hazilan-competencias-orientacion-y-6-meses-de-practicas-con-beca\/\" \/>\n<meta property=\"og:site_name\" content=\"Amurrio Bidean. Garapen Agentzia - Agencia de desarrollo.\" \/>\n<meta property=\"article:publisher\" content=\"https:\/\/www.facebook.com\/amurrio.bidean\" \/>\n<meta property=\"article:published_time\" content=\"2025-09-02T10:57:31+00:00\" \/>\n<meta property=\"article:modified_time\" content=\"2025-09-29T12:59:58+00:00\" \/>\n<meta property=\"og:image\" content=\"https:\/\/amurriobidean.org\/wp-content\/uploads\/2025\/09\/Diseno-sin-titulo-13.png\" \/>\n\t<meta property=\"og:image:width\" content=\"1080\" \/>\n\t<meta property=\"og:image:height\" content=\"1350\" \/>\n\t<meta property=\"og:image:type\" content=\"image\/png\" \/>\n<meta name=\"author\" content=\"Oihane GilSanz\" \/>\n<meta name=\"twitter:card\" content=\"summary_large_image\" \/>\n<meta name=\"twitter:creator\" content=\"@amurriobidean\" \/>\n<meta name=\"twitter:site\" content=\"@amurriobidean\" \/>\n<meta name=\"twitter:label1\" content=\"Escrito por\" \/>\n\t<meta name=\"twitter:data1\" content=\"Oihane GilSanz\" \/>\n\t<meta name=\"twitter:label2\" content=\"Tiempo de lectura\" \/>\n\t<meta name=\"twitter:data2\" content=\"3 minutos\" \/>\n<script type=\"application\/ld+json\" class=\"yoast-schema-graph\">{\"@context\":\"https:\/\/schema.org\",\"@graph\":[{\"@type\":\"WebPage\",\"@id\":\"https:\/\/amurriobidean.org\/es\/insercion-laboral-con-hazilan-competencias-orientacion-y-6-meses-de-practicas-con-beca\/\",\"url\":\"https:\/\/amurriobidean.org\/es\/insercion-laboral-con-hazilan-competencias-orientacion-y-6-meses-de-practicas-con-beca\/\",\"name\":\"Inserci\u00f3n laboral con Hazilan+: competencias, orientaci\u00f3n y 6 meses de pr\u00e1cticas con beca - Amurrio Bidean. Garapen Agentzia - Agencia de desarrollo.\",\"isPartOf\":{\"@id\":\"https:\/\/amurriobidean.org\/es\/#website\"},\"primaryImageOfPage\":{\"@id\":\"https:\/\/amurriobidean.org\/es\/insercion-laboral-con-hazilan-competencias-orientacion-y-6-meses-de-practicas-con-beca\/#primaryimage\"},\"image\":{\"@id\":\"https:\/\/amurriobidean.org\/es\/insercion-laboral-con-hazilan-competencias-orientacion-y-6-meses-de-practicas-con-beca\/#primaryimage\"},\"thumbnailUrl\":\"https:\/\/amurriobidean.org\/wp-content\/uploads\/2025\/09\/Diseno-sin-titulo-13.png\",\"datePublished\":\"2025-09-02T10:57:31+00:00\",\"dateModified\":\"2025-09-29T12:59:58+00:00\",\"author\":{\"@id\":\"https:\/\/amurriobidean.org\/es\/#\/schema\/person\/7457391104215a2811afeb1f9ed980b0\"},\"breadcrumb\":{\"@id\":\"https:\/\/amurriobidean.org\/es\/insercion-laboral-con-hazilan-competencias-orientacion-y-6-meses-de-practicas-con-beca\/#breadcrumb\"},\"inLanguage\":\"es\",\"potentialAction\":[{\"@type\":\"ReadAction\",\"target\":[\"https:\/\/amurriobidean.org\/es\/insercion-laboral-con-hazilan-competencias-orientacion-y-6-meses-de-practicas-con-beca\/\"]}]},{\"@type\":\"ImageObject\",\"inLanguage\":\"es\",\"@id\":\"https:\/\/amurriobidean.org\/es\/insercion-laboral-con-hazilan-competencias-orientacion-y-6-meses-de-practicas-con-beca\/#primaryimage\",\"url\":\"https:\/\/amurriobidean.org\/wp-content\/uploads\/2025\/09\/Diseno-sin-titulo-13.png\",\"contentUrl\":\"https:\/\/amurriobidean.org\/wp-content\/uploads\/2025\/09\/Diseno-sin-titulo-13.png\",\"width\":1080,\"height\":1350},{\"@type\":\"BreadcrumbList\",\"@id\":\"https:\/\/amurriobidean.org\/es\/insercion-laboral-con-hazilan-competencias-orientacion-y-6-meses-de-practicas-con-beca\/#breadcrumb\",\"itemListElement\":[{\"@type\":\"ListItem\",\"position\":1,\"name\":\"Portada\",\"item\":\"https:\/\/amurriobidean.org\/es\/\"},{\"@type\":\"ListItem\",\"position\":2,\"name\":\"Inserci\u00f3n laboral con Hazilan+: competencias, orientaci\u00f3n y 6 meses de pr\u00e1cticas con beca\"}]},{\"@type\":\"WebSite\",\"@id\":\"https:\/\/amurriobidean.org\/es\/#website\",\"url\":\"https:\/\/amurriobidean.org\/es\/\",\"name\":\"Amurrio Bidean. Garapen Agentzia - Agencia de desarrollo.\",\"description\":\"Agencia de Desarollo Local de Amurrio\",\"potentialAction\":[{\"@type\":\"SearchAction\",\"target\":{\"@type\":\"EntryPoint\",\"urlTemplate\":\"https:\/\/amurriobidean.org\/es\/?s={search_term_string}\"},\"query-input\":{\"@type\":\"PropertyValueSpecification\",\"valueRequired\":true,\"valueName\":\"search_term_string\"}}],\"inLanguage\":\"es\"},{\"@type\":\"Person\",\"@id\":\"https:\/\/amurriobidean.org\/es\/#\/schema\/person\/7457391104215a2811afeb1f9ed980b0\",\"name\":\"Oihane GilSanz\",\"image\":{\"@type\":\"ImageObject\",\"inLanguage\":\"es\",\"@id\":\"https:\/\/amurriobidean.org\/es\/#\/schema\/person\/image\/\",\"url\":\"https:\/\/secure.gravatar.com\/avatar\/1df40c200bdd5927aedf4bd5cac24befa9a952559bc6430083077db9286c3c63\",\"contentUrl\":\"https:\/\/secure.gravatar.com\/avatar\/1df40c200bdd5927aedf4bd5cac24befa9a952559bc6430083077db9286c3c63\",\"caption\":\"Oihane GilSanz\"},\"url\":\"https:\/\/amurriobidean.org\/es\/author\/oihane\/\"}]}<\/script>\n<!-- \/ Yoast SEO plugin. -->","yoast_head_json":{"title":"Inserci\u00f3n laboral con Hazilan+: competencias, orientaci\u00f3n y 6 meses de pr\u00e1cticas con beca - Amurrio Bidean. Garapen Agentzia - Agencia de desarrollo.","robots":{"index":"index","follow":"follow","max-snippet":"max-snippet:-1","max-image-preview":"max-image-preview:large","max-video-preview":"max-video-preview:-1"},"canonical":"https:\/\/amurriobidean.org\/es\/insercion-laboral-con-hazilan-competencias-orientacion-y-6-meses-de-practicas-con-beca\/","og_locale":"es_ES","og_type":"article","og_title":"Inserci\u00f3n laboral con Hazilan+: competencias, orientaci\u00f3n y 6 meses de pr\u00e1cticas con beca - Amurrio Bidean. Garapen Agentzia - Agencia de desarrollo.","og_description":"Importante. Solo las personas empadronadas en Amurrio acceden a la orientaci\u00f3n laboral y a las pr\u00e1cticas con beca (8 becas de 830 \u20ac\/mes brutos, 6 meses; seg\u00fan bases). Hazilan+ 2025 es un itinerario de inserci\u00f3n laboral pensado para que des un salto real en tu b\u00fasqueda de empleo que llevamos desarrollando en nueve ediciones. Comenzamos [&hellip;]","og_url":"https:\/\/amurriobidean.org\/es\/insercion-laboral-con-hazilan-competencias-orientacion-y-6-meses-de-practicas-con-beca\/","og_site_name":"Amurrio Bidean. Garapen Agentzia - Agencia de desarrollo.","article_publisher":"https:\/\/www.facebook.com\/amurrio.bidean","article_published_time":"2025-09-02T10:57:31+00:00","article_modified_time":"2025-09-29T12:59:58+00:00","og_image":[{"width":1080,"height":1350,"url":"https:\/\/amurriobidean.org\/wp-content\/uploads\/2025\/09\/Diseno-sin-titulo-13.png","type":"image\/png"}],"author":"Oihane GilSanz","twitter_card":"summary_large_image","twitter_creator":"@amurriobidean","twitter_site":"@amurriobidean","twitter_misc":{"Escrito por":"Oihane GilSanz","Tiempo de lectura":"3 minutos"},"schema":{"@context":"https:\/\/schema.org","@graph":[{"@type":"WebPage","@id":"https:\/\/amurriobidean.org\/es\/insercion-laboral-con-hazilan-competencias-orientacion-y-6-meses-de-practicas-con-beca\/","url":"https:\/\/amurriobidean.org\/es\/insercion-laboral-con-hazilan-competencias-orientacion-y-6-meses-de-practicas-con-beca\/","name":"Inserci\u00f3n laboral con Hazilan+: competencias, orientaci\u00f3n y 6 meses de pr\u00e1cticas con beca - Amurrio Bidean. Garapen Agentzia - Agencia de desarrollo.","isPartOf":{"@id":"https:\/\/amurriobidean.org\/es\/#website"},"primaryImageOfPage":{"@id":"https:\/\/amurriobidean.org\/es\/insercion-laboral-con-hazilan-competencias-orientacion-y-6-meses-de-practicas-con-beca\/#primaryimage"},"image":{"@id":"https:\/\/amurriobidean.org\/es\/insercion-laboral-con-hazilan-competencias-orientacion-y-6-meses-de-practicas-con-beca\/#primaryimage"},"thumbnailUrl":"https:\/\/amurriobidean.org\/wp-content\/uploads\/2025\/09\/Diseno-sin-titulo-13.png","datePublished":"2025-09-02T10:57:31+00:00","dateModified":"2025-09-29T12:59:58+00:00","author":{"@id":"https:\/\/amurriobidean.org\/es\/#\/schema\/person\/7457391104215a2811afeb1f9ed980b0"},"breadcrumb":{"@id":"https:\/\/amurriobidean.org\/es\/insercion-laboral-con-hazilan-competencias-orientacion-y-6-meses-de-practicas-con-beca\/#breadcrumb"},"inLanguage":"es","potentialAction":[{"@type":"ReadAction","target":["https:\/\/amurriobidean.org\/es\/insercion-laboral-con-hazilan-competencias-orientacion-y-6-meses-de-practicas-con-beca\/"]}]},{"@type":"ImageObject","inLanguage":"es","@id":"https:\/\/amurriobidean.org\/es\/insercion-laboral-con-hazilan-competencias-orientacion-y-6-meses-de-practicas-con-beca\/#primaryimage","url":"https:\/\/amurriobidean.org\/wp-content\/uploads\/2025\/09\/Diseno-sin-titulo-13.png","contentUrl":"https:\/\/amurriobidean.org\/wp-content\/uploads\/2025\/09\/Diseno-sin-titulo-13.png","width":1080,"height":1350},{"@type":"BreadcrumbList","@id":"https:\/\/amurriobidean.org\/es\/insercion-laboral-con-hazilan-competencias-orientacion-y-6-meses-de-practicas-con-beca\/#breadcrumb","itemListElement":[{"@type":"ListItem","position":1,"name":"Portada","item":"https:\/\/amurriobidean.org\/es\/"},{"@type":"ListItem","position":2,"name":"Inserci\u00f3n laboral con Hazilan+: competencias, orientaci\u00f3n y 6 meses de pr\u00e1cticas con beca"}]},{"@type":"WebSite","@id":"https:\/\/amurriobidean.org\/es\/#website","url":"https:\/\/amurriobidean.org\/es\/","name":"Amurrio Bidean. Garapen Agentzia - Agencia de desarrollo.","description":"Agencia de Desarollo Local de Amurrio","potentialAction":[{"@type":"SearchAction","target":{"@type":"EntryPoint","urlTemplate":"https:\/\/amurriobidean.org\/es\/?s={search_term_string}"},"query-input":{"@type":"PropertyValueSpecification","valueRequired":true,"valueName":"search_term_string"}}],"inLanguage":"es"},{"@type":"Person","@id":"https:\/\/amurriobidean.org\/es\/#\/schema\/person\/7457391104215a2811afeb1f9ed980b0","name":"Oihane GilSanz","image":{"@type":"ImageObject","inLanguage":"es","@id":"https:\/\/amurriobidean.org\/es\/#\/schema\/person\/image\/","url":"https:\/\/secure.gravatar.com\/avatar\/1df40c200bdd5927aedf4bd5cac24befa9a952559bc6430083077db9286c3c63","contentUrl":"https:\/\/secure.gravatar.com\/avatar\/1df40c200bdd5927aedf4bd5cac24befa9a952559bc6430083077db9286c3c63","caption":"Oihane GilSanz"},"url":"https:\/\/amurriobidean.org\/es\/author\/oihane\/"}]}},"_links":{"self":[{"href":"https:\/\/amurriobidean.org\/es\/wp-json\/wp\/v2\/posts\/8176","targetHints":{"allow":["GET"]}}],"collection":[{"href":"https:\/\/amurriobidean.org\/es\/wp-json\/wp\/v2\/posts"}],"about":[{"href":"https:\/\/amurriobidean.org\/es\/wp-json\/wp\/v2\/types\/post"}],"author":[{"embeddable":true,"href":"https:\/\/amurriobidean.org\/es\/wp-json\/wp\/v2\/users\/5"}],"replies":[{"embeddable":true,"href":"https:\/\/amurriobidean.org\/es\/wp-json\/wp\/v2\/comments?post=8176"}],"version-history":[{"count":0,"href":"https:\/\/amurriobidean.org\/es\/wp-json\/wp\/v2\/posts\/8176\/revisions"}],"wp:featuredmedia":[{"embeddable":true,"href":"https:\/\/amurriobidean.org\/es\/wp-json\/wp\/v2\/media\/8180"}],"wp:attachment":[{"href":"https:\/\/amurriobidean.org\/es\/wp-json\/wp\/v2\/media?parent=8176"}],"wp:term":[{"taxonomy":"category","embeddable":true,"href":"https:\/\/amurriobidean.org\/es\/wp-json\/wp\/v2\/categories?post=8176"},{"taxonomy":"post_tag","embeddable":true,"href":"https:\/\/amurriobidean.org\/es\/wp-json\/wp\/v2\/tags?post=8176"}],"curies":[{"name":"wp","href":"https:\/\/api.w.org\/{rel}","templated":true}]}}