{"id":8148,"date":"2025-08-01T14:07:36","date_gmt":"2025-08-01T12:07:36","guid":{"rendered":"https:\/\/amurriobidean.org\/?p=8148"},"modified":"2025-09-18T12:23:04","modified_gmt":"2025-09-18T10:23:04","slug":"nueva-oferta-formativa-en-la-cuadrilla-de-ayala-para-impulsar-el-empleo-y-la-mejora-de-competencias-tras-el-verano","status":"publish","type":"post","link":"https:\/\/amurriobidean.org\/es\/nueva-oferta-formativa-en-la-cuadrilla-de-ayala-para-impulsar-el-empleo-y-la-mejora-de-competencias-tras-el-verano\/","title":{"rendered":"Nueva oferta formativa en la Cuadrilla de Ayala para impulsar el empleo y la mejora de competencias tras el verano"},"content":{"rendered":"<p>Amurrio Bidean, junto al resto de agencias de desarrollo de la Cuadrilla de Ayala (Amurrio Bidean, ADR Zabaia y Laudio Hazi), ha preparado una nueva oferta de cursos que comenzar\u00e1n tras el verano, este a\u00f1o con una novedad importante: estrenamos la marca <strong>Aiaraldea Gaitu<\/strong>, que da m\u00e1s fuerza a la comunicaci\u00f3n conjunta de todas las formaciones que se organizan en colaboraci\u00f3n en la Cuadrilla de Ayala, dirigidos tanto a personas desempleadas como a quienes desean mejorar su perfil profesional. En total, se pondr\u00e1n en marcha 12 acciones formativas subvencionadas por la Diputaci\u00f3n Foral de \u00c1lava a trav\u00e9s de la Cuadrilla de Ayala, que se desarrollar\u00e1n en Amurrio, Respaldiza y Llodio.<\/p>\n<p>Amurrio Bidean ha organizado cuatro cursos, de los cuales tres se impartir\u00e1n en Amurrio. Uno de ellos es el programa <strong>Aktibatu<\/strong>, dirigido a personas desempleadas en b\u00fasqueda activa de empleo, con posibilidad de continuar su itinerario en el programa Hazilan+, que ofrece pr\u00e1cticas becadas en empresas. Tambi\u00e9n se ofrecer\u00e1 la formaci\u00f3n en <strong>Prevenci\u00f3n de Riesgos Laborales del Metal<\/strong>, as\u00ed como dos cursos de contenido t\u00e9cnico y digital: <strong>Aplicaciones inform\u00e1ticas de gesti\u00f3n<\/strong> y <strong>Programaci\u00f3n b\u00e1sica de robots<\/strong>, este \u00faltimo impartido en el instituto Laudioalde.<\/p>\n<p><img fetchpriority=\"high\" decoding=\"async\" class=\"aligncenter size-full wp-image-8245\" src=\"https:\/\/amurriobidean.org\/wp-content\/uploads\/2025\/09\/tabla-3-1.png\" alt=\"\" width=\"663\" height=\"275\" srcset=\"https:\/\/amurriobidean.org\/wp-content\/uploads\/2025\/09\/tabla-3-1.png 663w, https:\/\/amurriobidean.org\/wp-content\/uploads\/2025\/09\/tabla-3-1-300x124.png 300w\" sizes=\"(max-width: 663px) 100vw, 663px\" \/><\/p>\n<p>Respaldiza acoger\u00e1 dos formaciones adaptadas a sectores estrat\u00e9gicos de la comarca. Por un lado, el taller de <strong>Planificaci\u00f3n financiera hol\u00edstica en la agricultura<\/strong>, enfocado a la sostenibilidad y la toma de decisiones en entornos rurales y la formaci\u00f3n <strong>Crea y edita contenido con tu m\u00f3vil<\/strong>, orientada al desarrollo de habilidades digitales pr\u00e1cticas.<\/p>\n<p><img decoding=\"async\" class=\"aligncenter size-full wp-image-8249\" src=\"https:\/\/amurriobidean.org\/wp-content\/uploads\/2025\/09\/tabla-5.png\" alt=\"\" width=\"674\" height=\"191\" srcset=\"https:\/\/amurriobidean.org\/wp-content\/uploads\/2025\/09\/tabla-5.png 674w, https:\/\/amurriobidean.org\/wp-content\/uploads\/2025\/09\/tabla-5-300x85.png 300w\" sizes=\"(max-width: 674px) 100vw, 674px\" \/><\/p>\n<p>En Llodio se desarrollar\u00e1n seis formaciones centradas en herramientas digitales, administrativas y log\u00edsticas: dos niveles de <strong>Excel<\/strong> (b\u00e1sico y avanzado con tablas din\u00e1micas), <strong>Iniciaci\u00f3n a Microsoft Power BI<\/strong>, <strong>Tramitaci\u00f3n electr\u00f3nica con la administraci\u00f3n p\u00fablica (sector comercio)<\/strong> y un taller de <strong>Creaci\u00f3n de contenidos con Inteligencia Artificial<\/strong>, una tem\u00e1tica que sigue generando gran inter\u00e9s. Tambi\u00e9n se impartir\u00e1 el curso de <strong>Gesti\u00f3n log\u00edstica de almac\u00e9n y manejo de maquinaria (Llodio)<\/strong>, muy vinculado a la empleabilidad local.<\/p>\n<p><img decoding=\"async\" class=\"aligncenter size-full wp-image-8251\" src=\"https:\/\/amurriobidean.org\/wp-content\/uploads\/2025\/09\/tabla-6.png\" alt=\"\" width=\"629\" height=\"440\" srcset=\"https:\/\/amurriobidean.org\/wp-content\/uploads\/2025\/09\/tabla-6.png 629w, https:\/\/amurriobidean.org\/wp-content\/uploads\/2025\/09\/tabla-6-300x210.png 300w\" sizes=\"(max-width: 629px) 100vw, 629px\" \/><\/p>\n<p>Las plazas son limitadas y ya est\u00e1 abierto el plazo de inscripci\u00f3n. Las personas interesadas pueden ampliar informaci\u00f3n o resolver dudas a trav\u00e9s del correo electr\u00f3nico <a href=\"mailto:formacion@amurriobidean.org\">formacion@amurriobidean.org<\/a> o llamando al 945 891 721. Tambi\u00e9n es posible realizar la preinscripci\u00f3n directamente en el siguiente enlace:<\/p>\n<p><a href=\"https:\/\/forms.cloud.microsoft\/pages\/responsepage.aspx?id=EkJNK84IgUKhvQb6ct75X5kW0oabmhRKrBCfi7lV7ONUMFVFUllVSTBJRkZRWVJZNjNURERESDYxWC4u&amp;route=shorturl\">\ud83d\udc49 Formulario de inscripci\u00f3n<\/a><\/p>\n<p><a href=\"https:\/\/amurriobidean.org\/wp-content\/uploads\/2025\/09\/Copia-de-Aiaraldea-Gaitu-2025-CAS-1.pdf\" target=\"_blank\" rel=\"noopener\">CONSULTA AQU\u00cd EL CONTENIDO DE LOS CURSOS<\/a><\/p>\n<p>&nbsp;<\/p>\n<p><strong>Nota: Las instalaciones de Amurrio Bidean permanecer\u00e1n cerradas por vacaciones del 4 al 29 de agosto.<\/strong><\/p>\n","protected":false},"excerpt":{"rendered":"<p>Amurrio Bidean, junto al resto de agencias de desarrollo de la Cuadrilla de Ayala (Amurrio Bidean, ADR Zabaia y Laudio Hazi), ha preparado una nueva oferta de cursos que comenzar\u00e1n tras el verano, este a\u00f1o con una novedad importante: estrenamos la marca Aiaraldea Gaitu, que da m\u00e1s fuerza a la comunicaci\u00f3n conjunta de todas las [&hellip;]<\/p>\n","protected":false},"author":5,"featured_media":8144,"comment_status":"closed","ping_status":"closed","sticky":false,"template":"","format":"standard","meta":{"footnotes":""},"categories":[28],"tags":[],"class_list":["post-8148","post","type-post","status-publish","format-standard","has-post-thumbnail","hentry","category-noticias"],"yoast_head":"<!-- This site is optimized with the Yoast SEO plugin v25.3 - https:\/\/yoast.com\/wordpress\/plugins\/seo\/ -->\n<title>Nueva oferta formativa en la Cuadrilla de Ayala para impulsar el empleo y la mejora de competencias tras el verano - Amurrio Bidean. Garapen Agentzia - Agencia de desarrollo.<\/title>\n<meta name=\"description\" content=\"y la mejora de competencias tras el verano\" \/>\n<meta name=\"robots\" content=\"index, follow, max-snippet:-1, max-image-preview:large, max-video-preview:-1\" \/>\n<link rel=\"canonical\" href=\"https:\/\/amurriobidean.org\/es\/nueva-oferta-formativa-en-la-cuadrilla-de-ayala-para-impulsar-el-empleo-y-la-mejora-de-competencias-tras-el-verano\/\" \/>\n<meta property=\"og:locale\" content=\"es_ES\" \/>\n<meta property=\"og:type\" content=\"article\" \/>\n<meta property=\"og:title\" content=\"Nueva oferta formativa en la Cuadrilla de Ayala para impulsar el empleo y la mejora de competencias tras el verano - Amurrio Bidean. Garapen Agentzia - Agencia de desarrollo.\" \/>\n<meta property=\"og:description\" content=\"y la mejora de competencias tras el verano\" \/>\n<meta property=\"og:url\" content=\"https:\/\/amurriobidean.org\/es\/nueva-oferta-formativa-en-la-cuadrilla-de-ayala-para-impulsar-el-empleo-y-la-mejora-de-competencias-tras-el-verano\/\" \/>\n<meta property=\"og:site_name\" content=\"Amurrio Bidean. Garapen Agentzia - Agencia de desarrollo.\" \/>\n<meta property=\"article:publisher\" content=\"https:\/\/www.facebook.com\/amurrio.bidean\" \/>\n<meta property=\"article:published_time\" content=\"2025-08-01T12:07:36+00:00\" \/>\n<meta property=\"article:modified_time\" content=\"2025-09-18T10:23:04+00:00\" \/>\n<meta property=\"og:image\" content=\"https:\/\/amurriobidean.org\/wp-content\/uploads\/2025\/08\/Banner-Aiaraldea-Gaitu-2025-cast.png\" \/>\n\t<meta property=\"og:image:width\" content=\"640\" \/>\n\t<meta property=\"og:image:height\" content=\"243\" \/>\n\t<meta property=\"og:image:type\" content=\"image\/png\" \/>\n<meta name=\"author\" content=\"Oihane GilSanz\" \/>\n<meta name=\"twitter:card\" content=\"summary_large_image\" \/>\n<meta name=\"twitter:creator\" content=\"@amurriobidean\" \/>\n<meta name=\"twitter:site\" content=\"@amurriobidean\" \/>\n<meta name=\"twitter:label1\" content=\"Escrito por\" \/>\n\t<meta name=\"twitter:data1\" content=\"Oihane GilSanz\" \/>\n\t<meta name=\"twitter:label2\" content=\"Tiempo de lectura\" \/>\n\t<meta name=\"twitter:data2\" content=\"3 minutos\" \/>\n<script type=\"application\/ld+json\" class=\"yoast-schema-graph\">{\"@context\":\"https:\/\/schema.org\",\"@graph\":[{\"@type\":\"WebPage\",\"@id\":\"https:\/\/amurriobidean.org\/es\/nueva-oferta-formativa-en-la-cuadrilla-de-ayala-para-impulsar-el-empleo-y-la-mejora-de-competencias-tras-el-verano\/\",\"url\":\"https:\/\/amurriobidean.org\/es\/nueva-oferta-formativa-en-la-cuadrilla-de-ayala-para-impulsar-el-empleo-y-la-mejora-de-competencias-tras-el-verano\/\",\"name\":\"Nueva oferta formativa en la Cuadrilla de Ayala para impulsar el empleo y la mejora de competencias tras el verano - Amurrio Bidean. Garapen Agentzia - Agencia de desarrollo.\",\"isPartOf\":{\"@id\":\"https:\/\/amurriobidean.org\/es\/#website\"},\"primaryImageOfPage\":{\"@id\":\"https:\/\/amurriobidean.org\/es\/nueva-oferta-formativa-en-la-cuadrilla-de-ayala-para-impulsar-el-empleo-y-la-mejora-de-competencias-tras-el-verano\/#primaryimage\"},\"image\":{\"@id\":\"https:\/\/amurriobidean.org\/es\/nueva-oferta-formativa-en-la-cuadrilla-de-ayala-para-impulsar-el-empleo-y-la-mejora-de-competencias-tras-el-verano\/#primaryimage\"},\"thumbnailUrl\":\"https:\/\/amurriobidean.org\/wp-content\/uploads\/2025\/08\/Banner-Aiaraldea-Gaitu-2025-cast.png\",\"datePublished\":\"2025-08-01T12:07:36+00:00\",\"dateModified\":\"2025-09-18T10:23:04+00:00\",\"author\":{\"@id\":\"https:\/\/amurriobidean.org\/es\/#\/schema\/person\/7457391104215a2811afeb1f9ed980b0\"},\"description\":\"y la mejora de competencias tras el verano\",\"breadcrumb\":{\"@id\":\"https:\/\/amurriobidean.org\/es\/nueva-oferta-formativa-en-la-cuadrilla-de-ayala-para-impulsar-el-empleo-y-la-mejora-de-competencias-tras-el-verano\/#breadcrumb\"},\"inLanguage\":\"es\",\"potentialAction\":[{\"@type\":\"ReadAction\",\"target\":[\"https:\/\/amurriobidean.org\/es\/nueva-oferta-formativa-en-la-cuadrilla-de-ayala-para-impulsar-el-empleo-y-la-mejora-de-competencias-tras-el-verano\/\"]}]},{\"@type\":\"ImageObject\",\"inLanguage\":\"es\",\"@id\":\"https:\/\/amurriobidean.org\/es\/nueva-oferta-formativa-en-la-cuadrilla-de-ayala-para-impulsar-el-empleo-y-la-mejora-de-competencias-tras-el-verano\/#primaryimage\",\"url\":\"https:\/\/amurriobidean.org\/wp-content\/uploads\/2025\/08\/Banner-Aiaraldea-Gaitu-2025-cast.png\",\"contentUrl\":\"https:\/\/amurriobidean.org\/wp-content\/uploads\/2025\/08\/Banner-Aiaraldea-Gaitu-2025-cast.png\",\"width\":640,\"height\":243},{\"@type\":\"BreadcrumbList\",\"@id\":\"https:\/\/amurriobidean.org\/es\/nueva-oferta-formativa-en-la-cuadrilla-de-ayala-para-impulsar-el-empleo-y-la-mejora-de-competencias-tras-el-verano\/#breadcrumb\",\"itemListElement\":[{\"@type\":\"ListItem\",\"position\":1,\"name\":\"Portada\",\"item\":\"https:\/\/amurriobidean.org\/es\/\"},{\"@type\":\"ListItem\",\"position\":2,\"name\":\"Nueva oferta formativa en la Cuadrilla de Ayala para impulsar el empleo y la mejora de competencias tras el verano\"}]},{\"@type\":\"WebSite\",\"@id\":\"https:\/\/amurriobidean.org\/es\/#website\",\"url\":\"https:\/\/amurriobidean.org\/es\/\",\"name\":\"Amurrio Bidean. Garapen Agentzia - Agencia de desarrollo.\",\"description\":\"Agencia de Desarollo Local de Amurrio\",\"potentialAction\":[{\"@type\":\"SearchAction\",\"target\":{\"@type\":\"EntryPoint\",\"urlTemplate\":\"https:\/\/amurriobidean.org\/es\/?s={search_term_string}\"},\"query-input\":{\"@type\":\"PropertyValueSpecification\",\"valueRequired\":true,\"valueName\":\"search_term_string\"}}],\"inLanguage\":\"es\"},{\"@type\":\"Person\",\"@id\":\"https:\/\/amurriobidean.org\/es\/#\/schema\/person\/7457391104215a2811afeb1f9ed980b0\",\"name\":\"Oihane GilSanz\",\"image\":{\"@type\":\"ImageObject\",\"inLanguage\":\"es\",\"@id\":\"https:\/\/amurriobidean.org\/es\/#\/schema\/person\/image\/\",\"url\":\"https:\/\/secure.gravatar.com\/avatar\/1df40c200bdd5927aedf4bd5cac24befa9a952559bc6430083077db9286c3c63\",\"contentUrl\":\"https:\/\/secure.gravatar.com\/avatar\/1df40c200bdd5927aedf4bd5cac24befa9a952559bc6430083077db9286c3c63\",\"caption\":\"Oihane GilSanz\"},\"url\":\"https:\/\/amurriobidean.org\/es\/author\/oihane\/\"}]}<\/script>\n<!-- \/ Yoast SEO plugin. -->","yoast_head_json":{"title":"Nueva oferta formativa en la Cuadrilla de Ayala para impulsar el empleo y la mejora de competencias tras el verano - Amurrio Bidean. Garapen Agentzia - Agencia de desarrollo.","description":"y la mejora de competencias tras el verano","robots":{"index":"index","follow":"follow","max-snippet":"max-snippet:-1","max-image-preview":"max-image-preview:large","max-video-preview":"max-video-preview:-1"},"canonical":"https:\/\/amurriobidean.org\/es\/nueva-oferta-formativa-en-la-cuadrilla-de-ayala-para-impulsar-el-empleo-y-la-mejora-de-competencias-tras-el-verano\/","og_locale":"es_ES","og_type":"article","og_title":"Nueva oferta formativa en la Cuadrilla de Ayala para impulsar el empleo y la mejora de competencias tras el verano - Amurrio Bidean. Garapen Agentzia - Agencia de desarrollo.","og_description":"y la mejora de competencias tras el verano","og_url":"https:\/\/amurriobidean.org\/es\/nueva-oferta-formativa-en-la-cuadrilla-de-ayala-para-impulsar-el-empleo-y-la-mejora-de-competencias-tras-el-verano\/","og_site_name":"Amurrio Bidean. Garapen Agentzia - Agencia de desarrollo.","article_publisher":"https:\/\/www.facebook.com\/amurrio.bidean","article_published_time":"2025-08-01T12:07:36+00:00","article_modified_time":"2025-09-18T10:23:04+00:00","og_image":[{"width":640,"height":243,"url":"https:\/\/amurriobidean.org\/wp-content\/uploads\/2025\/08\/Banner-Aiaraldea-Gaitu-2025-cast.png","type":"image\/png"}],"author":"Oihane GilSanz","twitter_card":"summary_large_image","twitter_creator":"@amurriobidean","twitter_site":"@amurriobidean","twitter_misc":{"Escrito por":"Oihane GilSanz","Tiempo de lectura":"3 minutos"},"schema":{"@context":"https:\/\/schema.org","@graph":[{"@type":"WebPage","@id":"https:\/\/amurriobidean.org\/es\/nueva-oferta-formativa-en-la-cuadrilla-de-ayala-para-impulsar-el-empleo-y-la-mejora-de-competencias-tras-el-verano\/","url":"https:\/\/amurriobidean.org\/es\/nueva-oferta-formativa-en-la-cuadrilla-de-ayala-para-impulsar-el-empleo-y-la-mejora-de-competencias-tras-el-verano\/","name":"Nueva oferta formativa en la Cuadrilla de Ayala para impulsar el empleo y la mejora de competencias tras el verano - Amurrio Bidean. Garapen Agentzia - Agencia de desarrollo.","isPartOf":{"@id":"https:\/\/amurriobidean.org\/es\/#website"},"primaryImageOfPage":{"@id":"https:\/\/amurriobidean.org\/es\/nueva-oferta-formativa-en-la-cuadrilla-de-ayala-para-impulsar-el-empleo-y-la-mejora-de-competencias-tras-el-verano\/#primaryimage"},"image":{"@id":"https:\/\/amurriobidean.org\/es\/nueva-oferta-formativa-en-la-cuadrilla-de-ayala-para-impulsar-el-empleo-y-la-mejora-de-competencias-tras-el-verano\/#primaryimage"},"thumbnailUrl":"https:\/\/amurriobidean.org\/wp-content\/uploads\/2025\/08\/Banner-Aiaraldea-Gaitu-2025-cast.png","datePublished":"2025-08-01T12:07:36+00:00","dateModified":"2025-09-18T10:23:04+00:00","author":{"@id":"https:\/\/amurriobidean.org\/es\/#\/schema\/person\/7457391104215a2811afeb1f9ed980b0"},"description":"y la mejora de competencias tras el verano","breadcrumb":{"@id":"https:\/\/amurriobidean.org\/es\/nueva-oferta-formativa-en-la-cuadrilla-de-ayala-para-impulsar-el-empleo-y-la-mejora-de-competencias-tras-el-verano\/#breadcrumb"},"inLanguage":"es","potentialAction":[{"@type":"ReadAction","target":["https:\/\/amurriobidean.org\/es\/nueva-oferta-formativa-en-la-cuadrilla-de-ayala-para-impulsar-el-empleo-y-la-mejora-de-competencias-tras-el-verano\/"]}]},{"@type":"ImageObject","inLanguage":"es","@id":"https:\/\/amurriobidean.org\/es\/nueva-oferta-formativa-en-la-cuadrilla-de-ayala-para-impulsar-el-empleo-y-la-mejora-de-competencias-tras-el-verano\/#primaryimage","url":"https:\/\/amurriobidean.org\/wp-content\/uploads\/2025\/08\/Banner-Aiaraldea-Gaitu-2025-cast.png","contentUrl":"https:\/\/amurriobidean.org\/wp-content\/uploads\/2025\/08\/Banner-Aiaraldea-Gaitu-2025-cast.png","width":640,"height":243},{"@type":"BreadcrumbList","@id":"https:\/\/amurriobidean.org\/es\/nueva-oferta-formativa-en-la-cuadrilla-de-ayala-para-impulsar-el-empleo-y-la-mejora-de-competencias-tras-el-verano\/#breadcrumb","itemListElement":[{"@type":"ListItem","position":1,"name":"Portada","item":"https:\/\/amurriobidean.org\/es\/"},{"@type":"ListItem","position":2,"name":"Nueva oferta formativa en la Cuadrilla de Ayala para impulsar el empleo y la mejora de competencias tras el verano"}]},{"@type":"WebSite","@id":"https:\/\/amurriobidean.org\/es\/#website","url":"https:\/\/amurriobidean.org\/es\/","name":"Amurrio Bidean. Garapen Agentzia - Agencia de desarrollo.","description":"Agencia de Desarollo Local de Amurrio","potentialAction":[{"@type":"SearchAction","target":{"@type":"EntryPoint","urlTemplate":"https:\/\/amurriobidean.org\/es\/?s={search_term_string}"},"query-input":{"@type":"PropertyValueSpecification","valueRequired":true,"valueName":"search_term_string"}}],"inLanguage":"es"},{"@type":"Person","@id":"https:\/\/amurriobidean.org\/es\/#\/schema\/person\/7457391104215a2811afeb1f9ed980b0","name":"Oihane GilSanz","image":{"@type":"ImageObject","inLanguage":"es","@id":"https:\/\/amurriobidean.org\/es\/#\/schema\/person\/image\/","url":"https:\/\/secure.gravatar.com\/avatar\/1df40c200bdd5927aedf4bd5cac24befa9a952559bc6430083077db9286c3c63","contentUrl":"https:\/\/secure.gravatar.com\/avatar\/1df40c200bdd5927aedf4bd5cac24befa9a952559bc6430083077db9286c3c63","caption":"Oihane GilSanz"},"url":"https:\/\/amurriobidean.org\/es\/author\/oihane\/"}]}},"_links":{"self":[{"href":"https:\/\/amurriobidean.org\/es\/wp-json\/wp\/v2\/posts\/8148","targetHints":{"allow":["GET"]}}],"collection":[{"href":"https:\/\/amurriobidean.org\/es\/wp-json\/wp\/v2\/posts"}],"about":[{"href":"https:\/\/amurriobidean.org\/es\/wp-json\/wp\/v2\/types\/post"}],"author":[{"embeddable":true,"href":"https:\/\/amurriobidean.org\/es\/wp-json\/wp\/v2\/users\/5"}],"replies":[{"embeddable":true,"href":"https:\/\/amurriobidean.org\/es\/wp-json\/wp\/v2\/comments?post=8148"}],"version-history":[{"count":0,"href":"https:\/\/amurriobidean.org\/es\/wp-json\/wp\/v2\/posts\/8148\/revisions"}],"wp:featuredmedia":[{"embeddable":true,"href":"https:\/\/amurriobidean.org\/es\/wp-json\/wp\/v2\/media\/8144"}],"wp:attachment":[{"href":"https:\/\/amurriobidean.org\/es\/wp-json\/wp\/v2\/media?parent=8148"}],"wp:term":[{"taxonomy":"category","embeddable":true,"href":"https:\/\/amurriobidean.org\/es\/wp-json\/wp\/v2\/categories?post=8148"},{"taxonomy":"post_tag","embeddable":true,"href":"https:\/\/amurriobidean.org\/es\/wp-json\/wp\/v2\/tags?post=8148"}],"curies":[{"name":"wp","href":"https:\/\/api.w.org\/{rel}","templated":true}]}}