{"id":7971,"date":"2025-05-14T14:39:07","date_gmt":"2025-05-14T12:39:07","guid":{"rendered":"https:\/\/amurriobidean.org\/?p=7971"},"modified":"2025-05-14T14:39:07","modified_gmt":"2025-05-14T12:39:07","slug":"amurrio-race-compite-en-el-circuito-profesional-de-los-arcos-en-navarra","status":"publish","type":"post","link":"https:\/\/amurriobidean.org\/es\/amurrio-race-compite-en-el-circuito-profesional-de-los-arcos-en-navarra\/","title":{"rendered":"Amurrio Race compite en el circuito profesional de Los Arcos en Navarra"},"content":{"rendered":"<p><strong>Amurrio Race, el equipo local de carreras de Amurrio, ha vuelto a demostrar su talento compitiendo con su kart el\u00e9ctrico en el prestigioso Circuito de Los Arcos (Navarra), dentro del programa educativo de Greenpower Iberia.<\/strong><\/p>\n<p>Este proyecto, impulsado por Amurrio Bidean desde 2023, busca fomentar vocaciones cient\u00edfico-tecnol\u00f3gicas, art\u00edsticas y matem\u00e1ticas (STEAM) entre j\u00f3venes de 11 a 16 a\u00f1os, al mismo tiempo que se visibiliza el tejido empresarial local. Para ello, se conform\u00f3 el equipo \u201cAmurrio Race\u201d, que comenz\u00f3 su andadura con el montaje de un kart el\u00e9ctrico y la participaci\u00f3n en competiciones estatales. En 2024, adem\u00e1s de competir en Torrelavega \u2014donde obtuvieron el premio a la mejor carrocer\u00eda\u2014, el equipo ha dado un salto importante participando en un circuito profesional.<\/p>\n<p>La presencia en esta carrera ha sido posible gracias al apoyo de empresas locales como Burutxaga Hestebeteak, Koba Cycling y Artoma\u00f1a Txakolina, as\u00ed como de las instituciones colaboradoras Zaraobe Institutua, que ha cedido sus instalaciones, y Amurrio Bidean, que ha coordinado y gestionado toda la actividad.<\/p>\n<p>El equipo ha logrado un meritorio 14\u00ba puesto entre 24 equipos, completando 14 vueltas en una prueba donde prima la eficiencia energ\u00e9tica. El principal objetivo era dise\u00f1ar y pilotar un veh\u00edculo fiable, capaz de terminar la carrera con buenos tiempos, y sin duda se ha conseguido. <strong>Enhorabuena al equipo por su dedicaci\u00f3n, esfuerzo y actitud. Zorionak!<\/strong><\/p>\n<p>De cara al futuro, toca seguir mejorando para ser a\u00fan m\u00e1s competitivas y competitivos en las pr\u00f3ximas ediciones. Por eso, queremos invitar a la juventud de Amurrio, especialmente a las chicas, a sumarse a esta apasionante iniciativa. La presencia femenina en proyectos tecnol\u00f3gicos suele ser minoritaria pero esencial y desde Amurrio Race queremos seguir avanzando hacia un equipo diverso, innovador e inclusivo.<\/p>\n<p>Para dar a conocer el proyecto de primera mano, el pr\u00f3ximo<strong> 26 de mayo, de 19:00 a 20:00 horas<\/strong>, se celebrar\u00e1 una<strong> jornada de puertas abiertas en las pistas del instituto Zaraobe<\/strong>. Ser\u00e1 una oportunidad ideal para conocer el kart, al equipo y resolver dudas para quienes quieran formar parte de esta experiencia el pr\u00f3ximo curso.<\/p>\n","protected":false},"excerpt":{"rendered":"<p>Amurrio Race, el equipo local de carreras de Amurrio, ha vuelto a demostrar su talento compitiendo con su kart el\u00e9ctrico en el prestigioso Circuito de Los Arcos (Navarra), dentro del programa educativo de Greenpower Iberia. Este proyecto, impulsado por Amurrio Bidean desde 2023, busca fomentar vocaciones cient\u00edfico-tecnol\u00f3gicas, art\u00edsticas y matem\u00e1ticas (STEAM) entre j\u00f3venes de 11 [&hellip;]<\/p>\n","protected":false},"author":5,"featured_media":7967,"comment_status":"closed","ping_status":"closed","sticky":false,"template":"","format":"standard","meta":{"footnotes":""},"categories":[28],"tags":[],"class_list":["post-7971","post","type-post","status-publish","format-standard","has-post-thumbnail","hentry","category-noticias"],"yoast_head":"<!-- This site is optimized with the Yoast SEO plugin v25.3 - https:\/\/yoast.com\/wordpress\/plugins\/seo\/ -->\n<title>Amurrio Race compite en el circuito profesional de Los Arcos en Navarra - Amurrio Bidean. Garapen Agentzia - Agencia de desarrollo.<\/title>\n<meta name=\"robots\" content=\"index, follow, max-snippet:-1, max-image-preview:large, max-video-preview:-1\" \/>\n<link rel=\"canonical\" href=\"https:\/\/amurriobidean.org\/es\/amurrio-race-compite-en-el-circuito-profesional-de-los-arcos-en-navarra\/\" \/>\n<meta property=\"og:locale\" content=\"es_ES\" \/>\n<meta property=\"og:type\" content=\"article\" \/>\n<meta property=\"og:title\" content=\"Amurrio Race compite en el circuito profesional de Los Arcos en Navarra - Amurrio Bidean. Garapen Agentzia - Agencia de desarrollo.\" \/>\n<meta property=\"og:description\" content=\"Amurrio Race, el equipo local de carreras de Amurrio, ha vuelto a demostrar su talento compitiendo con su kart el\u00e9ctrico en el prestigioso Circuito de Los Arcos (Navarra), dentro del programa educativo de Greenpower Iberia. Este proyecto, impulsado por Amurrio Bidean desde 2023, busca fomentar vocaciones cient\u00edfico-tecnol\u00f3gicas, art\u00edsticas y matem\u00e1ticas (STEAM) entre j\u00f3venes de 11 [&hellip;]\" \/>\n<meta property=\"og:url\" content=\"https:\/\/amurriobidean.org\/es\/amurrio-race-compite-en-el-circuito-profesional-de-los-arcos-en-navarra\/\" \/>\n<meta property=\"og:site_name\" content=\"Amurrio Bidean. Garapen Agentzia - Agencia de desarrollo.\" \/>\n<meta property=\"article:publisher\" content=\"https:\/\/www.facebook.com\/amurrio.bidean\" \/>\n<meta property=\"article:published_time\" content=\"2025-05-14T12:39:07+00:00\" \/>\n<meta property=\"og:image\" content=\"https:\/\/amurriobidean.org\/wp-content\/uploads\/2025\/05\/WhatsApp-Image-2025-04-29-at-08.32.36.jpeg\" \/>\n\t<meta property=\"og:image:width\" content=\"1600\" \/>\n\t<meta property=\"og:image:height\" content=\"1200\" \/>\n\t<meta property=\"og:image:type\" content=\"image\/jpeg\" \/>\n<meta name=\"author\" content=\"Oihane GilSanz\" \/>\n<meta name=\"twitter:card\" content=\"summary_large_image\" \/>\n<meta name=\"twitter:creator\" content=\"@amurriobidean\" \/>\n<meta name=\"twitter:site\" content=\"@amurriobidean\" \/>\n<meta name=\"twitter:label1\" content=\"Escrito por\" \/>\n\t<meta name=\"twitter:data1\" content=\"Oihane GilSanz\" \/>\n\t<meta name=\"twitter:label2\" content=\"Tiempo de lectura\" \/>\n\t<meta name=\"twitter:data2\" content=\"2 minutos\" \/>\n<script type=\"application\/ld+json\" class=\"yoast-schema-graph\">{\"@context\":\"https:\/\/schema.org\",\"@graph\":[{\"@type\":\"WebPage\",\"@id\":\"https:\/\/amurriobidean.org\/es\/amurrio-race-compite-en-el-circuito-profesional-de-los-arcos-en-navarra\/\",\"url\":\"https:\/\/amurriobidean.org\/es\/amurrio-race-compite-en-el-circuito-profesional-de-los-arcos-en-navarra\/\",\"name\":\"Amurrio Race compite en el circuito profesional de Los Arcos en Navarra - Amurrio Bidean. Garapen Agentzia - Agencia de desarrollo.\",\"isPartOf\":{\"@id\":\"https:\/\/amurriobidean.org\/es\/#website\"},\"primaryImageOfPage\":{\"@id\":\"https:\/\/amurriobidean.org\/es\/amurrio-race-compite-en-el-circuito-profesional-de-los-arcos-en-navarra\/#primaryimage\"},\"image\":{\"@id\":\"https:\/\/amurriobidean.org\/es\/amurrio-race-compite-en-el-circuito-profesional-de-los-arcos-en-navarra\/#primaryimage\"},\"thumbnailUrl\":\"https:\/\/amurriobidean.org\/wp-content\/uploads\/2025\/05\/WhatsApp-Image-2025-04-29-at-08.32.36.jpeg\",\"datePublished\":\"2025-05-14T12:39:07+00:00\",\"author\":{\"@id\":\"https:\/\/amurriobidean.org\/es\/#\/schema\/person\/7457391104215a2811afeb1f9ed980b0\"},\"breadcrumb\":{\"@id\":\"https:\/\/amurriobidean.org\/es\/amurrio-race-compite-en-el-circuito-profesional-de-los-arcos-en-navarra\/#breadcrumb\"},\"inLanguage\":\"es\",\"potentialAction\":[{\"@type\":\"ReadAction\",\"target\":[\"https:\/\/amurriobidean.org\/es\/amurrio-race-compite-en-el-circuito-profesional-de-los-arcos-en-navarra\/\"]}]},{\"@type\":\"ImageObject\",\"inLanguage\":\"es\",\"@id\":\"https:\/\/amurriobidean.org\/es\/amurrio-race-compite-en-el-circuito-profesional-de-los-arcos-en-navarra\/#primaryimage\",\"url\":\"https:\/\/amurriobidean.org\/wp-content\/uploads\/2025\/05\/WhatsApp-Image-2025-04-29-at-08.32.36.jpeg\",\"contentUrl\":\"https:\/\/amurriobidean.org\/wp-content\/uploads\/2025\/05\/WhatsApp-Image-2025-04-29-at-08.32.36.jpeg\",\"width\":1600,\"height\":1200},{\"@type\":\"BreadcrumbList\",\"@id\":\"https:\/\/amurriobidean.org\/es\/amurrio-race-compite-en-el-circuito-profesional-de-los-arcos-en-navarra\/#breadcrumb\",\"itemListElement\":[{\"@type\":\"ListItem\",\"position\":1,\"name\":\"Portada\",\"item\":\"https:\/\/amurriobidean.org\/es\/\"},{\"@type\":\"ListItem\",\"position\":2,\"name\":\"Amurrio Race compite en el circuito profesional de Los Arcos en Navarra\"}]},{\"@type\":\"WebSite\",\"@id\":\"https:\/\/amurriobidean.org\/es\/#website\",\"url\":\"https:\/\/amurriobidean.org\/es\/\",\"name\":\"Amurrio Bidean. Garapen Agentzia - Agencia de desarrollo.\",\"description\":\"Agencia de Desarollo Local de Amurrio\",\"potentialAction\":[{\"@type\":\"SearchAction\",\"target\":{\"@type\":\"EntryPoint\",\"urlTemplate\":\"https:\/\/amurriobidean.org\/es\/?s={search_term_string}\"},\"query-input\":{\"@type\":\"PropertyValueSpecification\",\"valueRequired\":true,\"valueName\":\"search_term_string\"}}],\"inLanguage\":\"es\"},{\"@type\":\"Person\",\"@id\":\"https:\/\/amurriobidean.org\/es\/#\/schema\/person\/7457391104215a2811afeb1f9ed980b0\",\"name\":\"Oihane GilSanz\",\"image\":{\"@type\":\"ImageObject\",\"inLanguage\":\"es\",\"@id\":\"https:\/\/amurriobidean.org\/es\/#\/schema\/person\/image\/\",\"url\":\"https:\/\/secure.gravatar.com\/avatar\/1df40c200bdd5927aedf4bd5cac24befa9a952559bc6430083077db9286c3c63\",\"contentUrl\":\"https:\/\/secure.gravatar.com\/avatar\/1df40c200bdd5927aedf4bd5cac24befa9a952559bc6430083077db9286c3c63\",\"caption\":\"Oihane GilSanz\"},\"url\":\"https:\/\/amurriobidean.org\/es\/author\/oihane\/\"}]}<\/script>\n<!-- \/ Yoast SEO plugin. -->","yoast_head_json":{"title":"Amurrio Race compite en el circuito profesional de Los Arcos en Navarra - Amurrio Bidean. Garapen Agentzia - Agencia de desarrollo.","robots":{"index":"index","follow":"follow","max-snippet":"max-snippet:-1","max-image-preview":"max-image-preview:large","max-video-preview":"max-video-preview:-1"},"canonical":"https:\/\/amurriobidean.org\/es\/amurrio-race-compite-en-el-circuito-profesional-de-los-arcos-en-navarra\/","og_locale":"es_ES","og_type":"article","og_title":"Amurrio Race compite en el circuito profesional de Los Arcos en Navarra - Amurrio Bidean. Garapen Agentzia - Agencia de desarrollo.","og_description":"Amurrio Race, el equipo local de carreras de Amurrio, ha vuelto a demostrar su talento compitiendo con su kart el\u00e9ctrico en el prestigioso Circuito de Los Arcos (Navarra), dentro del programa educativo de Greenpower Iberia. Este proyecto, impulsado por Amurrio Bidean desde 2023, busca fomentar vocaciones cient\u00edfico-tecnol\u00f3gicas, art\u00edsticas y matem\u00e1ticas (STEAM) entre j\u00f3venes de 11 [&hellip;]","og_url":"https:\/\/amurriobidean.org\/es\/amurrio-race-compite-en-el-circuito-profesional-de-los-arcos-en-navarra\/","og_site_name":"Amurrio Bidean. Garapen Agentzia - Agencia de desarrollo.","article_publisher":"https:\/\/www.facebook.com\/amurrio.bidean","article_published_time":"2025-05-14T12:39:07+00:00","og_image":[{"width":1600,"height":1200,"url":"https:\/\/amurriobidean.org\/wp-content\/uploads\/2025\/05\/WhatsApp-Image-2025-04-29-at-08.32.36.jpeg","type":"image\/jpeg"}],"author":"Oihane GilSanz","twitter_card":"summary_large_image","twitter_creator":"@amurriobidean","twitter_site":"@amurriobidean","twitter_misc":{"Escrito por":"Oihane GilSanz","Tiempo de lectura":"2 minutos"},"schema":{"@context":"https:\/\/schema.org","@graph":[{"@type":"WebPage","@id":"https:\/\/amurriobidean.org\/es\/amurrio-race-compite-en-el-circuito-profesional-de-los-arcos-en-navarra\/","url":"https:\/\/amurriobidean.org\/es\/amurrio-race-compite-en-el-circuito-profesional-de-los-arcos-en-navarra\/","name":"Amurrio Race compite en el circuito profesional de Los Arcos en Navarra - Amurrio Bidean. Garapen Agentzia - Agencia de desarrollo.","isPartOf":{"@id":"https:\/\/amurriobidean.org\/es\/#website"},"primaryImageOfPage":{"@id":"https:\/\/amurriobidean.org\/es\/amurrio-race-compite-en-el-circuito-profesional-de-los-arcos-en-navarra\/#primaryimage"},"image":{"@id":"https:\/\/amurriobidean.org\/es\/amurrio-race-compite-en-el-circuito-profesional-de-los-arcos-en-navarra\/#primaryimage"},"thumbnailUrl":"https:\/\/amurriobidean.org\/wp-content\/uploads\/2025\/05\/WhatsApp-Image-2025-04-29-at-08.32.36.jpeg","datePublished":"2025-05-14T12:39:07+00:00","author":{"@id":"https:\/\/amurriobidean.org\/es\/#\/schema\/person\/7457391104215a2811afeb1f9ed980b0"},"breadcrumb":{"@id":"https:\/\/amurriobidean.org\/es\/amurrio-race-compite-en-el-circuito-profesional-de-los-arcos-en-navarra\/#breadcrumb"},"inLanguage":"es","potentialAction":[{"@type":"ReadAction","target":["https:\/\/amurriobidean.org\/es\/amurrio-race-compite-en-el-circuito-profesional-de-los-arcos-en-navarra\/"]}]},{"@type":"ImageObject","inLanguage":"es","@id":"https:\/\/amurriobidean.org\/es\/amurrio-race-compite-en-el-circuito-profesional-de-los-arcos-en-navarra\/#primaryimage","url":"https:\/\/amurriobidean.org\/wp-content\/uploads\/2025\/05\/WhatsApp-Image-2025-04-29-at-08.32.36.jpeg","contentUrl":"https:\/\/amurriobidean.org\/wp-content\/uploads\/2025\/05\/WhatsApp-Image-2025-04-29-at-08.32.36.jpeg","width":1600,"height":1200},{"@type":"BreadcrumbList","@id":"https:\/\/amurriobidean.org\/es\/amurrio-race-compite-en-el-circuito-profesional-de-los-arcos-en-navarra\/#breadcrumb","itemListElement":[{"@type":"ListItem","position":1,"name":"Portada","item":"https:\/\/amurriobidean.org\/es\/"},{"@type":"ListItem","position":2,"name":"Amurrio Race compite en el circuito profesional de Los Arcos en Navarra"}]},{"@type":"WebSite","@id":"https:\/\/amurriobidean.org\/es\/#website","url":"https:\/\/amurriobidean.org\/es\/","name":"Amurrio Bidean. Garapen Agentzia - Agencia de desarrollo.","description":"Agencia de Desarollo Local de Amurrio","potentialAction":[{"@type":"SearchAction","target":{"@type":"EntryPoint","urlTemplate":"https:\/\/amurriobidean.org\/es\/?s={search_term_string}"},"query-input":{"@type":"PropertyValueSpecification","valueRequired":true,"valueName":"search_term_string"}}],"inLanguage":"es"},{"@type":"Person","@id":"https:\/\/amurriobidean.org\/es\/#\/schema\/person\/7457391104215a2811afeb1f9ed980b0","name":"Oihane GilSanz","image":{"@type":"ImageObject","inLanguage":"es","@id":"https:\/\/amurriobidean.org\/es\/#\/schema\/person\/image\/","url":"https:\/\/secure.gravatar.com\/avatar\/1df40c200bdd5927aedf4bd5cac24befa9a952559bc6430083077db9286c3c63","contentUrl":"https:\/\/secure.gravatar.com\/avatar\/1df40c200bdd5927aedf4bd5cac24befa9a952559bc6430083077db9286c3c63","caption":"Oihane GilSanz"},"url":"https:\/\/amurriobidean.org\/es\/author\/oihane\/"}]}},"_links":{"self":[{"href":"https:\/\/amurriobidean.org\/es\/wp-json\/wp\/v2\/posts\/7971","targetHints":{"allow":["GET"]}}],"collection":[{"href":"https:\/\/amurriobidean.org\/es\/wp-json\/wp\/v2\/posts"}],"about":[{"href":"https:\/\/amurriobidean.org\/es\/wp-json\/wp\/v2\/types\/post"}],"author":[{"embeddable":true,"href":"https:\/\/amurriobidean.org\/es\/wp-json\/wp\/v2\/users\/5"}],"replies":[{"embeddable":true,"href":"https:\/\/amurriobidean.org\/es\/wp-json\/wp\/v2\/comments?post=7971"}],"version-history":[{"count":0,"href":"https:\/\/amurriobidean.org\/es\/wp-json\/wp\/v2\/posts\/7971\/revisions"}],"wp:featuredmedia":[{"embeddable":true,"href":"https:\/\/amurriobidean.org\/es\/wp-json\/wp\/v2\/media\/7967"}],"wp:attachment":[{"href":"https:\/\/amurriobidean.org\/es\/wp-json\/wp\/v2\/media?parent=7971"}],"wp:term":[{"taxonomy":"category","embeddable":true,"href":"https:\/\/amurriobidean.org\/es\/wp-json\/wp\/v2\/categories?post=7971"},{"taxonomy":"post_tag","embeddable":true,"href":"https:\/\/amurriobidean.org\/es\/wp-json\/wp\/v2\/tags?post=7971"}],"curies":[{"name":"wp","href":"https:\/\/api.w.org\/{rel}","templated":true}]}}