{"id":7951,"date":"2025-05-05T13:11:01","date_gmt":"2025-05-05T11:11:01","guid":{"rendered":"https:\/\/amurriobidean.org\/?p=7951"},"modified":"2025-05-05T13:11:01","modified_gmt":"2025-05-05T11:11:01","slug":"la-fiesta-del-txakoli-alaves-se-celebrara-el-25-de-mayo-en-amurrio","status":"publish","type":"post","link":"https:\/\/amurriobidean.org\/es\/la-fiesta-del-txakoli-alaves-se-celebrara-el-25-de-mayo-en-amurrio\/","title":{"rendered":"La fiesta del Txakoli Alav\u00e9s se celebrar\u00e1 el 25 de mayo en Amurrio"},"content":{"rendered":"<p><strong>Txutxi Salutregi, Santi Barros y Estanis Polancos ser\u00e1n este a\u00f1o los embajadores del Arabako Txakolina 2025<\/strong><\/p>\n<p><strong>El cartel de este a\u00f1o lo ha dise\u00f1ado Luken \u00c1lava Guerrero, vecino de Amurrio<\/strong><\/p>\n<p><strong>En el recinto festivo, que abrir\u00e1 a las 12:00 horas, se podr\u00e1 disfrutar de la degustaci\u00f3n de la vendimia del 2024, as\u00ed como de una variada oferta gastron\u00f3mica<\/strong><\/p>\n<p>La asociaci\u00f3n Arabako Txakolina celebrar\u00e1 el 25 de mayo en Amurrio la vigesimosexta edici\u00f3n del Txakolin Eguna. Este consolidado evento permitir\u00e1 promocionar, un a\u00f1o m\u00e1s, los productos del territorio alav\u00e9s. En el parque Juan Urrutia se dar\u00e1n cita los mejores txakolis producidos por diferentes bodegas, incluidas en la Denominaci\u00f3n de Origen Arabako Txakolina.<\/p>\n<p>El Txakolin Eguna tendr\u00e1 este a\u00f1o como embajadores a Txutxi Salutregi, Santi Barros y Estanis Polancos, cuyo nombramiento tendr\u00e1 lugar el 25 de mayo a las 11:30 horas en el Sal\u00f3n de Plenos del Ayuntamiento de Amurrio. En el acto tendr\u00e1 lugar tambi\u00e9n la presentaci\u00f3n de la vendimia de 2024. Tras la finalizar en el Ayuntamiento, se proceder\u00e1 a la inauguraci\u00f3n del recinto festivo con el txupinazo de inicio de la fiesta a las 12:00 horas.<\/p>\n<p>En el recinto, se podr\u00e1 disfrutar de la degustaci\u00f3n de la vendimia del 2024, as\u00ed como de una variada oferta gastron\u00f3mica con pintxos y raciones que se podr\u00e1n adquirir a trav\u00e9s de los tickets adquiridos en el stand habilitado para ello a la entrada del recinto gastron\u00f3mico. Los tickets se podr\u00e1n obtener a partir de ma\u00f1ana, 6 de mayo a trav\u00e9s de txakolidealava.eus y a trav\u00e9s de un c\u00f3digo QR en la p\u00e1gina web, en el programa y en los carteles. Adem\u00e1s, se podr\u00e1n obtener de forma f\u00edsica a partir del d\u00eda 15 hasta el 24 a las 13:30 en la oficina de turismo de Amurrio.<\/p>\n<p>La carpa de degustaci\u00f3n con mesas corridas, disponible entre las 11:30 y las 17:00, permitir\u00e1 disfrutar de estos productos con comodidad en el recinto ferial. Adem\u00e1s, se contar\u00e1 con una exposici\u00f3n y venta de productos artesanos locales, fomentando as\u00ed el comercio y la producci\u00f3n de la zona.La jornada estar\u00e1 amenizada con actuaciones musicales: a las 13:00, el grupo Belgorri ofrecer\u00e1 un concierto en directo, y de 17:00 a 20:00, el ambiente continuar\u00e1 con una romer\u00eda a cargo de Akerbeltz, perfecta para cerrar la jornada con alegr\u00eda y tradici\u00f3n.<\/p>\n","protected":false},"excerpt":{"rendered":"<p>Txutxi Salutregi, Santi Barros y Estanis Polancos ser\u00e1n este a\u00f1o los embajadores del Arabako Txakolina 2025 El cartel de este a\u00f1o lo ha dise\u00f1ado Luken \u00c1lava Guerrero, vecino de Amurrio En el recinto festivo, que abrir\u00e1 a las 12:00 horas, se podr\u00e1 disfrutar de la degustaci\u00f3n de la vendimia del 2024, as\u00ed como de una [&hellip;]<\/p>\n","protected":false},"author":2,"featured_media":7952,"comment_status":"closed","ping_status":"closed","sticky":false,"template":"","format":"standard","meta":{"footnotes":""},"categories":[28],"tags":[],"class_list":["post-7951","post","type-post","status-publish","format-standard","has-post-thumbnail","hentry","category-noticias"],"yoast_head":"<!-- This site is optimized with the Yoast SEO plugin v25.3 - https:\/\/yoast.com\/wordpress\/plugins\/seo\/ -->\n<title>La fiesta del Txakoli Alav\u00e9s se celebrar\u00e1 el 25 de mayo en Amurrio - Amurrio Bidean. Garapen Agentzia - Agencia de desarrollo.<\/title>\n<meta name=\"robots\" content=\"index, follow, max-snippet:-1, max-image-preview:large, max-video-preview:-1\" \/>\n<link rel=\"canonical\" href=\"https:\/\/amurriobidean.org\/es\/la-fiesta-del-txakoli-alaves-se-celebrara-el-25-de-mayo-en-amurrio\/\" \/>\n<meta property=\"og:locale\" content=\"es_ES\" \/>\n<meta property=\"og:type\" content=\"article\" \/>\n<meta property=\"og:title\" content=\"La fiesta del Txakoli Alav\u00e9s se celebrar\u00e1 el 25 de mayo en Amurrio - Amurrio Bidean. Garapen Agentzia - Agencia de desarrollo.\" \/>\n<meta property=\"og:description\" content=\"Txutxi Salutregi, Santi Barros y Estanis Polancos ser\u00e1n este a\u00f1o los embajadores del Arabako Txakolina 2025 El cartel de este a\u00f1o lo ha dise\u00f1ado Luken \u00c1lava Guerrero, vecino de Amurrio En el recinto festivo, que abrir\u00e1 a las 12:00 horas, se podr\u00e1 disfrutar de la degustaci\u00f3n de la vendimia del 2024, as\u00ed como de una [&hellip;]\" \/>\n<meta property=\"og:url\" content=\"https:\/\/amurriobidean.org\/es\/la-fiesta-del-txakoli-alaves-se-celebrara-el-25-de-mayo-en-amurrio\/\" \/>\n<meta property=\"og:site_name\" content=\"Amurrio Bidean. Garapen Agentzia - Agencia de desarrollo.\" \/>\n<meta property=\"article:publisher\" content=\"https:\/\/www.facebook.com\/amurrio.bidean\" \/>\n<meta property=\"article:published_time\" content=\"2025-05-05T11:11:01+00:00\" \/>\n<meta property=\"og:image\" content=\"https:\/\/amurriobidean.org\/wp-content\/uploads\/2025\/05\/WhatsApp-Image-2025-05-05-at-12.17.32.jpeg\" \/>\n\t<meta property=\"og:image:width\" content=\"2048\" \/>\n\t<meta property=\"og:image:height\" content=\"1536\" \/>\n\t<meta property=\"og:image:type\" content=\"image\/jpeg\" \/>\n<meta name=\"author\" content=\"Amurrio Bidean\" \/>\n<meta name=\"twitter:card\" content=\"summary_large_image\" \/>\n<meta name=\"twitter:creator\" content=\"@amurriobidean\" \/>\n<meta name=\"twitter:site\" content=\"@amurriobidean\" \/>\n<meta name=\"twitter:label1\" content=\"Escrito por\" \/>\n\t<meta name=\"twitter:data1\" content=\"Amurrio Bidean\" \/>\n\t<meta name=\"twitter:label2\" content=\"Tiempo de lectura\" \/>\n\t<meta name=\"twitter:data2\" content=\"2 minutos\" \/>\n<script type=\"application\/ld+json\" class=\"yoast-schema-graph\">{\"@context\":\"https:\/\/schema.org\",\"@graph\":[{\"@type\":\"WebPage\",\"@id\":\"https:\/\/amurriobidean.org\/es\/la-fiesta-del-txakoli-alaves-se-celebrara-el-25-de-mayo-en-amurrio\/\",\"url\":\"https:\/\/amurriobidean.org\/es\/la-fiesta-del-txakoli-alaves-se-celebrara-el-25-de-mayo-en-amurrio\/\",\"name\":\"La fiesta del Txakoli Alav\u00e9s se celebrar\u00e1 el 25 de mayo en Amurrio - Amurrio Bidean. Garapen Agentzia - Agencia de desarrollo.\",\"isPartOf\":{\"@id\":\"https:\/\/amurriobidean.org\/es\/#website\"},\"primaryImageOfPage\":{\"@id\":\"https:\/\/amurriobidean.org\/es\/la-fiesta-del-txakoli-alaves-se-celebrara-el-25-de-mayo-en-amurrio\/#primaryimage\"},\"image\":{\"@id\":\"https:\/\/amurriobidean.org\/es\/la-fiesta-del-txakoli-alaves-se-celebrara-el-25-de-mayo-en-amurrio\/#primaryimage\"},\"thumbnailUrl\":\"https:\/\/amurriobidean.org\/wp-content\/uploads\/2025\/05\/WhatsApp-Image-2025-05-05-at-12.17.32.jpeg\",\"datePublished\":\"2025-05-05T11:11:01+00:00\",\"author\":{\"@id\":\"https:\/\/amurriobidean.org\/es\/#\/schema\/person\/56c71b474b3e7f5f5e6f209a6cf3abfe\"},\"breadcrumb\":{\"@id\":\"https:\/\/amurriobidean.org\/es\/la-fiesta-del-txakoli-alaves-se-celebrara-el-25-de-mayo-en-amurrio\/#breadcrumb\"},\"inLanguage\":\"es\",\"potentialAction\":[{\"@type\":\"ReadAction\",\"target\":[\"https:\/\/amurriobidean.org\/es\/la-fiesta-del-txakoli-alaves-se-celebrara-el-25-de-mayo-en-amurrio\/\"]}]},{\"@type\":\"ImageObject\",\"inLanguage\":\"es\",\"@id\":\"https:\/\/amurriobidean.org\/es\/la-fiesta-del-txakoli-alaves-se-celebrara-el-25-de-mayo-en-amurrio\/#primaryimage\",\"url\":\"https:\/\/amurriobidean.org\/wp-content\/uploads\/2025\/05\/WhatsApp-Image-2025-05-05-at-12.17.32.jpeg\",\"contentUrl\":\"https:\/\/amurriobidean.org\/wp-content\/uploads\/2025\/05\/WhatsApp-Image-2025-05-05-at-12.17.32.jpeg\",\"width\":2048,\"height\":1536},{\"@type\":\"BreadcrumbList\",\"@id\":\"https:\/\/amurriobidean.org\/es\/la-fiesta-del-txakoli-alaves-se-celebrara-el-25-de-mayo-en-amurrio\/#breadcrumb\",\"itemListElement\":[{\"@type\":\"ListItem\",\"position\":1,\"name\":\"Portada\",\"item\":\"https:\/\/amurriobidean.org\/es\/\"},{\"@type\":\"ListItem\",\"position\":2,\"name\":\"La fiesta del Txakoli Alav\u00e9s se celebrar\u00e1 el 25 de mayo en Amurrio\"}]},{\"@type\":\"WebSite\",\"@id\":\"https:\/\/amurriobidean.org\/es\/#website\",\"url\":\"https:\/\/amurriobidean.org\/es\/\",\"name\":\"Amurrio Bidean. Garapen Agentzia - Agencia de desarrollo.\",\"description\":\"Agencia de Desarollo Local de Amurrio\",\"potentialAction\":[{\"@type\":\"SearchAction\",\"target\":{\"@type\":\"EntryPoint\",\"urlTemplate\":\"https:\/\/amurriobidean.org\/es\/?s={search_term_string}\"},\"query-input\":{\"@type\":\"PropertyValueSpecification\",\"valueRequired\":true,\"valueName\":\"search_term_string\"}}],\"inLanguage\":\"es\"},{\"@type\":\"Person\",\"@id\":\"https:\/\/amurriobidean.org\/es\/#\/schema\/person\/56c71b474b3e7f5f5e6f209a6cf3abfe\",\"name\":\"Amurrio Bidean\",\"image\":{\"@type\":\"ImageObject\",\"inLanguage\":\"es\",\"@id\":\"https:\/\/amurriobidean.org\/es\/#\/schema\/person\/image\/\",\"url\":\"https:\/\/secure.gravatar.com\/avatar\/84a34d50800d0bb5d80eba504fc44ed48c9b2faab16ad58fa7d30bce4e2b661e\",\"contentUrl\":\"https:\/\/secure.gravatar.com\/avatar\/84a34d50800d0bb5d80eba504fc44ed48c9b2faab16ad58fa7d30bce4e2b661e\",\"caption\":\"Amurrio Bidean\"},\"sameAs\":[\"http:\/\/www.amurriobidean.eus\"],\"url\":\"https:\/\/amurriobidean.org\/es\/author\/amurrio-bidean\/\"}]}<\/script>\n<!-- \/ Yoast SEO plugin. -->","yoast_head_json":{"title":"La fiesta del Txakoli Alav\u00e9s se celebrar\u00e1 el 25 de mayo en Amurrio - Amurrio Bidean. Garapen Agentzia - Agencia de desarrollo.","robots":{"index":"index","follow":"follow","max-snippet":"max-snippet:-1","max-image-preview":"max-image-preview:large","max-video-preview":"max-video-preview:-1"},"canonical":"https:\/\/amurriobidean.org\/es\/la-fiesta-del-txakoli-alaves-se-celebrara-el-25-de-mayo-en-amurrio\/","og_locale":"es_ES","og_type":"article","og_title":"La fiesta del Txakoli Alav\u00e9s se celebrar\u00e1 el 25 de mayo en Amurrio - Amurrio Bidean. Garapen Agentzia - Agencia de desarrollo.","og_description":"Txutxi Salutregi, Santi Barros y Estanis Polancos ser\u00e1n este a\u00f1o los embajadores del Arabako Txakolina 2025 El cartel de este a\u00f1o lo ha dise\u00f1ado Luken \u00c1lava Guerrero, vecino de Amurrio En el recinto festivo, que abrir\u00e1 a las 12:00 horas, se podr\u00e1 disfrutar de la degustaci\u00f3n de la vendimia del 2024, as\u00ed como de una [&hellip;]","og_url":"https:\/\/amurriobidean.org\/es\/la-fiesta-del-txakoli-alaves-se-celebrara-el-25-de-mayo-en-amurrio\/","og_site_name":"Amurrio Bidean. Garapen Agentzia - Agencia de desarrollo.","article_publisher":"https:\/\/www.facebook.com\/amurrio.bidean","article_published_time":"2025-05-05T11:11:01+00:00","og_image":[{"width":2048,"height":1536,"url":"https:\/\/amurriobidean.org\/wp-content\/uploads\/2025\/05\/WhatsApp-Image-2025-05-05-at-12.17.32.jpeg","type":"image\/jpeg"}],"author":"Amurrio Bidean","twitter_card":"summary_large_image","twitter_creator":"@amurriobidean","twitter_site":"@amurriobidean","twitter_misc":{"Escrito por":"Amurrio Bidean","Tiempo de lectura":"2 minutos"},"schema":{"@context":"https:\/\/schema.org","@graph":[{"@type":"WebPage","@id":"https:\/\/amurriobidean.org\/es\/la-fiesta-del-txakoli-alaves-se-celebrara-el-25-de-mayo-en-amurrio\/","url":"https:\/\/amurriobidean.org\/es\/la-fiesta-del-txakoli-alaves-se-celebrara-el-25-de-mayo-en-amurrio\/","name":"La fiesta del Txakoli Alav\u00e9s se celebrar\u00e1 el 25 de mayo en Amurrio - Amurrio Bidean. Garapen Agentzia - Agencia de desarrollo.","isPartOf":{"@id":"https:\/\/amurriobidean.org\/es\/#website"},"primaryImageOfPage":{"@id":"https:\/\/amurriobidean.org\/es\/la-fiesta-del-txakoli-alaves-se-celebrara-el-25-de-mayo-en-amurrio\/#primaryimage"},"image":{"@id":"https:\/\/amurriobidean.org\/es\/la-fiesta-del-txakoli-alaves-se-celebrara-el-25-de-mayo-en-amurrio\/#primaryimage"},"thumbnailUrl":"https:\/\/amurriobidean.org\/wp-content\/uploads\/2025\/05\/WhatsApp-Image-2025-05-05-at-12.17.32.jpeg","datePublished":"2025-05-05T11:11:01+00:00","author":{"@id":"https:\/\/amurriobidean.org\/es\/#\/schema\/person\/56c71b474b3e7f5f5e6f209a6cf3abfe"},"breadcrumb":{"@id":"https:\/\/amurriobidean.org\/es\/la-fiesta-del-txakoli-alaves-se-celebrara-el-25-de-mayo-en-amurrio\/#breadcrumb"},"inLanguage":"es","potentialAction":[{"@type":"ReadAction","target":["https:\/\/amurriobidean.org\/es\/la-fiesta-del-txakoli-alaves-se-celebrara-el-25-de-mayo-en-amurrio\/"]}]},{"@type":"ImageObject","inLanguage":"es","@id":"https:\/\/amurriobidean.org\/es\/la-fiesta-del-txakoli-alaves-se-celebrara-el-25-de-mayo-en-amurrio\/#primaryimage","url":"https:\/\/amurriobidean.org\/wp-content\/uploads\/2025\/05\/WhatsApp-Image-2025-05-05-at-12.17.32.jpeg","contentUrl":"https:\/\/amurriobidean.org\/wp-content\/uploads\/2025\/05\/WhatsApp-Image-2025-05-05-at-12.17.32.jpeg","width":2048,"height":1536},{"@type":"BreadcrumbList","@id":"https:\/\/amurriobidean.org\/es\/la-fiesta-del-txakoli-alaves-se-celebrara-el-25-de-mayo-en-amurrio\/#breadcrumb","itemListElement":[{"@type":"ListItem","position":1,"name":"Portada","item":"https:\/\/amurriobidean.org\/es\/"},{"@type":"ListItem","position":2,"name":"La fiesta del Txakoli Alav\u00e9s se celebrar\u00e1 el 25 de mayo en Amurrio"}]},{"@type":"WebSite","@id":"https:\/\/amurriobidean.org\/es\/#website","url":"https:\/\/amurriobidean.org\/es\/","name":"Amurrio Bidean. Garapen Agentzia - Agencia de desarrollo.","description":"Agencia de Desarollo Local de Amurrio","potentialAction":[{"@type":"SearchAction","target":{"@type":"EntryPoint","urlTemplate":"https:\/\/amurriobidean.org\/es\/?s={search_term_string}"},"query-input":{"@type":"PropertyValueSpecification","valueRequired":true,"valueName":"search_term_string"}}],"inLanguage":"es"},{"@type":"Person","@id":"https:\/\/amurriobidean.org\/es\/#\/schema\/person\/56c71b474b3e7f5f5e6f209a6cf3abfe","name":"Amurrio Bidean","image":{"@type":"ImageObject","inLanguage":"es","@id":"https:\/\/amurriobidean.org\/es\/#\/schema\/person\/image\/","url":"https:\/\/secure.gravatar.com\/avatar\/84a34d50800d0bb5d80eba504fc44ed48c9b2faab16ad58fa7d30bce4e2b661e","contentUrl":"https:\/\/secure.gravatar.com\/avatar\/84a34d50800d0bb5d80eba504fc44ed48c9b2faab16ad58fa7d30bce4e2b661e","caption":"Amurrio Bidean"},"sameAs":["http:\/\/www.amurriobidean.eus"],"url":"https:\/\/amurriobidean.org\/es\/author\/amurrio-bidean\/"}]}},"_links":{"self":[{"href":"https:\/\/amurriobidean.org\/es\/wp-json\/wp\/v2\/posts\/7951","targetHints":{"allow":["GET"]}}],"collection":[{"href":"https:\/\/amurriobidean.org\/es\/wp-json\/wp\/v2\/posts"}],"about":[{"href":"https:\/\/amurriobidean.org\/es\/wp-json\/wp\/v2\/types\/post"}],"author":[{"embeddable":true,"href":"https:\/\/amurriobidean.org\/es\/wp-json\/wp\/v2\/users\/2"}],"replies":[{"embeddable":true,"href":"https:\/\/amurriobidean.org\/es\/wp-json\/wp\/v2\/comments?post=7951"}],"version-history":[{"count":0,"href":"https:\/\/amurriobidean.org\/es\/wp-json\/wp\/v2\/posts\/7951\/revisions"}],"wp:featuredmedia":[{"embeddable":true,"href":"https:\/\/amurriobidean.org\/es\/wp-json\/wp\/v2\/media\/7952"}],"wp:attachment":[{"href":"https:\/\/amurriobidean.org\/es\/wp-json\/wp\/v2\/media?parent=7951"}],"wp:term":[{"taxonomy":"category","embeddable":true,"href":"https:\/\/amurriobidean.org\/es\/wp-json\/wp\/v2\/categories?post=7951"},{"taxonomy":"post_tag","embeddable":true,"href":"https:\/\/amurriobidean.org\/es\/wp-json\/wp\/v2\/tags?post=7951"}],"curies":[{"name":"wp","href":"https:\/\/api.w.org\/{rel}","templated":true}]}}