{"id":7885,"date":"2025-03-25T14:05:29","date_gmt":"2025-03-25T12:05:29","guid":{"rendered":"https:\/\/amurriobidean.org\/?p=7885"},"modified":"2025-03-25T14:08:23","modified_gmt":"2025-03-25T12:08:23","slug":"amurrioko-enpresak-elkarteak-adimen-artifizialari-buruzko-hitzaldi-batekin-ospatuko-du-batzar-nagusia","status":"publish","type":"post","link":"https:\/\/amurriobidean.org\/es\/amurrioko-enpresak-elkarteak-adimen-artifizialari-buruzko-hitzaldi-batekin-ospatuko-du-batzar-nagusia\/","title":{"rendered":"La Asociaci\u00f3n Empresas de Amurrio celebra la Asamblea General con una conferencia sobre Inteligencia Artificial"},"content":{"rendered":"<p>El 1 de abril, a las 17:30 horas, en ReforAmurrio Enpresaldea, la Asociaci\u00f3n de Empresas de Amurrio, subvencionada por el Ayuntamiento, celebrar\u00e1 la Asamblea General 2025, un encuentro clave para las empresas del municipio.<\/p>\n<p>En la reuni\u00f3n se presentar\u00e1 el balance de la asociaci\u00f3n y nuevas iniciativas para fortalecer el tejido empresarial local. Adem\u00e1s, se ofrecer\u00e1 una charla especial sobre Inteligencia Artificial: \u00ab\u00bfpara qu\u00e9 sirve realmente? \u00ab, de la mano de Brain &amp; Code, y su impacto en el mundo empresarial, abordando c\u00f3mo esta tecnolog\u00eda puede mejorar la eficiencia y la competitividad de las empresas.<\/p>\n<p>El acto finalizar\u00e1 con un espacio de networking, un peque\u00f1o lunch donde los asistentes podr\u00e1n intercambiar ideas y crear nuevas oportunidades de colaboraci\u00f3n.<\/p>\n<p>Animan a todas las empresas asociadas a la asociaci\u00f3n a participar en este encuentro, ya que ser\u00e1 una oportunidad para informar, innovar y fortalecer las relaciones empresariales.<\/p>\n<p>Para m\u00e1s informaci\u00f3n e inscripciones contactar con Amurrio Bidean en el tel\u00e9fono 945891721 o en la direcci\u00f3n de correo electr\u00f3nico info@goineram.com.<\/p>\n","protected":false},"excerpt":{"rendered":"<p>El 1 de abril, a las 17:30 horas, en ReforAmurrio Enpresaldea, la Asociaci\u00f3n de Empresas de Amurrio, subvencionada por el Ayuntamiento, celebrar\u00e1 la Asamblea General 2025, un encuentro clave para las empresas del municipio. En la reuni\u00f3n se presentar\u00e1 el balance de la asociaci\u00f3n y nuevas iniciativas para fortalecer el tejido empresarial local. Adem\u00e1s, se [&hellip;]<\/p>\n","protected":false},"author":5,"featured_media":7880,"comment_status":"closed","ping_status":"closed","sticky":false,"template":"","format":"standard","meta":{"footnotes":""},"categories":[28],"tags":[],"class_list":["post-7885","post","type-post","status-publish","format-standard","has-post-thumbnail","hentry","category-noticias"],"yoast_head":"<!-- This site is optimized with the Yoast SEO plugin v25.3 - https:\/\/yoast.com\/wordpress\/plugins\/seo\/ -->\n<title>La Asociaci\u00f3n Empresas de Amurrio celebra la Asamblea General con una conferencia sobre Inteligencia Artificial - Amurrio Bidean. Garapen Agentzia - Agencia de desarrollo.<\/title>\n<meta name=\"description\" content=\"El 1 de abril se celebrar\u00e1 la Asamblea General\" \/>\n<meta name=\"robots\" content=\"index, follow, max-snippet:-1, max-image-preview:large, max-video-preview:-1\" \/>\n<link rel=\"canonical\" href=\"https:\/\/amurriobidean.org\/es\/amurrioko-enpresak-elkarteak-adimen-artifizialari-buruzko-hitzaldi-batekin-ospatuko-du-batzar-nagusia\/\" \/>\n<meta property=\"og:locale\" content=\"es_ES\" \/>\n<meta property=\"og:type\" content=\"article\" \/>\n<meta property=\"og:title\" content=\"La Asociaci\u00f3n Empresas de Amurrio celebra la Asamblea General con una conferencia sobre Inteligencia Artificial - Amurrio Bidean. Garapen Agentzia - Agencia de desarrollo.\" \/>\n<meta property=\"og:description\" content=\"El 1 de abril se celebrar\u00e1 la Asamblea General\" \/>\n<meta property=\"og:url\" content=\"https:\/\/amurriobidean.org\/es\/amurrioko-enpresak-elkarteak-adimen-artifizialari-buruzko-hitzaldi-batekin-ospatuko-du-batzar-nagusia\/\" \/>\n<meta property=\"og:site_name\" content=\"Amurrio Bidean. Garapen Agentzia - Agencia de desarrollo.\" \/>\n<meta property=\"article:publisher\" content=\"https:\/\/www.facebook.com\/amurrio.bidean\" \/>\n<meta property=\"article:published_time\" content=\"2025-03-25T12:05:29+00:00\" \/>\n<meta property=\"article:modified_time\" content=\"2025-03-25T12:08:23+00:00\" \/>\n<meta property=\"og:image\" content=\"https:\/\/amurriobidean.org\/wp-content\/uploads\/2025\/03\/amurrio_bidean_blog.png\" \/>\n\t<meta property=\"og:image:width\" content=\"1200\" \/>\n\t<meta property=\"og:image:height\" content=\"630\" \/>\n\t<meta property=\"og:image:type\" content=\"image\/png\" \/>\n<meta name=\"author\" content=\"Oihane GilSanz\" \/>\n<meta name=\"twitter:card\" content=\"summary_large_image\" \/>\n<meta name=\"twitter:creator\" content=\"@amurriobidean\" \/>\n<meta name=\"twitter:site\" content=\"@amurriobidean\" \/>\n<meta name=\"twitter:label1\" content=\"Escrito por\" \/>\n\t<meta name=\"twitter:data1\" content=\"Oihane GilSanz\" \/>\n\t<meta name=\"twitter:label2\" content=\"Tiempo de lectura\" \/>\n\t<meta name=\"twitter:data2\" content=\"1 minuto\" \/>\n<script type=\"application\/ld+json\" class=\"yoast-schema-graph\">{\"@context\":\"https:\/\/schema.org\",\"@graph\":[{\"@type\":\"WebPage\",\"@id\":\"https:\/\/amurriobidean.org\/es\/amurrioko-enpresak-elkarteak-adimen-artifizialari-buruzko-hitzaldi-batekin-ospatuko-du-batzar-nagusia\/\",\"url\":\"https:\/\/amurriobidean.org\/es\/amurrioko-enpresak-elkarteak-adimen-artifizialari-buruzko-hitzaldi-batekin-ospatuko-du-batzar-nagusia\/\",\"name\":\"La Asociaci\u00f3n Empresas de Amurrio celebra la Asamblea General con una conferencia sobre Inteligencia Artificial - Amurrio Bidean. Garapen Agentzia - Agencia de desarrollo.\",\"isPartOf\":{\"@id\":\"https:\/\/amurriobidean.org\/es\/#website\"},\"primaryImageOfPage\":{\"@id\":\"https:\/\/amurriobidean.org\/es\/amurrioko-enpresak-elkarteak-adimen-artifizialari-buruzko-hitzaldi-batekin-ospatuko-du-batzar-nagusia\/#primaryimage\"},\"image\":{\"@id\":\"https:\/\/amurriobidean.org\/es\/amurrioko-enpresak-elkarteak-adimen-artifizialari-buruzko-hitzaldi-batekin-ospatuko-du-batzar-nagusia\/#primaryimage\"},\"thumbnailUrl\":\"https:\/\/amurriobidean.org\/wp-content\/uploads\/2025\/03\/amurrio_bidean_blog.png\",\"datePublished\":\"2025-03-25T12:05:29+00:00\",\"dateModified\":\"2025-03-25T12:08:23+00:00\",\"author\":{\"@id\":\"https:\/\/amurriobidean.org\/es\/#\/schema\/person\/7457391104215a2811afeb1f9ed980b0\"},\"description\":\"El 1 de abril se celebrar\u00e1 la Asamblea General\",\"breadcrumb\":{\"@id\":\"https:\/\/amurriobidean.org\/es\/amurrioko-enpresak-elkarteak-adimen-artifizialari-buruzko-hitzaldi-batekin-ospatuko-du-batzar-nagusia\/#breadcrumb\"},\"inLanguage\":\"es\",\"potentialAction\":[{\"@type\":\"ReadAction\",\"target\":[\"https:\/\/amurriobidean.org\/es\/amurrioko-enpresak-elkarteak-adimen-artifizialari-buruzko-hitzaldi-batekin-ospatuko-du-batzar-nagusia\/\"]}]},{\"@type\":\"ImageObject\",\"inLanguage\":\"es\",\"@id\":\"https:\/\/amurriobidean.org\/es\/amurrioko-enpresak-elkarteak-adimen-artifizialari-buruzko-hitzaldi-batekin-ospatuko-du-batzar-nagusia\/#primaryimage\",\"url\":\"https:\/\/amurriobidean.org\/wp-content\/uploads\/2025\/03\/amurrio_bidean_blog.png\",\"contentUrl\":\"https:\/\/amurriobidean.org\/wp-content\/uploads\/2025\/03\/amurrio_bidean_blog.png\",\"width\":1200,\"height\":630},{\"@type\":\"BreadcrumbList\",\"@id\":\"https:\/\/amurriobidean.org\/es\/amurrioko-enpresak-elkarteak-adimen-artifizialari-buruzko-hitzaldi-batekin-ospatuko-du-batzar-nagusia\/#breadcrumb\",\"itemListElement\":[{\"@type\":\"ListItem\",\"position\":1,\"name\":\"Portada\",\"item\":\"https:\/\/amurriobidean.org\/es\/\"},{\"@type\":\"ListItem\",\"position\":2,\"name\":\"La Asociaci\u00f3n Empresas de Amurrio celebra la Asamblea General con una conferencia sobre Inteligencia Artificial\"}]},{\"@type\":\"WebSite\",\"@id\":\"https:\/\/amurriobidean.org\/es\/#website\",\"url\":\"https:\/\/amurriobidean.org\/es\/\",\"name\":\"Amurrio Bidean. Garapen Agentzia - Agencia de desarrollo.\",\"description\":\"Agencia de Desarollo Local de Amurrio\",\"potentialAction\":[{\"@type\":\"SearchAction\",\"target\":{\"@type\":\"EntryPoint\",\"urlTemplate\":\"https:\/\/amurriobidean.org\/es\/?s={search_term_string}\"},\"query-input\":{\"@type\":\"PropertyValueSpecification\",\"valueRequired\":true,\"valueName\":\"search_term_string\"}}],\"inLanguage\":\"es\"},{\"@type\":\"Person\",\"@id\":\"https:\/\/amurriobidean.org\/es\/#\/schema\/person\/7457391104215a2811afeb1f9ed980b0\",\"name\":\"Oihane GilSanz\",\"image\":{\"@type\":\"ImageObject\",\"inLanguage\":\"es\",\"@id\":\"https:\/\/amurriobidean.org\/es\/#\/schema\/person\/image\/\",\"url\":\"https:\/\/secure.gravatar.com\/avatar\/1df40c200bdd5927aedf4bd5cac24befa9a952559bc6430083077db9286c3c63\",\"contentUrl\":\"https:\/\/secure.gravatar.com\/avatar\/1df40c200bdd5927aedf4bd5cac24befa9a952559bc6430083077db9286c3c63\",\"caption\":\"Oihane GilSanz\"},\"url\":\"https:\/\/amurriobidean.org\/es\/author\/oihane\/\"}]}<\/script>\n<!-- \/ Yoast SEO plugin. -->","yoast_head_json":{"title":"La Asociaci\u00f3n Empresas de Amurrio celebra la Asamblea General con una conferencia sobre Inteligencia Artificial - Amurrio Bidean. Garapen Agentzia - Agencia de desarrollo.","description":"El 1 de abril se celebrar\u00e1 la Asamblea General","robots":{"index":"index","follow":"follow","max-snippet":"max-snippet:-1","max-image-preview":"max-image-preview:large","max-video-preview":"max-video-preview:-1"},"canonical":"https:\/\/amurriobidean.org\/es\/amurrioko-enpresak-elkarteak-adimen-artifizialari-buruzko-hitzaldi-batekin-ospatuko-du-batzar-nagusia\/","og_locale":"es_ES","og_type":"article","og_title":"La Asociaci\u00f3n Empresas de Amurrio celebra la Asamblea General con una conferencia sobre Inteligencia Artificial - Amurrio Bidean. Garapen Agentzia - Agencia de desarrollo.","og_description":"El 1 de abril se celebrar\u00e1 la Asamblea General","og_url":"https:\/\/amurriobidean.org\/es\/amurrioko-enpresak-elkarteak-adimen-artifizialari-buruzko-hitzaldi-batekin-ospatuko-du-batzar-nagusia\/","og_site_name":"Amurrio Bidean. Garapen Agentzia - Agencia de desarrollo.","article_publisher":"https:\/\/www.facebook.com\/amurrio.bidean","article_published_time":"2025-03-25T12:05:29+00:00","article_modified_time":"2025-03-25T12:08:23+00:00","og_image":[{"width":1200,"height":630,"url":"https:\/\/amurriobidean.org\/wp-content\/uploads\/2025\/03\/amurrio_bidean_blog.png","type":"image\/png"}],"author":"Oihane GilSanz","twitter_card":"summary_large_image","twitter_creator":"@amurriobidean","twitter_site":"@amurriobidean","twitter_misc":{"Escrito por":"Oihane GilSanz","Tiempo de lectura":"1 minuto"},"schema":{"@context":"https:\/\/schema.org","@graph":[{"@type":"WebPage","@id":"https:\/\/amurriobidean.org\/es\/amurrioko-enpresak-elkarteak-adimen-artifizialari-buruzko-hitzaldi-batekin-ospatuko-du-batzar-nagusia\/","url":"https:\/\/amurriobidean.org\/es\/amurrioko-enpresak-elkarteak-adimen-artifizialari-buruzko-hitzaldi-batekin-ospatuko-du-batzar-nagusia\/","name":"La Asociaci\u00f3n Empresas de Amurrio celebra la Asamblea General con una conferencia sobre Inteligencia Artificial - Amurrio Bidean. Garapen Agentzia - Agencia de desarrollo.","isPartOf":{"@id":"https:\/\/amurriobidean.org\/es\/#website"},"primaryImageOfPage":{"@id":"https:\/\/amurriobidean.org\/es\/amurrioko-enpresak-elkarteak-adimen-artifizialari-buruzko-hitzaldi-batekin-ospatuko-du-batzar-nagusia\/#primaryimage"},"image":{"@id":"https:\/\/amurriobidean.org\/es\/amurrioko-enpresak-elkarteak-adimen-artifizialari-buruzko-hitzaldi-batekin-ospatuko-du-batzar-nagusia\/#primaryimage"},"thumbnailUrl":"https:\/\/amurriobidean.org\/wp-content\/uploads\/2025\/03\/amurrio_bidean_blog.png","datePublished":"2025-03-25T12:05:29+00:00","dateModified":"2025-03-25T12:08:23+00:00","author":{"@id":"https:\/\/amurriobidean.org\/es\/#\/schema\/person\/7457391104215a2811afeb1f9ed980b0"},"description":"El 1 de abril se celebrar\u00e1 la Asamblea General","breadcrumb":{"@id":"https:\/\/amurriobidean.org\/es\/amurrioko-enpresak-elkarteak-adimen-artifizialari-buruzko-hitzaldi-batekin-ospatuko-du-batzar-nagusia\/#breadcrumb"},"inLanguage":"es","potentialAction":[{"@type":"ReadAction","target":["https:\/\/amurriobidean.org\/es\/amurrioko-enpresak-elkarteak-adimen-artifizialari-buruzko-hitzaldi-batekin-ospatuko-du-batzar-nagusia\/"]}]},{"@type":"ImageObject","inLanguage":"es","@id":"https:\/\/amurriobidean.org\/es\/amurrioko-enpresak-elkarteak-adimen-artifizialari-buruzko-hitzaldi-batekin-ospatuko-du-batzar-nagusia\/#primaryimage","url":"https:\/\/amurriobidean.org\/wp-content\/uploads\/2025\/03\/amurrio_bidean_blog.png","contentUrl":"https:\/\/amurriobidean.org\/wp-content\/uploads\/2025\/03\/amurrio_bidean_blog.png","width":1200,"height":630},{"@type":"BreadcrumbList","@id":"https:\/\/amurriobidean.org\/es\/amurrioko-enpresak-elkarteak-adimen-artifizialari-buruzko-hitzaldi-batekin-ospatuko-du-batzar-nagusia\/#breadcrumb","itemListElement":[{"@type":"ListItem","position":1,"name":"Portada","item":"https:\/\/amurriobidean.org\/es\/"},{"@type":"ListItem","position":2,"name":"La Asociaci\u00f3n Empresas de Amurrio celebra la Asamblea General con una conferencia sobre Inteligencia Artificial"}]},{"@type":"WebSite","@id":"https:\/\/amurriobidean.org\/es\/#website","url":"https:\/\/amurriobidean.org\/es\/","name":"Amurrio Bidean. Garapen Agentzia - Agencia de desarrollo.","description":"Agencia de Desarollo Local de Amurrio","potentialAction":[{"@type":"SearchAction","target":{"@type":"EntryPoint","urlTemplate":"https:\/\/amurriobidean.org\/es\/?s={search_term_string}"},"query-input":{"@type":"PropertyValueSpecification","valueRequired":true,"valueName":"search_term_string"}}],"inLanguage":"es"},{"@type":"Person","@id":"https:\/\/amurriobidean.org\/es\/#\/schema\/person\/7457391104215a2811afeb1f9ed980b0","name":"Oihane GilSanz","image":{"@type":"ImageObject","inLanguage":"es","@id":"https:\/\/amurriobidean.org\/es\/#\/schema\/person\/image\/","url":"https:\/\/secure.gravatar.com\/avatar\/1df40c200bdd5927aedf4bd5cac24befa9a952559bc6430083077db9286c3c63","contentUrl":"https:\/\/secure.gravatar.com\/avatar\/1df40c200bdd5927aedf4bd5cac24befa9a952559bc6430083077db9286c3c63","caption":"Oihane GilSanz"},"url":"https:\/\/amurriobidean.org\/es\/author\/oihane\/"}]}},"_links":{"self":[{"href":"https:\/\/amurriobidean.org\/es\/wp-json\/wp\/v2\/posts\/7885","targetHints":{"allow":["GET"]}}],"collection":[{"href":"https:\/\/amurriobidean.org\/es\/wp-json\/wp\/v2\/posts"}],"about":[{"href":"https:\/\/amurriobidean.org\/es\/wp-json\/wp\/v2\/types\/post"}],"author":[{"embeddable":true,"href":"https:\/\/amurriobidean.org\/es\/wp-json\/wp\/v2\/users\/5"}],"replies":[{"embeddable":true,"href":"https:\/\/amurriobidean.org\/es\/wp-json\/wp\/v2\/comments?post=7885"}],"version-history":[{"count":0,"href":"https:\/\/amurriobidean.org\/es\/wp-json\/wp\/v2\/posts\/7885\/revisions"}],"wp:featuredmedia":[{"embeddable":true,"href":"https:\/\/amurriobidean.org\/es\/wp-json\/wp\/v2\/media\/7880"}],"wp:attachment":[{"href":"https:\/\/amurriobidean.org\/es\/wp-json\/wp\/v2\/media?parent=7885"}],"wp:term":[{"taxonomy":"category","embeddable":true,"href":"https:\/\/amurriobidean.org\/es\/wp-json\/wp\/v2\/categories?post=7885"},{"taxonomy":"post_tag","embeddable":true,"href":"https:\/\/amurriobidean.org\/es\/wp-json\/wp\/v2\/tags?post=7885"}],"curies":[{"name":"wp","href":"https:\/\/api.w.org\/{rel}","templated":true}]}}