{"id":7847,"date":"2025-02-27T16:00:02","date_gmt":"2025-02-27T14:00:02","guid":{"rendered":"https:\/\/amurriobidean.org\/?p=7847"},"modified":"2025-02-27T16:11:40","modified_gmt":"2025-02-27T14:11:40","slug":"amurrio-race-vuelve-a-funcionar","status":"publish","type":"post","link":"https:\/\/amurriobidean.org\/es\/amurrio-race-vuelve-a-funcionar\/","title":{"rendered":"Amurrio Race vuelve a funcionar"},"content":{"rendered":"<p>\ud83c\udfce\ufe0f\ud83c\udfce\ufe0fSi tienes entre 11 y 16 a\u00f1os, eres o estudias en Amurrio y quieres saber qu\u00e9 es participar en un equipo de carreras, an\u00edmate y ap\u00fantate!\ud83c\udfce\ufe0f\ud83c\udfce\ufe0f<\/p>\n<p>\ud83c\udfc1Inicio 10 de marzo\ud83c\udfc1<\/p>\n<p>\ud83d\udcc6 Lunes de 18.30 a 20.30 en el Instituto Zaraobe<\/p>\n<p>\ud83c\udfafObjetivo: El 28 de abril participar en la carrera del circuito navarro de Los Arcos<\/p>\n<p><a href=\"https:\/\/www.youtube.com\/shorts\/VZNJHuBPT4c\" target=\"_blank\" rel=\"noopener\">Aqu\u00ed<\/a> puedes ver la carrera del a\u00f1o pasado.<\/p>\n<p>Este a\u00f1o contamos con Lander Urquijo, piloto de ralys\u00a0 de Ugao Miravalles como monitor.<\/p>\n<p>+Info: <a href=\"https:\/\/amurriobidean.org\/wp-content\/uploads\/2025\/02\/Amurrio-Race.pdf\">Amurrio-Race<\/a><\/p>\n<p>Para inscribirte ponte en contacto con nosotros empresa@amurriobidean.org por escrito o llamando al tel\u00e9fono 945891721 o en whatsapp.<\/p>\n","protected":false},"excerpt":{"rendered":"<p>\ud83c\udfce\ufe0f\ud83c\udfce\ufe0fSi tienes entre 11 y 16 a\u00f1os, eres o estudias en Amurrio y quieres saber qu\u00e9 es participar en un equipo de carreras, an\u00edmate y ap\u00fantate!\ud83c\udfce\ufe0f\ud83c\udfce\ufe0f \ud83c\udfc1Inicio 10 de marzo\ud83c\udfc1 \ud83d\udcc6 Lunes de 18.30 a 20.30 en el Instituto Zaraobe \ud83c\udfafObjetivo: El 28 de abril participar en la carrera del circuito navarro de Los Arcos [&hellip;]<\/p>\n","protected":false},"author":5,"featured_media":7844,"comment_status":"closed","ping_status":"closed","sticky":false,"template":"","format":"standard","meta":{"footnotes":""},"categories":[28],"tags":[],"class_list":["post-7847","post","type-post","status-publish","format-standard","has-post-thumbnail","hentry","category-noticias"],"yoast_head":"<!-- This site is optimized with the Yoast SEO plugin v25.3 - https:\/\/yoast.com\/wordpress\/plugins\/seo\/ -->\n<title>Amurrio Race vuelve a funcionar - Amurrio Bidean. Garapen Agentzia - Agencia de desarrollo.<\/title>\n<meta name=\"description\" content=\"\u00a1An\u00edmate y ap\u00fantate!\" \/>\n<meta name=\"robots\" content=\"index, follow, max-snippet:-1, max-image-preview:large, max-video-preview:-1\" \/>\n<link rel=\"canonical\" href=\"https:\/\/amurriobidean.org\/es\/amurrio-race-vuelve-a-funcionar\/\" \/>\n<meta property=\"og:locale\" content=\"es_ES\" \/>\n<meta property=\"og:type\" content=\"article\" \/>\n<meta property=\"og:title\" content=\"Amurrio Race vuelve a funcionar - Amurrio Bidean. Garapen Agentzia - Agencia de desarrollo.\" \/>\n<meta property=\"og:description\" content=\"\u00a1An\u00edmate y ap\u00fantate!\" \/>\n<meta property=\"og:url\" content=\"https:\/\/amurriobidean.org\/es\/amurrio-race-vuelve-a-funcionar\/\" \/>\n<meta property=\"og:site_name\" content=\"Amurrio Bidean. Garapen Agentzia - Agencia de desarrollo.\" \/>\n<meta property=\"article:publisher\" content=\"https:\/\/www.facebook.com\/amurrio.bidean\" \/>\n<meta property=\"article:published_time\" content=\"2025-02-27T14:00:02+00:00\" \/>\n<meta property=\"article:modified_time\" content=\"2025-02-27T14:11:40+00:00\" \/>\n<meta property=\"og:image\" content=\"https:\/\/amurriobidean.org\/wp-content\/uploads\/2025\/02\/NRE_7729-687x1030.jpg\" \/>\n\t<meta property=\"og:image:width\" content=\"687\" \/>\n\t<meta property=\"og:image:height\" content=\"1030\" \/>\n\t<meta property=\"og:image:type\" content=\"image\/jpeg\" \/>\n<meta name=\"author\" content=\"Oihane GilSanz\" \/>\n<meta name=\"twitter:card\" content=\"summary_large_image\" \/>\n<meta name=\"twitter:creator\" content=\"@amurriobidean\" \/>\n<meta name=\"twitter:site\" content=\"@amurriobidean\" \/>\n<meta name=\"twitter:label1\" content=\"Escrito por\" \/>\n\t<meta name=\"twitter:data1\" content=\"Oihane GilSanz\" \/>\n\t<meta name=\"twitter:label2\" content=\"Tiempo de lectura\" \/>\n\t<meta name=\"twitter:data2\" content=\"1 minuto\" \/>\n<script type=\"application\/ld+json\" class=\"yoast-schema-graph\">{\"@context\":\"https:\/\/schema.org\",\"@graph\":[{\"@type\":\"WebPage\",\"@id\":\"https:\/\/amurriobidean.org\/es\/amurrio-race-vuelve-a-funcionar\/\",\"url\":\"https:\/\/amurriobidean.org\/es\/amurrio-race-vuelve-a-funcionar\/\",\"name\":\"Amurrio Race vuelve a funcionar - Amurrio Bidean. Garapen Agentzia - Agencia de desarrollo.\",\"isPartOf\":{\"@id\":\"https:\/\/amurriobidean.org\/es\/#website\"},\"primaryImageOfPage\":{\"@id\":\"https:\/\/amurriobidean.org\/es\/amurrio-race-vuelve-a-funcionar\/#primaryimage\"},\"image\":{\"@id\":\"https:\/\/amurriobidean.org\/es\/amurrio-race-vuelve-a-funcionar\/#primaryimage\"},\"thumbnailUrl\":\"https:\/\/amurriobidean.org\/wp-content\/uploads\/2025\/02\/NRE_7729-scaled.jpg\",\"datePublished\":\"2025-02-27T14:00:02+00:00\",\"dateModified\":\"2025-02-27T14:11:40+00:00\",\"author\":{\"@id\":\"https:\/\/amurriobidean.org\/es\/#\/schema\/person\/7457391104215a2811afeb1f9ed980b0\"},\"description\":\"\u00a1An\u00edmate y ap\u00fantate!\",\"breadcrumb\":{\"@id\":\"https:\/\/amurriobidean.org\/es\/amurrio-race-vuelve-a-funcionar\/#breadcrumb\"},\"inLanguage\":\"es\",\"potentialAction\":[{\"@type\":\"ReadAction\",\"target\":[\"https:\/\/amurriobidean.org\/es\/amurrio-race-vuelve-a-funcionar\/\"]}]},{\"@type\":\"ImageObject\",\"inLanguage\":\"es\",\"@id\":\"https:\/\/amurriobidean.org\/es\/amurrio-race-vuelve-a-funcionar\/#primaryimage\",\"url\":\"https:\/\/amurriobidean.org\/wp-content\/uploads\/2025\/02\/NRE_7729-scaled.jpg\",\"contentUrl\":\"https:\/\/amurriobidean.org\/wp-content\/uploads\/2025\/02\/NRE_7729-scaled.jpg\",\"width\":1707,\"height\":2560},{\"@type\":\"BreadcrumbList\",\"@id\":\"https:\/\/amurriobidean.org\/es\/amurrio-race-vuelve-a-funcionar\/#breadcrumb\",\"itemListElement\":[{\"@type\":\"ListItem\",\"position\":1,\"name\":\"Portada\",\"item\":\"https:\/\/amurriobidean.org\/es\/\"},{\"@type\":\"ListItem\",\"position\":2,\"name\":\"Amurrio Race vuelve a funcionar\"}]},{\"@type\":\"WebSite\",\"@id\":\"https:\/\/amurriobidean.org\/es\/#website\",\"url\":\"https:\/\/amurriobidean.org\/es\/\",\"name\":\"Amurrio Bidean. Garapen Agentzia - Agencia de desarrollo.\",\"description\":\"Agencia de Desarollo Local de Amurrio\",\"potentialAction\":[{\"@type\":\"SearchAction\",\"target\":{\"@type\":\"EntryPoint\",\"urlTemplate\":\"https:\/\/amurriobidean.org\/es\/?s={search_term_string}\"},\"query-input\":{\"@type\":\"PropertyValueSpecification\",\"valueRequired\":true,\"valueName\":\"search_term_string\"}}],\"inLanguage\":\"es\"},{\"@type\":\"Person\",\"@id\":\"https:\/\/amurriobidean.org\/es\/#\/schema\/person\/7457391104215a2811afeb1f9ed980b0\",\"name\":\"Oihane GilSanz\",\"image\":{\"@type\":\"ImageObject\",\"inLanguage\":\"es\",\"@id\":\"https:\/\/amurriobidean.org\/es\/#\/schema\/person\/image\/\",\"url\":\"https:\/\/secure.gravatar.com\/avatar\/1df40c200bdd5927aedf4bd5cac24befa9a952559bc6430083077db9286c3c63\",\"contentUrl\":\"https:\/\/secure.gravatar.com\/avatar\/1df40c200bdd5927aedf4bd5cac24befa9a952559bc6430083077db9286c3c63\",\"caption\":\"Oihane GilSanz\"},\"url\":\"https:\/\/amurriobidean.org\/es\/author\/oihane\/\"}]}<\/script>\n<!-- \/ Yoast SEO plugin. -->","yoast_head_json":{"title":"Amurrio Race vuelve a funcionar - Amurrio Bidean. Garapen Agentzia - Agencia de desarrollo.","description":"\u00a1An\u00edmate y ap\u00fantate!","robots":{"index":"index","follow":"follow","max-snippet":"max-snippet:-1","max-image-preview":"max-image-preview:large","max-video-preview":"max-video-preview:-1"},"canonical":"https:\/\/amurriobidean.org\/es\/amurrio-race-vuelve-a-funcionar\/","og_locale":"es_ES","og_type":"article","og_title":"Amurrio Race vuelve a funcionar - Amurrio Bidean. Garapen Agentzia - Agencia de desarrollo.","og_description":"\u00a1An\u00edmate y ap\u00fantate!","og_url":"https:\/\/amurriobidean.org\/es\/amurrio-race-vuelve-a-funcionar\/","og_site_name":"Amurrio Bidean. Garapen Agentzia - Agencia de desarrollo.","article_publisher":"https:\/\/www.facebook.com\/amurrio.bidean","article_published_time":"2025-02-27T14:00:02+00:00","article_modified_time":"2025-02-27T14:11:40+00:00","og_image":[{"width":687,"height":1030,"url":"https:\/\/amurriobidean.org\/wp-content\/uploads\/2025\/02\/NRE_7729-687x1030.jpg","type":"image\/jpeg"}],"author":"Oihane GilSanz","twitter_card":"summary_large_image","twitter_creator":"@amurriobidean","twitter_site":"@amurriobidean","twitter_misc":{"Escrito por":"Oihane GilSanz","Tiempo de lectura":"1 minuto"},"schema":{"@context":"https:\/\/schema.org","@graph":[{"@type":"WebPage","@id":"https:\/\/amurriobidean.org\/es\/amurrio-race-vuelve-a-funcionar\/","url":"https:\/\/amurriobidean.org\/es\/amurrio-race-vuelve-a-funcionar\/","name":"Amurrio Race vuelve a funcionar - Amurrio Bidean. Garapen Agentzia - Agencia de desarrollo.","isPartOf":{"@id":"https:\/\/amurriobidean.org\/es\/#website"},"primaryImageOfPage":{"@id":"https:\/\/amurriobidean.org\/es\/amurrio-race-vuelve-a-funcionar\/#primaryimage"},"image":{"@id":"https:\/\/amurriobidean.org\/es\/amurrio-race-vuelve-a-funcionar\/#primaryimage"},"thumbnailUrl":"https:\/\/amurriobidean.org\/wp-content\/uploads\/2025\/02\/NRE_7729-scaled.jpg","datePublished":"2025-02-27T14:00:02+00:00","dateModified":"2025-02-27T14:11:40+00:00","author":{"@id":"https:\/\/amurriobidean.org\/es\/#\/schema\/person\/7457391104215a2811afeb1f9ed980b0"},"description":"\u00a1An\u00edmate y ap\u00fantate!","breadcrumb":{"@id":"https:\/\/amurriobidean.org\/es\/amurrio-race-vuelve-a-funcionar\/#breadcrumb"},"inLanguage":"es","potentialAction":[{"@type":"ReadAction","target":["https:\/\/amurriobidean.org\/es\/amurrio-race-vuelve-a-funcionar\/"]}]},{"@type":"ImageObject","inLanguage":"es","@id":"https:\/\/amurriobidean.org\/es\/amurrio-race-vuelve-a-funcionar\/#primaryimage","url":"https:\/\/amurriobidean.org\/wp-content\/uploads\/2025\/02\/NRE_7729-scaled.jpg","contentUrl":"https:\/\/amurriobidean.org\/wp-content\/uploads\/2025\/02\/NRE_7729-scaled.jpg","width":1707,"height":2560},{"@type":"BreadcrumbList","@id":"https:\/\/amurriobidean.org\/es\/amurrio-race-vuelve-a-funcionar\/#breadcrumb","itemListElement":[{"@type":"ListItem","position":1,"name":"Portada","item":"https:\/\/amurriobidean.org\/es\/"},{"@type":"ListItem","position":2,"name":"Amurrio Race vuelve a funcionar"}]},{"@type":"WebSite","@id":"https:\/\/amurriobidean.org\/es\/#website","url":"https:\/\/amurriobidean.org\/es\/","name":"Amurrio Bidean. Garapen Agentzia - Agencia de desarrollo.","description":"Agencia de Desarollo Local de Amurrio","potentialAction":[{"@type":"SearchAction","target":{"@type":"EntryPoint","urlTemplate":"https:\/\/amurriobidean.org\/es\/?s={search_term_string}"},"query-input":{"@type":"PropertyValueSpecification","valueRequired":true,"valueName":"search_term_string"}}],"inLanguage":"es"},{"@type":"Person","@id":"https:\/\/amurriobidean.org\/es\/#\/schema\/person\/7457391104215a2811afeb1f9ed980b0","name":"Oihane GilSanz","image":{"@type":"ImageObject","inLanguage":"es","@id":"https:\/\/amurriobidean.org\/es\/#\/schema\/person\/image\/","url":"https:\/\/secure.gravatar.com\/avatar\/1df40c200bdd5927aedf4bd5cac24befa9a952559bc6430083077db9286c3c63","contentUrl":"https:\/\/secure.gravatar.com\/avatar\/1df40c200bdd5927aedf4bd5cac24befa9a952559bc6430083077db9286c3c63","caption":"Oihane GilSanz"},"url":"https:\/\/amurriobidean.org\/es\/author\/oihane\/"}]}},"_links":{"self":[{"href":"https:\/\/amurriobidean.org\/es\/wp-json\/wp\/v2\/posts\/7847","targetHints":{"allow":["GET"]}}],"collection":[{"href":"https:\/\/amurriobidean.org\/es\/wp-json\/wp\/v2\/posts"}],"about":[{"href":"https:\/\/amurriobidean.org\/es\/wp-json\/wp\/v2\/types\/post"}],"author":[{"embeddable":true,"href":"https:\/\/amurriobidean.org\/es\/wp-json\/wp\/v2\/users\/5"}],"replies":[{"embeddable":true,"href":"https:\/\/amurriobidean.org\/es\/wp-json\/wp\/v2\/comments?post=7847"}],"version-history":[{"count":0,"href":"https:\/\/amurriobidean.org\/es\/wp-json\/wp\/v2\/posts\/7847\/revisions"}],"wp:featuredmedia":[{"embeddable":true,"href":"https:\/\/amurriobidean.org\/es\/wp-json\/wp\/v2\/media\/7844"}],"wp:attachment":[{"href":"https:\/\/amurriobidean.org\/es\/wp-json\/wp\/v2\/media?parent=7847"}],"wp:term":[{"taxonomy":"category","embeddable":true,"href":"https:\/\/amurriobidean.org\/es\/wp-json\/wp\/v2\/categories?post=7847"},{"taxonomy":"post_tag","embeddable":true,"href":"https:\/\/amurriobidean.org\/es\/wp-json\/wp\/v2\/tags?post=7847"}],"curies":[{"name":"wp","href":"https:\/\/api.w.org\/{rel}","templated":true}]}}