{"id":7566,"date":"2024-10-15T10:03:42","date_gmt":"2024-10-15T08:03:42","guid":{"rendered":"https:\/\/amurriobidean.org\/?p=7566"},"modified":"2024-10-17T09:24:28","modified_gmt":"2024-10-17T07:24:28","slug":"pildoras-para-reforzar-la-busqueda-de-empleo-y-el-networking-en-noviembre","status":"publish","type":"post","link":"https:\/\/amurriobidean.org\/es\/pildoras-para-reforzar-la-busqueda-de-empleo-y-el-networking-en-noviembre\/","title":{"rendered":"P\u00edldoras para reforzar la b\u00fasqueda de empleo y el networking en noviembre"},"content":{"rendered":"<p><strong>Se han organizado 3 talleres breves sobre entrevistas de trabajo, LinkedIn avanzado, y presentaciones eficaces.<\/strong><\/p>\n<p>Est\u00e1n dirigidos a personas empadronadas en la Cuadrilla de Ayala, independientemente de su situaci\u00f3n laboral.<br \/>\nPara las personas en b\u00fasqueda de empleo la entrevista de trabajo suele ser un punto cr\u00edtico y conocer t\u00e9cnicas y herramientas para superarlas y adaptadas a cada persona, es la oportunidad para quitarle el miedo, que ofrece esta formaci\u00f3n. Primeramente, se graba una entrevista simulada y partiendo de la visualizaci\u00f3n de la misma se recomiendan mejoras constructivas y adaptadas a los objetivos profesionales de cada persona participante.<br \/>\nLa segunda p\u00edldora abordar\u00e1 la red social profesional LinkedIn. Una herramienta indispensable para hacer contactos profesionales, tanto si est\u00e1s en b\u00fasqueda de empleo como si lo que buscas es un posicionamiento profesional. Saber utilizarla adecuadamente abre muchas puertas al empleo y a proyectos nuevos.<br \/>\nLa tercera p\u00edldora ser\u00e1 sobre comunicaci\u00f3n y c\u00f3mo hacer la presentaci\u00f3n de cualquier proyecto, ya sea de negocio (a clientes, aliados, entidades financieras\u2026) o acad\u00e9mico (trabajos de m\u00e1ster o grados, tesis doctorales\u2026) para conseguir los objetivos que nos marquemos con estas presentaciones.<\/p>\n<p><img fetchpriority=\"high\" decoding=\"async\" class=\"aligncenter size-full wp-image-7558\" src=\"https:\/\/amurriobidean.org\/wp-content\/uploads\/2024\/10\/Tabla-cas-1.png\" alt=\"\" width=\"623\" height=\"191\" srcset=\"https:\/\/amurriobidean.org\/wp-content\/uploads\/2024\/10\/Tabla-cas-1.png 623w, https:\/\/amurriobidean.org\/wp-content\/uploads\/2024\/10\/Tabla-cas-1-300x92.png 300w\" sizes=\"(max-width: 623px) 100vw, 623px\" \/><\/p>\n<p>Formaci\u00f3n organizada en coordinaci\u00f3n con la Cuadrilla de Ayala y financiada por la Fundaci\u00f3n Vital.<\/p>\n<p>Para inscribirse en estas p\u00edldoras se puede hacer contactando con Amurrio Bidean en el tel\u00e9fono o Whatsapp 945891721 o a trav\u00e9s del portal de personas de Amurrio Bidean (<a href=\"https:\/\/amurrio.tganet.net\/amurrio_bidean_ikastaroak\/amurrio_bidean_ikastaroak.php\" target=\"_blank\" rel=\"noopener\">https:\/\/amurrio.tganet.net\/amurrio_bidean_ikastaroak\/amurrio_bidean_ikastaroak.php<\/a> &#8211; previo registro ).<\/p>\n","protected":false},"excerpt":{"rendered":"<p>Se han organizado 3 talleres breves sobre entrevistas de trabajo, LinkedIn avanzado, y presentaciones eficaces. Est\u00e1n dirigidos a personas empadronadas en la Cuadrilla de Ayala, independientemente de su situaci\u00f3n laboral. Para las personas en b\u00fasqueda de empleo la entrevista de trabajo suele ser un punto cr\u00edtico y conocer t\u00e9cnicas y herramientas para superarlas y adaptadas [&hellip;]<\/p>\n","protected":false},"author":5,"featured_media":7574,"comment_status":"closed","ping_status":"closed","sticky":false,"template":"","format":"standard","meta":{"footnotes":""},"categories":[28],"tags":[],"class_list":["post-7566","post","type-post","status-publish","format-standard","has-post-thumbnail","hentry","category-noticias"],"yoast_head":"<!-- This site is optimized with the Yoast SEO plugin v25.3 - https:\/\/yoast.com\/wordpress\/plugins\/seo\/ -->\n<title>P\u00edldoras para reforzar la b\u00fasqueda de empleo y el networking en noviembre - Amurrio Bidean. Garapen Agentzia - Agencia de desarrollo.<\/title>\n<meta name=\"description\" content=\"Se han organizado 3 talleres breves sobre entrevistas de trabajo, LinkedIn avanzado, y presentaciones eficaces.\" \/>\n<meta name=\"robots\" content=\"index, follow, max-snippet:-1, max-image-preview:large, max-video-preview:-1\" \/>\n<link rel=\"canonical\" href=\"https:\/\/amurriobidean.org\/es\/pildoras-para-reforzar-la-busqueda-de-empleo-y-el-networking-en-noviembre\/\" \/>\n<meta property=\"og:locale\" content=\"es_ES\" \/>\n<meta property=\"og:type\" content=\"article\" \/>\n<meta property=\"og:title\" content=\"P\u00edldoras para reforzar la b\u00fasqueda de empleo y el networking en noviembre - Amurrio Bidean. Garapen Agentzia - Agencia de desarrollo.\" \/>\n<meta property=\"og:description\" content=\"Se han organizado 3 talleres breves sobre entrevistas de trabajo, LinkedIn avanzado, y presentaciones eficaces.\" \/>\n<meta property=\"og:url\" content=\"https:\/\/amurriobidean.org\/es\/pildoras-para-reforzar-la-busqueda-de-empleo-y-el-networking-en-noviembre\/\" \/>\n<meta property=\"og:site_name\" content=\"Amurrio Bidean. Garapen Agentzia - Agencia de desarrollo.\" \/>\n<meta property=\"article:publisher\" content=\"https:\/\/www.facebook.com\/amurrio.bidean\" \/>\n<meta property=\"article:published_time\" content=\"2024-10-15T08:03:42+00:00\" \/>\n<meta property=\"article:modified_time\" content=\"2024-10-17T07:24:28+00:00\" \/>\n<meta property=\"og:image\" content=\"https:\/\/amurriobidean.org\/wp-content\/uploads\/2024\/10\/cabecera_cas-e1729149835870.png\" \/>\n\t<meta property=\"og:image:width\" content=\"1078\" \/>\n\t<meta property=\"og:image:height\" content=\"674\" \/>\n\t<meta property=\"og:image:type\" content=\"image\/png\" \/>\n<meta name=\"author\" content=\"Oihane GilSanz\" \/>\n<meta name=\"twitter:card\" content=\"summary_large_image\" \/>\n<meta name=\"twitter:creator\" content=\"@amurriobidean\" \/>\n<meta name=\"twitter:site\" content=\"@amurriobidean\" \/>\n<meta name=\"twitter:label1\" content=\"Escrito por\" \/>\n\t<meta name=\"twitter:data1\" content=\"Oihane GilSanz\" \/>\n\t<meta name=\"twitter:label2\" content=\"Tiempo de lectura\" \/>\n\t<meta name=\"twitter:data2\" content=\"2 minutos\" \/>\n<script type=\"application\/ld+json\" class=\"yoast-schema-graph\">{\"@context\":\"https:\/\/schema.org\",\"@graph\":[{\"@type\":\"WebPage\",\"@id\":\"https:\/\/amurriobidean.org\/es\/pildoras-para-reforzar-la-busqueda-de-empleo-y-el-networking-en-noviembre\/\",\"url\":\"https:\/\/amurriobidean.org\/es\/pildoras-para-reforzar-la-busqueda-de-empleo-y-el-networking-en-noviembre\/\",\"name\":\"P\u00edldoras para reforzar la b\u00fasqueda de empleo y el networking en noviembre - Amurrio Bidean. Garapen Agentzia - Agencia de desarrollo.\",\"isPartOf\":{\"@id\":\"https:\/\/amurriobidean.org\/es\/#website\"},\"primaryImageOfPage\":{\"@id\":\"https:\/\/amurriobidean.org\/es\/pildoras-para-reforzar-la-busqueda-de-empleo-y-el-networking-en-noviembre\/#primaryimage\"},\"image\":{\"@id\":\"https:\/\/amurriobidean.org\/es\/pildoras-para-reforzar-la-busqueda-de-empleo-y-el-networking-en-noviembre\/#primaryimage\"},\"thumbnailUrl\":\"https:\/\/amurriobidean.org\/wp-content\/uploads\/2024\/10\/cabecera_cas-e1729149835870.png\",\"datePublished\":\"2024-10-15T08:03:42+00:00\",\"dateModified\":\"2024-10-17T07:24:28+00:00\",\"author\":{\"@id\":\"https:\/\/amurriobidean.org\/es\/#\/schema\/person\/7457391104215a2811afeb1f9ed980b0\"},\"description\":\"Se han organizado 3 talleres breves sobre entrevistas de trabajo, LinkedIn avanzado, y presentaciones eficaces.\",\"breadcrumb\":{\"@id\":\"https:\/\/amurriobidean.org\/es\/pildoras-para-reforzar-la-busqueda-de-empleo-y-el-networking-en-noviembre\/#breadcrumb\"},\"inLanguage\":\"es\",\"potentialAction\":[{\"@type\":\"ReadAction\",\"target\":[\"https:\/\/amurriobidean.org\/es\/pildoras-para-reforzar-la-busqueda-de-empleo-y-el-networking-en-noviembre\/\"]}]},{\"@type\":\"ImageObject\",\"inLanguage\":\"es\",\"@id\":\"https:\/\/amurriobidean.org\/es\/pildoras-para-reforzar-la-busqueda-de-empleo-y-el-networking-en-noviembre\/#primaryimage\",\"url\":\"https:\/\/amurriobidean.org\/wp-content\/uploads\/2024\/10\/cabecera_cas-e1729149835870.png\",\"contentUrl\":\"https:\/\/amurriobidean.org\/wp-content\/uploads\/2024\/10\/cabecera_cas-e1729149835870.png\",\"width\":1078,\"height\":674},{\"@type\":\"BreadcrumbList\",\"@id\":\"https:\/\/amurriobidean.org\/es\/pildoras-para-reforzar-la-busqueda-de-empleo-y-el-networking-en-noviembre\/#breadcrumb\",\"itemListElement\":[{\"@type\":\"ListItem\",\"position\":1,\"name\":\"Portada\",\"item\":\"https:\/\/amurriobidean.org\/es\/\"},{\"@type\":\"ListItem\",\"position\":2,\"name\":\"P\u00edldoras para reforzar la b\u00fasqueda de empleo y el networking en noviembre\"}]},{\"@type\":\"WebSite\",\"@id\":\"https:\/\/amurriobidean.org\/es\/#website\",\"url\":\"https:\/\/amurriobidean.org\/es\/\",\"name\":\"Amurrio Bidean. Garapen Agentzia - Agencia de desarrollo.\",\"description\":\"Agencia de Desarollo Local de Amurrio\",\"potentialAction\":[{\"@type\":\"SearchAction\",\"target\":{\"@type\":\"EntryPoint\",\"urlTemplate\":\"https:\/\/amurriobidean.org\/es\/?s={search_term_string}\"},\"query-input\":{\"@type\":\"PropertyValueSpecification\",\"valueRequired\":true,\"valueName\":\"search_term_string\"}}],\"inLanguage\":\"es\"},{\"@type\":\"Person\",\"@id\":\"https:\/\/amurriobidean.org\/es\/#\/schema\/person\/7457391104215a2811afeb1f9ed980b0\",\"name\":\"Oihane GilSanz\",\"image\":{\"@type\":\"ImageObject\",\"inLanguage\":\"es\",\"@id\":\"https:\/\/amurriobidean.org\/es\/#\/schema\/person\/image\/\",\"url\":\"https:\/\/secure.gravatar.com\/avatar\/1df40c200bdd5927aedf4bd5cac24befa9a952559bc6430083077db9286c3c63\",\"contentUrl\":\"https:\/\/secure.gravatar.com\/avatar\/1df40c200bdd5927aedf4bd5cac24befa9a952559bc6430083077db9286c3c63\",\"caption\":\"Oihane GilSanz\"},\"url\":\"https:\/\/amurriobidean.org\/es\/author\/oihane\/\"}]}<\/script>\n<!-- \/ Yoast SEO plugin. -->","yoast_head_json":{"title":"P\u00edldoras para reforzar la b\u00fasqueda de empleo y el networking en noviembre - Amurrio Bidean. Garapen Agentzia - Agencia de desarrollo.","description":"Se han organizado 3 talleres breves sobre entrevistas de trabajo, LinkedIn avanzado, y presentaciones eficaces.","robots":{"index":"index","follow":"follow","max-snippet":"max-snippet:-1","max-image-preview":"max-image-preview:large","max-video-preview":"max-video-preview:-1"},"canonical":"https:\/\/amurriobidean.org\/es\/pildoras-para-reforzar-la-busqueda-de-empleo-y-el-networking-en-noviembre\/","og_locale":"es_ES","og_type":"article","og_title":"P\u00edldoras para reforzar la b\u00fasqueda de empleo y el networking en noviembre - Amurrio Bidean. Garapen Agentzia - Agencia de desarrollo.","og_description":"Se han organizado 3 talleres breves sobre entrevistas de trabajo, LinkedIn avanzado, y presentaciones eficaces.","og_url":"https:\/\/amurriobidean.org\/es\/pildoras-para-reforzar-la-busqueda-de-empleo-y-el-networking-en-noviembre\/","og_site_name":"Amurrio Bidean. Garapen Agentzia - Agencia de desarrollo.","article_publisher":"https:\/\/www.facebook.com\/amurrio.bidean","article_published_time":"2024-10-15T08:03:42+00:00","article_modified_time":"2024-10-17T07:24:28+00:00","og_image":[{"width":1078,"height":674,"url":"https:\/\/amurriobidean.org\/wp-content\/uploads\/2024\/10\/cabecera_cas-e1729149835870.png","type":"image\/png"}],"author":"Oihane GilSanz","twitter_card":"summary_large_image","twitter_creator":"@amurriobidean","twitter_site":"@amurriobidean","twitter_misc":{"Escrito por":"Oihane GilSanz","Tiempo de lectura":"2 minutos"},"schema":{"@context":"https:\/\/schema.org","@graph":[{"@type":"WebPage","@id":"https:\/\/amurriobidean.org\/es\/pildoras-para-reforzar-la-busqueda-de-empleo-y-el-networking-en-noviembre\/","url":"https:\/\/amurriobidean.org\/es\/pildoras-para-reforzar-la-busqueda-de-empleo-y-el-networking-en-noviembre\/","name":"P\u00edldoras para reforzar la b\u00fasqueda de empleo y el networking en noviembre - Amurrio Bidean. Garapen Agentzia - Agencia de desarrollo.","isPartOf":{"@id":"https:\/\/amurriobidean.org\/es\/#website"},"primaryImageOfPage":{"@id":"https:\/\/amurriobidean.org\/es\/pildoras-para-reforzar-la-busqueda-de-empleo-y-el-networking-en-noviembre\/#primaryimage"},"image":{"@id":"https:\/\/amurriobidean.org\/es\/pildoras-para-reforzar-la-busqueda-de-empleo-y-el-networking-en-noviembre\/#primaryimage"},"thumbnailUrl":"https:\/\/amurriobidean.org\/wp-content\/uploads\/2024\/10\/cabecera_cas-e1729149835870.png","datePublished":"2024-10-15T08:03:42+00:00","dateModified":"2024-10-17T07:24:28+00:00","author":{"@id":"https:\/\/amurriobidean.org\/es\/#\/schema\/person\/7457391104215a2811afeb1f9ed980b0"},"description":"Se han organizado 3 talleres breves sobre entrevistas de trabajo, LinkedIn avanzado, y presentaciones eficaces.","breadcrumb":{"@id":"https:\/\/amurriobidean.org\/es\/pildoras-para-reforzar-la-busqueda-de-empleo-y-el-networking-en-noviembre\/#breadcrumb"},"inLanguage":"es","potentialAction":[{"@type":"ReadAction","target":["https:\/\/amurriobidean.org\/es\/pildoras-para-reforzar-la-busqueda-de-empleo-y-el-networking-en-noviembre\/"]}]},{"@type":"ImageObject","inLanguage":"es","@id":"https:\/\/amurriobidean.org\/es\/pildoras-para-reforzar-la-busqueda-de-empleo-y-el-networking-en-noviembre\/#primaryimage","url":"https:\/\/amurriobidean.org\/wp-content\/uploads\/2024\/10\/cabecera_cas-e1729149835870.png","contentUrl":"https:\/\/amurriobidean.org\/wp-content\/uploads\/2024\/10\/cabecera_cas-e1729149835870.png","width":1078,"height":674},{"@type":"BreadcrumbList","@id":"https:\/\/amurriobidean.org\/es\/pildoras-para-reforzar-la-busqueda-de-empleo-y-el-networking-en-noviembre\/#breadcrumb","itemListElement":[{"@type":"ListItem","position":1,"name":"Portada","item":"https:\/\/amurriobidean.org\/es\/"},{"@type":"ListItem","position":2,"name":"P\u00edldoras para reforzar la b\u00fasqueda de empleo y el networking en noviembre"}]},{"@type":"WebSite","@id":"https:\/\/amurriobidean.org\/es\/#website","url":"https:\/\/amurriobidean.org\/es\/","name":"Amurrio Bidean. Garapen Agentzia - Agencia de desarrollo.","description":"Agencia de Desarollo Local de Amurrio","potentialAction":[{"@type":"SearchAction","target":{"@type":"EntryPoint","urlTemplate":"https:\/\/amurriobidean.org\/es\/?s={search_term_string}"},"query-input":{"@type":"PropertyValueSpecification","valueRequired":true,"valueName":"search_term_string"}}],"inLanguage":"es"},{"@type":"Person","@id":"https:\/\/amurriobidean.org\/es\/#\/schema\/person\/7457391104215a2811afeb1f9ed980b0","name":"Oihane GilSanz","image":{"@type":"ImageObject","inLanguage":"es","@id":"https:\/\/amurriobidean.org\/es\/#\/schema\/person\/image\/","url":"https:\/\/secure.gravatar.com\/avatar\/1df40c200bdd5927aedf4bd5cac24befa9a952559bc6430083077db9286c3c63","contentUrl":"https:\/\/secure.gravatar.com\/avatar\/1df40c200bdd5927aedf4bd5cac24befa9a952559bc6430083077db9286c3c63","caption":"Oihane GilSanz"},"url":"https:\/\/amurriobidean.org\/es\/author\/oihane\/"}]}},"_links":{"self":[{"href":"https:\/\/amurriobidean.org\/es\/wp-json\/wp\/v2\/posts\/7566","targetHints":{"allow":["GET"]}}],"collection":[{"href":"https:\/\/amurriobidean.org\/es\/wp-json\/wp\/v2\/posts"}],"about":[{"href":"https:\/\/amurriobidean.org\/es\/wp-json\/wp\/v2\/types\/post"}],"author":[{"embeddable":true,"href":"https:\/\/amurriobidean.org\/es\/wp-json\/wp\/v2\/users\/5"}],"replies":[{"embeddable":true,"href":"https:\/\/amurriobidean.org\/es\/wp-json\/wp\/v2\/comments?post=7566"}],"version-history":[{"count":0,"href":"https:\/\/amurriobidean.org\/es\/wp-json\/wp\/v2\/posts\/7566\/revisions"}],"wp:featuredmedia":[{"embeddable":true,"href":"https:\/\/amurriobidean.org\/es\/wp-json\/wp\/v2\/media\/7574"}],"wp:attachment":[{"href":"https:\/\/amurriobidean.org\/es\/wp-json\/wp\/v2\/media?parent=7566"}],"wp:term":[{"taxonomy":"category","embeddable":true,"href":"https:\/\/amurriobidean.org\/es\/wp-json\/wp\/v2\/categories?post=7566"},{"taxonomy":"post_tag","embeddable":true,"href":"https:\/\/amurriobidean.org\/es\/wp-json\/wp\/v2\/tags?post=7566"}],"curies":[{"name":"wp","href":"https:\/\/api.w.org\/{rel}","templated":true}]}}