{"id":7441,"date":"2024-09-13T09:08:38","date_gmt":"2024-09-13T07:08:38","guid":{"rendered":"https:\/\/amurriobidean.org\/?p=7441"},"modified":"2024-09-13T09:10:59","modified_gmt":"2024-09-13T07:10:59","slug":"amurrio-bidean-abre-el-plazo-de-inscripcion-para-la-octava-edicion-del-programa-hazilan","status":"publish","type":"post","link":"https:\/\/amurriobidean.org\/es\/amurrio-bidean-abre-el-plazo-de-inscripcion-para-la-octava-edicion-del-programa-hazilan\/","title":{"rendered":"Amurrio Bidean abre el plazo de inscripci\u00f3n para la octava edici\u00f3n del programa Hazilan"},"content":{"rendered":"<p><strong>La jornada de presentaci\u00f3n ser\u00e1 el 23 de septiembre.  <\/strong><br \/>\nHazilan+ es un programa de formaci\u00f3n para personas cualificadas que buscan un empleo de calidad.  El programa consiste en formaci\u00f3n y coaching para la mejora de habilidades socio profesionales que ayudan a la persona participante a mejorar su proceso de b\u00fasqueda de empleo, as\u00ed como en pr\u00e1cticas en empresas becadas a trav\u00e9s del Plan de empleo del Ayuntamiento de Amurrio.<br \/>\nLas condiciones para participar en este programa son tener ciclo formativo de grado medio o superior, o estudios universitarios, y estar en b\u00fasqueda activa de empleo.  Pueden participar personas de la Cuadrilla de Ayala, s\u00f3lo las personas empadronadas en Amurrio tienen acceso a la beca.  <\/p>\n<p>La formaci\u00f3n comenzar\u00e1 el 24 de septiembre con una jornada de presentaci\u00f3n de 10.30 a 12.30 horas en el Edificio El Refor, en las instalaciones de Amurrio Bidean y la formaci\u00f3n dar\u00e1 comienzo el 4 de octubre.  A m\u00e1s tardar en enero comenzar\u00e1n las pr\u00e1cticas. <\/p>\n<p>Esta actuaci\u00f3n se desarrolla en el marco POPV 2021-2027 HAZILAN +, cofinanciado en un 40% por FSE.<br \/>\nPara m\u00e1s informaci\u00f3n consultar por  WhatsApp o tel\u00e9fono en el  945891721 o env\u00eda correo al <a href=\"mailto:empresa@amuriobidean.org\" rel=\"noopener\" target=\"_blank\">empresa@amuriobidean.org<\/a>.  Y para inscribirte hacerlo a trav\u00e9s del portal de personas de Amurrio Bidean: <a href=\"https:\/\/labur.eus\/nhll1\" rel=\"noopener\" target=\"_blank\">https:\/\/labur.eus\/nhll1<\/a> registr\u00e1ndose e inscribi\u00e9ndose en el mismo.<\/p>\n","protected":false},"excerpt":{"rendered":"<p>La jornada de presentaci\u00f3n ser\u00e1 el 23 de septiembre. Hazilan+ es un programa de formaci\u00f3n para personas cualificadas que buscan un empleo de calidad. El programa consiste en formaci\u00f3n y coaching para la mejora de habilidades socio profesionales que ayudan a la persona participante a mejorar su proceso de b\u00fasqueda de empleo, as\u00ed como en [&hellip;]<\/p>\n","protected":false},"author":5,"featured_media":7437,"comment_status":"closed","ping_status":"closed","sticky":false,"template":"","format":"standard","meta":{"footnotes":""},"categories":[28],"tags":[],"class_list":["post-7441","post","type-post","status-publish","format-standard","has-post-thumbnail","hentry","category-noticias"],"yoast_head":"<!-- This site is optimized with the Yoast SEO plugin v25.3 - https:\/\/yoast.com\/wordpress\/plugins\/seo\/ -->\n<title>Amurrio Bidean abre el plazo de inscripci\u00f3n para la octava edici\u00f3n del programa Hazilan - Amurrio Bidean. Garapen Agentzia - Agencia de desarrollo.<\/title>\n<meta name=\"description\" content=\"La jornada de presentaci\u00f3n ser\u00e1 el 23 de septiembre.\" \/>\n<meta name=\"robots\" content=\"index, follow, max-snippet:-1, max-image-preview:large, max-video-preview:-1\" \/>\n<link rel=\"canonical\" href=\"https:\/\/amurriobidean.org\/es\/amurrio-bidean-abre-el-plazo-de-inscripcion-para-la-octava-edicion-del-programa-hazilan\/\" \/>\n<meta property=\"og:locale\" content=\"es_ES\" \/>\n<meta property=\"og:type\" content=\"article\" \/>\n<meta property=\"og:title\" content=\"Amurrio Bidean abre el plazo de inscripci\u00f3n para la octava edici\u00f3n del programa Hazilan - Amurrio Bidean. Garapen Agentzia - Agencia de desarrollo.\" \/>\n<meta property=\"og:description\" content=\"La jornada de presentaci\u00f3n ser\u00e1 el 23 de septiembre.\" \/>\n<meta property=\"og:url\" content=\"https:\/\/amurriobidean.org\/es\/amurrio-bidean-abre-el-plazo-de-inscripcion-para-la-octava-edicion-del-programa-hazilan\/\" \/>\n<meta property=\"og:site_name\" content=\"Amurrio Bidean. Garapen Agentzia - Agencia de desarrollo.\" \/>\n<meta property=\"article:publisher\" content=\"https:\/\/www.facebook.com\/amurrio.bidean\" \/>\n<meta property=\"article:published_time\" content=\"2024-09-13T07:08:38+00:00\" \/>\n<meta property=\"article:modified_time\" content=\"2024-09-13T07:10:59+00:00\" \/>\n<meta property=\"og:image\" content=\"https:\/\/amurriobidean.org\/wp-content\/uploads\/2024\/09\/redes-_Vuelta-y-presentacion-2309.png\" \/>\n\t<meta property=\"og:image:width\" content=\"1811\" \/>\n\t<meta property=\"og:image:height\" content=\"2000\" \/>\n\t<meta property=\"og:image:type\" content=\"image\/png\" \/>\n<meta name=\"author\" content=\"Oihane GilSanz\" \/>\n<meta name=\"twitter:card\" content=\"summary_large_image\" \/>\n<meta name=\"twitter:creator\" content=\"@amurriobidean\" \/>\n<meta name=\"twitter:site\" content=\"@amurriobidean\" \/>\n<meta name=\"twitter:label1\" content=\"Escrito por\" \/>\n\t<meta name=\"twitter:data1\" content=\"Oihane GilSanz\" \/>\n\t<meta name=\"twitter:label2\" content=\"Tiempo de lectura\" \/>\n\t<meta name=\"twitter:data2\" content=\"2 minutos\" \/>\n<script type=\"application\/ld+json\" class=\"yoast-schema-graph\">{\"@context\":\"https:\/\/schema.org\",\"@graph\":[{\"@type\":\"WebPage\",\"@id\":\"https:\/\/amurriobidean.org\/es\/amurrio-bidean-abre-el-plazo-de-inscripcion-para-la-octava-edicion-del-programa-hazilan\/\",\"url\":\"https:\/\/amurriobidean.org\/es\/amurrio-bidean-abre-el-plazo-de-inscripcion-para-la-octava-edicion-del-programa-hazilan\/\",\"name\":\"Amurrio Bidean abre el plazo de inscripci\u00f3n para la octava edici\u00f3n del programa Hazilan - Amurrio Bidean. Garapen Agentzia - Agencia de desarrollo.\",\"isPartOf\":{\"@id\":\"https:\/\/amurriobidean.org\/es\/#website\"},\"primaryImageOfPage\":{\"@id\":\"https:\/\/amurriobidean.org\/es\/amurrio-bidean-abre-el-plazo-de-inscripcion-para-la-octava-edicion-del-programa-hazilan\/#primaryimage\"},\"image\":{\"@id\":\"https:\/\/amurriobidean.org\/es\/amurrio-bidean-abre-el-plazo-de-inscripcion-para-la-octava-edicion-del-programa-hazilan\/#primaryimage\"},\"thumbnailUrl\":\"https:\/\/amurriobidean.org\/wp-content\/uploads\/2024\/09\/redes-_Vuelta-y-presentacion-2309.png\",\"datePublished\":\"2024-09-13T07:08:38+00:00\",\"dateModified\":\"2024-09-13T07:10:59+00:00\",\"author\":{\"@id\":\"https:\/\/amurriobidean.org\/es\/#\/schema\/person\/7457391104215a2811afeb1f9ed980b0\"},\"description\":\"La jornada de presentaci\u00f3n ser\u00e1 el 23 de septiembre.\",\"breadcrumb\":{\"@id\":\"https:\/\/amurriobidean.org\/es\/amurrio-bidean-abre-el-plazo-de-inscripcion-para-la-octava-edicion-del-programa-hazilan\/#breadcrumb\"},\"inLanguage\":\"es\",\"potentialAction\":[{\"@type\":\"ReadAction\",\"target\":[\"https:\/\/amurriobidean.org\/es\/amurrio-bidean-abre-el-plazo-de-inscripcion-para-la-octava-edicion-del-programa-hazilan\/\"]}]},{\"@type\":\"ImageObject\",\"inLanguage\":\"es\",\"@id\":\"https:\/\/amurriobidean.org\/es\/amurrio-bidean-abre-el-plazo-de-inscripcion-para-la-octava-edicion-del-programa-hazilan\/#primaryimage\",\"url\":\"https:\/\/amurriobidean.org\/wp-content\/uploads\/2024\/09\/redes-_Vuelta-y-presentacion-2309.png\",\"contentUrl\":\"https:\/\/amurriobidean.org\/wp-content\/uploads\/2024\/09\/redes-_Vuelta-y-presentacion-2309.png\",\"width\":1811,\"height\":2000},{\"@type\":\"BreadcrumbList\",\"@id\":\"https:\/\/amurriobidean.org\/es\/amurrio-bidean-abre-el-plazo-de-inscripcion-para-la-octava-edicion-del-programa-hazilan\/#breadcrumb\",\"itemListElement\":[{\"@type\":\"ListItem\",\"position\":1,\"name\":\"Portada\",\"item\":\"https:\/\/amurriobidean.org\/es\/\"},{\"@type\":\"ListItem\",\"position\":2,\"name\":\"Amurrio Bidean abre el plazo de inscripci\u00f3n para la octava edici\u00f3n del programa Hazilan\"}]},{\"@type\":\"WebSite\",\"@id\":\"https:\/\/amurriobidean.org\/es\/#website\",\"url\":\"https:\/\/amurriobidean.org\/es\/\",\"name\":\"Amurrio Bidean. Garapen Agentzia - Agencia de desarrollo.\",\"description\":\"Agencia de Desarollo Local de Amurrio\",\"potentialAction\":[{\"@type\":\"SearchAction\",\"target\":{\"@type\":\"EntryPoint\",\"urlTemplate\":\"https:\/\/amurriobidean.org\/es\/?s={search_term_string}\"},\"query-input\":{\"@type\":\"PropertyValueSpecification\",\"valueRequired\":true,\"valueName\":\"search_term_string\"}}],\"inLanguage\":\"es\"},{\"@type\":\"Person\",\"@id\":\"https:\/\/amurriobidean.org\/es\/#\/schema\/person\/7457391104215a2811afeb1f9ed980b0\",\"name\":\"Oihane GilSanz\",\"image\":{\"@type\":\"ImageObject\",\"inLanguage\":\"es\",\"@id\":\"https:\/\/amurriobidean.org\/es\/#\/schema\/person\/image\/\",\"url\":\"https:\/\/secure.gravatar.com\/avatar\/1df40c200bdd5927aedf4bd5cac24befa9a952559bc6430083077db9286c3c63\",\"contentUrl\":\"https:\/\/secure.gravatar.com\/avatar\/1df40c200bdd5927aedf4bd5cac24befa9a952559bc6430083077db9286c3c63\",\"caption\":\"Oihane GilSanz\"},\"url\":\"https:\/\/amurriobidean.org\/es\/author\/oihane\/\"}]}<\/script>\n<!-- \/ Yoast SEO plugin. -->","yoast_head_json":{"title":"Amurrio Bidean abre el plazo de inscripci\u00f3n para la octava edici\u00f3n del programa Hazilan - Amurrio Bidean. Garapen Agentzia - Agencia de desarrollo.","description":"La jornada de presentaci\u00f3n ser\u00e1 el 23 de septiembre.","robots":{"index":"index","follow":"follow","max-snippet":"max-snippet:-1","max-image-preview":"max-image-preview:large","max-video-preview":"max-video-preview:-1"},"canonical":"https:\/\/amurriobidean.org\/es\/amurrio-bidean-abre-el-plazo-de-inscripcion-para-la-octava-edicion-del-programa-hazilan\/","og_locale":"es_ES","og_type":"article","og_title":"Amurrio Bidean abre el plazo de inscripci\u00f3n para la octava edici\u00f3n del programa Hazilan - Amurrio Bidean. Garapen Agentzia - Agencia de desarrollo.","og_description":"La jornada de presentaci\u00f3n ser\u00e1 el 23 de septiembre.","og_url":"https:\/\/amurriobidean.org\/es\/amurrio-bidean-abre-el-plazo-de-inscripcion-para-la-octava-edicion-del-programa-hazilan\/","og_site_name":"Amurrio Bidean. Garapen Agentzia - Agencia de desarrollo.","article_publisher":"https:\/\/www.facebook.com\/amurrio.bidean","article_published_time":"2024-09-13T07:08:38+00:00","article_modified_time":"2024-09-13T07:10:59+00:00","og_image":[{"width":1811,"height":2000,"url":"https:\/\/amurriobidean.org\/wp-content\/uploads\/2024\/09\/redes-_Vuelta-y-presentacion-2309.png","type":"image\/png"}],"author":"Oihane GilSanz","twitter_card":"summary_large_image","twitter_creator":"@amurriobidean","twitter_site":"@amurriobidean","twitter_misc":{"Escrito por":"Oihane GilSanz","Tiempo de lectura":"2 minutos"},"schema":{"@context":"https:\/\/schema.org","@graph":[{"@type":"WebPage","@id":"https:\/\/amurriobidean.org\/es\/amurrio-bidean-abre-el-plazo-de-inscripcion-para-la-octava-edicion-del-programa-hazilan\/","url":"https:\/\/amurriobidean.org\/es\/amurrio-bidean-abre-el-plazo-de-inscripcion-para-la-octava-edicion-del-programa-hazilan\/","name":"Amurrio Bidean abre el plazo de inscripci\u00f3n para la octava edici\u00f3n del programa Hazilan - Amurrio Bidean. Garapen Agentzia - Agencia de desarrollo.","isPartOf":{"@id":"https:\/\/amurriobidean.org\/es\/#website"},"primaryImageOfPage":{"@id":"https:\/\/amurriobidean.org\/es\/amurrio-bidean-abre-el-plazo-de-inscripcion-para-la-octava-edicion-del-programa-hazilan\/#primaryimage"},"image":{"@id":"https:\/\/amurriobidean.org\/es\/amurrio-bidean-abre-el-plazo-de-inscripcion-para-la-octava-edicion-del-programa-hazilan\/#primaryimage"},"thumbnailUrl":"https:\/\/amurriobidean.org\/wp-content\/uploads\/2024\/09\/redes-_Vuelta-y-presentacion-2309.png","datePublished":"2024-09-13T07:08:38+00:00","dateModified":"2024-09-13T07:10:59+00:00","author":{"@id":"https:\/\/amurriobidean.org\/es\/#\/schema\/person\/7457391104215a2811afeb1f9ed980b0"},"description":"La jornada de presentaci\u00f3n ser\u00e1 el 23 de septiembre.","breadcrumb":{"@id":"https:\/\/amurriobidean.org\/es\/amurrio-bidean-abre-el-plazo-de-inscripcion-para-la-octava-edicion-del-programa-hazilan\/#breadcrumb"},"inLanguage":"es","potentialAction":[{"@type":"ReadAction","target":["https:\/\/amurriobidean.org\/es\/amurrio-bidean-abre-el-plazo-de-inscripcion-para-la-octava-edicion-del-programa-hazilan\/"]}]},{"@type":"ImageObject","inLanguage":"es","@id":"https:\/\/amurriobidean.org\/es\/amurrio-bidean-abre-el-plazo-de-inscripcion-para-la-octava-edicion-del-programa-hazilan\/#primaryimage","url":"https:\/\/amurriobidean.org\/wp-content\/uploads\/2024\/09\/redes-_Vuelta-y-presentacion-2309.png","contentUrl":"https:\/\/amurriobidean.org\/wp-content\/uploads\/2024\/09\/redes-_Vuelta-y-presentacion-2309.png","width":1811,"height":2000},{"@type":"BreadcrumbList","@id":"https:\/\/amurriobidean.org\/es\/amurrio-bidean-abre-el-plazo-de-inscripcion-para-la-octava-edicion-del-programa-hazilan\/#breadcrumb","itemListElement":[{"@type":"ListItem","position":1,"name":"Portada","item":"https:\/\/amurriobidean.org\/es\/"},{"@type":"ListItem","position":2,"name":"Amurrio Bidean abre el plazo de inscripci\u00f3n para la octava edici\u00f3n del programa Hazilan"}]},{"@type":"WebSite","@id":"https:\/\/amurriobidean.org\/es\/#website","url":"https:\/\/amurriobidean.org\/es\/","name":"Amurrio Bidean. Garapen Agentzia - Agencia de desarrollo.","description":"Agencia de Desarollo Local de Amurrio","potentialAction":[{"@type":"SearchAction","target":{"@type":"EntryPoint","urlTemplate":"https:\/\/amurriobidean.org\/es\/?s={search_term_string}"},"query-input":{"@type":"PropertyValueSpecification","valueRequired":true,"valueName":"search_term_string"}}],"inLanguage":"es"},{"@type":"Person","@id":"https:\/\/amurriobidean.org\/es\/#\/schema\/person\/7457391104215a2811afeb1f9ed980b0","name":"Oihane GilSanz","image":{"@type":"ImageObject","inLanguage":"es","@id":"https:\/\/amurriobidean.org\/es\/#\/schema\/person\/image\/","url":"https:\/\/secure.gravatar.com\/avatar\/1df40c200bdd5927aedf4bd5cac24befa9a952559bc6430083077db9286c3c63","contentUrl":"https:\/\/secure.gravatar.com\/avatar\/1df40c200bdd5927aedf4bd5cac24befa9a952559bc6430083077db9286c3c63","caption":"Oihane GilSanz"},"url":"https:\/\/amurriobidean.org\/es\/author\/oihane\/"}]}},"_links":{"self":[{"href":"https:\/\/amurriobidean.org\/es\/wp-json\/wp\/v2\/posts\/7441","targetHints":{"allow":["GET"]}}],"collection":[{"href":"https:\/\/amurriobidean.org\/es\/wp-json\/wp\/v2\/posts"}],"about":[{"href":"https:\/\/amurriobidean.org\/es\/wp-json\/wp\/v2\/types\/post"}],"author":[{"embeddable":true,"href":"https:\/\/amurriobidean.org\/es\/wp-json\/wp\/v2\/users\/5"}],"replies":[{"embeddable":true,"href":"https:\/\/amurriobidean.org\/es\/wp-json\/wp\/v2\/comments?post=7441"}],"version-history":[{"count":0,"href":"https:\/\/amurriobidean.org\/es\/wp-json\/wp\/v2\/posts\/7441\/revisions"}],"wp:featuredmedia":[{"embeddable":true,"href":"https:\/\/amurriobidean.org\/es\/wp-json\/wp\/v2\/media\/7437"}],"wp:attachment":[{"href":"https:\/\/amurriobidean.org\/es\/wp-json\/wp\/v2\/media?parent=7441"}],"wp:term":[{"taxonomy":"category","embeddable":true,"href":"https:\/\/amurriobidean.org\/es\/wp-json\/wp\/v2\/categories?post=7441"},{"taxonomy":"post_tag","embeddable":true,"href":"https:\/\/amurriobidean.org\/es\/wp-json\/wp\/v2\/tags?post=7441"}],"curies":[{"name":"wp","href":"https:\/\/api.w.org\/{rel}","templated":true}]}}