{"id":7370,"date":"2024-07-15T12:27:16","date_gmt":"2024-07-15T10:27:16","guid":{"rendered":"https:\/\/amurriobidean.org\/?p=7370"},"modified":"2024-07-31T13:34:19","modified_gmt":"2024-07-31T11:34:19","slug":"amurrio-bidean-impartira-4-nuevas-formaciones-tras-el-verano","status":"publish","type":"post","link":"https:\/\/amurriobidean.org\/es\/amurrio-bidean-impartira-4-nuevas-formaciones-tras-el-verano\/","title":{"rendered":"Amurrio Bidean impartir\u00e1 4 nuevas formaciones tras el verano"},"content":{"rendered":"<p><em>Teniendo en cuenta las otras 6 formaciones que se desarrollar\u00e1n en Llodio y Respaldiza, la DFA ha subvencionado 10 acciones a trav\u00e9s de la Cuadrilla de Ayala.<\/em><\/p>\n<p>Amurrio Bidean ha dise\u00f1ado una serie de talleres y acciones formativas, dirigidas tanto a personas en activo que quieran mejorar sus competencias o adquirir nuevos conocimientos, como para personas desempleadas con el objetivo de facilitarles su incorporaci\u00f3n o reincorporaci\u00f3n al mercado laboral.<\/p>\n<p>Dos de las formaciones est\u00e1n orientadas a formar a personas desempleadas con ninguna o escasa experiencia para trabajar en hosteler\u00eda y construcci\u00f3n.\u00a0 Se desarrollar\u00e1 la formaci\u00f3n Cocina de Pinchos de 60 horas y Construcci\u00f3n especializada en la industria refractarias de 50 horas.\u00a0 La raz\u00f3n de ofertar estas dos tem\u00e1ticas es que tanto la hosteler\u00eda como el sector de la industria refractaria para mantenimiento necesitan profesionales y hay constancia de que empresas de Amurrio podr\u00edan estar interesadas en la contrataci\u00f3n de las personas que realicen la formaci\u00f3n.<\/p>\n<p>Un tercero est\u00e1 destinado a las personas trabajadoras o que desean trabajar en producci\u00f3n del sector metal, para que puedan realizar la formaci\u00f3n de prevenci\u00f3n de riesgos laborales por arranque de viruta que exige la normativa del sector.<\/p>\n<p>Y el cuarto ser\u00e1 Aktibatu, la formaci\u00f3n para personas en desempleo que se encuentren en b\u00fasqueda activa de empleo. Dado que con la nueva edici\u00f3n del \u00a0programa Hazilan + podr\u00e1n optar a 6 meses de pr\u00e1cticas becadas hasta 830\u20ac\/mes en empresas.<\/p>\n<p>Las acciones est\u00e1n subvencionadas por la Diputaci\u00f3n Foral de \u00c1lava a trav\u00e9s de la Cuadrilla de Ayala de impartici\u00f3n en Amurrio.<\/p>\n<table width=\"538\">\n<tbody>\n<tr>\n<td width=\"226\"><strong>CURSO<\/strong><\/p>\n<p><strong>\u00a0<\/strong><\/td>\n<td width=\"170\"><strong>FECHA PREVISTA<\/strong><\/td>\n<td width=\"142\"><strong>HORARIO<\/strong><\/td>\n<\/tr>\n<tr>\n<td width=\"226\">Aktibatu (30h)<\/td>\n<td width=\"170\">De lunes a viernes<\/p>\n<p>4\/10 al 11\/10<\/td>\n<td width=\"142\">9.00 a 14.00 h<\/td>\n<\/tr>\n<tr>\n<td width=\"226\">Construcci\u00f3n en el sector refractarios (50h)<\/td>\n<td width=\"170\">De lunes a viernes<\/p>\n<p>14\/10 al 25\/10<\/td>\n<td width=\"142\">9.00 a 14.00 h<\/td>\n<\/tr>\n<tr>\n<td width=\"226\">PRL en el sector metal. Arranque de viruta. \u00a0(20h)<\/td>\n<td width=\"170\">De lunes a viernes<\/p>\n<p>7\/10 al 11\/10<\/td>\n<td width=\"142\">9.00 a 13.00 h<\/td>\n<\/tr>\n<tr>\n<td width=\"226\">Cocina de pinchos (60h)<\/td>\n<td width=\"170\">De lunes a viernes<\/p>\n<p>21\/10 al 18\/11<\/td>\n<td width=\"142\">9.30 a 12.30 h h<\/td>\n<\/tr>\n<\/tbody>\n<\/table>\n<p>&nbsp;<\/p>\n<p>Las acciones est\u00e1n subvencionadas por la Diputaci\u00f3n Foral de \u00c1lava a trav\u00e9s de la Cuadrilla de Ayala de impartici\u00f3n en resto de municipio.<\/p>\n<table width=\"623\">\n<tbody>\n<tr>\n<td width=\"179\"><strong>CURSO<\/strong><\/p>\n<p><strong>\u00a0<\/strong><\/td>\n<td width=\"170\"><strong>FECHA PREVISTA<\/strong><\/td>\n<td width=\"132\"><strong>HORARIO<\/strong><\/td>\n<td width=\"142\"><strong>MUNICIPIO<\/strong><\/td>\n<\/tr>\n<tr>\n<td width=\"179\">Log\u00edstica (50h)<\/td>\n<td width=\"170\">De lunes a viernes<\/p>\n<p>23\/09 al 4\/10<\/td>\n<td width=\"132\">9.00 a 14.00 h<\/td>\n<td width=\"142\">Llodio<\/td>\n<\/tr>\n<tr>\n<td width=\"179\">Excel b\u00e1sico (16h)<\/td>\n<td width=\"170\">De lunes a jueves<\/p>\n<p>7\/10 al 10\/10<\/td>\n<td width=\"132\">9.30 a 13.30 h<\/td>\n<td width=\"142\">Llodio<\/td>\n<\/tr>\n<tr>\n<td width=\"179\">Excel.\u00a0 Tablas din\u00e1micas (12h)<\/td>\n<td width=\"170\">De martes a jueves<\/p>\n<p>22\/10 al 24\/10<\/td>\n<td width=\"132\">9.30 a 13.30 h<\/td>\n<td width=\"142\">Llodio<\/td>\n<\/tr>\n<tr>\n<td width=\"179\">Generaci\u00f3n de contenidos con IA (12h)<\/td>\n<td width=\"170\">De martes a jueves<\/p>\n<p>5\/11 al 7\/11<\/td>\n<td width=\"132\">9.30 a 13.30 h<\/td>\n<td width=\"142\">Llodio<\/td>\n<\/tr>\n<tr>\n<td width=\"179\">Iniciaci\u00f3n a la agricultura bio generativa<\/td>\n<td width=\"170\">De lunes a mi\u00e9rcoles<\/p>\n<p>14\/10-22\/10<\/td>\n<td width=\"132\">9.30-13.30 h<\/td>\n<td width=\"142\">Respaldiza<\/td>\n<\/tr>\n<tr>\n<td width=\"179\">Crea contenido efectivo en tus redes<\/td>\n<td width=\"170\">Lunes, mi\u00e9rcoles y viernes<\/p>\n<p>23\/09-30\/09<\/td>\n<td width=\"132\">13.30-16.30 h<\/td>\n<td width=\"142\">Respaldiza<\/td>\n<\/tr>\n<\/tbody>\n<\/table>\n<p>Desc\u00e1rgate aqu\u00ed el <a href=\"https:\/\/amurriobidean.org\/wp-content\/uploads\/2024\/07\/OFERTA-FORMATIVA-CUADRILLA-1.pdf\" target=\"_blank\" rel=\"noopener\">programa<\/a>.<\/p>\n<p>Las plazas son limitadas y ya est\u00e1 abierto el plazo de inscripci\u00f3n. \u00a0Las personas interesadas en participar o que quieran ampliar informaci\u00f3n pueden ponerse en contacto con Amurrio Bidean, en el tel\u00e9fono 945891721 o en el correo electr\u00f3nico <a href=\"mailto:formacion@amurriobidean.org\">formacion@amurriobidean.org<\/a>.<\/p>\n<p>Es posible hacer la preinscripci\u00f3n en el siguiente enlace. <a href=\"https:\/\/forms.office.com\/e\/pYAygP1gzv\" target=\"_blank\" rel=\"noopener\">https:\/\/forms.office.com\/e\/pYAygP1gzv<\/a><\/p>\n<p>Se aprovecha tambi\u00e9n para comunicar que del 1 al 28 de agosto las instalaciones de Amurrio Bidean permanecer\u00e1n cerradas por vacaciones.<\/p>\n<p>&nbsp;<\/p>\n","protected":false},"excerpt":{"rendered":"<p>Teniendo en cuenta las otras 6 formaciones que se desarrollar\u00e1n en Llodio y Respaldiza, la DFA ha subvencionado 10 acciones a trav\u00e9s de la Cuadrilla de Ayala. Amurrio Bidean ha dise\u00f1ado una serie de talleres y acciones formativas, dirigidas tanto a personas en activo que quieran mejorar sus competencias o adquirir nuevos conocimientos, como para [&hellip;]<\/p>\n","protected":false},"author":5,"featured_media":7367,"comment_status":"closed","ping_status":"closed","sticky":false,"template":"","format":"standard","meta":{"footnotes":""},"categories":[28],"tags":[61,77,29,89,37],"class_list":["post-7370","post","type-post","status-publish","format-standard","has-post-thumbnail","hentry","category-noticias","tag-amurriobidean","tag-reforamurrio-es","tag-cursos","tag-dfa","tag-formacion-es"],"yoast_head":"<!-- This site is optimized with the Yoast SEO plugin v25.3 - https:\/\/yoast.com\/wordpress\/plugins\/seo\/ -->\n<title>Amurrio Bidean impartir\u00e1 4 nuevas formaciones tras el verano - Amurrio Bidean. Garapen Agentzia - Agencia de desarrollo.<\/title>\n<meta name=\"robots\" content=\"index, follow, max-snippet:-1, max-image-preview:large, max-video-preview:-1\" \/>\n<link rel=\"canonical\" href=\"https:\/\/amurriobidean.org\/es\/amurrio-bidean-impartira-4-nuevas-formaciones-tras-el-verano\/\" \/>\n<meta property=\"og:locale\" content=\"es_ES\" \/>\n<meta property=\"og:type\" content=\"article\" \/>\n<meta property=\"og:title\" content=\"Amurrio Bidean impartir\u00e1 4 nuevas formaciones tras el verano - Amurrio Bidean. Garapen Agentzia - Agencia de desarrollo.\" \/>\n<meta property=\"og:description\" content=\"Teniendo en cuenta las otras 6 formaciones que se desarrollar\u00e1n en Llodio y Respaldiza, la DFA ha subvencionado 10 acciones a trav\u00e9s de la Cuadrilla de Ayala. Amurrio Bidean ha dise\u00f1ado una serie de talleres y acciones formativas, dirigidas tanto a personas en activo que quieran mejorar sus competencias o adquirir nuevos conocimientos, como para [&hellip;]\" \/>\n<meta property=\"og:url\" content=\"https:\/\/amurriobidean.org\/es\/amurrio-bidean-impartira-4-nuevas-formaciones-tras-el-verano\/\" \/>\n<meta property=\"og:site_name\" content=\"Amurrio Bidean. Garapen Agentzia - Agencia de desarrollo.\" \/>\n<meta property=\"article:publisher\" content=\"https:\/\/www.facebook.com\/amurrio.bidean\" \/>\n<meta property=\"article:published_time\" content=\"2024-07-15T10:27:16+00:00\" \/>\n<meta property=\"article:modified_time\" content=\"2024-07-31T11:34:19+00:00\" \/>\n<meta property=\"og:image\" content=\"https:\/\/amurriobidean.org\/wp-content\/uploads\/2024\/07\/IMAGEN_CAST-1-e1721039143873.png\" \/>\n\t<meta property=\"og:image:width\" content=\"1080\" \/>\n\t<meta property=\"og:image:height\" content=\"1080\" \/>\n\t<meta property=\"og:image:type\" content=\"image\/png\" \/>\n<meta name=\"author\" content=\"Oihane GilSanz\" \/>\n<meta name=\"twitter:card\" content=\"summary_large_image\" \/>\n<meta name=\"twitter:creator\" content=\"@amurriobidean\" \/>\n<meta name=\"twitter:site\" content=\"@amurriobidean\" \/>\n<meta name=\"twitter:label1\" content=\"Escrito por\" \/>\n\t<meta name=\"twitter:data1\" content=\"Oihane GilSanz\" \/>\n\t<meta name=\"twitter:label2\" content=\"Tiempo de lectura\" \/>\n\t<meta name=\"twitter:data2\" content=\"3 minutos\" \/>\n<script type=\"application\/ld+json\" class=\"yoast-schema-graph\">{\"@context\":\"https:\/\/schema.org\",\"@graph\":[{\"@type\":\"WebPage\",\"@id\":\"https:\/\/amurriobidean.org\/es\/amurrio-bidean-impartira-4-nuevas-formaciones-tras-el-verano\/\",\"url\":\"https:\/\/amurriobidean.org\/es\/amurrio-bidean-impartira-4-nuevas-formaciones-tras-el-verano\/\",\"name\":\"Amurrio Bidean impartir\u00e1 4 nuevas formaciones tras el verano - Amurrio Bidean. Garapen Agentzia - Agencia de desarrollo.\",\"isPartOf\":{\"@id\":\"https:\/\/amurriobidean.org\/es\/#website\"},\"primaryImageOfPage\":{\"@id\":\"https:\/\/amurriobidean.org\/es\/amurrio-bidean-impartira-4-nuevas-formaciones-tras-el-verano\/#primaryimage\"},\"image\":{\"@id\":\"https:\/\/amurriobidean.org\/es\/amurrio-bidean-impartira-4-nuevas-formaciones-tras-el-verano\/#primaryimage\"},\"thumbnailUrl\":\"https:\/\/amurriobidean.org\/wp-content\/uploads\/2024\/07\/IMAGEN_CAST-1-e1721039143873.png\",\"datePublished\":\"2024-07-15T10:27:16+00:00\",\"dateModified\":\"2024-07-31T11:34:19+00:00\",\"author\":{\"@id\":\"https:\/\/amurriobidean.org\/es\/#\/schema\/person\/7457391104215a2811afeb1f9ed980b0\"},\"breadcrumb\":{\"@id\":\"https:\/\/amurriobidean.org\/es\/amurrio-bidean-impartira-4-nuevas-formaciones-tras-el-verano\/#breadcrumb\"},\"inLanguage\":\"es\",\"potentialAction\":[{\"@type\":\"ReadAction\",\"target\":[\"https:\/\/amurriobidean.org\/es\/amurrio-bidean-impartira-4-nuevas-formaciones-tras-el-verano\/\"]}]},{\"@type\":\"ImageObject\",\"inLanguage\":\"es\",\"@id\":\"https:\/\/amurriobidean.org\/es\/amurrio-bidean-impartira-4-nuevas-formaciones-tras-el-verano\/#primaryimage\",\"url\":\"https:\/\/amurriobidean.org\/wp-content\/uploads\/2024\/07\/IMAGEN_CAST-1-e1721039143873.png\",\"contentUrl\":\"https:\/\/amurriobidean.org\/wp-content\/uploads\/2024\/07\/IMAGEN_CAST-1-e1721039143873.png\",\"width\":1080,\"height\":1080,\"caption\":\"Formacion_DFA\"},{\"@type\":\"BreadcrumbList\",\"@id\":\"https:\/\/amurriobidean.org\/es\/amurrio-bidean-impartira-4-nuevas-formaciones-tras-el-verano\/#breadcrumb\",\"itemListElement\":[{\"@type\":\"ListItem\",\"position\":1,\"name\":\"Portada\",\"item\":\"https:\/\/amurriobidean.org\/es\/\"},{\"@type\":\"ListItem\",\"position\":2,\"name\":\"Amurrio Bidean impartir\u00e1 4 nuevas formaciones tras el verano\"}]},{\"@type\":\"WebSite\",\"@id\":\"https:\/\/amurriobidean.org\/es\/#website\",\"url\":\"https:\/\/amurriobidean.org\/es\/\",\"name\":\"Amurrio Bidean. Garapen Agentzia - Agencia de desarrollo.\",\"description\":\"Agencia de Desarollo Local de Amurrio\",\"potentialAction\":[{\"@type\":\"SearchAction\",\"target\":{\"@type\":\"EntryPoint\",\"urlTemplate\":\"https:\/\/amurriobidean.org\/es\/?s={search_term_string}\"},\"query-input\":{\"@type\":\"PropertyValueSpecification\",\"valueRequired\":true,\"valueName\":\"search_term_string\"}}],\"inLanguage\":\"es\"},{\"@type\":\"Person\",\"@id\":\"https:\/\/amurriobidean.org\/es\/#\/schema\/person\/7457391104215a2811afeb1f9ed980b0\",\"name\":\"Oihane GilSanz\",\"image\":{\"@type\":\"ImageObject\",\"inLanguage\":\"es\",\"@id\":\"https:\/\/amurriobidean.org\/es\/#\/schema\/person\/image\/\",\"url\":\"https:\/\/secure.gravatar.com\/avatar\/1df40c200bdd5927aedf4bd5cac24befa9a952559bc6430083077db9286c3c63\",\"contentUrl\":\"https:\/\/secure.gravatar.com\/avatar\/1df40c200bdd5927aedf4bd5cac24befa9a952559bc6430083077db9286c3c63\",\"caption\":\"Oihane GilSanz\"},\"url\":\"https:\/\/amurriobidean.org\/es\/author\/oihane\/\"}]}<\/script>\n<!-- \/ Yoast SEO plugin. -->","yoast_head_json":{"title":"Amurrio Bidean impartir\u00e1 4 nuevas formaciones tras el verano - Amurrio Bidean. Garapen Agentzia - Agencia de desarrollo.","robots":{"index":"index","follow":"follow","max-snippet":"max-snippet:-1","max-image-preview":"max-image-preview:large","max-video-preview":"max-video-preview:-1"},"canonical":"https:\/\/amurriobidean.org\/es\/amurrio-bidean-impartira-4-nuevas-formaciones-tras-el-verano\/","og_locale":"es_ES","og_type":"article","og_title":"Amurrio Bidean impartir\u00e1 4 nuevas formaciones tras el verano - Amurrio Bidean. Garapen Agentzia - Agencia de desarrollo.","og_description":"Teniendo en cuenta las otras 6 formaciones que se desarrollar\u00e1n en Llodio y Respaldiza, la DFA ha subvencionado 10 acciones a trav\u00e9s de la Cuadrilla de Ayala. Amurrio Bidean ha dise\u00f1ado una serie de talleres y acciones formativas, dirigidas tanto a personas en activo que quieran mejorar sus competencias o adquirir nuevos conocimientos, como para [&hellip;]","og_url":"https:\/\/amurriobidean.org\/es\/amurrio-bidean-impartira-4-nuevas-formaciones-tras-el-verano\/","og_site_name":"Amurrio Bidean. Garapen Agentzia - Agencia de desarrollo.","article_publisher":"https:\/\/www.facebook.com\/amurrio.bidean","article_published_time":"2024-07-15T10:27:16+00:00","article_modified_time":"2024-07-31T11:34:19+00:00","og_image":[{"width":1080,"height":1080,"url":"https:\/\/amurriobidean.org\/wp-content\/uploads\/2024\/07\/IMAGEN_CAST-1-e1721039143873.png","type":"image\/png"}],"author":"Oihane GilSanz","twitter_card":"summary_large_image","twitter_creator":"@amurriobidean","twitter_site":"@amurriobidean","twitter_misc":{"Escrito por":"Oihane GilSanz","Tiempo de lectura":"3 minutos"},"schema":{"@context":"https:\/\/schema.org","@graph":[{"@type":"WebPage","@id":"https:\/\/amurriobidean.org\/es\/amurrio-bidean-impartira-4-nuevas-formaciones-tras-el-verano\/","url":"https:\/\/amurriobidean.org\/es\/amurrio-bidean-impartira-4-nuevas-formaciones-tras-el-verano\/","name":"Amurrio Bidean impartir\u00e1 4 nuevas formaciones tras el verano - Amurrio Bidean. Garapen Agentzia - Agencia de desarrollo.","isPartOf":{"@id":"https:\/\/amurriobidean.org\/es\/#website"},"primaryImageOfPage":{"@id":"https:\/\/amurriobidean.org\/es\/amurrio-bidean-impartira-4-nuevas-formaciones-tras-el-verano\/#primaryimage"},"image":{"@id":"https:\/\/amurriobidean.org\/es\/amurrio-bidean-impartira-4-nuevas-formaciones-tras-el-verano\/#primaryimage"},"thumbnailUrl":"https:\/\/amurriobidean.org\/wp-content\/uploads\/2024\/07\/IMAGEN_CAST-1-e1721039143873.png","datePublished":"2024-07-15T10:27:16+00:00","dateModified":"2024-07-31T11:34:19+00:00","author":{"@id":"https:\/\/amurriobidean.org\/es\/#\/schema\/person\/7457391104215a2811afeb1f9ed980b0"},"breadcrumb":{"@id":"https:\/\/amurriobidean.org\/es\/amurrio-bidean-impartira-4-nuevas-formaciones-tras-el-verano\/#breadcrumb"},"inLanguage":"es","potentialAction":[{"@type":"ReadAction","target":["https:\/\/amurriobidean.org\/es\/amurrio-bidean-impartira-4-nuevas-formaciones-tras-el-verano\/"]}]},{"@type":"ImageObject","inLanguage":"es","@id":"https:\/\/amurriobidean.org\/es\/amurrio-bidean-impartira-4-nuevas-formaciones-tras-el-verano\/#primaryimage","url":"https:\/\/amurriobidean.org\/wp-content\/uploads\/2024\/07\/IMAGEN_CAST-1-e1721039143873.png","contentUrl":"https:\/\/amurriobidean.org\/wp-content\/uploads\/2024\/07\/IMAGEN_CAST-1-e1721039143873.png","width":1080,"height":1080,"caption":"Formacion_DFA"},{"@type":"BreadcrumbList","@id":"https:\/\/amurriobidean.org\/es\/amurrio-bidean-impartira-4-nuevas-formaciones-tras-el-verano\/#breadcrumb","itemListElement":[{"@type":"ListItem","position":1,"name":"Portada","item":"https:\/\/amurriobidean.org\/es\/"},{"@type":"ListItem","position":2,"name":"Amurrio Bidean impartir\u00e1 4 nuevas formaciones tras el verano"}]},{"@type":"WebSite","@id":"https:\/\/amurriobidean.org\/es\/#website","url":"https:\/\/amurriobidean.org\/es\/","name":"Amurrio Bidean. Garapen Agentzia - Agencia de desarrollo.","description":"Agencia de Desarollo Local de Amurrio","potentialAction":[{"@type":"SearchAction","target":{"@type":"EntryPoint","urlTemplate":"https:\/\/amurriobidean.org\/es\/?s={search_term_string}"},"query-input":{"@type":"PropertyValueSpecification","valueRequired":true,"valueName":"search_term_string"}}],"inLanguage":"es"},{"@type":"Person","@id":"https:\/\/amurriobidean.org\/es\/#\/schema\/person\/7457391104215a2811afeb1f9ed980b0","name":"Oihane GilSanz","image":{"@type":"ImageObject","inLanguage":"es","@id":"https:\/\/amurriobidean.org\/es\/#\/schema\/person\/image\/","url":"https:\/\/secure.gravatar.com\/avatar\/1df40c200bdd5927aedf4bd5cac24befa9a952559bc6430083077db9286c3c63","contentUrl":"https:\/\/secure.gravatar.com\/avatar\/1df40c200bdd5927aedf4bd5cac24befa9a952559bc6430083077db9286c3c63","caption":"Oihane GilSanz"},"url":"https:\/\/amurriobidean.org\/es\/author\/oihane\/"}]}},"_links":{"self":[{"href":"https:\/\/amurriobidean.org\/es\/wp-json\/wp\/v2\/posts\/7370","targetHints":{"allow":["GET"]}}],"collection":[{"href":"https:\/\/amurriobidean.org\/es\/wp-json\/wp\/v2\/posts"}],"about":[{"href":"https:\/\/amurriobidean.org\/es\/wp-json\/wp\/v2\/types\/post"}],"author":[{"embeddable":true,"href":"https:\/\/amurriobidean.org\/es\/wp-json\/wp\/v2\/users\/5"}],"replies":[{"embeddable":true,"href":"https:\/\/amurriobidean.org\/es\/wp-json\/wp\/v2\/comments?post=7370"}],"version-history":[{"count":0,"href":"https:\/\/amurriobidean.org\/es\/wp-json\/wp\/v2\/posts\/7370\/revisions"}],"wp:featuredmedia":[{"embeddable":true,"href":"https:\/\/amurriobidean.org\/es\/wp-json\/wp\/v2\/media\/7367"}],"wp:attachment":[{"href":"https:\/\/amurriobidean.org\/es\/wp-json\/wp\/v2\/media?parent=7370"}],"wp:term":[{"taxonomy":"category","embeddable":true,"href":"https:\/\/amurriobidean.org\/es\/wp-json\/wp\/v2\/categories?post=7370"},{"taxonomy":"post_tag","embeddable":true,"href":"https:\/\/amurriobidean.org\/es\/wp-json\/wp\/v2\/tags?post=7370"}],"curies":[{"name":"wp","href":"https:\/\/api.w.org\/{rel}","templated":true}]}}