{"id":7272,"date":"2024-05-21T12:39:12","date_gmt":"2024-05-21T10:39:12","guid":{"rendered":"https:\/\/amurriobidean.org\/?p=7272"},"modified":"2024-05-21T12:39:12","modified_gmt":"2024-05-21T10:39:12","slug":"el-ayuntamiento-de-amurrio-en-colaboracion-con-el-gobierno-vasco-e-izan-amurrio-lanza-la-iniciativa-berrikusi-para-reactivar-la-economia-local","status":"publish","type":"post","link":"https:\/\/amurriobidean.org\/es\/el-ayuntamiento-de-amurrio-en-colaboracion-con-el-gobierno-vasco-e-izan-amurrio-lanza-la-iniciativa-berrikusi-para-reactivar-la-economia-local\/","title":{"rendered":"El Ayuntamiento de Amurrio en colaboraci\u00f3n con el Gobierno Vasco e Izan Amurrio lanza la iniciativa \u201cBerrikusi\u201d para reactivar la econom\u00eda local"},"content":{"rendered":"<p><strong>La iniciativa busca dinamizar y actualizar las actividades comerciales, culturales y tur\u00edsticas mediante una plataforma digital <\/strong><\/p>\n<p><strong>La plataforma de \u201cAmurrio Berrikusi\u201d est\u00e1 disponible para descargar tanto en PlayStore como en AppStore<\/strong><\/p>\n<p>El Ayuntamiento de Amurrio, en colaboraci\u00f3n con Izan Amurrio y el Departamento de Turismo, Comercio y Consumo del Gobierno Vasco, ha presentado en rueda de prensa la iniciativa \u00abBerrikusi\u00bb, un proyecto dise\u00f1ado para promover la reactivaci\u00f3n de las econom\u00edas locales mediante la dinamizaci\u00f3n y actualizaci\u00f3n de las actividades comerciales, hosteleras, tur\u00edsticas, culturales, deportivas y de ocio en \u00e1reas comerciales urbanas.<\/p>\n<p>En los \u00faltimos a\u00f1os, el comercio local ha enfrentado retos significativos que han cambiado radicalmente las expectativas y h\u00e1bitos de los consumidores, obligando a los comercios locales a adaptarse r\u00e1pidamente a un entorno en constante evoluci\u00f3n.<\/p>\n<p>Uno de los cambios m\u00e1s significativos ha sido la autosuficiencia de los consumidores, que ha reducido el papel de las tiendas f\u00edsicas como principales puntos de contacto entre productos y compradores. Este fen\u00f3meno ha llevado a que los comercios necesiten ofrecer experiencias de compra valiosas que vayan m\u00e1s all\u00e1 de la simple disponibilidad de productos, conectando profundamente con las necesidades y expectativas actuales de los consumidores.<\/p>\n<p>La iniciativa se centra en dos ejes principales: la dinamizaci\u00f3n del comercio y su actualizaci\u00f3n, ambos guiados por datos obtenidos a trav\u00e9s de investigaciones, estudios y encuestas sobre las demandas de los consumidores y el potencial de reconexi\u00f3n de las empresas comerciales.<\/p>\n<p>La estrategia de dinamizaci\u00f3n busca restaurar la conexi\u00f3n entre las localidades y sus residentes y visitantes, facilitando el disfrute de diversas actividades y servicios. Esta estrategia incluye sectores como la alimentaci\u00f3n, el equipamiento personal, el hogar, los servicios, la hosteler\u00eda, as\u00ed como actividades relacionadas con el turismo, la cultura, el deporte y el ocio.<\/p>\n<p>El elemento central de esta estrategia es la Plataforma de Dinamizaci\u00f3n Berrikusi, que permite la creaci\u00f3n y difusi\u00f3n de propuestas culturales, deportivas, tur\u00edsticas y comerciales a trav\u00e9s de una aplicaci\u00f3n m\u00f3vil. Esta plataforma conecta de manera eficiente a ciudadanos, instituciones y empresas comerciales, mejorando la percepci\u00f3n del valor de las experiencias de compra y la calidad de vida en las localidades participantes.<\/p>\n<p>La actualizaci\u00f3n de las empresas comerciales es crucial para mantener su competitividad y relevancia. Un ejemplo destacado es el Programa de Actualizaci\u00f3n de Comercios en Amurrio, que cuenta con la participaci\u00f3n de 20 comerciantes y ofrece apoyo en la implementaci\u00f3n de planes personalizados de actualizaci\u00f3n y mejora.<\/p>\n","protected":false},"excerpt":{"rendered":"<p>La iniciativa busca dinamizar y actualizar las actividades comerciales, culturales y tur\u00edsticas mediante una plataforma digital La plataforma de \u201cAmurrio Berrikusi\u201d est\u00e1 disponible para descargar tanto en PlayStore como en AppStore El Ayuntamiento de Amurrio, en colaboraci\u00f3n con Izan Amurrio y el Departamento de Turismo, Comercio y Consumo del Gobierno Vasco, ha presentado en rueda [&hellip;]<\/p>\n","protected":false},"author":2,"featured_media":7273,"comment_status":"closed","ping_status":"closed","sticky":false,"template":"","format":"standard","meta":{"footnotes":""},"categories":[28],"tags":[],"class_list":["post-7272","post","type-post","status-publish","format-standard","has-post-thumbnail","hentry","category-noticias"],"yoast_head":"<!-- This site is optimized with the Yoast SEO plugin v25.3 - https:\/\/yoast.com\/wordpress\/plugins\/seo\/ -->\n<title>El Ayuntamiento de Amurrio en colaboraci\u00f3n con el Gobierno Vasco e Izan Amurrio lanza la iniciativa \u201cBerrikusi\u201d para reactivar la econom\u00eda local - Amurrio Bidean. Garapen Agentzia - Agencia de desarrollo.<\/title>\n<meta name=\"robots\" content=\"index, follow, max-snippet:-1, max-image-preview:large, max-video-preview:-1\" \/>\n<link rel=\"canonical\" href=\"https:\/\/amurriobidean.org\/es\/el-ayuntamiento-de-amurrio-en-colaboracion-con-el-gobierno-vasco-e-izan-amurrio-lanza-la-iniciativa-berrikusi-para-reactivar-la-economia-local\/\" \/>\n<meta property=\"og:locale\" content=\"es_ES\" \/>\n<meta property=\"og:type\" content=\"article\" \/>\n<meta property=\"og:title\" content=\"El Ayuntamiento de Amurrio en colaboraci\u00f3n con el Gobierno Vasco e Izan Amurrio lanza la iniciativa \u201cBerrikusi\u201d para reactivar la econom\u00eda local - Amurrio Bidean. Garapen Agentzia - Agencia de desarrollo.\" \/>\n<meta property=\"og:description\" content=\"La iniciativa busca dinamizar y actualizar las actividades comerciales, culturales y tur\u00edsticas mediante una plataforma digital La plataforma de \u201cAmurrio Berrikusi\u201d est\u00e1 disponible para descargar tanto en PlayStore como en AppStore El Ayuntamiento de Amurrio, en colaboraci\u00f3n con Izan Amurrio y el Departamento de Turismo, Comercio y Consumo del Gobierno Vasco, ha presentado en rueda [&hellip;]\" \/>\n<meta property=\"og:url\" content=\"https:\/\/amurriobidean.org\/es\/el-ayuntamiento-de-amurrio-en-colaboracion-con-el-gobierno-vasco-e-izan-amurrio-lanza-la-iniciativa-berrikusi-para-reactivar-la-economia-local\/\" \/>\n<meta property=\"og:site_name\" content=\"Amurrio Bidean. Garapen Agentzia - Agencia de desarrollo.\" \/>\n<meta property=\"article:publisher\" content=\"https:\/\/www.facebook.com\/amurrio.bidean\" \/>\n<meta property=\"article:published_time\" content=\"2024-05-21T10:39:12+00:00\" \/>\n<meta property=\"og:image\" content=\"https:\/\/amurriobidean.org\/wp-content\/uploads\/2024\/05\/WhatsApp-Image-2024-05-21-at-12.09.36.jpeg\" \/>\n\t<meta property=\"og:image:width\" content=\"1200\" \/>\n\t<meta property=\"og:image:height\" content=\"1600\" \/>\n\t<meta property=\"og:image:type\" content=\"image\/jpeg\" \/>\n<meta name=\"author\" content=\"Amurrio Bidean\" \/>\n<meta name=\"twitter:card\" content=\"summary_large_image\" \/>\n<meta name=\"twitter:creator\" content=\"@amurriobidean\" \/>\n<meta name=\"twitter:site\" content=\"@amurriobidean\" \/>\n<meta name=\"twitter:label1\" content=\"Escrito por\" \/>\n\t<meta name=\"twitter:data1\" content=\"Amurrio Bidean\" \/>\n\t<meta name=\"twitter:label2\" content=\"Tiempo de lectura\" \/>\n\t<meta name=\"twitter:data2\" content=\"3 minutos\" \/>\n<script type=\"application\/ld+json\" class=\"yoast-schema-graph\">{\"@context\":\"https:\/\/schema.org\",\"@graph\":[{\"@type\":\"WebPage\",\"@id\":\"https:\/\/amurriobidean.org\/es\/el-ayuntamiento-de-amurrio-en-colaboracion-con-el-gobierno-vasco-e-izan-amurrio-lanza-la-iniciativa-berrikusi-para-reactivar-la-economia-local\/\",\"url\":\"https:\/\/amurriobidean.org\/es\/el-ayuntamiento-de-amurrio-en-colaboracion-con-el-gobierno-vasco-e-izan-amurrio-lanza-la-iniciativa-berrikusi-para-reactivar-la-economia-local\/\",\"name\":\"El Ayuntamiento de Amurrio en colaboraci\u00f3n con el Gobierno Vasco e Izan Amurrio lanza la iniciativa \u201cBerrikusi\u201d para reactivar la econom\u00eda local - Amurrio Bidean. Garapen Agentzia - Agencia de desarrollo.\",\"isPartOf\":{\"@id\":\"https:\/\/amurriobidean.org\/es\/#website\"},\"primaryImageOfPage\":{\"@id\":\"https:\/\/amurriobidean.org\/es\/el-ayuntamiento-de-amurrio-en-colaboracion-con-el-gobierno-vasco-e-izan-amurrio-lanza-la-iniciativa-berrikusi-para-reactivar-la-economia-local\/#primaryimage\"},\"image\":{\"@id\":\"https:\/\/amurriobidean.org\/es\/el-ayuntamiento-de-amurrio-en-colaboracion-con-el-gobierno-vasco-e-izan-amurrio-lanza-la-iniciativa-berrikusi-para-reactivar-la-economia-local\/#primaryimage\"},\"thumbnailUrl\":\"https:\/\/amurriobidean.org\/wp-content\/uploads\/2024\/05\/WhatsApp-Image-2024-05-21-at-12.09.36.jpeg\",\"datePublished\":\"2024-05-21T10:39:12+00:00\",\"author\":{\"@id\":\"https:\/\/amurriobidean.org\/es\/#\/schema\/person\/56c71b474b3e7f5f5e6f209a6cf3abfe\"},\"breadcrumb\":{\"@id\":\"https:\/\/amurriobidean.org\/es\/el-ayuntamiento-de-amurrio-en-colaboracion-con-el-gobierno-vasco-e-izan-amurrio-lanza-la-iniciativa-berrikusi-para-reactivar-la-economia-local\/#breadcrumb\"},\"inLanguage\":\"es\",\"potentialAction\":[{\"@type\":\"ReadAction\",\"target\":[\"https:\/\/amurriobidean.org\/es\/el-ayuntamiento-de-amurrio-en-colaboracion-con-el-gobierno-vasco-e-izan-amurrio-lanza-la-iniciativa-berrikusi-para-reactivar-la-economia-local\/\"]}]},{\"@type\":\"ImageObject\",\"inLanguage\":\"es\",\"@id\":\"https:\/\/amurriobidean.org\/es\/el-ayuntamiento-de-amurrio-en-colaboracion-con-el-gobierno-vasco-e-izan-amurrio-lanza-la-iniciativa-berrikusi-para-reactivar-la-economia-local\/#primaryimage\",\"url\":\"https:\/\/amurriobidean.org\/wp-content\/uploads\/2024\/05\/WhatsApp-Image-2024-05-21-at-12.09.36.jpeg\",\"contentUrl\":\"https:\/\/amurriobidean.org\/wp-content\/uploads\/2024\/05\/WhatsApp-Image-2024-05-21-at-12.09.36.jpeg\",\"width\":1200,\"height\":1600},{\"@type\":\"BreadcrumbList\",\"@id\":\"https:\/\/amurriobidean.org\/es\/el-ayuntamiento-de-amurrio-en-colaboracion-con-el-gobierno-vasco-e-izan-amurrio-lanza-la-iniciativa-berrikusi-para-reactivar-la-economia-local\/#breadcrumb\",\"itemListElement\":[{\"@type\":\"ListItem\",\"position\":1,\"name\":\"Portada\",\"item\":\"https:\/\/amurriobidean.org\/es\/\"},{\"@type\":\"ListItem\",\"position\":2,\"name\":\"El Ayuntamiento de Amurrio en colaboraci\u00f3n con el Gobierno Vasco e Izan Amurrio lanza la iniciativa \u201cBerrikusi\u201d para reactivar la econom\u00eda local\"}]},{\"@type\":\"WebSite\",\"@id\":\"https:\/\/amurriobidean.org\/es\/#website\",\"url\":\"https:\/\/amurriobidean.org\/es\/\",\"name\":\"Amurrio Bidean. Garapen Agentzia - Agencia de desarrollo.\",\"description\":\"Agencia de Desarollo Local de Amurrio\",\"potentialAction\":[{\"@type\":\"SearchAction\",\"target\":{\"@type\":\"EntryPoint\",\"urlTemplate\":\"https:\/\/amurriobidean.org\/es\/?s={search_term_string}\"},\"query-input\":{\"@type\":\"PropertyValueSpecification\",\"valueRequired\":true,\"valueName\":\"search_term_string\"}}],\"inLanguage\":\"es\"},{\"@type\":\"Person\",\"@id\":\"https:\/\/amurriobidean.org\/es\/#\/schema\/person\/56c71b474b3e7f5f5e6f209a6cf3abfe\",\"name\":\"Amurrio Bidean\",\"image\":{\"@type\":\"ImageObject\",\"inLanguage\":\"es\",\"@id\":\"https:\/\/amurriobidean.org\/es\/#\/schema\/person\/image\/\",\"url\":\"https:\/\/secure.gravatar.com\/avatar\/84a34d50800d0bb5d80eba504fc44ed48c9b2faab16ad58fa7d30bce4e2b661e\",\"contentUrl\":\"https:\/\/secure.gravatar.com\/avatar\/84a34d50800d0bb5d80eba504fc44ed48c9b2faab16ad58fa7d30bce4e2b661e\",\"caption\":\"Amurrio Bidean\"},\"sameAs\":[\"http:\/\/www.amurriobidean.eus\"],\"url\":\"https:\/\/amurriobidean.org\/es\/author\/amurrio-bidean\/\"}]}<\/script>\n<!-- \/ Yoast SEO plugin. -->","yoast_head_json":{"title":"El Ayuntamiento de Amurrio en colaboraci\u00f3n con el Gobierno Vasco e Izan Amurrio lanza la iniciativa \u201cBerrikusi\u201d para reactivar la econom\u00eda local - Amurrio Bidean. Garapen Agentzia - Agencia de desarrollo.","robots":{"index":"index","follow":"follow","max-snippet":"max-snippet:-1","max-image-preview":"max-image-preview:large","max-video-preview":"max-video-preview:-1"},"canonical":"https:\/\/amurriobidean.org\/es\/el-ayuntamiento-de-amurrio-en-colaboracion-con-el-gobierno-vasco-e-izan-amurrio-lanza-la-iniciativa-berrikusi-para-reactivar-la-economia-local\/","og_locale":"es_ES","og_type":"article","og_title":"El Ayuntamiento de Amurrio en colaboraci\u00f3n con el Gobierno Vasco e Izan Amurrio lanza la iniciativa \u201cBerrikusi\u201d para reactivar la econom\u00eda local - Amurrio Bidean. Garapen Agentzia - Agencia de desarrollo.","og_description":"La iniciativa busca dinamizar y actualizar las actividades comerciales, culturales y tur\u00edsticas mediante una plataforma digital La plataforma de \u201cAmurrio Berrikusi\u201d est\u00e1 disponible para descargar tanto en PlayStore como en AppStore El Ayuntamiento de Amurrio, en colaboraci\u00f3n con Izan Amurrio y el Departamento de Turismo, Comercio y Consumo del Gobierno Vasco, ha presentado en rueda [&hellip;]","og_url":"https:\/\/amurriobidean.org\/es\/el-ayuntamiento-de-amurrio-en-colaboracion-con-el-gobierno-vasco-e-izan-amurrio-lanza-la-iniciativa-berrikusi-para-reactivar-la-economia-local\/","og_site_name":"Amurrio Bidean. Garapen Agentzia - Agencia de desarrollo.","article_publisher":"https:\/\/www.facebook.com\/amurrio.bidean","article_published_time":"2024-05-21T10:39:12+00:00","og_image":[{"width":1200,"height":1600,"url":"https:\/\/amurriobidean.org\/wp-content\/uploads\/2024\/05\/WhatsApp-Image-2024-05-21-at-12.09.36.jpeg","type":"image\/jpeg"}],"author":"Amurrio Bidean","twitter_card":"summary_large_image","twitter_creator":"@amurriobidean","twitter_site":"@amurriobidean","twitter_misc":{"Escrito por":"Amurrio Bidean","Tiempo de lectura":"3 minutos"},"schema":{"@context":"https:\/\/schema.org","@graph":[{"@type":"WebPage","@id":"https:\/\/amurriobidean.org\/es\/el-ayuntamiento-de-amurrio-en-colaboracion-con-el-gobierno-vasco-e-izan-amurrio-lanza-la-iniciativa-berrikusi-para-reactivar-la-economia-local\/","url":"https:\/\/amurriobidean.org\/es\/el-ayuntamiento-de-amurrio-en-colaboracion-con-el-gobierno-vasco-e-izan-amurrio-lanza-la-iniciativa-berrikusi-para-reactivar-la-economia-local\/","name":"El Ayuntamiento de Amurrio en colaboraci\u00f3n con el Gobierno Vasco e Izan Amurrio lanza la iniciativa \u201cBerrikusi\u201d para reactivar la econom\u00eda local - Amurrio Bidean. Garapen Agentzia - Agencia de desarrollo.","isPartOf":{"@id":"https:\/\/amurriobidean.org\/es\/#website"},"primaryImageOfPage":{"@id":"https:\/\/amurriobidean.org\/es\/el-ayuntamiento-de-amurrio-en-colaboracion-con-el-gobierno-vasco-e-izan-amurrio-lanza-la-iniciativa-berrikusi-para-reactivar-la-economia-local\/#primaryimage"},"image":{"@id":"https:\/\/amurriobidean.org\/es\/el-ayuntamiento-de-amurrio-en-colaboracion-con-el-gobierno-vasco-e-izan-amurrio-lanza-la-iniciativa-berrikusi-para-reactivar-la-economia-local\/#primaryimage"},"thumbnailUrl":"https:\/\/amurriobidean.org\/wp-content\/uploads\/2024\/05\/WhatsApp-Image-2024-05-21-at-12.09.36.jpeg","datePublished":"2024-05-21T10:39:12+00:00","author":{"@id":"https:\/\/amurriobidean.org\/es\/#\/schema\/person\/56c71b474b3e7f5f5e6f209a6cf3abfe"},"breadcrumb":{"@id":"https:\/\/amurriobidean.org\/es\/el-ayuntamiento-de-amurrio-en-colaboracion-con-el-gobierno-vasco-e-izan-amurrio-lanza-la-iniciativa-berrikusi-para-reactivar-la-economia-local\/#breadcrumb"},"inLanguage":"es","potentialAction":[{"@type":"ReadAction","target":["https:\/\/amurriobidean.org\/es\/el-ayuntamiento-de-amurrio-en-colaboracion-con-el-gobierno-vasco-e-izan-amurrio-lanza-la-iniciativa-berrikusi-para-reactivar-la-economia-local\/"]}]},{"@type":"ImageObject","inLanguage":"es","@id":"https:\/\/amurriobidean.org\/es\/el-ayuntamiento-de-amurrio-en-colaboracion-con-el-gobierno-vasco-e-izan-amurrio-lanza-la-iniciativa-berrikusi-para-reactivar-la-economia-local\/#primaryimage","url":"https:\/\/amurriobidean.org\/wp-content\/uploads\/2024\/05\/WhatsApp-Image-2024-05-21-at-12.09.36.jpeg","contentUrl":"https:\/\/amurriobidean.org\/wp-content\/uploads\/2024\/05\/WhatsApp-Image-2024-05-21-at-12.09.36.jpeg","width":1200,"height":1600},{"@type":"BreadcrumbList","@id":"https:\/\/amurriobidean.org\/es\/el-ayuntamiento-de-amurrio-en-colaboracion-con-el-gobierno-vasco-e-izan-amurrio-lanza-la-iniciativa-berrikusi-para-reactivar-la-economia-local\/#breadcrumb","itemListElement":[{"@type":"ListItem","position":1,"name":"Portada","item":"https:\/\/amurriobidean.org\/es\/"},{"@type":"ListItem","position":2,"name":"El Ayuntamiento de Amurrio en colaboraci\u00f3n con el Gobierno Vasco e Izan Amurrio lanza la iniciativa \u201cBerrikusi\u201d para reactivar la econom\u00eda local"}]},{"@type":"WebSite","@id":"https:\/\/amurriobidean.org\/es\/#website","url":"https:\/\/amurriobidean.org\/es\/","name":"Amurrio Bidean. Garapen Agentzia - Agencia de desarrollo.","description":"Agencia de Desarollo Local de Amurrio","potentialAction":[{"@type":"SearchAction","target":{"@type":"EntryPoint","urlTemplate":"https:\/\/amurriobidean.org\/es\/?s={search_term_string}"},"query-input":{"@type":"PropertyValueSpecification","valueRequired":true,"valueName":"search_term_string"}}],"inLanguage":"es"},{"@type":"Person","@id":"https:\/\/amurriobidean.org\/es\/#\/schema\/person\/56c71b474b3e7f5f5e6f209a6cf3abfe","name":"Amurrio Bidean","image":{"@type":"ImageObject","inLanguage":"es","@id":"https:\/\/amurriobidean.org\/es\/#\/schema\/person\/image\/","url":"https:\/\/secure.gravatar.com\/avatar\/84a34d50800d0bb5d80eba504fc44ed48c9b2faab16ad58fa7d30bce4e2b661e","contentUrl":"https:\/\/secure.gravatar.com\/avatar\/84a34d50800d0bb5d80eba504fc44ed48c9b2faab16ad58fa7d30bce4e2b661e","caption":"Amurrio Bidean"},"sameAs":["http:\/\/www.amurriobidean.eus"],"url":"https:\/\/amurriobidean.org\/es\/author\/amurrio-bidean\/"}]}},"_links":{"self":[{"href":"https:\/\/amurriobidean.org\/es\/wp-json\/wp\/v2\/posts\/7272","targetHints":{"allow":["GET"]}}],"collection":[{"href":"https:\/\/amurriobidean.org\/es\/wp-json\/wp\/v2\/posts"}],"about":[{"href":"https:\/\/amurriobidean.org\/es\/wp-json\/wp\/v2\/types\/post"}],"author":[{"embeddable":true,"href":"https:\/\/amurriobidean.org\/es\/wp-json\/wp\/v2\/users\/2"}],"replies":[{"embeddable":true,"href":"https:\/\/amurriobidean.org\/es\/wp-json\/wp\/v2\/comments?post=7272"}],"version-history":[{"count":0,"href":"https:\/\/amurriobidean.org\/es\/wp-json\/wp\/v2\/posts\/7272\/revisions"}],"wp:featuredmedia":[{"embeddable":true,"href":"https:\/\/amurriobidean.org\/es\/wp-json\/wp\/v2\/media\/7273"}],"wp:attachment":[{"href":"https:\/\/amurriobidean.org\/es\/wp-json\/wp\/v2\/media?parent=7272"}],"wp:term":[{"taxonomy":"category","embeddable":true,"href":"https:\/\/amurriobidean.org\/es\/wp-json\/wp\/v2\/categories?post=7272"},{"taxonomy":"post_tag","embeddable":true,"href":"https:\/\/amurriobidean.org\/es\/wp-json\/wp\/v2\/tags?post=7272"}],"curies":[{"name":"wp","href":"https:\/\/api.w.org\/{rel}","templated":true}]}}