{"id":7243,"date":"2024-05-10T12:08:53","date_gmt":"2024-05-10T10:08:53","guid":{"rendered":"https:\/\/amurriobidean.org\/?p=7243"},"modified":"2024-05-10T12:08:53","modified_gmt":"2024-05-10T10:08:53","slug":"la-fiesta-del-txakoli-alaves-se-celebrara-el-26-de-mayo-en-amurrio","status":"publish","type":"post","link":"https:\/\/amurriobidean.org\/es\/la-fiesta-del-txakoli-alaves-se-celebrara-el-26-de-mayo-en-amurrio\/","title":{"rendered":"LA FIESTA DEL TXAKOLI ALAV\u00c9S SE CELEBRAR\u00c1 EL 26 DE MAYO EN AMURRIO"},"content":{"rendered":"<p><strong>David Lecanda ser\u00e1 este a\u00f1o el embajador del Arabako Txakolina 2024<\/strong><\/p>\n<p>La asociaci\u00f3n Arabako Txakolina celebrar\u00e1 el 26 de mayo en Amurrio la vigesimoquinta edici\u00f3n del Txakolin Eguna. Este consolidado evento permitir\u00e1 promocionar, un a\u00f1o m\u00e1s, los productos del territorio alav\u00e9s. En el parque Juan Urrutia se dar\u00e1n cita los mejores txakolis producidos por diferentes bodegas, incluidas en la Denominaci\u00f3n de Origen Arabako Txakolina.<\/p>\n<p>El Txakolin Eguna tendr\u00e1 este a\u00f1o como embajador a David Lecanda, cuyo nombramiento tendr\u00e1 lugar el 26 de mayo a las 11:00 horas en el Sal\u00f3n de Plenos del Ayuntamiento de Amurrio. En el acto tendr\u00e1 lugar tambi\u00e9n la presentaci\u00f3n de la vendimia de 2023. Tras la finalizar en el Ayuntamiento, se proceder\u00e1 a la inauguraci\u00f3n del recinto festivo con el txupinazo de inicio de la fiesta a las 12:00 horas.<\/p>\n<p>En el recinto, se podr\u00e1 disfrutar de la degustaci\u00f3n de la vendimia del 2023, as\u00ed como de una variada oferta gastron\u00f3mica con pintxos y raciones que se podr\u00e1n adquirir a trav\u00e9s de los tickets adquiridos en el stand habilitado para ello a la entrada del recinto gastron\u00f3mico. Los tickets se podr\u00e1n obtener adem\u00e1s a trav\u00e9s de txakolidealava.eus y a trav\u00e9s de un c\u00f3digo QR en la p\u00e1gina web, en el programa y en los carteles.<\/p>\n<p>Como novedad este a\u00f1o se instalar\u00e1 un Photocall y todas las personas que se hagan una foto con el photocall el d\u00eda de la fiesta la suban a Instagram y etiqueten a @txakolipintxo @txakolialava y #TxakolinEguna2024, entrar\u00e1n en el sorteo de un lote de botellas de txakoli. Dicho sorteo se realizar\u00e1 el domingo 26 de Mayo a las 19:30 y el ganador se publicara en ambas redes sociales @txakolipintxo y @txakolialava. La fiesta del XXV aniversario del Txakolin Eguna estar\u00e1 amenizada por los grupos Belgorri y Akerbeltz.<\/p>\n","protected":false},"excerpt":{"rendered":"<p>David Lecanda ser\u00e1 este a\u00f1o el embajador del Arabako Txakolina 2024 La asociaci\u00f3n Arabako Txakolina celebrar\u00e1 el 26 de mayo en Amurrio la vigesimoquinta edici\u00f3n del Txakolin Eguna. Este consolidado evento permitir\u00e1 promocionar, un a\u00f1o m\u00e1s, los productos del territorio alav\u00e9s. En el parque Juan Urrutia se dar\u00e1n cita los mejores txakolis producidos por diferentes [&hellip;]<\/p>\n","protected":false},"author":2,"featured_media":7244,"comment_status":"closed","ping_status":"closed","sticky":false,"template":"","format":"standard","meta":{"footnotes":""},"categories":[28],"tags":[],"class_list":["post-7243","post","type-post","status-publish","format-standard","has-post-thumbnail","hentry","category-noticias"],"yoast_head":"<!-- This site is optimized with the Yoast SEO plugin v25.3 - https:\/\/yoast.com\/wordpress\/plugins\/seo\/ -->\n<title>LA FIESTA DEL TXAKOLI ALAV\u00c9S SE CELEBRAR\u00c1 EL 26 DE MAYO EN AMURRIO - Amurrio Bidean. Garapen Agentzia - Agencia de desarrollo.<\/title>\n<meta name=\"robots\" content=\"index, follow, max-snippet:-1, max-image-preview:large, max-video-preview:-1\" \/>\n<link rel=\"canonical\" href=\"https:\/\/amurriobidean.org\/es\/la-fiesta-del-txakoli-alaves-se-celebrara-el-26-de-mayo-en-amurrio\/\" \/>\n<meta property=\"og:locale\" content=\"es_ES\" \/>\n<meta property=\"og:type\" content=\"article\" \/>\n<meta property=\"og:title\" content=\"LA FIESTA DEL TXAKOLI ALAV\u00c9S SE CELEBRAR\u00c1 EL 26 DE MAYO EN AMURRIO - Amurrio Bidean. Garapen Agentzia - Agencia de desarrollo.\" \/>\n<meta property=\"og:description\" content=\"David Lecanda ser\u00e1 este a\u00f1o el embajador del Arabako Txakolina 2024 La asociaci\u00f3n Arabako Txakolina celebrar\u00e1 el 26 de mayo en Amurrio la vigesimoquinta edici\u00f3n del Txakolin Eguna. Este consolidado evento permitir\u00e1 promocionar, un a\u00f1o m\u00e1s, los productos del territorio alav\u00e9s. En el parque Juan Urrutia se dar\u00e1n cita los mejores txakolis producidos por diferentes [&hellip;]\" \/>\n<meta property=\"og:url\" content=\"https:\/\/amurriobidean.org\/es\/la-fiesta-del-txakoli-alaves-se-celebrara-el-26-de-mayo-en-amurrio\/\" \/>\n<meta property=\"og:site_name\" content=\"Amurrio Bidean. Garapen Agentzia - Agencia de desarrollo.\" \/>\n<meta property=\"article:publisher\" content=\"https:\/\/www.facebook.com\/amurrio.bidean\" \/>\n<meta property=\"article:published_time\" content=\"2024-05-10T10:08:53+00:00\" \/>\n<meta property=\"og:image\" content=\"https:\/\/amurriobidean.org\/wp-content\/uploads\/2024\/05\/txakolin-eguna_2024-CARTEL_page-0001-476x1030.jpg\" \/>\n\t<meta property=\"og:image:width\" content=\"476\" \/>\n\t<meta property=\"og:image:height\" content=\"1030\" \/>\n\t<meta property=\"og:image:type\" content=\"image\/jpeg\" \/>\n<meta name=\"author\" content=\"Amurrio Bidean\" \/>\n<meta name=\"twitter:card\" content=\"summary_large_image\" \/>\n<meta name=\"twitter:creator\" content=\"@amurriobidean\" \/>\n<meta name=\"twitter:site\" content=\"@amurriobidean\" \/>\n<meta name=\"twitter:label1\" content=\"Escrito por\" \/>\n\t<meta name=\"twitter:data1\" content=\"Amurrio Bidean\" \/>\n\t<meta name=\"twitter:label2\" content=\"Tiempo de lectura\" \/>\n\t<meta name=\"twitter:data2\" content=\"2 minutos\" \/>\n<script type=\"application\/ld+json\" class=\"yoast-schema-graph\">{\"@context\":\"https:\/\/schema.org\",\"@graph\":[{\"@type\":\"WebPage\",\"@id\":\"https:\/\/amurriobidean.org\/es\/la-fiesta-del-txakoli-alaves-se-celebrara-el-26-de-mayo-en-amurrio\/\",\"url\":\"https:\/\/amurriobidean.org\/es\/la-fiesta-del-txakoli-alaves-se-celebrara-el-26-de-mayo-en-amurrio\/\",\"name\":\"LA FIESTA DEL TXAKOLI ALAV\u00c9S SE CELEBRAR\u00c1 EL 26 DE MAYO EN AMURRIO - Amurrio Bidean. Garapen Agentzia - Agencia de desarrollo.\",\"isPartOf\":{\"@id\":\"https:\/\/amurriobidean.org\/es\/#website\"},\"primaryImageOfPage\":{\"@id\":\"https:\/\/amurriobidean.org\/es\/la-fiesta-del-txakoli-alaves-se-celebrara-el-26-de-mayo-en-amurrio\/#primaryimage\"},\"image\":{\"@id\":\"https:\/\/amurriobidean.org\/es\/la-fiesta-del-txakoli-alaves-se-celebrara-el-26-de-mayo-en-amurrio\/#primaryimage\"},\"thumbnailUrl\":\"https:\/\/amurriobidean.org\/wp-content\/uploads\/2024\/05\/txakolin-eguna_2024-CARTEL_page-0001-scaled.jpg\",\"datePublished\":\"2024-05-10T10:08:53+00:00\",\"author\":{\"@id\":\"https:\/\/amurriobidean.org\/es\/#\/schema\/person\/56c71b474b3e7f5f5e6f209a6cf3abfe\"},\"breadcrumb\":{\"@id\":\"https:\/\/amurriobidean.org\/es\/la-fiesta-del-txakoli-alaves-se-celebrara-el-26-de-mayo-en-amurrio\/#breadcrumb\"},\"inLanguage\":\"es\",\"potentialAction\":[{\"@type\":\"ReadAction\",\"target\":[\"https:\/\/amurriobidean.org\/es\/la-fiesta-del-txakoli-alaves-se-celebrara-el-26-de-mayo-en-amurrio\/\"]}]},{\"@type\":\"ImageObject\",\"inLanguage\":\"es\",\"@id\":\"https:\/\/amurriobidean.org\/es\/la-fiesta-del-txakoli-alaves-se-celebrara-el-26-de-mayo-en-amurrio\/#primaryimage\",\"url\":\"https:\/\/amurriobidean.org\/wp-content\/uploads\/2024\/05\/txakolin-eguna_2024-CARTEL_page-0001-scaled.jpg\",\"contentUrl\":\"https:\/\/amurriobidean.org\/wp-content\/uploads\/2024\/05\/txakolin-eguna_2024-CARTEL_page-0001-scaled.jpg\",\"width\":1182,\"height\":2560},{\"@type\":\"BreadcrumbList\",\"@id\":\"https:\/\/amurriobidean.org\/es\/la-fiesta-del-txakoli-alaves-se-celebrara-el-26-de-mayo-en-amurrio\/#breadcrumb\",\"itemListElement\":[{\"@type\":\"ListItem\",\"position\":1,\"name\":\"Portada\",\"item\":\"https:\/\/amurriobidean.org\/es\/\"},{\"@type\":\"ListItem\",\"position\":2,\"name\":\"LA FIESTA DEL TXAKOLI ALAV\u00c9S SE CELEBRAR\u00c1 EL 26 DE MAYO EN AMURRIO\"}]},{\"@type\":\"WebSite\",\"@id\":\"https:\/\/amurriobidean.org\/es\/#website\",\"url\":\"https:\/\/amurriobidean.org\/es\/\",\"name\":\"Amurrio Bidean. Garapen Agentzia - Agencia de desarrollo.\",\"description\":\"Agencia de Desarollo Local de Amurrio\",\"potentialAction\":[{\"@type\":\"SearchAction\",\"target\":{\"@type\":\"EntryPoint\",\"urlTemplate\":\"https:\/\/amurriobidean.org\/es\/?s={search_term_string}\"},\"query-input\":{\"@type\":\"PropertyValueSpecification\",\"valueRequired\":true,\"valueName\":\"search_term_string\"}}],\"inLanguage\":\"es\"},{\"@type\":\"Person\",\"@id\":\"https:\/\/amurriobidean.org\/es\/#\/schema\/person\/56c71b474b3e7f5f5e6f209a6cf3abfe\",\"name\":\"Amurrio Bidean\",\"image\":{\"@type\":\"ImageObject\",\"inLanguage\":\"es\",\"@id\":\"https:\/\/amurriobidean.org\/es\/#\/schema\/person\/image\/\",\"url\":\"https:\/\/secure.gravatar.com\/avatar\/84a34d50800d0bb5d80eba504fc44ed48c9b2faab16ad58fa7d30bce4e2b661e\",\"contentUrl\":\"https:\/\/secure.gravatar.com\/avatar\/84a34d50800d0bb5d80eba504fc44ed48c9b2faab16ad58fa7d30bce4e2b661e\",\"caption\":\"Amurrio Bidean\"},\"sameAs\":[\"http:\/\/www.amurriobidean.eus\"],\"url\":\"https:\/\/amurriobidean.org\/es\/author\/amurrio-bidean\/\"}]}<\/script>\n<!-- \/ Yoast SEO plugin. -->","yoast_head_json":{"title":"LA FIESTA DEL TXAKOLI ALAV\u00c9S SE CELEBRAR\u00c1 EL 26 DE MAYO EN AMURRIO - Amurrio Bidean. Garapen Agentzia - Agencia de desarrollo.","robots":{"index":"index","follow":"follow","max-snippet":"max-snippet:-1","max-image-preview":"max-image-preview:large","max-video-preview":"max-video-preview:-1"},"canonical":"https:\/\/amurriobidean.org\/es\/la-fiesta-del-txakoli-alaves-se-celebrara-el-26-de-mayo-en-amurrio\/","og_locale":"es_ES","og_type":"article","og_title":"LA FIESTA DEL TXAKOLI ALAV\u00c9S SE CELEBRAR\u00c1 EL 26 DE MAYO EN AMURRIO - Amurrio Bidean. Garapen Agentzia - Agencia de desarrollo.","og_description":"David Lecanda ser\u00e1 este a\u00f1o el embajador del Arabako Txakolina 2024 La asociaci\u00f3n Arabako Txakolina celebrar\u00e1 el 26 de mayo en Amurrio la vigesimoquinta edici\u00f3n del Txakolin Eguna. Este consolidado evento permitir\u00e1 promocionar, un a\u00f1o m\u00e1s, los productos del territorio alav\u00e9s. En el parque Juan Urrutia se dar\u00e1n cita los mejores txakolis producidos por diferentes [&hellip;]","og_url":"https:\/\/amurriobidean.org\/es\/la-fiesta-del-txakoli-alaves-se-celebrara-el-26-de-mayo-en-amurrio\/","og_site_name":"Amurrio Bidean. Garapen Agentzia - Agencia de desarrollo.","article_publisher":"https:\/\/www.facebook.com\/amurrio.bidean","article_published_time":"2024-05-10T10:08:53+00:00","og_image":[{"width":476,"height":1030,"url":"https:\/\/amurriobidean.org\/wp-content\/uploads\/2024\/05\/txakolin-eguna_2024-CARTEL_page-0001-476x1030.jpg","type":"image\/jpeg"}],"author":"Amurrio Bidean","twitter_card":"summary_large_image","twitter_creator":"@amurriobidean","twitter_site":"@amurriobidean","twitter_misc":{"Escrito por":"Amurrio Bidean","Tiempo de lectura":"2 minutos"},"schema":{"@context":"https:\/\/schema.org","@graph":[{"@type":"WebPage","@id":"https:\/\/amurriobidean.org\/es\/la-fiesta-del-txakoli-alaves-se-celebrara-el-26-de-mayo-en-amurrio\/","url":"https:\/\/amurriobidean.org\/es\/la-fiesta-del-txakoli-alaves-se-celebrara-el-26-de-mayo-en-amurrio\/","name":"LA FIESTA DEL TXAKOLI ALAV\u00c9S SE CELEBRAR\u00c1 EL 26 DE MAYO EN AMURRIO - Amurrio Bidean. Garapen Agentzia - Agencia de desarrollo.","isPartOf":{"@id":"https:\/\/amurriobidean.org\/es\/#website"},"primaryImageOfPage":{"@id":"https:\/\/amurriobidean.org\/es\/la-fiesta-del-txakoli-alaves-se-celebrara-el-26-de-mayo-en-amurrio\/#primaryimage"},"image":{"@id":"https:\/\/amurriobidean.org\/es\/la-fiesta-del-txakoli-alaves-se-celebrara-el-26-de-mayo-en-amurrio\/#primaryimage"},"thumbnailUrl":"https:\/\/amurriobidean.org\/wp-content\/uploads\/2024\/05\/txakolin-eguna_2024-CARTEL_page-0001-scaled.jpg","datePublished":"2024-05-10T10:08:53+00:00","author":{"@id":"https:\/\/amurriobidean.org\/es\/#\/schema\/person\/56c71b474b3e7f5f5e6f209a6cf3abfe"},"breadcrumb":{"@id":"https:\/\/amurriobidean.org\/es\/la-fiesta-del-txakoli-alaves-se-celebrara-el-26-de-mayo-en-amurrio\/#breadcrumb"},"inLanguage":"es","potentialAction":[{"@type":"ReadAction","target":["https:\/\/amurriobidean.org\/es\/la-fiesta-del-txakoli-alaves-se-celebrara-el-26-de-mayo-en-amurrio\/"]}]},{"@type":"ImageObject","inLanguage":"es","@id":"https:\/\/amurriobidean.org\/es\/la-fiesta-del-txakoli-alaves-se-celebrara-el-26-de-mayo-en-amurrio\/#primaryimage","url":"https:\/\/amurriobidean.org\/wp-content\/uploads\/2024\/05\/txakolin-eguna_2024-CARTEL_page-0001-scaled.jpg","contentUrl":"https:\/\/amurriobidean.org\/wp-content\/uploads\/2024\/05\/txakolin-eguna_2024-CARTEL_page-0001-scaled.jpg","width":1182,"height":2560},{"@type":"BreadcrumbList","@id":"https:\/\/amurriobidean.org\/es\/la-fiesta-del-txakoli-alaves-se-celebrara-el-26-de-mayo-en-amurrio\/#breadcrumb","itemListElement":[{"@type":"ListItem","position":1,"name":"Portada","item":"https:\/\/amurriobidean.org\/es\/"},{"@type":"ListItem","position":2,"name":"LA FIESTA DEL TXAKOLI ALAV\u00c9S SE CELEBRAR\u00c1 EL 26 DE MAYO EN AMURRIO"}]},{"@type":"WebSite","@id":"https:\/\/amurriobidean.org\/es\/#website","url":"https:\/\/amurriobidean.org\/es\/","name":"Amurrio Bidean. Garapen Agentzia - Agencia de desarrollo.","description":"Agencia de Desarollo Local de Amurrio","potentialAction":[{"@type":"SearchAction","target":{"@type":"EntryPoint","urlTemplate":"https:\/\/amurriobidean.org\/es\/?s={search_term_string}"},"query-input":{"@type":"PropertyValueSpecification","valueRequired":true,"valueName":"search_term_string"}}],"inLanguage":"es"},{"@type":"Person","@id":"https:\/\/amurriobidean.org\/es\/#\/schema\/person\/56c71b474b3e7f5f5e6f209a6cf3abfe","name":"Amurrio Bidean","image":{"@type":"ImageObject","inLanguage":"es","@id":"https:\/\/amurriobidean.org\/es\/#\/schema\/person\/image\/","url":"https:\/\/secure.gravatar.com\/avatar\/84a34d50800d0bb5d80eba504fc44ed48c9b2faab16ad58fa7d30bce4e2b661e","contentUrl":"https:\/\/secure.gravatar.com\/avatar\/84a34d50800d0bb5d80eba504fc44ed48c9b2faab16ad58fa7d30bce4e2b661e","caption":"Amurrio Bidean"},"sameAs":["http:\/\/www.amurriobidean.eus"],"url":"https:\/\/amurriobidean.org\/es\/author\/amurrio-bidean\/"}]}},"_links":{"self":[{"href":"https:\/\/amurriobidean.org\/es\/wp-json\/wp\/v2\/posts\/7243","targetHints":{"allow":["GET"]}}],"collection":[{"href":"https:\/\/amurriobidean.org\/es\/wp-json\/wp\/v2\/posts"}],"about":[{"href":"https:\/\/amurriobidean.org\/es\/wp-json\/wp\/v2\/types\/post"}],"author":[{"embeddable":true,"href":"https:\/\/amurriobidean.org\/es\/wp-json\/wp\/v2\/users\/2"}],"replies":[{"embeddable":true,"href":"https:\/\/amurriobidean.org\/es\/wp-json\/wp\/v2\/comments?post=7243"}],"version-history":[{"count":0,"href":"https:\/\/amurriobidean.org\/es\/wp-json\/wp\/v2\/posts\/7243\/revisions"}],"wp:featuredmedia":[{"embeddable":true,"href":"https:\/\/amurriobidean.org\/es\/wp-json\/wp\/v2\/media\/7244"}],"wp:attachment":[{"href":"https:\/\/amurriobidean.org\/es\/wp-json\/wp\/v2\/media?parent=7243"}],"wp:term":[{"taxonomy":"category","embeddable":true,"href":"https:\/\/amurriobidean.org\/es\/wp-json\/wp\/v2\/categories?post=7243"},{"taxonomy":"post_tag","embeddable":true,"href":"https:\/\/amurriobidean.org\/es\/wp-json\/wp\/v2\/tags?post=7243"}],"curies":[{"name":"wp","href":"https:\/\/api.w.org\/{rel}","templated":true}]}}