{"id":7164,"date":"2024-02-28T12:49:45","date_gmt":"2024-02-28T10:49:45","guid":{"rendered":"https:\/\/amurriobidean.org\/?p=7164"},"modified":"2024-02-28T12:49:45","modified_gmt":"2024-02-28T10:49:45","slug":"presentacion-de-berrikusi-el-proximo-5-de-marzo-en-la-kultur-etxea","status":"publish","type":"post","link":"https:\/\/amurriobidean.org\/es\/presentacion-de-berrikusi-el-proximo-5-de-marzo-en-la-kultur-etxea\/","title":{"rendered":"Presentaci\u00f3n de Berrikusi el pr\u00f3ximo 5 de marzo en la Kultur Etxea"},"content":{"rendered":"<p>Berrikusi es una nueva iniciativa del Gobierno Vasco con la que se pretende revitalizar y reactivar las econom\u00edas locales mediante la dinamizaci\u00f3n y actualizaci\u00f3n de una amplia gama de actividades, abarcando desde el comercio hasta el turismo, la cultura y el deporte.<\/p>\n<p>Con un enfoque especial en las actividades comerciales, que incluyen comercio, hosteler\u00eda y servicios, Berrikusi est\u00e1 desplegando una serie de acciones destinadas a modernizar y adaptar el comercio local a las necesidades y expectativas de los consumidores actuales.<\/p>\n<p>En los \u00faltimos meses, se han realizado estudios exhaustivos para comprender a fondo las opiniones y demandas espec\u00edficas de los consumidores en Amurrio. Los resultados de estos an\u00e1lisis servir\u00e1n como punto de partida para el lanzamiento del proyecto Berrikusi Amurrio, el cual comenzar\u00e1 en las pr\u00f3ximas semanas.<\/p>\n<p>Para presentar en detalle esta iniciativa, se ha organizado una sesi\u00f3n informativa el d\u00eda 5 de marzo, de 15:00 a 16:00 horas, en la Kultur Etxea de Amurrio. Durante este evento, los participantes podr\u00e1n conocer las ventajas de formar parte de Berrikusi Amurrio, as\u00ed como escuchar experiencias de otros comerciantes y conocer las iniciativas concretas en las que podr\u00e1n participar en los pr\u00f3ximos meses.<\/p>\n","protected":false},"excerpt":{"rendered":"<p>Berrikusi es una nueva iniciativa del Gobierno Vasco con la que se pretende revitalizar y reactivar las econom\u00edas locales mediante la dinamizaci\u00f3n y actualizaci\u00f3n de una amplia gama de actividades, abarcando desde el comercio hasta el turismo, la cultura y el deporte. Con un enfoque especial en las actividades comerciales, que incluyen comercio, hosteler\u00eda y [&hellip;]<\/p>\n","protected":false},"author":2,"featured_media":7165,"comment_status":"closed","ping_status":"closed","sticky":false,"template":"","format":"standard","meta":{"footnotes":""},"categories":[28],"tags":[],"class_list":["post-7164","post","type-post","status-publish","format-standard","has-post-thumbnail","hentry","category-noticias"],"yoast_head":"<!-- This site is optimized with the Yoast SEO plugin v25.3 - https:\/\/yoast.com\/wordpress\/plugins\/seo\/ -->\n<title>Presentaci\u00f3n de Berrikusi el pr\u00f3ximo 5 de marzo en la Kultur Etxea - Amurrio Bidean. Garapen Agentzia - Agencia de desarrollo.<\/title>\n<meta name=\"robots\" content=\"index, follow, max-snippet:-1, max-image-preview:large, max-video-preview:-1\" \/>\n<link rel=\"canonical\" href=\"https:\/\/amurriobidean.org\/es\/presentacion-de-berrikusi-el-proximo-5-de-marzo-en-la-kultur-etxea\/\" \/>\n<meta property=\"og:locale\" content=\"es_ES\" \/>\n<meta property=\"og:type\" content=\"article\" \/>\n<meta property=\"og:title\" content=\"Presentaci\u00f3n de Berrikusi el pr\u00f3ximo 5 de marzo en la Kultur Etxea - Amurrio Bidean. Garapen Agentzia - Agencia de desarrollo.\" \/>\n<meta property=\"og:description\" content=\"Berrikusi es una nueva iniciativa del Gobierno Vasco con la que se pretende revitalizar y reactivar las econom\u00edas locales mediante la dinamizaci\u00f3n y actualizaci\u00f3n de una amplia gama de actividades, abarcando desde el comercio hasta el turismo, la cultura y el deporte. Con un enfoque especial en las actividades comerciales, que incluyen comercio, hosteler\u00eda y [&hellip;]\" \/>\n<meta property=\"og:url\" content=\"https:\/\/amurriobidean.org\/es\/presentacion-de-berrikusi-el-proximo-5-de-marzo-en-la-kultur-etxea\/\" \/>\n<meta property=\"og:site_name\" content=\"Amurrio Bidean. Garapen Agentzia - Agencia de desarrollo.\" \/>\n<meta property=\"article:publisher\" content=\"https:\/\/www.facebook.com\/amurrio.bidean\" \/>\n<meta property=\"article:published_time\" content=\"2024-02-28T10:49:45+00:00\" \/>\n<meta property=\"og:image\" content=\"https:\/\/amurriobidean.org\/wp-content\/uploads\/2024\/02\/Berrikusi-post-IG-V2.jpg\" \/>\n\t<meta property=\"og:image:width\" content=\"1080\" \/>\n\t<meta property=\"og:image:height\" content=\"1080\" \/>\n\t<meta property=\"og:image:type\" content=\"image\/jpeg\" \/>\n<meta name=\"author\" content=\"Amurrio Bidean\" \/>\n<meta name=\"twitter:card\" content=\"summary_large_image\" \/>\n<meta name=\"twitter:creator\" content=\"@amurriobidean\" \/>\n<meta name=\"twitter:site\" content=\"@amurriobidean\" \/>\n<meta name=\"twitter:label1\" content=\"Escrito por\" \/>\n\t<meta name=\"twitter:data1\" content=\"Amurrio Bidean\" \/>\n\t<meta name=\"twitter:label2\" content=\"Tiempo de lectura\" \/>\n\t<meta name=\"twitter:data2\" content=\"1 minuto\" \/>\n<script type=\"application\/ld+json\" class=\"yoast-schema-graph\">{\"@context\":\"https:\/\/schema.org\",\"@graph\":[{\"@type\":\"WebPage\",\"@id\":\"https:\/\/amurriobidean.org\/es\/presentacion-de-berrikusi-el-proximo-5-de-marzo-en-la-kultur-etxea\/\",\"url\":\"https:\/\/amurriobidean.org\/es\/presentacion-de-berrikusi-el-proximo-5-de-marzo-en-la-kultur-etxea\/\",\"name\":\"Presentaci\u00f3n de Berrikusi el pr\u00f3ximo 5 de marzo en la Kultur Etxea - Amurrio Bidean. Garapen Agentzia - Agencia de desarrollo.\",\"isPartOf\":{\"@id\":\"https:\/\/amurriobidean.org\/es\/#website\"},\"primaryImageOfPage\":{\"@id\":\"https:\/\/amurriobidean.org\/es\/presentacion-de-berrikusi-el-proximo-5-de-marzo-en-la-kultur-etxea\/#primaryimage\"},\"image\":{\"@id\":\"https:\/\/amurriobidean.org\/es\/presentacion-de-berrikusi-el-proximo-5-de-marzo-en-la-kultur-etxea\/#primaryimage\"},\"thumbnailUrl\":\"https:\/\/amurriobidean.org\/wp-content\/uploads\/2024\/02\/Berrikusi-post-IG-V2.jpg\",\"datePublished\":\"2024-02-28T10:49:45+00:00\",\"author\":{\"@id\":\"https:\/\/amurriobidean.org\/es\/#\/schema\/person\/56c71b474b3e7f5f5e6f209a6cf3abfe\"},\"breadcrumb\":{\"@id\":\"https:\/\/amurriobidean.org\/es\/presentacion-de-berrikusi-el-proximo-5-de-marzo-en-la-kultur-etxea\/#breadcrumb\"},\"inLanguage\":\"es\",\"potentialAction\":[{\"@type\":\"ReadAction\",\"target\":[\"https:\/\/amurriobidean.org\/es\/presentacion-de-berrikusi-el-proximo-5-de-marzo-en-la-kultur-etxea\/\"]}]},{\"@type\":\"ImageObject\",\"inLanguage\":\"es\",\"@id\":\"https:\/\/amurriobidean.org\/es\/presentacion-de-berrikusi-el-proximo-5-de-marzo-en-la-kultur-etxea\/#primaryimage\",\"url\":\"https:\/\/amurriobidean.org\/wp-content\/uploads\/2024\/02\/Berrikusi-post-IG-V2.jpg\",\"contentUrl\":\"https:\/\/amurriobidean.org\/wp-content\/uploads\/2024\/02\/Berrikusi-post-IG-V2.jpg\",\"width\":1080,\"height\":1080,\"caption\":\"Berrikusi Amurrio\"},{\"@type\":\"BreadcrumbList\",\"@id\":\"https:\/\/amurriobidean.org\/es\/presentacion-de-berrikusi-el-proximo-5-de-marzo-en-la-kultur-etxea\/#breadcrumb\",\"itemListElement\":[{\"@type\":\"ListItem\",\"position\":1,\"name\":\"Portada\",\"item\":\"https:\/\/amurriobidean.org\/es\/\"},{\"@type\":\"ListItem\",\"position\":2,\"name\":\"Presentaci\u00f3n de Berrikusi el pr\u00f3ximo 5 de marzo en la Kultur Etxea\"}]},{\"@type\":\"WebSite\",\"@id\":\"https:\/\/amurriobidean.org\/es\/#website\",\"url\":\"https:\/\/amurriobidean.org\/es\/\",\"name\":\"Amurrio Bidean. Garapen Agentzia - Agencia de desarrollo.\",\"description\":\"Agencia de Desarollo Local de Amurrio\",\"potentialAction\":[{\"@type\":\"SearchAction\",\"target\":{\"@type\":\"EntryPoint\",\"urlTemplate\":\"https:\/\/amurriobidean.org\/es\/?s={search_term_string}\"},\"query-input\":{\"@type\":\"PropertyValueSpecification\",\"valueRequired\":true,\"valueName\":\"search_term_string\"}}],\"inLanguage\":\"es\"},{\"@type\":\"Person\",\"@id\":\"https:\/\/amurriobidean.org\/es\/#\/schema\/person\/56c71b474b3e7f5f5e6f209a6cf3abfe\",\"name\":\"Amurrio Bidean\",\"image\":{\"@type\":\"ImageObject\",\"inLanguage\":\"es\",\"@id\":\"https:\/\/amurriobidean.org\/es\/#\/schema\/person\/image\/\",\"url\":\"https:\/\/secure.gravatar.com\/avatar\/84a34d50800d0bb5d80eba504fc44ed48c9b2faab16ad58fa7d30bce4e2b661e\",\"contentUrl\":\"https:\/\/secure.gravatar.com\/avatar\/84a34d50800d0bb5d80eba504fc44ed48c9b2faab16ad58fa7d30bce4e2b661e\",\"caption\":\"Amurrio Bidean\"},\"sameAs\":[\"http:\/\/www.amurriobidean.eus\"],\"url\":\"https:\/\/amurriobidean.org\/es\/author\/amurrio-bidean\/\"}]}<\/script>\n<!-- \/ Yoast SEO plugin. -->","yoast_head_json":{"title":"Presentaci\u00f3n de Berrikusi el pr\u00f3ximo 5 de marzo en la Kultur Etxea - Amurrio Bidean. Garapen Agentzia - Agencia de desarrollo.","robots":{"index":"index","follow":"follow","max-snippet":"max-snippet:-1","max-image-preview":"max-image-preview:large","max-video-preview":"max-video-preview:-1"},"canonical":"https:\/\/amurriobidean.org\/es\/presentacion-de-berrikusi-el-proximo-5-de-marzo-en-la-kultur-etxea\/","og_locale":"es_ES","og_type":"article","og_title":"Presentaci\u00f3n de Berrikusi el pr\u00f3ximo 5 de marzo en la Kultur Etxea - Amurrio Bidean. Garapen Agentzia - Agencia de desarrollo.","og_description":"Berrikusi es una nueva iniciativa del Gobierno Vasco con la que se pretende revitalizar y reactivar las econom\u00edas locales mediante la dinamizaci\u00f3n y actualizaci\u00f3n de una amplia gama de actividades, abarcando desde el comercio hasta el turismo, la cultura y el deporte. Con un enfoque especial en las actividades comerciales, que incluyen comercio, hosteler\u00eda y [&hellip;]","og_url":"https:\/\/amurriobidean.org\/es\/presentacion-de-berrikusi-el-proximo-5-de-marzo-en-la-kultur-etxea\/","og_site_name":"Amurrio Bidean. Garapen Agentzia - Agencia de desarrollo.","article_publisher":"https:\/\/www.facebook.com\/amurrio.bidean","article_published_time":"2024-02-28T10:49:45+00:00","og_image":[{"width":1080,"height":1080,"url":"https:\/\/amurriobidean.org\/wp-content\/uploads\/2024\/02\/Berrikusi-post-IG-V2.jpg","type":"image\/jpeg"}],"author":"Amurrio Bidean","twitter_card":"summary_large_image","twitter_creator":"@amurriobidean","twitter_site":"@amurriobidean","twitter_misc":{"Escrito por":"Amurrio Bidean","Tiempo de lectura":"1 minuto"},"schema":{"@context":"https:\/\/schema.org","@graph":[{"@type":"WebPage","@id":"https:\/\/amurriobidean.org\/es\/presentacion-de-berrikusi-el-proximo-5-de-marzo-en-la-kultur-etxea\/","url":"https:\/\/amurriobidean.org\/es\/presentacion-de-berrikusi-el-proximo-5-de-marzo-en-la-kultur-etxea\/","name":"Presentaci\u00f3n de Berrikusi el pr\u00f3ximo 5 de marzo en la Kultur Etxea - Amurrio Bidean. Garapen Agentzia - Agencia de desarrollo.","isPartOf":{"@id":"https:\/\/amurriobidean.org\/es\/#website"},"primaryImageOfPage":{"@id":"https:\/\/amurriobidean.org\/es\/presentacion-de-berrikusi-el-proximo-5-de-marzo-en-la-kultur-etxea\/#primaryimage"},"image":{"@id":"https:\/\/amurriobidean.org\/es\/presentacion-de-berrikusi-el-proximo-5-de-marzo-en-la-kultur-etxea\/#primaryimage"},"thumbnailUrl":"https:\/\/amurriobidean.org\/wp-content\/uploads\/2024\/02\/Berrikusi-post-IG-V2.jpg","datePublished":"2024-02-28T10:49:45+00:00","author":{"@id":"https:\/\/amurriobidean.org\/es\/#\/schema\/person\/56c71b474b3e7f5f5e6f209a6cf3abfe"},"breadcrumb":{"@id":"https:\/\/amurriobidean.org\/es\/presentacion-de-berrikusi-el-proximo-5-de-marzo-en-la-kultur-etxea\/#breadcrumb"},"inLanguage":"es","potentialAction":[{"@type":"ReadAction","target":["https:\/\/amurriobidean.org\/es\/presentacion-de-berrikusi-el-proximo-5-de-marzo-en-la-kultur-etxea\/"]}]},{"@type":"ImageObject","inLanguage":"es","@id":"https:\/\/amurriobidean.org\/es\/presentacion-de-berrikusi-el-proximo-5-de-marzo-en-la-kultur-etxea\/#primaryimage","url":"https:\/\/amurriobidean.org\/wp-content\/uploads\/2024\/02\/Berrikusi-post-IG-V2.jpg","contentUrl":"https:\/\/amurriobidean.org\/wp-content\/uploads\/2024\/02\/Berrikusi-post-IG-V2.jpg","width":1080,"height":1080,"caption":"Berrikusi Amurrio"},{"@type":"BreadcrumbList","@id":"https:\/\/amurriobidean.org\/es\/presentacion-de-berrikusi-el-proximo-5-de-marzo-en-la-kultur-etxea\/#breadcrumb","itemListElement":[{"@type":"ListItem","position":1,"name":"Portada","item":"https:\/\/amurriobidean.org\/es\/"},{"@type":"ListItem","position":2,"name":"Presentaci\u00f3n de Berrikusi el pr\u00f3ximo 5 de marzo en la Kultur Etxea"}]},{"@type":"WebSite","@id":"https:\/\/amurriobidean.org\/es\/#website","url":"https:\/\/amurriobidean.org\/es\/","name":"Amurrio Bidean. Garapen Agentzia - Agencia de desarrollo.","description":"Agencia de Desarollo Local de Amurrio","potentialAction":[{"@type":"SearchAction","target":{"@type":"EntryPoint","urlTemplate":"https:\/\/amurriobidean.org\/es\/?s={search_term_string}"},"query-input":{"@type":"PropertyValueSpecification","valueRequired":true,"valueName":"search_term_string"}}],"inLanguage":"es"},{"@type":"Person","@id":"https:\/\/amurriobidean.org\/es\/#\/schema\/person\/56c71b474b3e7f5f5e6f209a6cf3abfe","name":"Amurrio Bidean","image":{"@type":"ImageObject","inLanguage":"es","@id":"https:\/\/amurriobidean.org\/es\/#\/schema\/person\/image\/","url":"https:\/\/secure.gravatar.com\/avatar\/84a34d50800d0bb5d80eba504fc44ed48c9b2faab16ad58fa7d30bce4e2b661e","contentUrl":"https:\/\/secure.gravatar.com\/avatar\/84a34d50800d0bb5d80eba504fc44ed48c9b2faab16ad58fa7d30bce4e2b661e","caption":"Amurrio Bidean"},"sameAs":["http:\/\/www.amurriobidean.eus"],"url":"https:\/\/amurriobidean.org\/es\/author\/amurrio-bidean\/"}]}},"_links":{"self":[{"href":"https:\/\/amurriobidean.org\/es\/wp-json\/wp\/v2\/posts\/7164","targetHints":{"allow":["GET"]}}],"collection":[{"href":"https:\/\/amurriobidean.org\/es\/wp-json\/wp\/v2\/posts"}],"about":[{"href":"https:\/\/amurriobidean.org\/es\/wp-json\/wp\/v2\/types\/post"}],"author":[{"embeddable":true,"href":"https:\/\/amurriobidean.org\/es\/wp-json\/wp\/v2\/users\/2"}],"replies":[{"embeddable":true,"href":"https:\/\/amurriobidean.org\/es\/wp-json\/wp\/v2\/comments?post=7164"}],"version-history":[{"count":0,"href":"https:\/\/amurriobidean.org\/es\/wp-json\/wp\/v2\/posts\/7164\/revisions"}],"wp:featuredmedia":[{"embeddable":true,"href":"https:\/\/amurriobidean.org\/es\/wp-json\/wp\/v2\/media\/7165"}],"wp:attachment":[{"href":"https:\/\/amurriobidean.org\/es\/wp-json\/wp\/v2\/media?parent=7164"}],"wp:term":[{"taxonomy":"category","embeddable":true,"href":"https:\/\/amurriobidean.org\/es\/wp-json\/wp\/v2\/categories?post=7164"},{"taxonomy":"post_tag","embeddable":true,"href":"https:\/\/amurriobidean.org\/es\/wp-json\/wp\/v2\/tags?post=7164"}],"curies":[{"name":"wp","href":"https:\/\/api.w.org\/{rel}","templated":true}]}}