{"id":7154,"date":"2024-02-20T13:30:52","date_gmt":"2024-02-20T11:30:52","guid":{"rendered":"https:\/\/amurriobidean.org\/?p=7154"},"modified":"2024-02-20T13:30:52","modified_gmt":"2024-02-20T11:30:52","slug":"el-equipo-amurrio-race-competira-por-primera-vez-en-el-circuito-de-san-mames-el-dia-10-de-marzo","status":"publish","type":"post","link":"https:\/\/amurriobidean.org\/es\/el-equipo-amurrio-race-competira-por-primera-vez-en-el-circuito-de-san-mames-el-dia-10-de-marzo\/","title":{"rendered":"El equipo Amurrio Race competir\u00e1 por primera vez en el circuito de San Mames el d\u00eda 10 de marzo"},"content":{"rendered":"<p>Amurrio Race es un equipo de chavalas y chavales entre 11 y 16 a\u00f1os que todos los lunes se juntan en el Instituto Zaraobe para montar un coche el\u00e9ctrico con el que competir en los circuitos de Green Power Iberia<\/p>\n<p>Se trata de un proyecto para que las personas j\u00f3venes de Amurrio despierten su gusto por la ciencia, tecnolog\u00eda, ingenier\u00eda, arte y matem\u00e1ticas (habilidades denominadas STEAM), a trav\u00e9s de la gesti\u00f3n de un equipo de automovilismo.\u00a0 El proyecto surge de la agencia de desarrollo local Amurrio Bidean, que ha adquirido un chasis con el que competir, y los j\u00f3venes de diferentes centros educativos del municipio trabajan en equipo todos lunes en el Instituto Zaraobe, que ha prestado las instalaciones (taller y herramientas).<\/p>\n<p>Actualmente el coche est\u00e1 casi listo para competir el 10 de marzo, pero el equipo necesita algunos elementos extra para poder competir como son guantes, casco, mono de trabajo, carrocer\u00eda, herramientas b\u00e1sicas para la carrera, apoyo log\u00edstico para desplazarse a las carreras\u2026<\/p>\n<p>Por eso hacen un llamamiento a las empresas del municipio que quieran patrocinarles. \u00a0A cambio de los elementos necesarios para completar el coche y competir, ofrecen incluir la publicidad de la empresa tanto en el coche como en las redes sociales del proyecto que gestionan (instagram @amurrio_race) para agradecer la colaboraci\u00f3n.<\/p>\n<p>Por lo tanto, aquellas empresas interesadas pod\u00e9is poneros en contacto con Amurrio Bidean en el tel\u00e9fono 945891721 o por mail escribiendo a <a href=\"mailto:empresa@amurriobidean.org\">empresa@amurriobidean.org<\/a> o con el propio equipo llamando al 634495004 o escribiendo al correo <a href=\"mailto:raceamurrio@gmail.com\">raceamurrio@gmail.com<\/a> y contactando con Ryan Ganzabal.<\/p>\n<p><a href=\"https:\/\/amurriobidean.org\/wp-content\/uploads\/2024\/02\/Folleto-Info-Amurrio-Race_cas.pdf\" target=\"_blank\" rel=\"noopener\">Folleto Informativo Amurrio Race<\/a><\/p>\n","protected":false},"excerpt":{"rendered":"<p>Amurrio Race es un equipo de chavalas y chavales entre 11 y 16 a\u00f1os que todos los lunes se juntan en el Instituto Zaraobe para montar un coche el\u00e9ctrico con el que competir en los circuitos de Green Power Iberia Se trata de un proyecto para que las personas j\u00f3venes de Amurrio despierten su gusto [&hellip;]<\/p>\n","protected":false},"author":5,"featured_media":7149,"comment_status":"closed","ping_status":"closed","sticky":false,"template":"","format":"standard","meta":{"footnotes":""},"categories":[28],"tags":[],"class_list":["post-7154","post","type-post","status-publish","format-standard","has-post-thumbnail","hentry","category-noticias"],"yoast_head":"<!-- This site is optimized with the Yoast SEO plugin v25.3 - https:\/\/yoast.com\/wordpress\/plugins\/seo\/ -->\n<title>El equipo Amurrio Race competir\u00e1 por primera vez en el circuito de San Mames el d\u00eda 10 de marzo - Amurrio Bidean. Garapen Agentzia - Agencia de desarrollo.<\/title>\n<meta name=\"description\" content=\"En San Mames el 10 de marzo\" \/>\n<meta name=\"robots\" content=\"index, follow, max-snippet:-1, max-image-preview:large, max-video-preview:-1\" \/>\n<link rel=\"canonical\" href=\"https:\/\/amurriobidean.org\/es\/el-equipo-amurrio-race-competira-por-primera-vez-en-el-circuito-de-san-mames-el-dia-10-de-marzo\/\" \/>\n<meta property=\"og:locale\" content=\"es_ES\" \/>\n<meta property=\"og:type\" content=\"article\" \/>\n<meta property=\"og:title\" content=\"El equipo Amurrio Race competir\u00e1 por primera vez en el circuito de San Mames el d\u00eda 10 de marzo - Amurrio Bidean. Garapen Agentzia - Agencia de desarrollo.\" \/>\n<meta property=\"og:description\" content=\"En San Mames el 10 de marzo\" \/>\n<meta property=\"og:url\" content=\"https:\/\/amurriobidean.org\/es\/el-equipo-amurrio-race-competira-por-primera-vez-en-el-circuito-de-san-mames-el-dia-10-de-marzo\/\" \/>\n<meta property=\"og:site_name\" content=\"Amurrio Bidean. Garapen Agentzia - Agencia de desarrollo.\" \/>\n<meta property=\"article:publisher\" content=\"https:\/\/www.facebook.com\/amurrio.bidean\" \/>\n<meta property=\"article:published_time\" content=\"2024-02-20T11:30:52+00:00\" \/>\n<meta property=\"og:image\" content=\"https:\/\/amurriobidean.org\/wp-content\/uploads\/2024\/02\/logotipo.png\" \/>\n\t<meta property=\"og:image:width\" content=\"859\" \/>\n\t<meta property=\"og:image:height\" content=\"511\" \/>\n\t<meta property=\"og:image:type\" content=\"image\/png\" \/>\n<meta name=\"author\" content=\"Oihane GilSanz\" \/>\n<meta name=\"twitter:card\" content=\"summary_large_image\" \/>\n<meta name=\"twitter:creator\" content=\"@amurriobidean\" \/>\n<meta name=\"twitter:site\" content=\"@amurriobidean\" \/>\n<meta name=\"twitter:label1\" content=\"Escrito por\" \/>\n\t<meta name=\"twitter:data1\" content=\"Oihane GilSanz\" \/>\n\t<meta name=\"twitter:label2\" content=\"Tiempo de lectura\" \/>\n\t<meta name=\"twitter:data2\" content=\"2 minutos\" \/>\n<script type=\"application\/ld+json\" class=\"yoast-schema-graph\">{\"@context\":\"https:\/\/schema.org\",\"@graph\":[{\"@type\":\"WebPage\",\"@id\":\"https:\/\/amurriobidean.org\/es\/el-equipo-amurrio-race-competira-por-primera-vez-en-el-circuito-de-san-mames-el-dia-10-de-marzo\/\",\"url\":\"https:\/\/amurriobidean.org\/es\/el-equipo-amurrio-race-competira-por-primera-vez-en-el-circuito-de-san-mames-el-dia-10-de-marzo\/\",\"name\":\"El equipo Amurrio Race competir\u00e1 por primera vez en el circuito de San Mames el d\u00eda 10 de marzo - Amurrio Bidean. Garapen Agentzia - Agencia de desarrollo.\",\"isPartOf\":{\"@id\":\"https:\/\/amurriobidean.org\/es\/#website\"},\"primaryImageOfPage\":{\"@id\":\"https:\/\/amurriobidean.org\/es\/el-equipo-amurrio-race-competira-por-primera-vez-en-el-circuito-de-san-mames-el-dia-10-de-marzo\/#primaryimage\"},\"image\":{\"@id\":\"https:\/\/amurriobidean.org\/es\/el-equipo-amurrio-race-competira-por-primera-vez-en-el-circuito-de-san-mames-el-dia-10-de-marzo\/#primaryimage\"},\"thumbnailUrl\":\"https:\/\/amurriobidean.org\/wp-content\/uploads\/2024\/02\/logotipo.png\",\"datePublished\":\"2024-02-20T11:30:52+00:00\",\"author\":{\"@id\":\"https:\/\/amurriobidean.org\/es\/#\/schema\/person\/7457391104215a2811afeb1f9ed980b0\"},\"description\":\"En San Mames el 10 de marzo\",\"breadcrumb\":{\"@id\":\"https:\/\/amurriobidean.org\/es\/el-equipo-amurrio-race-competira-por-primera-vez-en-el-circuito-de-san-mames-el-dia-10-de-marzo\/#breadcrumb\"},\"inLanguage\":\"es\",\"potentialAction\":[{\"@type\":\"ReadAction\",\"target\":[\"https:\/\/amurriobidean.org\/es\/el-equipo-amurrio-race-competira-por-primera-vez-en-el-circuito-de-san-mames-el-dia-10-de-marzo\/\"]}]},{\"@type\":\"ImageObject\",\"inLanguage\":\"es\",\"@id\":\"https:\/\/amurriobidean.org\/es\/el-equipo-amurrio-race-competira-por-primera-vez-en-el-circuito-de-san-mames-el-dia-10-de-marzo\/#primaryimage\",\"url\":\"https:\/\/amurriobidean.org\/wp-content\/uploads\/2024\/02\/logotipo.png\",\"contentUrl\":\"https:\/\/amurriobidean.org\/wp-content\/uploads\/2024\/02\/logotipo.png\",\"width\":859,\"height\":511},{\"@type\":\"BreadcrumbList\",\"@id\":\"https:\/\/amurriobidean.org\/es\/el-equipo-amurrio-race-competira-por-primera-vez-en-el-circuito-de-san-mames-el-dia-10-de-marzo\/#breadcrumb\",\"itemListElement\":[{\"@type\":\"ListItem\",\"position\":1,\"name\":\"Portada\",\"item\":\"https:\/\/amurriobidean.org\/es\/\"},{\"@type\":\"ListItem\",\"position\":2,\"name\":\"El equipo Amurrio Race competir\u00e1 por primera vez en el circuito de San Mames el d\u00eda 10 de marzo\"}]},{\"@type\":\"WebSite\",\"@id\":\"https:\/\/amurriobidean.org\/es\/#website\",\"url\":\"https:\/\/amurriobidean.org\/es\/\",\"name\":\"Amurrio Bidean. Garapen Agentzia - Agencia de desarrollo.\",\"description\":\"Agencia de Desarollo Local de Amurrio\",\"potentialAction\":[{\"@type\":\"SearchAction\",\"target\":{\"@type\":\"EntryPoint\",\"urlTemplate\":\"https:\/\/amurriobidean.org\/es\/?s={search_term_string}\"},\"query-input\":{\"@type\":\"PropertyValueSpecification\",\"valueRequired\":true,\"valueName\":\"search_term_string\"}}],\"inLanguage\":\"es\"},{\"@type\":\"Person\",\"@id\":\"https:\/\/amurriobidean.org\/es\/#\/schema\/person\/7457391104215a2811afeb1f9ed980b0\",\"name\":\"Oihane GilSanz\",\"image\":{\"@type\":\"ImageObject\",\"inLanguage\":\"es\",\"@id\":\"https:\/\/amurriobidean.org\/es\/#\/schema\/person\/image\/\",\"url\":\"https:\/\/secure.gravatar.com\/avatar\/1df40c200bdd5927aedf4bd5cac24befa9a952559bc6430083077db9286c3c63\",\"contentUrl\":\"https:\/\/secure.gravatar.com\/avatar\/1df40c200bdd5927aedf4bd5cac24befa9a952559bc6430083077db9286c3c63\",\"caption\":\"Oihane GilSanz\"},\"url\":\"https:\/\/amurriobidean.org\/es\/author\/oihane\/\"}]}<\/script>\n<!-- \/ Yoast SEO plugin. -->","yoast_head_json":{"title":"El equipo Amurrio Race competir\u00e1 por primera vez en el circuito de San Mames el d\u00eda 10 de marzo - Amurrio Bidean. Garapen Agentzia - Agencia de desarrollo.","description":"En San Mames el 10 de marzo","robots":{"index":"index","follow":"follow","max-snippet":"max-snippet:-1","max-image-preview":"max-image-preview:large","max-video-preview":"max-video-preview:-1"},"canonical":"https:\/\/amurriobidean.org\/es\/el-equipo-amurrio-race-competira-por-primera-vez-en-el-circuito-de-san-mames-el-dia-10-de-marzo\/","og_locale":"es_ES","og_type":"article","og_title":"El equipo Amurrio Race competir\u00e1 por primera vez en el circuito de San Mames el d\u00eda 10 de marzo - Amurrio Bidean. Garapen Agentzia - Agencia de desarrollo.","og_description":"En San Mames el 10 de marzo","og_url":"https:\/\/amurriobidean.org\/es\/el-equipo-amurrio-race-competira-por-primera-vez-en-el-circuito-de-san-mames-el-dia-10-de-marzo\/","og_site_name":"Amurrio Bidean. Garapen Agentzia - Agencia de desarrollo.","article_publisher":"https:\/\/www.facebook.com\/amurrio.bidean","article_published_time":"2024-02-20T11:30:52+00:00","og_image":[{"width":859,"height":511,"url":"https:\/\/amurriobidean.org\/wp-content\/uploads\/2024\/02\/logotipo.png","type":"image\/png"}],"author":"Oihane GilSanz","twitter_card":"summary_large_image","twitter_creator":"@amurriobidean","twitter_site":"@amurriobidean","twitter_misc":{"Escrito por":"Oihane GilSanz","Tiempo de lectura":"2 minutos"},"schema":{"@context":"https:\/\/schema.org","@graph":[{"@type":"WebPage","@id":"https:\/\/amurriobidean.org\/es\/el-equipo-amurrio-race-competira-por-primera-vez-en-el-circuito-de-san-mames-el-dia-10-de-marzo\/","url":"https:\/\/amurriobidean.org\/es\/el-equipo-amurrio-race-competira-por-primera-vez-en-el-circuito-de-san-mames-el-dia-10-de-marzo\/","name":"El equipo Amurrio Race competir\u00e1 por primera vez en el circuito de San Mames el d\u00eda 10 de marzo - Amurrio Bidean. Garapen Agentzia - Agencia de desarrollo.","isPartOf":{"@id":"https:\/\/amurriobidean.org\/es\/#website"},"primaryImageOfPage":{"@id":"https:\/\/amurriobidean.org\/es\/el-equipo-amurrio-race-competira-por-primera-vez-en-el-circuito-de-san-mames-el-dia-10-de-marzo\/#primaryimage"},"image":{"@id":"https:\/\/amurriobidean.org\/es\/el-equipo-amurrio-race-competira-por-primera-vez-en-el-circuito-de-san-mames-el-dia-10-de-marzo\/#primaryimage"},"thumbnailUrl":"https:\/\/amurriobidean.org\/wp-content\/uploads\/2024\/02\/logotipo.png","datePublished":"2024-02-20T11:30:52+00:00","author":{"@id":"https:\/\/amurriobidean.org\/es\/#\/schema\/person\/7457391104215a2811afeb1f9ed980b0"},"description":"En San Mames el 10 de marzo","breadcrumb":{"@id":"https:\/\/amurriobidean.org\/es\/el-equipo-amurrio-race-competira-por-primera-vez-en-el-circuito-de-san-mames-el-dia-10-de-marzo\/#breadcrumb"},"inLanguage":"es","potentialAction":[{"@type":"ReadAction","target":["https:\/\/amurriobidean.org\/es\/el-equipo-amurrio-race-competira-por-primera-vez-en-el-circuito-de-san-mames-el-dia-10-de-marzo\/"]}]},{"@type":"ImageObject","inLanguage":"es","@id":"https:\/\/amurriobidean.org\/es\/el-equipo-amurrio-race-competira-por-primera-vez-en-el-circuito-de-san-mames-el-dia-10-de-marzo\/#primaryimage","url":"https:\/\/amurriobidean.org\/wp-content\/uploads\/2024\/02\/logotipo.png","contentUrl":"https:\/\/amurriobidean.org\/wp-content\/uploads\/2024\/02\/logotipo.png","width":859,"height":511},{"@type":"BreadcrumbList","@id":"https:\/\/amurriobidean.org\/es\/el-equipo-amurrio-race-competira-por-primera-vez-en-el-circuito-de-san-mames-el-dia-10-de-marzo\/#breadcrumb","itemListElement":[{"@type":"ListItem","position":1,"name":"Portada","item":"https:\/\/amurriobidean.org\/es\/"},{"@type":"ListItem","position":2,"name":"El equipo Amurrio Race competir\u00e1 por primera vez en el circuito de San Mames el d\u00eda 10 de marzo"}]},{"@type":"WebSite","@id":"https:\/\/amurriobidean.org\/es\/#website","url":"https:\/\/amurriobidean.org\/es\/","name":"Amurrio Bidean. Garapen Agentzia - Agencia de desarrollo.","description":"Agencia de Desarollo Local de Amurrio","potentialAction":[{"@type":"SearchAction","target":{"@type":"EntryPoint","urlTemplate":"https:\/\/amurriobidean.org\/es\/?s={search_term_string}"},"query-input":{"@type":"PropertyValueSpecification","valueRequired":true,"valueName":"search_term_string"}}],"inLanguage":"es"},{"@type":"Person","@id":"https:\/\/amurriobidean.org\/es\/#\/schema\/person\/7457391104215a2811afeb1f9ed980b0","name":"Oihane GilSanz","image":{"@type":"ImageObject","inLanguage":"es","@id":"https:\/\/amurriobidean.org\/es\/#\/schema\/person\/image\/","url":"https:\/\/secure.gravatar.com\/avatar\/1df40c200bdd5927aedf4bd5cac24befa9a952559bc6430083077db9286c3c63","contentUrl":"https:\/\/secure.gravatar.com\/avatar\/1df40c200bdd5927aedf4bd5cac24befa9a952559bc6430083077db9286c3c63","caption":"Oihane GilSanz"},"url":"https:\/\/amurriobidean.org\/es\/author\/oihane\/"}]}},"_links":{"self":[{"href":"https:\/\/amurriobidean.org\/es\/wp-json\/wp\/v2\/posts\/7154","targetHints":{"allow":["GET"]}}],"collection":[{"href":"https:\/\/amurriobidean.org\/es\/wp-json\/wp\/v2\/posts"}],"about":[{"href":"https:\/\/amurriobidean.org\/es\/wp-json\/wp\/v2\/types\/post"}],"author":[{"embeddable":true,"href":"https:\/\/amurriobidean.org\/es\/wp-json\/wp\/v2\/users\/5"}],"replies":[{"embeddable":true,"href":"https:\/\/amurriobidean.org\/es\/wp-json\/wp\/v2\/comments?post=7154"}],"version-history":[{"count":0,"href":"https:\/\/amurriobidean.org\/es\/wp-json\/wp\/v2\/posts\/7154\/revisions"}],"wp:featuredmedia":[{"embeddable":true,"href":"https:\/\/amurriobidean.org\/es\/wp-json\/wp\/v2\/media\/7149"}],"wp:attachment":[{"href":"https:\/\/amurriobidean.org\/es\/wp-json\/wp\/v2\/media?parent=7154"}],"wp:term":[{"taxonomy":"category","embeddable":true,"href":"https:\/\/amurriobidean.org\/es\/wp-json\/wp\/v2\/categories?post=7154"},{"taxonomy":"post_tag","embeddable":true,"href":"https:\/\/amurriobidean.org\/es\/wp-json\/wp\/v2\/tags?post=7154"}],"curies":[{"name":"wp","href":"https:\/\/api.w.org\/{rel}","templated":true}]}}