{"id":6910,"date":"2023-12-05T14:52:11","date_gmt":"2023-12-05T12:52:11","guid":{"rendered":"https:\/\/amurriobidean.org\/?p=6910"},"modified":"2023-12-05T14:52:11","modified_gmt":"2023-12-05T12:52:11","slug":"el-proximo-15-de-diciembre-tendra-lugar-la-jornada-emprende-en-aiaraldea-te-contamos-como-en-las-instalaciones-de-amurrio-bidean-en-el-refor","status":"publish","type":"post","link":"https:\/\/amurriobidean.org\/es\/el-proximo-15-de-diciembre-tendra-lugar-la-jornada-emprende-en-aiaraldea-te-contamos-como-en-las-instalaciones-de-amurrio-bidean-en-el-refor\/","title":{"rendered":"EL PR\u00d3XIMO 15 DE DICIEMBRE TENDR\u00c1 LUGAR LA JORNADA EMPRENDE EN AIARALDEA : TE CONTAMOS C\u00d3MO EN LAS INSTALACIONES DE AMURRIO BIDEAN EN EL REFOR."},"content":{"rendered":"<p><em>La jornada se celebrar\u00e1 de 11.00 a 12.30 h y el objetivo es poner en valor el potencial emprendedor de nuestra comarca para facilitar la puesta en marcha de nuevas iniciativas empresariales<\/em><\/p>\n<p>La jornada est\u00e1 dirigida tanto a personas con una idea o proyecto de empresa como a negocios que quieran darle una vuelta a su actividad, as\u00ed como a todas aquellas personas que sienten curiosidad o inquietud por emprender.<\/p>\n<p>No hay recetas m\u00e1gicas que aseguren el \u00e9xito de una nueva iniciativa o empresa, pero escuchar la experiencia de expertos en la materia u otras personas emprendedoras puede ser de gran ayuda.<\/p>\n<p>Por ello, Jorge Ortiz de Urtaran, experto en emprendizaje, dinamizar\u00e1 la jornada y expondr\u00e1 desde su experiencia como emprendedor las tres claves para aprovechar las oportunidades a la hora de emprender. Emprender, entendido en un sentido amplio y que tiene que ver, fundamentalmente, con la actitud.<\/p>\n<p>A continuaci\u00f3n, Aitor \u00c1lvarez, fundador y CEO de Basq Company contar\u00e1 su experiencia hasta lograr lanzar al mercado las primeras zapatillas 100% recicladas. \u00a0Con su modelo de negocio quiere demostrar que la sostenibilidad no est\u00e1 re\u00f1ida con la rentabilidad. A su vez, tratar\u00e1 temas como la innovaci\u00f3n, el comercio-on-line o el crowdfunding como forma de financiaci\u00f3n de proyectos, etc.<\/p>\n<p>Finalmente, habr\u00e1 una mesa redonda donde tres personas emprendedoras de la comarca compartir\u00e1n sus experiencias; principales satisfacciones personales y profesionales, qu\u00e9 cambiar\u00edan si supieran lo que hoy saben, c\u00f3mo han hecho frente a los momentos cr\u00edticos, etc.\u00a0 Ser\u00e1n distintos perfiles que responden a distintas motivaciones para emprender; relevo generacional e innovaci\u00f3n, hacer lo que te apasiona, etc.<\/p>\n<p>La jornada est\u00e1 subvencionada por la Fundaci\u00f3n Vital Fundazioa a trav\u00e9s de la Cuadrilla de Ayala.<\/p>\n<p>Para ampliar informaci\u00f3n contactar con Amurrio Bidean en el tel\u00e9fono. 945891721 o por mail <a href=\"mailto:autoempleo@amurriobidean.org\">autoempleo@amurriobidean.org<\/a><\/p>\n<p>Inscripciones en el siguiente formulario: <a href=\"https:\/\/forms.office.com\/e\/u6KhZfhL1e\">https:\/\/forms.office.com\/e\/u6KhZfhL1e<\/a><\/p>\n<p>Desc\u00e1rgate el programa aqu\u00ed: <a href=\"https:\/\/amurriobidean.org\/wp-content\/uploads\/2023\/12\/Emprende-ayala-2023_caste.pdf\" target=\"_blank\" rel=\"noopener\">Programa jornada Emprender en Aiaraldea<\/a><\/p>\n","protected":false},"excerpt":{"rendered":"<p>La jornada se celebrar\u00e1 de 11.00 a 12.30 h y el objetivo es poner en valor el potencial emprendedor de nuestra comarca para facilitar la puesta en marcha de nuevas iniciativas empresariales La jornada est\u00e1 dirigida tanto a personas con una idea o proyecto de empresa como a negocios que quieran darle una vuelta a [&hellip;]<\/p>\n","protected":false},"author":5,"featured_media":6902,"comment_status":"closed","ping_status":"closed","sticky":false,"template":"","format":"standard","meta":{"footnotes":""},"categories":[28],"tags":[],"class_list":["post-6910","post","type-post","status-publish","format-standard","has-post-thumbnail","hentry","category-noticias"],"yoast_head":"<!-- This site is optimized with the Yoast SEO plugin v25.3 - https:\/\/yoast.com\/wordpress\/plugins\/seo\/ -->\n<title>EL PR\u00d3XIMO 15 DE DICIEMBRE TENDR\u00c1 LUGAR LA JORNADA EMPRENDE EN AIARALDEA : TE CONTAMOS C\u00d3MO EN LAS INSTALACIONES DE AMURRIO BIDEAN EN EL REFOR. - Amurrio Bidean. Garapen Agentzia - Agencia de desarrollo.<\/title>\n<meta name=\"description\" content=\"Se celebrar\u00e1 en Amurrio Bidean de 11.00 a 12.30 h con el objetivo de poner en valor el potencial emprendedor de nuestra comarca\" \/>\n<meta name=\"robots\" content=\"index, follow, max-snippet:-1, max-image-preview:large, max-video-preview:-1\" \/>\n<link rel=\"canonical\" href=\"https:\/\/amurriobidean.org\/es\/el-proximo-15-de-diciembre-tendra-lugar-la-jornada-emprende-en-aiaraldea-te-contamos-como-en-las-instalaciones-de-amurrio-bidean-en-el-refor\/\" \/>\n<meta property=\"og:locale\" content=\"es_ES\" \/>\n<meta property=\"og:type\" content=\"article\" \/>\n<meta property=\"og:title\" content=\"EL PR\u00d3XIMO 15 DE DICIEMBRE TENDR\u00c1 LUGAR LA JORNADA EMPRENDE EN AIARALDEA : TE CONTAMOS C\u00d3MO EN LAS INSTALACIONES DE AMURRIO BIDEAN EN EL REFOR. - Amurrio Bidean. Garapen Agentzia - Agencia de desarrollo.\" \/>\n<meta property=\"og:description\" content=\"Se celebrar\u00e1 en Amurrio Bidean de 11.00 a 12.30 h con el objetivo de poner en valor el potencial emprendedor de nuestra comarca\" \/>\n<meta property=\"og:url\" content=\"https:\/\/amurriobidean.org\/es\/el-proximo-15-de-diciembre-tendra-lugar-la-jornada-emprende-en-aiaraldea-te-contamos-como-en-las-instalaciones-de-amurrio-bidean-en-el-refor\/\" \/>\n<meta property=\"og:site_name\" content=\"Amurrio Bidean. Garapen Agentzia - Agencia de desarrollo.\" \/>\n<meta property=\"article:publisher\" content=\"https:\/\/www.facebook.com\/amurrio.bidean\" \/>\n<meta property=\"article:published_time\" content=\"2023-12-05T12:52:11+00:00\" \/>\n<meta property=\"og:image\" content=\"https:\/\/amurriobidean.org\/wp-content\/uploads\/2023\/12\/Programa_Jornada_Emprend_15dic_cast-e1701780681269-1030x628.png\" \/>\n\t<meta property=\"og:image:width\" content=\"1030\" \/>\n\t<meta property=\"og:image:height\" content=\"628\" \/>\n\t<meta property=\"og:image:type\" content=\"image\/png\" \/>\n<meta name=\"author\" content=\"Oihane GilSanz\" \/>\n<meta name=\"twitter:card\" content=\"summary_large_image\" \/>\n<meta name=\"twitter:creator\" content=\"@amurriobidean\" \/>\n<meta name=\"twitter:site\" content=\"@amurriobidean\" \/>\n<meta name=\"twitter:label1\" content=\"Escrito por\" \/>\n\t<meta name=\"twitter:data1\" content=\"Oihane GilSanz\" \/>\n\t<meta name=\"twitter:label2\" content=\"Tiempo de lectura\" \/>\n\t<meta name=\"twitter:data2\" content=\"2 minutos\" \/>\n<script type=\"application\/ld+json\" class=\"yoast-schema-graph\">{\"@context\":\"https:\/\/schema.org\",\"@graph\":[{\"@type\":\"WebPage\",\"@id\":\"https:\/\/amurriobidean.org\/es\/el-proximo-15-de-diciembre-tendra-lugar-la-jornada-emprende-en-aiaraldea-te-contamos-como-en-las-instalaciones-de-amurrio-bidean-en-el-refor\/\",\"url\":\"https:\/\/amurriobidean.org\/es\/el-proximo-15-de-diciembre-tendra-lugar-la-jornada-emprende-en-aiaraldea-te-contamos-como-en-las-instalaciones-de-amurrio-bidean-en-el-refor\/\",\"name\":\"EL PR\u00d3XIMO 15 DE DICIEMBRE TENDR\u00c1 LUGAR LA JORNADA EMPRENDE EN AIARALDEA : TE CONTAMOS C\u00d3MO EN LAS INSTALACIONES DE AMURRIO BIDEAN EN EL REFOR. - Amurrio Bidean. Garapen Agentzia - Agencia de desarrollo.\",\"isPartOf\":{\"@id\":\"https:\/\/amurriobidean.org\/es\/#website\"},\"primaryImageOfPage\":{\"@id\":\"https:\/\/amurriobidean.org\/es\/el-proximo-15-de-diciembre-tendra-lugar-la-jornada-emprende-en-aiaraldea-te-contamos-como-en-las-instalaciones-de-amurrio-bidean-en-el-refor\/#primaryimage\"},\"image\":{\"@id\":\"https:\/\/amurriobidean.org\/es\/el-proximo-15-de-diciembre-tendra-lugar-la-jornada-emprende-en-aiaraldea-te-contamos-como-en-las-instalaciones-de-amurrio-bidean-en-el-refor\/#primaryimage\"},\"thumbnailUrl\":\"https:\/\/amurriobidean.org\/wp-content\/uploads\/2023\/12\/Programa_Jornada_Emprend_15dic_cast-e1701780681269.png\",\"datePublished\":\"2023-12-05T12:52:11+00:00\",\"author\":{\"@id\":\"https:\/\/amurriobidean.org\/es\/#\/schema\/person\/7457391104215a2811afeb1f9ed980b0\"},\"description\":\"Se celebrar\u00e1 en Amurrio Bidean de 11.00 a 12.30 h con el objetivo de poner en valor el potencial emprendedor de nuestra comarca\",\"breadcrumb\":{\"@id\":\"https:\/\/amurriobidean.org\/es\/el-proximo-15-de-diciembre-tendra-lugar-la-jornada-emprende-en-aiaraldea-te-contamos-como-en-las-instalaciones-de-amurrio-bidean-en-el-refor\/#breadcrumb\"},\"inLanguage\":\"es\",\"potentialAction\":[{\"@type\":\"ReadAction\",\"target\":[\"https:\/\/amurriobidean.org\/es\/el-proximo-15-de-diciembre-tendra-lugar-la-jornada-emprende-en-aiaraldea-te-contamos-como-en-las-instalaciones-de-amurrio-bidean-en-el-refor\/\"]}]},{\"@type\":\"ImageObject\",\"inLanguage\":\"es\",\"@id\":\"https:\/\/amurriobidean.org\/es\/el-proximo-15-de-diciembre-tendra-lugar-la-jornada-emprende-en-aiaraldea-te-contamos-como-en-las-instalaciones-de-amurrio-bidean-en-el-refor\/#primaryimage\",\"url\":\"https:\/\/amurriobidean.org\/wp-content\/uploads\/2023\/12\/Programa_Jornada_Emprend_15dic_cast-e1701780681269.png\",\"contentUrl\":\"https:\/\/amurriobidean.org\/wp-content\/uploads\/2023\/12\/Programa_Jornada_Emprend_15dic_cast-e1701780681269.png\",\"width\":1410,\"height\":860,\"caption\":\"Programa jornada empresndimiento 15\/12\"},{\"@type\":\"BreadcrumbList\",\"@id\":\"https:\/\/amurriobidean.org\/es\/el-proximo-15-de-diciembre-tendra-lugar-la-jornada-emprende-en-aiaraldea-te-contamos-como-en-las-instalaciones-de-amurrio-bidean-en-el-refor\/#breadcrumb\",\"itemListElement\":[{\"@type\":\"ListItem\",\"position\":1,\"name\":\"Portada\",\"item\":\"https:\/\/amurriobidean.org\/es\/\"},{\"@type\":\"ListItem\",\"position\":2,\"name\":\"EL PR\u00d3XIMO 15 DE DICIEMBRE TENDR\u00c1 LUGAR LA JORNADA EMPRENDE EN AIARALDEA : TE CONTAMOS C\u00d3MO EN LAS INSTALACIONES DE AMURRIO BIDEAN EN EL REFOR.\"}]},{\"@type\":\"WebSite\",\"@id\":\"https:\/\/amurriobidean.org\/es\/#website\",\"url\":\"https:\/\/amurriobidean.org\/es\/\",\"name\":\"Amurrio Bidean. Garapen Agentzia - Agencia de desarrollo.\",\"description\":\"Agencia de Desarollo Local de Amurrio\",\"potentialAction\":[{\"@type\":\"SearchAction\",\"target\":{\"@type\":\"EntryPoint\",\"urlTemplate\":\"https:\/\/amurriobidean.org\/es\/?s={search_term_string}\"},\"query-input\":{\"@type\":\"PropertyValueSpecification\",\"valueRequired\":true,\"valueName\":\"search_term_string\"}}],\"inLanguage\":\"es\"},{\"@type\":\"Person\",\"@id\":\"https:\/\/amurriobidean.org\/es\/#\/schema\/person\/7457391104215a2811afeb1f9ed980b0\",\"name\":\"Oihane GilSanz\",\"image\":{\"@type\":\"ImageObject\",\"inLanguage\":\"es\",\"@id\":\"https:\/\/amurriobidean.org\/es\/#\/schema\/person\/image\/\",\"url\":\"https:\/\/secure.gravatar.com\/avatar\/1df40c200bdd5927aedf4bd5cac24befa9a952559bc6430083077db9286c3c63\",\"contentUrl\":\"https:\/\/secure.gravatar.com\/avatar\/1df40c200bdd5927aedf4bd5cac24befa9a952559bc6430083077db9286c3c63\",\"caption\":\"Oihane GilSanz\"},\"url\":\"https:\/\/amurriobidean.org\/es\/author\/oihane\/\"}]}<\/script>\n<!-- \/ Yoast SEO plugin. -->","yoast_head_json":{"title":"EL PR\u00d3XIMO 15 DE DICIEMBRE TENDR\u00c1 LUGAR LA JORNADA EMPRENDE EN AIARALDEA : TE CONTAMOS C\u00d3MO EN LAS INSTALACIONES DE AMURRIO BIDEAN EN EL REFOR. - Amurrio Bidean. Garapen Agentzia - Agencia de desarrollo.","description":"Se celebrar\u00e1 en Amurrio Bidean de 11.00 a 12.30 h con el objetivo de poner en valor el potencial emprendedor de nuestra comarca","robots":{"index":"index","follow":"follow","max-snippet":"max-snippet:-1","max-image-preview":"max-image-preview:large","max-video-preview":"max-video-preview:-1"},"canonical":"https:\/\/amurriobidean.org\/es\/el-proximo-15-de-diciembre-tendra-lugar-la-jornada-emprende-en-aiaraldea-te-contamos-como-en-las-instalaciones-de-amurrio-bidean-en-el-refor\/","og_locale":"es_ES","og_type":"article","og_title":"EL PR\u00d3XIMO 15 DE DICIEMBRE TENDR\u00c1 LUGAR LA JORNADA EMPRENDE EN AIARALDEA : TE CONTAMOS C\u00d3MO EN LAS INSTALACIONES DE AMURRIO BIDEAN EN EL REFOR. - Amurrio Bidean. Garapen Agentzia - Agencia de desarrollo.","og_description":"Se celebrar\u00e1 en Amurrio Bidean de 11.00 a 12.30 h con el objetivo de poner en valor el potencial emprendedor de nuestra comarca","og_url":"https:\/\/amurriobidean.org\/es\/el-proximo-15-de-diciembre-tendra-lugar-la-jornada-emprende-en-aiaraldea-te-contamos-como-en-las-instalaciones-de-amurrio-bidean-en-el-refor\/","og_site_name":"Amurrio Bidean. Garapen Agentzia - Agencia de desarrollo.","article_publisher":"https:\/\/www.facebook.com\/amurrio.bidean","article_published_time":"2023-12-05T12:52:11+00:00","og_image":[{"width":1030,"height":628,"url":"https:\/\/amurriobidean.org\/wp-content\/uploads\/2023\/12\/Programa_Jornada_Emprend_15dic_cast-e1701780681269-1030x628.png","type":"image\/png"}],"author":"Oihane GilSanz","twitter_card":"summary_large_image","twitter_creator":"@amurriobidean","twitter_site":"@amurriobidean","twitter_misc":{"Escrito por":"Oihane GilSanz","Tiempo de lectura":"2 minutos"},"schema":{"@context":"https:\/\/schema.org","@graph":[{"@type":"WebPage","@id":"https:\/\/amurriobidean.org\/es\/el-proximo-15-de-diciembre-tendra-lugar-la-jornada-emprende-en-aiaraldea-te-contamos-como-en-las-instalaciones-de-amurrio-bidean-en-el-refor\/","url":"https:\/\/amurriobidean.org\/es\/el-proximo-15-de-diciembre-tendra-lugar-la-jornada-emprende-en-aiaraldea-te-contamos-como-en-las-instalaciones-de-amurrio-bidean-en-el-refor\/","name":"EL PR\u00d3XIMO 15 DE DICIEMBRE TENDR\u00c1 LUGAR LA JORNADA EMPRENDE EN AIARALDEA : TE CONTAMOS C\u00d3MO EN LAS INSTALACIONES DE AMURRIO BIDEAN EN EL REFOR. - Amurrio Bidean. Garapen Agentzia - Agencia de desarrollo.","isPartOf":{"@id":"https:\/\/amurriobidean.org\/es\/#website"},"primaryImageOfPage":{"@id":"https:\/\/amurriobidean.org\/es\/el-proximo-15-de-diciembre-tendra-lugar-la-jornada-emprende-en-aiaraldea-te-contamos-como-en-las-instalaciones-de-amurrio-bidean-en-el-refor\/#primaryimage"},"image":{"@id":"https:\/\/amurriobidean.org\/es\/el-proximo-15-de-diciembre-tendra-lugar-la-jornada-emprende-en-aiaraldea-te-contamos-como-en-las-instalaciones-de-amurrio-bidean-en-el-refor\/#primaryimage"},"thumbnailUrl":"https:\/\/amurriobidean.org\/wp-content\/uploads\/2023\/12\/Programa_Jornada_Emprend_15dic_cast-e1701780681269.png","datePublished":"2023-12-05T12:52:11+00:00","author":{"@id":"https:\/\/amurriobidean.org\/es\/#\/schema\/person\/7457391104215a2811afeb1f9ed980b0"},"description":"Se celebrar\u00e1 en Amurrio Bidean de 11.00 a 12.30 h con el objetivo de poner en valor el potencial emprendedor de nuestra comarca","breadcrumb":{"@id":"https:\/\/amurriobidean.org\/es\/el-proximo-15-de-diciembre-tendra-lugar-la-jornada-emprende-en-aiaraldea-te-contamos-como-en-las-instalaciones-de-amurrio-bidean-en-el-refor\/#breadcrumb"},"inLanguage":"es","potentialAction":[{"@type":"ReadAction","target":["https:\/\/amurriobidean.org\/es\/el-proximo-15-de-diciembre-tendra-lugar-la-jornada-emprende-en-aiaraldea-te-contamos-como-en-las-instalaciones-de-amurrio-bidean-en-el-refor\/"]}]},{"@type":"ImageObject","inLanguage":"es","@id":"https:\/\/amurriobidean.org\/es\/el-proximo-15-de-diciembre-tendra-lugar-la-jornada-emprende-en-aiaraldea-te-contamos-como-en-las-instalaciones-de-amurrio-bidean-en-el-refor\/#primaryimage","url":"https:\/\/amurriobidean.org\/wp-content\/uploads\/2023\/12\/Programa_Jornada_Emprend_15dic_cast-e1701780681269.png","contentUrl":"https:\/\/amurriobidean.org\/wp-content\/uploads\/2023\/12\/Programa_Jornada_Emprend_15dic_cast-e1701780681269.png","width":1410,"height":860,"caption":"Programa jornada empresndimiento 15\/12"},{"@type":"BreadcrumbList","@id":"https:\/\/amurriobidean.org\/es\/el-proximo-15-de-diciembre-tendra-lugar-la-jornada-emprende-en-aiaraldea-te-contamos-como-en-las-instalaciones-de-amurrio-bidean-en-el-refor\/#breadcrumb","itemListElement":[{"@type":"ListItem","position":1,"name":"Portada","item":"https:\/\/amurriobidean.org\/es\/"},{"@type":"ListItem","position":2,"name":"EL PR\u00d3XIMO 15 DE DICIEMBRE TENDR\u00c1 LUGAR LA JORNADA EMPRENDE EN AIARALDEA : TE CONTAMOS C\u00d3MO EN LAS INSTALACIONES DE AMURRIO BIDEAN EN EL REFOR."}]},{"@type":"WebSite","@id":"https:\/\/amurriobidean.org\/es\/#website","url":"https:\/\/amurriobidean.org\/es\/","name":"Amurrio Bidean. Garapen Agentzia - Agencia de desarrollo.","description":"Agencia de Desarollo Local de Amurrio","potentialAction":[{"@type":"SearchAction","target":{"@type":"EntryPoint","urlTemplate":"https:\/\/amurriobidean.org\/es\/?s={search_term_string}"},"query-input":{"@type":"PropertyValueSpecification","valueRequired":true,"valueName":"search_term_string"}}],"inLanguage":"es"},{"@type":"Person","@id":"https:\/\/amurriobidean.org\/es\/#\/schema\/person\/7457391104215a2811afeb1f9ed980b0","name":"Oihane GilSanz","image":{"@type":"ImageObject","inLanguage":"es","@id":"https:\/\/amurriobidean.org\/es\/#\/schema\/person\/image\/","url":"https:\/\/secure.gravatar.com\/avatar\/1df40c200bdd5927aedf4bd5cac24befa9a952559bc6430083077db9286c3c63","contentUrl":"https:\/\/secure.gravatar.com\/avatar\/1df40c200bdd5927aedf4bd5cac24befa9a952559bc6430083077db9286c3c63","caption":"Oihane GilSanz"},"url":"https:\/\/amurriobidean.org\/es\/author\/oihane\/"}]}},"_links":{"self":[{"href":"https:\/\/amurriobidean.org\/es\/wp-json\/wp\/v2\/posts\/6910","targetHints":{"allow":["GET"]}}],"collection":[{"href":"https:\/\/amurriobidean.org\/es\/wp-json\/wp\/v2\/posts"}],"about":[{"href":"https:\/\/amurriobidean.org\/es\/wp-json\/wp\/v2\/types\/post"}],"author":[{"embeddable":true,"href":"https:\/\/amurriobidean.org\/es\/wp-json\/wp\/v2\/users\/5"}],"replies":[{"embeddable":true,"href":"https:\/\/amurriobidean.org\/es\/wp-json\/wp\/v2\/comments?post=6910"}],"version-history":[{"count":0,"href":"https:\/\/amurriobidean.org\/es\/wp-json\/wp\/v2\/posts\/6910\/revisions"}],"wp:featuredmedia":[{"embeddable":true,"href":"https:\/\/amurriobidean.org\/es\/wp-json\/wp\/v2\/media\/6902"}],"wp:attachment":[{"href":"https:\/\/amurriobidean.org\/es\/wp-json\/wp\/v2\/media?parent=6910"}],"wp:term":[{"taxonomy":"category","embeddable":true,"href":"https:\/\/amurriobidean.org\/es\/wp-json\/wp\/v2\/categories?post=6910"},{"taxonomy":"post_tag","embeddable":true,"href":"https:\/\/amurriobidean.org\/es\/wp-json\/wp\/v2\/tags?post=6910"}],"curies":[{"name":"wp","href":"https:\/\/api.w.org\/{rel}","templated":true}]}}