{"id":6895,"date":"2023-12-04T14:22:23","date_gmt":"2023-12-04T12:22:23","guid":{"rendered":"https:\/\/amurriobidean.org\/?p=6895"},"modified":"2023-12-04T14:22:23","modified_gmt":"2023-12-04T12:22:23","slug":"nueva-convocatoria-de-acceso-al-semillero-y-centro-de-empresas-reforamurrio-enpresaldea-6","status":"publish","type":"post","link":"https:\/\/amurriobidean.org\/es\/nueva-convocatoria-de-acceso-al-semillero-y-centro-de-empresas-reforamurrio-enpresaldea-6\/","title":{"rendered":"Nueva convocatoria de acceso al Semillero y Centro de Empresas Reforamurrio Enpresaldea"},"content":{"rendered":"<p>Del 1 al 29 de diciembre permanece abierto el plazo para la presentaci\u00f3n de solicitudes<\/p>\n<p>El objetivo de Reforamurrio Empresaldea es doble; por un lado, proporcionar una ubicaci\u00f3n a nuevas iniciativas empresariales, as\u00ed como a empresas ya consolidadas que en ocasiones s\u00f3lo precisan de una peque\u00f1a oficina o despacho para realizar su trabajo o recibir a potenciales clientes\/as y por otro lado, generar un espacio din\u00e1mico y de encuentro donde se posibiliten las sinergias y la cooperaci\u00f3n entre las empresas ubicadas en el Centro.<\/p>\n<p>Los locales est\u00e1n destinados a empresas o personas promotoras que realicen o vayan a realizar su actividad dentro del llamado Sector Servicios (\u00abOficinas\u00bb).<\/p>\n<p>En el precio de alquiler de cada despacho est\u00e1n incluidos los gastos derivados del consumo de cada local arrendado, tales como electricidad, conexi\u00f3n a Internet, calefacci\u00f3n, limpieza, etc. as\u00ed como una serie de servicios comunes; recepci\u00f3n, office, buz\u00f3n privado, mantenimiento de los locales, sistema de seguridad, salas de reuniones, etc.<\/p>\n<p>Adem\u00e1s, las empresas o personas promotoras que vayan a iniciar su actividad o que lleven menos de tres a\u00f1os desde el alta de actividad en el momento de presentaci\u00f3n de la solicitud cuentan con un <strong>precio bonificado<\/strong> respecto a las empresas ya consolidadas.<\/p>\n<p>Se aplican tambi\u00e9n bonificaciones adicionales por la creaci\u00f3n de empleo y por innovaci\u00f3n de la actividad siempre y cuando el despacho supere los 25m2. La suma de ambas bonificaciones puede alcanzar el 50% sobre el precio inicial.<\/p>\n<p>Actualmente, se dispone de m\u00f3dulos libres de entre 10 y 32\u00a0 m2.<\/p>\n<p>Amurrio Bidean, Sociedad para el Desarrollo Local del Ayuntamiento de Amurrio, ubicada en la planta baja del Centro, gestiona el edificio proporcionando apoyo y asesoramiento para la puesta en marcha de nuevas iniciativas, ofrece servicios y herramientas para facilitar su consolidaci\u00f3n, organiza talleres y acciones formativas, desarrolla programas para fomentar la innovaci\u00f3n y mejorar la competitividad de las empresas, informa sobre posibles ayudas y subvenciones acompa\u00f1ando en su tramitaci\u00f3n, etc. De esta forma, se contribuye a dinamizar el Centro y dar visibilidad a las empresas all\u00ed instaladas prestando un servicio personalizado, crucial muchas veces, para las empresas en sus primeros a\u00f1os de vida.<\/p>\n<p><strong>Espacio Coworking <\/strong><\/p>\n<p>Se trata de una oficina compartida de 34,66 m\u00b2 con cuatro puestos de trabajo, mesa de reuniones y mobiliario espec\u00edfico de oficina adem\u00e1s de conexi\u00f3n a Internet, pudiendo las personas usuarias hacer uso del resto de instalaciones del Centro como salas de reuniones, recepci\u00f3n, office, etc.<\/p>\n<p>El espacio est\u00e1 dirigido a personas o empresas que desarrollen o vayan a desarrollar una actividad relacionada con el dise\u00f1o, TICs, servicios conexos a la industria, servicios profesionales, etc. Pueden acceder al coworking tanto personas emprendedoras como personas trabajadoras por cuenta ajena que requieran de un espacio para trabajar y no tengan inconveniente en compartir oficina.<\/p>\n<p>Todas aquellas personas y empresas interesadas pueden consultar o ampliar informaci\u00f3n en Amurrio Bidean ( El Refor Kalea sn) Tel. 945 891721. E- mail <a href=\"mailto:administracion@amurriobidean.org\">administracion@amurriobidean.org<\/a><\/p>\n","protected":false},"excerpt":{"rendered":"<p>Del 1 al 29 de diciembre permanece abierto el plazo para la presentaci\u00f3n de solicitudes El objetivo de Reforamurrio Empresaldea es doble; por un lado, proporcionar una ubicaci\u00f3n a nuevas iniciativas empresariales, as\u00ed como a empresas ya consolidadas que en ocasiones s\u00f3lo precisan de una peque\u00f1a oficina o despacho para realizar su trabajo o recibir [&hellip;]<\/p>\n","protected":false},"author":5,"featured_media":6890,"comment_status":"closed","ping_status":"closed","sticky":false,"template":"","format":"standard","meta":{"footnotes":""},"categories":[28],"tags":[],"class_list":["post-6895","post","type-post","status-publish","format-standard","has-post-thumbnail","hentry","category-noticias"],"yoast_head":"<!-- This site is optimized with the Yoast SEO plugin v25.3 - https:\/\/yoast.com\/wordpress\/plugins\/seo\/ -->\n<title>Nueva convocatoria de acceso al Semillero y Centro de Empresas Reforamurrio Enpresaldea - Amurrio Bidean. Garapen Agentzia - Agencia de desarrollo.<\/title>\n<meta name=\"description\" content=\"Del 1 al 29 de diciembre permanece abierto el plazo para la presentaci\u00f3n de solicitudes\" \/>\n<meta name=\"robots\" content=\"index, follow, max-snippet:-1, max-image-preview:large, max-video-preview:-1\" \/>\n<link rel=\"canonical\" href=\"https:\/\/amurriobidean.org\/es\/nueva-convocatoria-de-acceso-al-semillero-y-centro-de-empresas-reforamurrio-enpresaldea-6\/\" \/>\n<meta property=\"og:locale\" content=\"es_ES\" \/>\n<meta property=\"og:type\" content=\"article\" \/>\n<meta property=\"og:title\" content=\"Nueva convocatoria de acceso al Semillero y Centro de Empresas Reforamurrio Enpresaldea - Amurrio Bidean. Garapen Agentzia - Agencia de desarrollo.\" \/>\n<meta property=\"og:description\" content=\"Del 1 al 29 de diciembre permanece abierto el plazo para la presentaci\u00f3n de solicitudes\" \/>\n<meta property=\"og:url\" content=\"https:\/\/amurriobidean.org\/es\/nueva-convocatoria-de-acceso-al-semillero-y-centro-de-empresas-reforamurrio-enpresaldea-6\/\" \/>\n<meta property=\"og:site_name\" content=\"Amurrio Bidean. Garapen Agentzia - Agencia de desarrollo.\" \/>\n<meta property=\"article:publisher\" content=\"https:\/\/www.facebook.com\/amurrio.bidean\" \/>\n<meta property=\"article:published_time\" content=\"2023-12-04T12:22:23+00:00\" \/>\n<meta property=\"og:image\" content=\"https:\/\/amurriobidean.org\/wp-content\/uploads\/2023\/12\/Foto_despacho.jpg\" \/>\n\t<meta property=\"og:image:width\" content=\"1500\" \/>\n\t<meta property=\"og:image:height\" content=\"630\" \/>\n\t<meta property=\"og:image:type\" content=\"image\/jpeg\" \/>\n<meta name=\"author\" content=\"Oihane GilSanz\" \/>\n<meta name=\"twitter:card\" content=\"summary_large_image\" \/>\n<meta name=\"twitter:creator\" content=\"@amurriobidean\" \/>\n<meta name=\"twitter:site\" content=\"@amurriobidean\" \/>\n<meta name=\"twitter:label1\" content=\"Escrito por\" \/>\n\t<meta name=\"twitter:data1\" content=\"Oihane GilSanz\" \/>\n\t<meta name=\"twitter:label2\" content=\"Tiempo de lectura\" \/>\n\t<meta name=\"twitter:data2\" content=\"3 minutos\" \/>\n<script type=\"application\/ld+json\" class=\"yoast-schema-graph\">{\"@context\":\"https:\/\/schema.org\",\"@graph\":[{\"@type\":\"WebPage\",\"@id\":\"https:\/\/amurriobidean.org\/es\/nueva-convocatoria-de-acceso-al-semillero-y-centro-de-empresas-reforamurrio-enpresaldea-6\/\",\"url\":\"https:\/\/amurriobidean.org\/es\/nueva-convocatoria-de-acceso-al-semillero-y-centro-de-empresas-reforamurrio-enpresaldea-6\/\",\"name\":\"Nueva convocatoria de acceso al Semillero y Centro de Empresas Reforamurrio Enpresaldea - Amurrio Bidean. Garapen Agentzia - Agencia de desarrollo.\",\"isPartOf\":{\"@id\":\"https:\/\/amurriobidean.org\/es\/#website\"},\"primaryImageOfPage\":{\"@id\":\"https:\/\/amurriobidean.org\/es\/nueva-convocatoria-de-acceso-al-semillero-y-centro-de-empresas-reforamurrio-enpresaldea-6\/#primaryimage\"},\"image\":{\"@id\":\"https:\/\/amurriobidean.org\/es\/nueva-convocatoria-de-acceso-al-semillero-y-centro-de-empresas-reforamurrio-enpresaldea-6\/#primaryimage\"},\"thumbnailUrl\":\"https:\/\/amurriobidean.org\/wp-content\/uploads\/2023\/12\/Foto_despacho.jpg\",\"datePublished\":\"2023-12-04T12:22:23+00:00\",\"author\":{\"@id\":\"https:\/\/amurriobidean.org\/es\/#\/schema\/person\/7457391104215a2811afeb1f9ed980b0\"},\"description\":\"Del 1 al 29 de diciembre permanece abierto el plazo para la presentaci\u00f3n de solicitudes\",\"breadcrumb\":{\"@id\":\"https:\/\/amurriobidean.org\/es\/nueva-convocatoria-de-acceso-al-semillero-y-centro-de-empresas-reforamurrio-enpresaldea-6\/#breadcrumb\"},\"inLanguage\":\"es\",\"potentialAction\":[{\"@type\":\"ReadAction\",\"target\":[\"https:\/\/amurriobidean.org\/es\/nueva-convocatoria-de-acceso-al-semillero-y-centro-de-empresas-reforamurrio-enpresaldea-6\/\"]}]},{\"@type\":\"ImageObject\",\"inLanguage\":\"es\",\"@id\":\"https:\/\/amurriobidean.org\/es\/nueva-convocatoria-de-acceso-al-semillero-y-centro-de-empresas-reforamurrio-enpresaldea-6\/#primaryimage\",\"url\":\"https:\/\/amurriobidean.org\/wp-content\/uploads\/2023\/12\/Foto_despacho.jpg\",\"contentUrl\":\"https:\/\/amurriobidean.org\/wp-content\/uploads\/2023\/12\/Foto_despacho.jpg\",\"width\":1500,\"height\":630},{\"@type\":\"BreadcrumbList\",\"@id\":\"https:\/\/amurriobidean.org\/es\/nueva-convocatoria-de-acceso-al-semillero-y-centro-de-empresas-reforamurrio-enpresaldea-6\/#breadcrumb\",\"itemListElement\":[{\"@type\":\"ListItem\",\"position\":1,\"name\":\"Portada\",\"item\":\"https:\/\/amurriobidean.org\/es\/\"},{\"@type\":\"ListItem\",\"position\":2,\"name\":\"Nueva convocatoria de acceso al Semillero y Centro de Empresas Reforamurrio Enpresaldea\"}]},{\"@type\":\"WebSite\",\"@id\":\"https:\/\/amurriobidean.org\/es\/#website\",\"url\":\"https:\/\/amurriobidean.org\/es\/\",\"name\":\"Amurrio Bidean. Garapen Agentzia - Agencia de desarrollo.\",\"description\":\"Agencia de Desarollo Local de Amurrio\",\"potentialAction\":[{\"@type\":\"SearchAction\",\"target\":{\"@type\":\"EntryPoint\",\"urlTemplate\":\"https:\/\/amurriobidean.org\/es\/?s={search_term_string}\"},\"query-input\":{\"@type\":\"PropertyValueSpecification\",\"valueRequired\":true,\"valueName\":\"search_term_string\"}}],\"inLanguage\":\"es\"},{\"@type\":\"Person\",\"@id\":\"https:\/\/amurriobidean.org\/es\/#\/schema\/person\/7457391104215a2811afeb1f9ed980b0\",\"name\":\"Oihane GilSanz\",\"image\":{\"@type\":\"ImageObject\",\"inLanguage\":\"es\",\"@id\":\"https:\/\/amurriobidean.org\/es\/#\/schema\/person\/image\/\",\"url\":\"https:\/\/secure.gravatar.com\/avatar\/1df40c200bdd5927aedf4bd5cac24befa9a952559bc6430083077db9286c3c63\",\"contentUrl\":\"https:\/\/secure.gravatar.com\/avatar\/1df40c200bdd5927aedf4bd5cac24befa9a952559bc6430083077db9286c3c63\",\"caption\":\"Oihane GilSanz\"},\"url\":\"https:\/\/amurriobidean.org\/es\/author\/oihane\/\"}]}<\/script>\n<!-- \/ Yoast SEO plugin. -->","yoast_head_json":{"title":"Nueva convocatoria de acceso al Semillero y Centro de Empresas Reforamurrio Enpresaldea - Amurrio Bidean. Garapen Agentzia - Agencia de desarrollo.","description":"Del 1 al 29 de diciembre permanece abierto el plazo para la presentaci\u00f3n de solicitudes","robots":{"index":"index","follow":"follow","max-snippet":"max-snippet:-1","max-image-preview":"max-image-preview:large","max-video-preview":"max-video-preview:-1"},"canonical":"https:\/\/amurriobidean.org\/es\/nueva-convocatoria-de-acceso-al-semillero-y-centro-de-empresas-reforamurrio-enpresaldea-6\/","og_locale":"es_ES","og_type":"article","og_title":"Nueva convocatoria de acceso al Semillero y Centro de Empresas Reforamurrio Enpresaldea - Amurrio Bidean. Garapen Agentzia - Agencia de desarrollo.","og_description":"Del 1 al 29 de diciembre permanece abierto el plazo para la presentaci\u00f3n de solicitudes","og_url":"https:\/\/amurriobidean.org\/es\/nueva-convocatoria-de-acceso-al-semillero-y-centro-de-empresas-reforamurrio-enpresaldea-6\/","og_site_name":"Amurrio Bidean. Garapen Agentzia - Agencia de desarrollo.","article_publisher":"https:\/\/www.facebook.com\/amurrio.bidean","article_published_time":"2023-12-04T12:22:23+00:00","og_image":[{"width":1500,"height":630,"url":"https:\/\/amurriobidean.org\/wp-content\/uploads\/2023\/12\/Foto_despacho.jpg","type":"image\/jpeg"}],"author":"Oihane GilSanz","twitter_card":"summary_large_image","twitter_creator":"@amurriobidean","twitter_site":"@amurriobidean","twitter_misc":{"Escrito por":"Oihane GilSanz","Tiempo de lectura":"3 minutos"},"schema":{"@context":"https:\/\/schema.org","@graph":[{"@type":"WebPage","@id":"https:\/\/amurriobidean.org\/es\/nueva-convocatoria-de-acceso-al-semillero-y-centro-de-empresas-reforamurrio-enpresaldea-6\/","url":"https:\/\/amurriobidean.org\/es\/nueva-convocatoria-de-acceso-al-semillero-y-centro-de-empresas-reforamurrio-enpresaldea-6\/","name":"Nueva convocatoria de acceso al Semillero y Centro de Empresas Reforamurrio Enpresaldea - Amurrio Bidean. Garapen Agentzia - Agencia de desarrollo.","isPartOf":{"@id":"https:\/\/amurriobidean.org\/es\/#website"},"primaryImageOfPage":{"@id":"https:\/\/amurriobidean.org\/es\/nueva-convocatoria-de-acceso-al-semillero-y-centro-de-empresas-reforamurrio-enpresaldea-6\/#primaryimage"},"image":{"@id":"https:\/\/amurriobidean.org\/es\/nueva-convocatoria-de-acceso-al-semillero-y-centro-de-empresas-reforamurrio-enpresaldea-6\/#primaryimage"},"thumbnailUrl":"https:\/\/amurriobidean.org\/wp-content\/uploads\/2023\/12\/Foto_despacho.jpg","datePublished":"2023-12-04T12:22:23+00:00","author":{"@id":"https:\/\/amurriobidean.org\/es\/#\/schema\/person\/7457391104215a2811afeb1f9ed980b0"},"description":"Del 1 al 29 de diciembre permanece abierto el plazo para la presentaci\u00f3n de solicitudes","breadcrumb":{"@id":"https:\/\/amurriobidean.org\/es\/nueva-convocatoria-de-acceso-al-semillero-y-centro-de-empresas-reforamurrio-enpresaldea-6\/#breadcrumb"},"inLanguage":"es","potentialAction":[{"@type":"ReadAction","target":["https:\/\/amurriobidean.org\/es\/nueva-convocatoria-de-acceso-al-semillero-y-centro-de-empresas-reforamurrio-enpresaldea-6\/"]}]},{"@type":"ImageObject","inLanguage":"es","@id":"https:\/\/amurriobidean.org\/es\/nueva-convocatoria-de-acceso-al-semillero-y-centro-de-empresas-reforamurrio-enpresaldea-6\/#primaryimage","url":"https:\/\/amurriobidean.org\/wp-content\/uploads\/2023\/12\/Foto_despacho.jpg","contentUrl":"https:\/\/amurriobidean.org\/wp-content\/uploads\/2023\/12\/Foto_despacho.jpg","width":1500,"height":630},{"@type":"BreadcrumbList","@id":"https:\/\/amurriobidean.org\/es\/nueva-convocatoria-de-acceso-al-semillero-y-centro-de-empresas-reforamurrio-enpresaldea-6\/#breadcrumb","itemListElement":[{"@type":"ListItem","position":1,"name":"Portada","item":"https:\/\/amurriobidean.org\/es\/"},{"@type":"ListItem","position":2,"name":"Nueva convocatoria de acceso al Semillero y Centro de Empresas Reforamurrio Enpresaldea"}]},{"@type":"WebSite","@id":"https:\/\/amurriobidean.org\/es\/#website","url":"https:\/\/amurriobidean.org\/es\/","name":"Amurrio Bidean. Garapen Agentzia - Agencia de desarrollo.","description":"Agencia de Desarollo Local de Amurrio","potentialAction":[{"@type":"SearchAction","target":{"@type":"EntryPoint","urlTemplate":"https:\/\/amurriobidean.org\/es\/?s={search_term_string}"},"query-input":{"@type":"PropertyValueSpecification","valueRequired":true,"valueName":"search_term_string"}}],"inLanguage":"es"},{"@type":"Person","@id":"https:\/\/amurriobidean.org\/es\/#\/schema\/person\/7457391104215a2811afeb1f9ed980b0","name":"Oihane GilSanz","image":{"@type":"ImageObject","inLanguage":"es","@id":"https:\/\/amurriobidean.org\/es\/#\/schema\/person\/image\/","url":"https:\/\/secure.gravatar.com\/avatar\/1df40c200bdd5927aedf4bd5cac24befa9a952559bc6430083077db9286c3c63","contentUrl":"https:\/\/secure.gravatar.com\/avatar\/1df40c200bdd5927aedf4bd5cac24befa9a952559bc6430083077db9286c3c63","caption":"Oihane GilSanz"},"url":"https:\/\/amurriobidean.org\/es\/author\/oihane\/"}]}},"_links":{"self":[{"href":"https:\/\/amurriobidean.org\/es\/wp-json\/wp\/v2\/posts\/6895","targetHints":{"allow":["GET"]}}],"collection":[{"href":"https:\/\/amurriobidean.org\/es\/wp-json\/wp\/v2\/posts"}],"about":[{"href":"https:\/\/amurriobidean.org\/es\/wp-json\/wp\/v2\/types\/post"}],"author":[{"embeddable":true,"href":"https:\/\/amurriobidean.org\/es\/wp-json\/wp\/v2\/users\/5"}],"replies":[{"embeddable":true,"href":"https:\/\/amurriobidean.org\/es\/wp-json\/wp\/v2\/comments?post=6895"}],"version-history":[{"count":0,"href":"https:\/\/amurriobidean.org\/es\/wp-json\/wp\/v2\/posts\/6895\/revisions"}],"wp:featuredmedia":[{"embeddable":true,"href":"https:\/\/amurriobidean.org\/es\/wp-json\/wp\/v2\/media\/6890"}],"wp:attachment":[{"href":"https:\/\/amurriobidean.org\/es\/wp-json\/wp\/v2\/media?parent=6895"}],"wp:term":[{"taxonomy":"category","embeddable":true,"href":"https:\/\/amurriobidean.org\/es\/wp-json\/wp\/v2\/categories?post=6895"},{"taxonomy":"post_tag","embeddable":true,"href":"https:\/\/amurriobidean.org\/es\/wp-json\/wp\/v2\/tags?post=6895"}],"curies":[{"name":"wp","href":"https:\/\/api.w.org\/{rel}","templated":true}]}}