{"id":6833,"date":"2023-11-10T10:28:07","date_gmt":"2023-11-10T08:28:07","guid":{"rendered":"https:\/\/amurriobidean.org\/?p=6833"},"modified":"2023-11-10T10:28:07","modified_gmt":"2023-11-10T08:28:07","slug":"aiaran-ekin-tres-jornadas-formativas-y-experienciales-dirigidas-a-personas-emprendedoras-y-pequenas-empresas","status":"publish","type":"post","link":"https:\/\/amurriobidean.org\/es\/aiaran-ekin-tres-jornadas-formativas-y-experienciales-dirigidas-a-personas-emprendedoras-y-pequenas-empresas\/","title":{"rendered":"AIARAN EKIN: TRES JORNADAS FORMATIVAS Y EXPERIENCIALES DIRIGIDAS A PERSONAS EMPRENDEDORAS Y PEQUE\u00d1AS EMPRESAS"},"content":{"rendered":"<p><strong>Las jornadas tendr\u00e1n lugar los d\u00edas 16, 23 y 29 de Noviembre de 16.00 a 18.30 h de la tarde y tras finalizar la formaci\u00f3n se realizar\u00e1 una visita a la empresa donde se va a desarrollar la jornada con degustaci\u00f3n de sus productos.<\/strong><\/p>\n<p>Tras la buena acogida y la demanda existente de este tipo de formaci\u00f3n \u201cexpress\u201d entre las personas emprendedoras y peque\u00f1as empresas o negocios se han organizado, nuevamente, de manera conjunta entre los municipios de la comarca, tres jornadas que este a\u00f1o adem\u00e1s de la parte formativa incluyen la visita a la empresa donde se va a desarrollar la formaci\u00f3n. Se trata de salir de los espacios habituales donde se imparte la formaci\u00f3n y desarrollarla en empresas locales para adem\u00e1s de dar visibilidad a estas iniciativas, las personas asistentes puedan visitar y conocer \u201cin situ\u201d otras experiencias empresariales en la comarca.<\/p>\n<p>Las tem\u00e1ticas de los talleres se han focalizado en el \u00e1rea comercial al ser la que m\u00e1s dificultades presenta para la mayor\u00eda de los negocios o empresas, sobre todo en sus inicios. Se trata de proporcionar herramientas y estrategias sencillas de poner en pr\u00e1ctica en el d\u00eda a d\u00eda para lograr resultados visibles a corto plazo. Se va a contar con profesionales especializados en esta materia como son el Grupo Bentas e Innobide.<\/p>\n<p>La Fundaci\u00f3n VITAL Fundazioa, a trav\u00e9s de la Cuadrilla de Ayala, subvenciona estas jornadas con el fin de facilitar la puesta en marcha de nuevos proyectos empresariales o la consolidaci\u00f3n de empresas ya establecidas.<\/p>\n<p><strong>\u00a0<\/strong>Para ampliar informaci\u00f3n e inscribirse en todos o alguno de los talleres se puede contactar con Amurrio Bidean en el tel 945891721 o mail <a href=\"mailto:autoempleo@amurriobidean.org\">autoempleo@amurriobidean.org<\/a><\/p>\n<p>&nbsp;<\/p>\n<p><img fetchpriority=\"high\" decoding=\"async\" class=\"aligncenter size-full wp-image-6841\" src=\"https:\/\/amurriobidean.org\/wp-content\/uploads\/2023\/11\/Tabla-cas.png\" alt=\"\" width=\"628\" height=\"276\" srcset=\"https:\/\/amurriobidean.org\/wp-content\/uploads\/2023\/11\/Tabla-cas.png 628w, https:\/\/amurriobidean.org\/wp-content\/uploads\/2023\/11\/Tabla-cas-300x132.png 300w\" sizes=\"(max-width: 628px) 100vw, 628px\" \/><\/p>\n<p><a href=\"https:\/\/amurriobidean.org\/wp-content\/uploads\/2023\/11\/programa_cast.png\">Descarga el programa<\/a><\/p>\n","protected":false},"excerpt":{"rendered":"<p>Las jornadas tendr\u00e1n lugar los d\u00edas 16, 23 y 29 de Noviembre de 16.00 a 18.30 h de la tarde y tras finalizar la formaci\u00f3n se realizar\u00e1 una visita a la empresa donde se va a desarrollar la jornada con degustaci\u00f3n de sus productos. Tras la buena acogida y la demanda existente de este tipo [&hellip;]<\/p>\n","protected":false},"author":5,"featured_media":6834,"comment_status":"closed","ping_status":"closed","sticky":false,"template":"","format":"standard","meta":{"footnotes":""},"categories":[32,28],"tags":[],"class_list":["post-6833","post","type-post","status-publish","format-standard","has-post-thumbnail","hentry","category-cursos","category-noticias"],"yoast_head":"<!-- This site is optimized with the Yoast SEO plugin v25.3 - https:\/\/yoast.com\/wordpress\/plugins\/seo\/ -->\n<title>AIARAN EKIN: TRES JORNADAS FORMATIVAS Y EXPERIENCIALES DIRIGIDAS A PERSONAS EMPRENDEDORAS Y PEQUE\u00d1AS EMPRESAS - Amurrio Bidean. Garapen Agentzia - Agencia de desarrollo.<\/title>\n<meta name=\"description\" content=\"DIRIGIDAS A PERSONAS EMPRENDEDORAS Y PEQUE\u00d1AS EMPRESAS\" \/>\n<meta name=\"robots\" content=\"index, follow, max-snippet:-1, max-image-preview:large, max-video-preview:-1\" \/>\n<link rel=\"canonical\" href=\"https:\/\/amurriobidean.org\/es\/aiaran-ekin-tres-jornadas-formativas-y-experienciales-dirigidas-a-personas-emprendedoras-y-pequenas-empresas\/\" \/>\n<meta property=\"og:locale\" content=\"es_ES\" \/>\n<meta property=\"og:type\" content=\"article\" \/>\n<meta property=\"og:title\" content=\"AIARAN EKIN: TRES JORNADAS FORMATIVAS Y EXPERIENCIALES DIRIGIDAS A PERSONAS EMPRENDEDORAS Y PEQUE\u00d1AS EMPRESAS - Amurrio Bidean. Garapen Agentzia - Agencia de desarrollo.\" \/>\n<meta property=\"og:description\" content=\"DIRIGIDAS A PERSONAS EMPRENDEDORAS Y PEQUE\u00d1AS EMPRESAS\" \/>\n<meta property=\"og:url\" content=\"https:\/\/amurriobidean.org\/es\/aiaran-ekin-tres-jornadas-formativas-y-experienciales-dirigidas-a-personas-emprendedoras-y-pequenas-empresas\/\" \/>\n<meta property=\"og:site_name\" content=\"Amurrio Bidean. Garapen Agentzia - Agencia de desarrollo.\" \/>\n<meta property=\"article:publisher\" content=\"https:\/\/www.facebook.com\/amurrio.bidean\" \/>\n<meta property=\"article:published_time\" content=\"2023-11-10T08:28:07+00:00\" \/>\n<meta property=\"og:image\" content=\"https:\/\/amurriobidean.org\/wp-content\/uploads\/2023\/11\/programa_cast.png\" \/>\n\t<meta property=\"og:image:width\" content=\"1414\" \/>\n\t<meta property=\"og:image:height\" content=\"2000\" \/>\n\t<meta property=\"og:image:type\" content=\"image\/png\" \/>\n<meta name=\"author\" content=\"Oihane GilSanz\" \/>\n<meta name=\"twitter:card\" content=\"summary_large_image\" \/>\n<meta name=\"twitter:creator\" content=\"@amurriobidean\" \/>\n<meta name=\"twitter:site\" content=\"@amurriobidean\" \/>\n<meta name=\"twitter:label1\" content=\"Escrito por\" \/>\n\t<meta name=\"twitter:data1\" content=\"Oihane GilSanz\" \/>\n\t<meta name=\"twitter:label2\" content=\"Tiempo de lectura\" \/>\n\t<meta name=\"twitter:data2\" content=\"2 minutos\" \/>\n<script type=\"application\/ld+json\" class=\"yoast-schema-graph\">{\"@context\":\"https:\/\/schema.org\",\"@graph\":[{\"@type\":\"WebPage\",\"@id\":\"https:\/\/amurriobidean.org\/es\/aiaran-ekin-tres-jornadas-formativas-y-experienciales-dirigidas-a-personas-emprendedoras-y-pequenas-empresas\/\",\"url\":\"https:\/\/amurriobidean.org\/es\/aiaran-ekin-tres-jornadas-formativas-y-experienciales-dirigidas-a-personas-emprendedoras-y-pequenas-empresas\/\",\"name\":\"AIARAN EKIN: TRES JORNADAS FORMATIVAS Y EXPERIENCIALES DIRIGIDAS A PERSONAS EMPRENDEDORAS Y PEQUE\u00d1AS EMPRESAS - Amurrio Bidean. Garapen Agentzia - Agencia de desarrollo.\",\"isPartOf\":{\"@id\":\"https:\/\/amurriobidean.org\/es\/#website\"},\"primaryImageOfPage\":{\"@id\":\"https:\/\/amurriobidean.org\/es\/aiaran-ekin-tres-jornadas-formativas-y-experienciales-dirigidas-a-personas-emprendedoras-y-pequenas-empresas\/#primaryimage\"},\"image\":{\"@id\":\"https:\/\/amurriobidean.org\/es\/aiaran-ekin-tres-jornadas-formativas-y-experienciales-dirigidas-a-personas-emprendedoras-y-pequenas-empresas\/#primaryimage\"},\"thumbnailUrl\":\"https:\/\/amurriobidean.org\/wp-content\/uploads\/2023\/11\/programa_cast.png\",\"datePublished\":\"2023-11-10T08:28:07+00:00\",\"author\":{\"@id\":\"https:\/\/amurriobidean.org\/es\/#\/schema\/person\/7457391104215a2811afeb1f9ed980b0\"},\"description\":\"DIRIGIDAS A PERSONAS EMPRENDEDORAS Y PEQUE\u00d1AS EMPRESAS\",\"breadcrumb\":{\"@id\":\"https:\/\/amurriobidean.org\/es\/aiaran-ekin-tres-jornadas-formativas-y-experienciales-dirigidas-a-personas-emprendedoras-y-pequenas-empresas\/#breadcrumb\"},\"inLanguage\":\"es\",\"potentialAction\":[{\"@type\":\"ReadAction\",\"target\":[\"https:\/\/amurriobidean.org\/es\/aiaran-ekin-tres-jornadas-formativas-y-experienciales-dirigidas-a-personas-emprendedoras-y-pequenas-empresas\/\"]}]},{\"@type\":\"ImageObject\",\"inLanguage\":\"es\",\"@id\":\"https:\/\/amurriobidean.org\/es\/aiaran-ekin-tres-jornadas-formativas-y-experienciales-dirigidas-a-personas-emprendedoras-y-pequenas-empresas\/#primaryimage\",\"url\":\"https:\/\/amurriobidean.org\/wp-content\/uploads\/2023\/11\/programa_cast.png\",\"contentUrl\":\"https:\/\/amurriobidean.org\/wp-content\/uploads\/2023\/11\/programa_cast.png\",\"width\":1414,\"height\":2000},{\"@type\":\"BreadcrumbList\",\"@id\":\"https:\/\/amurriobidean.org\/es\/aiaran-ekin-tres-jornadas-formativas-y-experienciales-dirigidas-a-personas-emprendedoras-y-pequenas-empresas\/#breadcrumb\",\"itemListElement\":[{\"@type\":\"ListItem\",\"position\":1,\"name\":\"Portada\",\"item\":\"https:\/\/amurriobidean.org\/es\/\"},{\"@type\":\"ListItem\",\"position\":2,\"name\":\"AIARAN EKIN: TRES JORNADAS FORMATIVAS Y EXPERIENCIALES DIRIGIDAS A PERSONAS EMPRENDEDORAS Y PEQUE\u00d1AS EMPRESAS\"}]},{\"@type\":\"WebSite\",\"@id\":\"https:\/\/amurriobidean.org\/es\/#website\",\"url\":\"https:\/\/amurriobidean.org\/es\/\",\"name\":\"Amurrio Bidean. Garapen Agentzia - Agencia de desarrollo.\",\"description\":\"Agencia de Desarollo Local de Amurrio\",\"potentialAction\":[{\"@type\":\"SearchAction\",\"target\":{\"@type\":\"EntryPoint\",\"urlTemplate\":\"https:\/\/amurriobidean.org\/es\/?s={search_term_string}\"},\"query-input\":{\"@type\":\"PropertyValueSpecification\",\"valueRequired\":true,\"valueName\":\"search_term_string\"}}],\"inLanguage\":\"es\"},{\"@type\":\"Person\",\"@id\":\"https:\/\/amurriobidean.org\/es\/#\/schema\/person\/7457391104215a2811afeb1f9ed980b0\",\"name\":\"Oihane GilSanz\",\"image\":{\"@type\":\"ImageObject\",\"inLanguage\":\"es\",\"@id\":\"https:\/\/amurriobidean.org\/es\/#\/schema\/person\/image\/\",\"url\":\"https:\/\/secure.gravatar.com\/avatar\/1df40c200bdd5927aedf4bd5cac24befa9a952559bc6430083077db9286c3c63\",\"contentUrl\":\"https:\/\/secure.gravatar.com\/avatar\/1df40c200bdd5927aedf4bd5cac24befa9a952559bc6430083077db9286c3c63\",\"caption\":\"Oihane GilSanz\"},\"url\":\"https:\/\/amurriobidean.org\/es\/author\/oihane\/\"}]}<\/script>\n<!-- \/ Yoast SEO plugin. -->","yoast_head_json":{"title":"AIARAN EKIN: TRES JORNADAS FORMATIVAS Y EXPERIENCIALES DIRIGIDAS A PERSONAS EMPRENDEDORAS Y PEQUE\u00d1AS EMPRESAS - Amurrio Bidean. Garapen Agentzia - Agencia de desarrollo.","description":"DIRIGIDAS A PERSONAS EMPRENDEDORAS Y PEQUE\u00d1AS EMPRESAS","robots":{"index":"index","follow":"follow","max-snippet":"max-snippet:-1","max-image-preview":"max-image-preview:large","max-video-preview":"max-video-preview:-1"},"canonical":"https:\/\/amurriobidean.org\/es\/aiaran-ekin-tres-jornadas-formativas-y-experienciales-dirigidas-a-personas-emprendedoras-y-pequenas-empresas\/","og_locale":"es_ES","og_type":"article","og_title":"AIARAN EKIN: TRES JORNADAS FORMATIVAS Y EXPERIENCIALES DIRIGIDAS A PERSONAS EMPRENDEDORAS Y PEQUE\u00d1AS EMPRESAS - Amurrio Bidean. Garapen Agentzia - Agencia de desarrollo.","og_description":"DIRIGIDAS A PERSONAS EMPRENDEDORAS Y PEQUE\u00d1AS EMPRESAS","og_url":"https:\/\/amurriobidean.org\/es\/aiaran-ekin-tres-jornadas-formativas-y-experienciales-dirigidas-a-personas-emprendedoras-y-pequenas-empresas\/","og_site_name":"Amurrio Bidean. Garapen Agentzia - Agencia de desarrollo.","article_publisher":"https:\/\/www.facebook.com\/amurrio.bidean","article_published_time":"2023-11-10T08:28:07+00:00","og_image":[{"width":1414,"height":2000,"url":"https:\/\/amurriobidean.org\/wp-content\/uploads\/2023\/11\/programa_cast.png","type":"image\/png"}],"author":"Oihane GilSanz","twitter_card":"summary_large_image","twitter_creator":"@amurriobidean","twitter_site":"@amurriobidean","twitter_misc":{"Escrito por":"Oihane GilSanz","Tiempo de lectura":"2 minutos"},"schema":{"@context":"https:\/\/schema.org","@graph":[{"@type":"WebPage","@id":"https:\/\/amurriobidean.org\/es\/aiaran-ekin-tres-jornadas-formativas-y-experienciales-dirigidas-a-personas-emprendedoras-y-pequenas-empresas\/","url":"https:\/\/amurriobidean.org\/es\/aiaran-ekin-tres-jornadas-formativas-y-experienciales-dirigidas-a-personas-emprendedoras-y-pequenas-empresas\/","name":"AIARAN EKIN: TRES JORNADAS FORMATIVAS Y EXPERIENCIALES DIRIGIDAS A PERSONAS EMPRENDEDORAS Y PEQUE\u00d1AS EMPRESAS - Amurrio Bidean. Garapen Agentzia - Agencia de desarrollo.","isPartOf":{"@id":"https:\/\/amurriobidean.org\/es\/#website"},"primaryImageOfPage":{"@id":"https:\/\/amurriobidean.org\/es\/aiaran-ekin-tres-jornadas-formativas-y-experienciales-dirigidas-a-personas-emprendedoras-y-pequenas-empresas\/#primaryimage"},"image":{"@id":"https:\/\/amurriobidean.org\/es\/aiaran-ekin-tres-jornadas-formativas-y-experienciales-dirigidas-a-personas-emprendedoras-y-pequenas-empresas\/#primaryimage"},"thumbnailUrl":"https:\/\/amurriobidean.org\/wp-content\/uploads\/2023\/11\/programa_cast.png","datePublished":"2023-11-10T08:28:07+00:00","author":{"@id":"https:\/\/amurriobidean.org\/es\/#\/schema\/person\/7457391104215a2811afeb1f9ed980b0"},"description":"DIRIGIDAS A PERSONAS EMPRENDEDORAS Y PEQUE\u00d1AS EMPRESAS","breadcrumb":{"@id":"https:\/\/amurriobidean.org\/es\/aiaran-ekin-tres-jornadas-formativas-y-experienciales-dirigidas-a-personas-emprendedoras-y-pequenas-empresas\/#breadcrumb"},"inLanguage":"es","potentialAction":[{"@type":"ReadAction","target":["https:\/\/amurriobidean.org\/es\/aiaran-ekin-tres-jornadas-formativas-y-experienciales-dirigidas-a-personas-emprendedoras-y-pequenas-empresas\/"]}]},{"@type":"ImageObject","inLanguage":"es","@id":"https:\/\/amurriobidean.org\/es\/aiaran-ekin-tres-jornadas-formativas-y-experienciales-dirigidas-a-personas-emprendedoras-y-pequenas-empresas\/#primaryimage","url":"https:\/\/amurriobidean.org\/wp-content\/uploads\/2023\/11\/programa_cast.png","contentUrl":"https:\/\/amurriobidean.org\/wp-content\/uploads\/2023\/11\/programa_cast.png","width":1414,"height":2000},{"@type":"BreadcrumbList","@id":"https:\/\/amurriobidean.org\/es\/aiaran-ekin-tres-jornadas-formativas-y-experienciales-dirigidas-a-personas-emprendedoras-y-pequenas-empresas\/#breadcrumb","itemListElement":[{"@type":"ListItem","position":1,"name":"Portada","item":"https:\/\/amurriobidean.org\/es\/"},{"@type":"ListItem","position":2,"name":"AIARAN EKIN: TRES JORNADAS FORMATIVAS Y EXPERIENCIALES DIRIGIDAS A PERSONAS EMPRENDEDORAS Y PEQUE\u00d1AS EMPRESAS"}]},{"@type":"WebSite","@id":"https:\/\/amurriobidean.org\/es\/#website","url":"https:\/\/amurriobidean.org\/es\/","name":"Amurrio Bidean. Garapen Agentzia - Agencia de desarrollo.","description":"Agencia de Desarollo Local de Amurrio","potentialAction":[{"@type":"SearchAction","target":{"@type":"EntryPoint","urlTemplate":"https:\/\/amurriobidean.org\/es\/?s={search_term_string}"},"query-input":{"@type":"PropertyValueSpecification","valueRequired":true,"valueName":"search_term_string"}}],"inLanguage":"es"},{"@type":"Person","@id":"https:\/\/amurriobidean.org\/es\/#\/schema\/person\/7457391104215a2811afeb1f9ed980b0","name":"Oihane GilSanz","image":{"@type":"ImageObject","inLanguage":"es","@id":"https:\/\/amurriobidean.org\/es\/#\/schema\/person\/image\/","url":"https:\/\/secure.gravatar.com\/avatar\/1df40c200bdd5927aedf4bd5cac24befa9a952559bc6430083077db9286c3c63","contentUrl":"https:\/\/secure.gravatar.com\/avatar\/1df40c200bdd5927aedf4bd5cac24befa9a952559bc6430083077db9286c3c63","caption":"Oihane GilSanz"},"url":"https:\/\/amurriobidean.org\/es\/author\/oihane\/"}]}},"_links":{"self":[{"href":"https:\/\/amurriobidean.org\/es\/wp-json\/wp\/v2\/posts\/6833","targetHints":{"allow":["GET"]}}],"collection":[{"href":"https:\/\/amurriobidean.org\/es\/wp-json\/wp\/v2\/posts"}],"about":[{"href":"https:\/\/amurriobidean.org\/es\/wp-json\/wp\/v2\/types\/post"}],"author":[{"embeddable":true,"href":"https:\/\/amurriobidean.org\/es\/wp-json\/wp\/v2\/users\/5"}],"replies":[{"embeddable":true,"href":"https:\/\/amurriobidean.org\/es\/wp-json\/wp\/v2\/comments?post=6833"}],"version-history":[{"count":0,"href":"https:\/\/amurriobidean.org\/es\/wp-json\/wp\/v2\/posts\/6833\/revisions"}],"wp:featuredmedia":[{"embeddable":true,"href":"https:\/\/amurriobidean.org\/es\/wp-json\/wp\/v2\/media\/6834"}],"wp:attachment":[{"href":"https:\/\/amurriobidean.org\/es\/wp-json\/wp\/v2\/media?parent=6833"}],"wp:term":[{"taxonomy":"category","embeddable":true,"href":"https:\/\/amurriobidean.org\/es\/wp-json\/wp\/v2\/categories?post=6833"},{"taxonomy":"post_tag","embeddable":true,"href":"https:\/\/amurriobidean.org\/es\/wp-json\/wp\/v2\/tags?post=6833"}],"curies":[{"name":"wp","href":"https:\/\/api.w.org\/{rel}","templated":true}]}}