{"id":6724,"date":"2023-10-04T14:24:20","date_gmt":"2023-10-04T12:24:20","guid":{"rendered":"https:\/\/amurriobidean.org\/?p=6724"},"modified":"2023-10-04T14:24:20","modified_gmt":"2023-10-04T12:24:20","slug":"amurrio-celebra-durante-tres-dias-kilomarket-una-feria-de-venta-de-ropa-al-kilo-2","status":"publish","type":"post","link":"https:\/\/amurriobidean.org\/es\/amurrio-celebra-durante-tres-dias-kilomarket-una-feria-de-venta-de-ropa-al-kilo-2\/","title":{"rendered":"AMURRIO CELEBRA DURANTE TRES D\u00cdAS \u2018KILOMARKET\u2019, UNA FERIA DE VENTA DE ROPA AL KILO"},"content":{"rendered":"<p><strong>\u2018Amurrio Kilomarket\u2019 estar\u00e1 situado en el local de la calle Elexondo 9 y contar\u00e1 con la participaci\u00f3n de cinco comercios del municipio<\/strong><\/p>\n<p>A partir de ma\u00f1ana y durante tres jornadas, Amurrio contar\u00e1 con un mercado de venta de ropa al kilo. \u2018Amurrio Kilomarket\u2019 estar\u00e1 situado en el local de la calle Elexondo 9 y contar\u00e1 con la participaci\u00f3n de cinco comercios del municipio.<\/p>\n<p>\u2018Amurrio Kilomarket\u2019, organizado por el Ayuntamiento de Amurrio e Izan Amurrio y con la colaboraci\u00f3n de la Diputaci\u00f3n Foral de \u00c1lava, busca a trav\u00e9s de esta feria que los establecimientos participantes puedan sacar a la venta en un formato innovador el excedente de temporadas anteriores.<\/p>\n<p>La venta de los productos de los comercios se realizar\u00e1 por kilos, es decir, una vez seleccionadas las prendas y accesorios se pesar\u00e1n en una b\u00e1scula para conocer el precio total de la compra. Los productos en venta estar\u00e1n categorizados en cinco bloques distinguidos por un color cada uno de ellos que se identificar\u00e1 en la pegatina de cada una de las etiquetas. Las prendas con etiqueta roja tendr\u00e1n un valor de 20 euros el kilo, la pegatina amarilla ser\u00e1 de 30 euros el kilo, el azul 40 euros el kilo, la verde 50 euros el kilo y la negra de 80 euros el kilo<\/p>\n<p>Los comercios participantes en esta segunda edici\u00f3n de \u2018Kilomarket\u2019 son Gancedo, Katiberl, Kaprix, Karisma y Azules. El local estar\u00e1 abierto ma\u00f1ana y el viernes de 10.00 a 14.00 y 17.00 a 19.30 y el s\u00e1bado de 10.00 a 14.00.<\/p>\n<p>&nbsp;<\/p>\n","protected":false},"excerpt":{"rendered":"<p>\u2018Amurrio Kilomarket\u2019 estar\u00e1 situado en el local de la calle Elexondo 9 y contar\u00e1 con la participaci\u00f3n de cinco comercios del municipio A partir de ma\u00f1ana y durante tres jornadas, Amurrio contar\u00e1 con un mercado de venta de ropa al kilo. \u2018Amurrio Kilomarket\u2019 estar\u00e1 situado en el local de la calle Elexondo 9 y contar\u00e1 [&hellip;]<\/p>\n","protected":false},"author":2,"featured_media":6725,"comment_status":"closed","ping_status":"closed","sticky":false,"template":"","format":"standard","meta":{"footnotes":""},"categories":[28],"tags":[],"class_list":["post-6724","post","type-post","status-publish","format-standard","has-post-thumbnail","hentry","category-noticias"],"yoast_head":"<!-- This site is optimized with the Yoast SEO plugin v25.3 - https:\/\/yoast.com\/wordpress\/plugins\/seo\/ -->\n<title>AMURRIO CELEBRA DURANTE TRES D\u00cdAS \u2018KILOMARKET\u2019, UNA FERIA DE VENTA DE ROPA AL KILO - Amurrio Bidean. Garapen Agentzia - Agencia de desarrollo.<\/title>\n<meta name=\"robots\" content=\"index, follow, max-snippet:-1, max-image-preview:large, max-video-preview:-1\" \/>\n<link rel=\"canonical\" href=\"https:\/\/amurriobidean.org\/es\/amurrio-celebra-durante-tres-dias-kilomarket-una-feria-de-venta-de-ropa-al-kilo-2\/\" \/>\n<meta property=\"og:locale\" content=\"es_ES\" \/>\n<meta property=\"og:type\" content=\"article\" \/>\n<meta property=\"og:title\" content=\"AMURRIO CELEBRA DURANTE TRES D\u00cdAS \u2018KILOMARKET\u2019, UNA FERIA DE VENTA DE ROPA AL KILO - Amurrio Bidean. Garapen Agentzia - Agencia de desarrollo.\" \/>\n<meta property=\"og:description\" content=\"\u2018Amurrio Kilomarket\u2019 estar\u00e1 situado en el local de la calle Elexondo 9 y contar\u00e1 con la participaci\u00f3n de cinco comercios del municipio A partir de ma\u00f1ana y durante tres jornadas, Amurrio contar\u00e1 con un mercado de venta de ropa al kilo. \u2018Amurrio Kilomarket\u2019 estar\u00e1 situado en el local de la calle Elexondo 9 y contar\u00e1 [&hellip;]\" \/>\n<meta property=\"og:url\" content=\"https:\/\/amurriobidean.org\/es\/amurrio-celebra-durante-tres-dias-kilomarket-una-feria-de-venta-de-ropa-al-kilo-2\/\" \/>\n<meta property=\"og:site_name\" content=\"Amurrio Bidean. Garapen Agentzia - Agencia de desarrollo.\" \/>\n<meta property=\"article:publisher\" content=\"https:\/\/www.facebook.com\/amurrio.bidean\" \/>\n<meta property=\"article:published_time\" content=\"2023-10-04T12:24:20+00:00\" \/>\n<meta property=\"og:image\" content=\"https:\/\/amurriobidean.org\/wp-content\/uploads\/2023\/10\/CARTEL-773x1030.png\" \/>\n\t<meta property=\"og:image:width\" content=\"773\" \/>\n\t<meta property=\"og:image:height\" content=\"1030\" \/>\n\t<meta property=\"og:image:type\" content=\"image\/png\" \/>\n<meta name=\"author\" content=\"Amurrio Bidean\" \/>\n<meta name=\"twitter:card\" content=\"summary_large_image\" \/>\n<meta name=\"twitter:creator\" content=\"@amurriobidean\" \/>\n<meta name=\"twitter:site\" content=\"@amurriobidean\" \/>\n<meta name=\"twitter:label1\" content=\"Escrito por\" \/>\n\t<meta name=\"twitter:data1\" content=\"Amurrio Bidean\" \/>\n\t<meta name=\"twitter:label2\" content=\"Tiempo de lectura\" \/>\n\t<meta name=\"twitter:data2\" content=\"2 minutos\" \/>\n<script type=\"application\/ld+json\" class=\"yoast-schema-graph\">{\"@context\":\"https:\/\/schema.org\",\"@graph\":[{\"@type\":\"WebPage\",\"@id\":\"https:\/\/amurriobidean.org\/es\/amurrio-celebra-durante-tres-dias-kilomarket-una-feria-de-venta-de-ropa-al-kilo-2\/\",\"url\":\"https:\/\/amurriobidean.org\/es\/amurrio-celebra-durante-tres-dias-kilomarket-una-feria-de-venta-de-ropa-al-kilo-2\/\",\"name\":\"AMURRIO CELEBRA DURANTE TRES D\u00cdAS \u2018KILOMARKET\u2019, UNA FERIA DE VENTA DE ROPA AL KILO - Amurrio Bidean. Garapen Agentzia - Agencia de desarrollo.\",\"isPartOf\":{\"@id\":\"https:\/\/amurriobidean.org\/es\/#website\"},\"primaryImageOfPage\":{\"@id\":\"https:\/\/amurriobidean.org\/es\/amurrio-celebra-durante-tres-dias-kilomarket-una-feria-de-venta-de-ropa-al-kilo-2\/#primaryimage\"},\"image\":{\"@id\":\"https:\/\/amurriobidean.org\/es\/amurrio-celebra-durante-tres-dias-kilomarket-una-feria-de-venta-de-ropa-al-kilo-2\/#primaryimage\"},\"thumbnailUrl\":\"https:\/\/amurriobidean.org\/wp-content\/uploads\/2023\/10\/CARTEL.png\",\"datePublished\":\"2023-10-04T12:24:20+00:00\",\"author\":{\"@id\":\"https:\/\/amurriobidean.org\/es\/#\/schema\/person\/56c71b474b3e7f5f5e6f209a6cf3abfe\"},\"breadcrumb\":{\"@id\":\"https:\/\/amurriobidean.org\/es\/amurrio-celebra-durante-tres-dias-kilomarket-una-feria-de-venta-de-ropa-al-kilo-2\/#breadcrumb\"},\"inLanguage\":\"es\",\"potentialAction\":[{\"@type\":\"ReadAction\",\"target\":[\"https:\/\/amurriobidean.org\/es\/amurrio-celebra-durante-tres-dias-kilomarket-una-feria-de-venta-de-ropa-al-kilo-2\/\"]}]},{\"@type\":\"ImageObject\",\"inLanguage\":\"es\",\"@id\":\"https:\/\/amurriobidean.org\/es\/amurrio-celebra-durante-tres-dias-kilomarket-una-feria-de-venta-de-ropa-al-kilo-2\/#primaryimage\",\"url\":\"https:\/\/amurriobidean.org\/wp-content\/uploads\/2023\/10\/CARTEL.png\",\"contentUrl\":\"https:\/\/amurriobidean.org\/wp-content\/uploads\/2023\/10\/CARTEL.png\",\"width\":3456,\"height\":4608},{\"@type\":\"BreadcrumbList\",\"@id\":\"https:\/\/amurriobidean.org\/es\/amurrio-celebra-durante-tres-dias-kilomarket-una-feria-de-venta-de-ropa-al-kilo-2\/#breadcrumb\",\"itemListElement\":[{\"@type\":\"ListItem\",\"position\":1,\"name\":\"Portada\",\"item\":\"https:\/\/amurriobidean.org\/es\/\"},{\"@type\":\"ListItem\",\"position\":2,\"name\":\"AMURRIO CELEBRA DURANTE TRES D\u00cdAS \u2018KILOMARKET\u2019, UNA FERIA DE VENTA DE ROPA AL KILO\"}]},{\"@type\":\"WebSite\",\"@id\":\"https:\/\/amurriobidean.org\/es\/#website\",\"url\":\"https:\/\/amurriobidean.org\/es\/\",\"name\":\"Amurrio Bidean. Garapen Agentzia - Agencia de desarrollo.\",\"description\":\"Agencia de Desarollo Local de Amurrio\",\"potentialAction\":[{\"@type\":\"SearchAction\",\"target\":{\"@type\":\"EntryPoint\",\"urlTemplate\":\"https:\/\/amurriobidean.org\/es\/?s={search_term_string}\"},\"query-input\":{\"@type\":\"PropertyValueSpecification\",\"valueRequired\":true,\"valueName\":\"search_term_string\"}}],\"inLanguage\":\"es\"},{\"@type\":\"Person\",\"@id\":\"https:\/\/amurriobidean.org\/es\/#\/schema\/person\/56c71b474b3e7f5f5e6f209a6cf3abfe\",\"name\":\"Amurrio Bidean\",\"image\":{\"@type\":\"ImageObject\",\"inLanguage\":\"es\",\"@id\":\"https:\/\/amurriobidean.org\/es\/#\/schema\/person\/image\/\",\"url\":\"https:\/\/secure.gravatar.com\/avatar\/84a34d50800d0bb5d80eba504fc44ed48c9b2faab16ad58fa7d30bce4e2b661e\",\"contentUrl\":\"https:\/\/secure.gravatar.com\/avatar\/84a34d50800d0bb5d80eba504fc44ed48c9b2faab16ad58fa7d30bce4e2b661e\",\"caption\":\"Amurrio Bidean\"},\"sameAs\":[\"http:\/\/www.amurriobidean.eus\"],\"url\":\"https:\/\/amurriobidean.org\/es\/author\/amurrio-bidean\/\"}]}<\/script>\n<!-- \/ Yoast SEO plugin. -->","yoast_head_json":{"title":"AMURRIO CELEBRA DURANTE TRES D\u00cdAS \u2018KILOMARKET\u2019, UNA FERIA DE VENTA DE ROPA AL KILO - Amurrio Bidean. Garapen Agentzia - Agencia de desarrollo.","robots":{"index":"index","follow":"follow","max-snippet":"max-snippet:-1","max-image-preview":"max-image-preview:large","max-video-preview":"max-video-preview:-1"},"canonical":"https:\/\/amurriobidean.org\/es\/amurrio-celebra-durante-tres-dias-kilomarket-una-feria-de-venta-de-ropa-al-kilo-2\/","og_locale":"es_ES","og_type":"article","og_title":"AMURRIO CELEBRA DURANTE TRES D\u00cdAS \u2018KILOMARKET\u2019, UNA FERIA DE VENTA DE ROPA AL KILO - Amurrio Bidean. Garapen Agentzia - Agencia de desarrollo.","og_description":"\u2018Amurrio Kilomarket\u2019 estar\u00e1 situado en el local de la calle Elexondo 9 y contar\u00e1 con la participaci\u00f3n de cinco comercios del municipio A partir de ma\u00f1ana y durante tres jornadas, Amurrio contar\u00e1 con un mercado de venta de ropa al kilo. \u2018Amurrio Kilomarket\u2019 estar\u00e1 situado en el local de la calle Elexondo 9 y contar\u00e1 [&hellip;]","og_url":"https:\/\/amurriobidean.org\/es\/amurrio-celebra-durante-tres-dias-kilomarket-una-feria-de-venta-de-ropa-al-kilo-2\/","og_site_name":"Amurrio Bidean. Garapen Agentzia - Agencia de desarrollo.","article_publisher":"https:\/\/www.facebook.com\/amurrio.bidean","article_published_time":"2023-10-04T12:24:20+00:00","og_image":[{"width":773,"height":1030,"url":"https:\/\/amurriobidean.org\/wp-content\/uploads\/2023\/10\/CARTEL-773x1030.png","type":"image\/png"}],"author":"Amurrio Bidean","twitter_card":"summary_large_image","twitter_creator":"@amurriobidean","twitter_site":"@amurriobidean","twitter_misc":{"Escrito por":"Amurrio Bidean","Tiempo de lectura":"2 minutos"},"schema":{"@context":"https:\/\/schema.org","@graph":[{"@type":"WebPage","@id":"https:\/\/amurriobidean.org\/es\/amurrio-celebra-durante-tres-dias-kilomarket-una-feria-de-venta-de-ropa-al-kilo-2\/","url":"https:\/\/amurriobidean.org\/es\/amurrio-celebra-durante-tres-dias-kilomarket-una-feria-de-venta-de-ropa-al-kilo-2\/","name":"AMURRIO CELEBRA DURANTE TRES D\u00cdAS \u2018KILOMARKET\u2019, UNA FERIA DE VENTA DE ROPA AL KILO - Amurrio Bidean. Garapen Agentzia - Agencia de desarrollo.","isPartOf":{"@id":"https:\/\/amurriobidean.org\/es\/#website"},"primaryImageOfPage":{"@id":"https:\/\/amurriobidean.org\/es\/amurrio-celebra-durante-tres-dias-kilomarket-una-feria-de-venta-de-ropa-al-kilo-2\/#primaryimage"},"image":{"@id":"https:\/\/amurriobidean.org\/es\/amurrio-celebra-durante-tres-dias-kilomarket-una-feria-de-venta-de-ropa-al-kilo-2\/#primaryimage"},"thumbnailUrl":"https:\/\/amurriobidean.org\/wp-content\/uploads\/2023\/10\/CARTEL.png","datePublished":"2023-10-04T12:24:20+00:00","author":{"@id":"https:\/\/amurriobidean.org\/es\/#\/schema\/person\/56c71b474b3e7f5f5e6f209a6cf3abfe"},"breadcrumb":{"@id":"https:\/\/amurriobidean.org\/es\/amurrio-celebra-durante-tres-dias-kilomarket-una-feria-de-venta-de-ropa-al-kilo-2\/#breadcrumb"},"inLanguage":"es","potentialAction":[{"@type":"ReadAction","target":["https:\/\/amurriobidean.org\/es\/amurrio-celebra-durante-tres-dias-kilomarket-una-feria-de-venta-de-ropa-al-kilo-2\/"]}]},{"@type":"ImageObject","inLanguage":"es","@id":"https:\/\/amurriobidean.org\/es\/amurrio-celebra-durante-tres-dias-kilomarket-una-feria-de-venta-de-ropa-al-kilo-2\/#primaryimage","url":"https:\/\/amurriobidean.org\/wp-content\/uploads\/2023\/10\/CARTEL.png","contentUrl":"https:\/\/amurriobidean.org\/wp-content\/uploads\/2023\/10\/CARTEL.png","width":3456,"height":4608},{"@type":"BreadcrumbList","@id":"https:\/\/amurriobidean.org\/es\/amurrio-celebra-durante-tres-dias-kilomarket-una-feria-de-venta-de-ropa-al-kilo-2\/#breadcrumb","itemListElement":[{"@type":"ListItem","position":1,"name":"Portada","item":"https:\/\/amurriobidean.org\/es\/"},{"@type":"ListItem","position":2,"name":"AMURRIO CELEBRA DURANTE TRES D\u00cdAS \u2018KILOMARKET\u2019, UNA FERIA DE VENTA DE ROPA AL KILO"}]},{"@type":"WebSite","@id":"https:\/\/amurriobidean.org\/es\/#website","url":"https:\/\/amurriobidean.org\/es\/","name":"Amurrio Bidean. Garapen Agentzia - Agencia de desarrollo.","description":"Agencia de Desarollo Local de Amurrio","potentialAction":[{"@type":"SearchAction","target":{"@type":"EntryPoint","urlTemplate":"https:\/\/amurriobidean.org\/es\/?s={search_term_string}"},"query-input":{"@type":"PropertyValueSpecification","valueRequired":true,"valueName":"search_term_string"}}],"inLanguage":"es"},{"@type":"Person","@id":"https:\/\/amurriobidean.org\/es\/#\/schema\/person\/56c71b474b3e7f5f5e6f209a6cf3abfe","name":"Amurrio Bidean","image":{"@type":"ImageObject","inLanguage":"es","@id":"https:\/\/amurriobidean.org\/es\/#\/schema\/person\/image\/","url":"https:\/\/secure.gravatar.com\/avatar\/84a34d50800d0bb5d80eba504fc44ed48c9b2faab16ad58fa7d30bce4e2b661e","contentUrl":"https:\/\/secure.gravatar.com\/avatar\/84a34d50800d0bb5d80eba504fc44ed48c9b2faab16ad58fa7d30bce4e2b661e","caption":"Amurrio Bidean"},"sameAs":["http:\/\/www.amurriobidean.eus"],"url":"https:\/\/amurriobidean.org\/es\/author\/amurrio-bidean\/"}]}},"_links":{"self":[{"href":"https:\/\/amurriobidean.org\/es\/wp-json\/wp\/v2\/posts\/6724","targetHints":{"allow":["GET"]}}],"collection":[{"href":"https:\/\/amurriobidean.org\/es\/wp-json\/wp\/v2\/posts"}],"about":[{"href":"https:\/\/amurriobidean.org\/es\/wp-json\/wp\/v2\/types\/post"}],"author":[{"embeddable":true,"href":"https:\/\/amurriobidean.org\/es\/wp-json\/wp\/v2\/users\/2"}],"replies":[{"embeddable":true,"href":"https:\/\/amurriobidean.org\/es\/wp-json\/wp\/v2\/comments?post=6724"}],"version-history":[{"count":0,"href":"https:\/\/amurriobidean.org\/es\/wp-json\/wp\/v2\/posts\/6724\/revisions"}],"wp:featuredmedia":[{"embeddable":true,"href":"https:\/\/amurriobidean.org\/es\/wp-json\/wp\/v2\/media\/6725"}],"wp:attachment":[{"href":"https:\/\/amurriobidean.org\/es\/wp-json\/wp\/v2\/media?parent=6724"}],"wp:term":[{"taxonomy":"category","embeddable":true,"href":"https:\/\/amurriobidean.org\/es\/wp-json\/wp\/v2\/categories?post=6724"},{"taxonomy":"post_tag","embeddable":true,"href":"https:\/\/amurriobidean.org\/es\/wp-json\/wp\/v2\/tags?post=6724"}],"curies":[{"name":"wp","href":"https:\/\/api.w.org\/{rel}","templated":true}]}}