{"id":6543,"date":"2023-09-15T12:43:01","date_gmt":"2023-09-15T10:43:01","guid":{"rendered":"https:\/\/amurriobidean.org\/?p=6543"},"modified":"2023-09-21T12:59:38","modified_gmt":"2023-09-21T10:59:38","slug":"las-dos-acciones-formativas-que-daran-comienzo-en-octubre-se-centraran-en-el-area-comercial","status":"publish","type":"post","link":"https:\/\/amurriobidean.org\/es\/las-dos-acciones-formativas-que-daran-comienzo-en-octubre-se-centraran-en-el-area-comercial\/","title":{"rendered":"Las dos acciones formativas que dar\u00e1n comienzo en octubre se centrar\u00e1n en el \u00e1rea comercial."},"content":{"rendered":"<p>Abierto plazo de inscripci\u00f3n a los cursos sobre Atenci\u00f3n al cliente y Marketing digital que se impartir\u00e1n en el \u00faltimo cuatrimestre del a\u00f1o en Amurrio Bidean<\/p>\n<p><em>\u00a0<\/em><strong>Atenci\u00f3n al cliente, ventas y marketing<\/strong> es una formaci\u00f3n de 90 horas que se impartir\u00e1 en formato presencial de lunes a jueves de 9.30 a 14.30 horas a partir del 9 de octubre.<\/p>\n<p>Est\u00e1 dirigida, principalmente, a personas desempleadas de la comarca pero tambi\u00e9n pueden participar personas en activo a las que esta formaci\u00f3n les permita ampliar sus conocimientos para poder desempe\u00f1ar otras tareas en su profesi\u00f3n. Es tambi\u00e9n una oportunidad para las personas emprendedoras que tengan que gestionar un establecimiento comercial o de servicios.<\/p>\n<p>La formaci\u00f3n ser\u00e1 muy pr\u00e1ctica y acorde con las nuevas tendencias y herramientas digitales del sector con el objetivo de que las personas asistentes puedan realizar con solvencia las funciones m\u00e1s habituales en la atenci\u00f3n al cliente y ventas una vez finalizado el curso.<\/p>\n<p>Se trabajar\u00e1n temas como la inteligencia emocional, el proceso de venta, herramientas de venta y control de stock (TPV, etc) o t\u00e9cnicas de marketing para la venta incluido el marketing digital.<\/p>\n<p>Por otro lado, la segunda formaci\u00f3n que comienza el 23 de octubre es <strong>Marketing digital para profesionales del siglo XXI<\/strong>.\u00a0 Se trata de una formaci\u00f3n presencial de 60 hora de duraci\u00f3n que se impartir\u00e1 de lunes a viernes de 9.30 a 14.30 horas.<\/p>\n<p>Est\u00e1 formaci\u00f3n tambi\u00e9n est\u00e1 dirigida principalmente a personas en desempleo empadronadas en la comarca.\u00a0 En este caso las personas participantes deber\u00e1n tener conocimientos de Internet, como m\u00ednimo a nivel usuario.\u00a0 Participando en esta formaci\u00f3n podr\u00e1n ampliar oportunidades profesionales complementando sus estudios previos con conocimientos sobre el marketing digital.\u00a0 Tambi\u00e9n es una formaci\u00f3n interesante para personas emprendedoras o aut\u00f3nomas que tengan que hacer una labor comercial para vender su producto o servicio a trav\u00e9s de Internet.<\/p>\n<p>Se abordar\u00e1n contenidos de estrategia, publicidad, redes sociales, email marketing, an\u00e1lisis de resultados, tendencias y futuro del marketing digital.<\/p>\n<p>Ambas acciones formativas se impartir\u00e1n en las instalaciones de Amurrio Bidean (El Refor Kalea s\/n)<\/p>\n<p>&nbsp;<\/p>\n<p><strong>Acciones formativas subvencionadas<\/strong><\/p>\n<p>Estas son las actividades subvencionadas por la Diputaci\u00f3n Foral de \u00c1lava a la Cuadrilla de Ayala.<\/p>\n<p><img fetchpriority=\"high\" decoding=\"async\" class=\"aligncenter size-full wp-image-6544\" src=\"https:\/\/amurriobidean.org\/wp-content\/uploads\/2023\/09\/Tabla-cas-def.png\" alt=\"\" width=\"592\" height=\"166\" srcset=\"https:\/\/amurriobidean.org\/wp-content\/uploads\/2023\/09\/Tabla-cas-def.png 592w, https:\/\/amurriobidean.org\/wp-content\/uploads\/2023\/09\/Tabla-cas-def-300x84.png 300w\" sizes=\"(max-width: 592px) 100vw, 592px\" \/><\/p>\n<p>&nbsp;<\/p>\n<p>&nbsp;<\/p>\n<p>Las plazas son limitadas y la inscripci\u00f3n debe realizarse en el Portal de Personas de Amurrio Bidean: <a href=\"https:\/\/www.tganet.net\/BEO\/hasiera_amurrio\/\">https:\/\/www.tganet.net\/BEO\/hasiera_amurrio\/<\/a>. En caso de acceder por primera vez habr\u00e1 que realizar el registro y luego acceder a la secci\u00f3n de Cursos de la barra superior.<\/p>\n<p>Las personas que quieran ampliar informaci\u00f3n pueden ponerse en contacto con Amurrio Bidean, en el tel\u00e9fono 945891721 o en el correo electr\u00f3nico <a href=\"mailto:formacion@amurriobidean.org\">formacion@amurriobidean.org<\/a><\/p>\n","protected":false},"excerpt":{"rendered":"<p>Abierto plazo de inscripci\u00f3n a los cursos sobre Atenci\u00f3n al cliente y Marketing digital que se impartir\u00e1n en el \u00faltimo cuatrimestre del a\u00f1o en Amurrio Bidean \u00a0Atenci\u00f3n al cliente, ventas y marketing es una formaci\u00f3n de 90 horas que se impartir\u00e1 en formato presencial de lunes a jueves de 9.30 a 14.30 horas a partir [&hellip;]<\/p>\n","protected":false},"author":5,"featured_media":6548,"comment_status":"closed","ping_status":"closed","sticky":false,"template":"","format":"standard","meta":{"footnotes":""},"categories":[28],"tags":[],"class_list":["post-6543","post","type-post","status-publish","format-standard","has-post-thumbnail","hentry","category-noticias"],"yoast_head":"<!-- This site is optimized with the Yoast SEO plugin v25.3 - https:\/\/yoast.com\/wordpress\/plugins\/seo\/ -->\n<title>Las dos acciones formativas que dar\u00e1n comienzo en octubre se centrar\u00e1n en el \u00e1rea comercial. - Amurrio Bidean. Garapen Agentzia - Agencia de desarrollo.<\/title>\n<meta name=\"description\" content=\"en el \u00e1rea comercial\" \/>\n<meta name=\"robots\" content=\"index, follow, max-snippet:-1, max-image-preview:large, max-video-preview:-1\" \/>\n<link rel=\"canonical\" href=\"https:\/\/amurriobidean.org\/es\/las-dos-acciones-formativas-que-daran-comienzo-en-octubre-se-centraran-en-el-area-comercial\/\" \/>\n<meta property=\"og:locale\" content=\"es_ES\" \/>\n<meta property=\"og:type\" content=\"article\" \/>\n<meta property=\"og:title\" content=\"Las dos acciones formativas que dar\u00e1n comienzo en octubre se centrar\u00e1n en el \u00e1rea comercial. - Amurrio Bidean. Garapen Agentzia - Agencia de desarrollo.\" \/>\n<meta property=\"og:description\" content=\"en el \u00e1rea comercial\" \/>\n<meta property=\"og:url\" content=\"https:\/\/amurriobidean.org\/es\/las-dos-acciones-formativas-que-daran-comienzo-en-octubre-se-centraran-en-el-area-comercial\/\" \/>\n<meta property=\"og:site_name\" content=\"Amurrio Bidean. Garapen Agentzia - Agencia de desarrollo.\" \/>\n<meta property=\"article:publisher\" content=\"https:\/\/www.facebook.com\/amurrio.bidean\" \/>\n<meta property=\"article:published_time\" content=\"2023-09-15T10:43:01+00:00\" \/>\n<meta property=\"article:modified_time\" content=\"2023-09-21T10:59:38+00:00\" \/>\n<meta property=\"og:image\" content=\"https:\/\/amurriobidean.org\/wp-content\/uploads\/2023\/09\/publi-web-1.png\" \/>\n\t<meta property=\"og:image:width\" content=\"1500\" \/>\n\t<meta property=\"og:image:height\" content=\"630\" \/>\n\t<meta property=\"og:image:type\" content=\"image\/png\" \/>\n<meta name=\"author\" content=\"Oihane GilSanz\" \/>\n<meta name=\"twitter:card\" content=\"summary_large_image\" \/>\n<meta name=\"twitter:creator\" content=\"@amurriobidean\" \/>\n<meta name=\"twitter:site\" content=\"@amurriobidean\" \/>\n<meta name=\"twitter:label1\" content=\"Escrito por\" \/>\n\t<meta name=\"twitter:data1\" content=\"Oihane GilSanz\" \/>\n\t<meta name=\"twitter:label2\" content=\"Tiempo de lectura\" \/>\n\t<meta name=\"twitter:data2\" content=\"3 minutos\" \/>\n<script type=\"application\/ld+json\" class=\"yoast-schema-graph\">{\"@context\":\"https:\/\/schema.org\",\"@graph\":[{\"@type\":\"WebPage\",\"@id\":\"https:\/\/amurriobidean.org\/es\/las-dos-acciones-formativas-que-daran-comienzo-en-octubre-se-centraran-en-el-area-comercial\/\",\"url\":\"https:\/\/amurriobidean.org\/es\/las-dos-acciones-formativas-que-daran-comienzo-en-octubre-se-centraran-en-el-area-comercial\/\",\"name\":\"Las dos acciones formativas que dar\u00e1n comienzo en octubre se centrar\u00e1n en el \u00e1rea comercial. - Amurrio Bidean. Garapen Agentzia - Agencia de desarrollo.\",\"isPartOf\":{\"@id\":\"https:\/\/amurriobidean.org\/es\/#website\"},\"primaryImageOfPage\":{\"@id\":\"https:\/\/amurriobidean.org\/es\/las-dos-acciones-formativas-que-daran-comienzo-en-octubre-se-centraran-en-el-area-comercial\/#primaryimage\"},\"image\":{\"@id\":\"https:\/\/amurriobidean.org\/es\/las-dos-acciones-formativas-que-daran-comienzo-en-octubre-se-centraran-en-el-area-comercial\/#primaryimage\"},\"thumbnailUrl\":\"https:\/\/amurriobidean.org\/wp-content\/uploads\/2023\/09\/publi-web-1.png\",\"datePublished\":\"2023-09-15T10:43:01+00:00\",\"dateModified\":\"2023-09-21T10:59:38+00:00\",\"author\":{\"@id\":\"https:\/\/amurriobidean.org\/es\/#\/schema\/person\/7457391104215a2811afeb1f9ed980b0\"},\"description\":\"en el \u00e1rea comercial\",\"breadcrumb\":{\"@id\":\"https:\/\/amurriobidean.org\/es\/las-dos-acciones-formativas-que-daran-comienzo-en-octubre-se-centraran-en-el-area-comercial\/#breadcrumb\"},\"inLanguage\":\"es\",\"potentialAction\":[{\"@type\":\"ReadAction\",\"target\":[\"https:\/\/amurriobidean.org\/es\/las-dos-acciones-formativas-que-daran-comienzo-en-octubre-se-centraran-en-el-area-comercial\/\"]}]},{\"@type\":\"ImageObject\",\"inLanguage\":\"es\",\"@id\":\"https:\/\/amurriobidean.org\/es\/las-dos-acciones-formativas-que-daran-comienzo-en-octubre-se-centraran-en-el-area-comercial\/#primaryimage\",\"url\":\"https:\/\/amurriobidean.org\/wp-content\/uploads\/2023\/09\/publi-web-1.png\",\"contentUrl\":\"https:\/\/amurriobidean.org\/wp-content\/uploads\/2023\/09\/publi-web-1.png\",\"width\":1500,\"height\":630},{\"@type\":\"BreadcrumbList\",\"@id\":\"https:\/\/amurriobidean.org\/es\/las-dos-acciones-formativas-que-daran-comienzo-en-octubre-se-centraran-en-el-area-comercial\/#breadcrumb\",\"itemListElement\":[{\"@type\":\"ListItem\",\"position\":1,\"name\":\"Portada\",\"item\":\"https:\/\/amurriobidean.org\/es\/\"},{\"@type\":\"ListItem\",\"position\":2,\"name\":\"Las dos acciones formativas que dar\u00e1n comienzo en octubre se centrar\u00e1n en el \u00e1rea comercial.\"}]},{\"@type\":\"WebSite\",\"@id\":\"https:\/\/amurriobidean.org\/es\/#website\",\"url\":\"https:\/\/amurriobidean.org\/es\/\",\"name\":\"Amurrio Bidean. Garapen Agentzia - Agencia de desarrollo.\",\"description\":\"Agencia de Desarollo Local de Amurrio\",\"potentialAction\":[{\"@type\":\"SearchAction\",\"target\":{\"@type\":\"EntryPoint\",\"urlTemplate\":\"https:\/\/amurriobidean.org\/es\/?s={search_term_string}\"},\"query-input\":{\"@type\":\"PropertyValueSpecification\",\"valueRequired\":true,\"valueName\":\"search_term_string\"}}],\"inLanguage\":\"es\"},{\"@type\":\"Person\",\"@id\":\"https:\/\/amurriobidean.org\/es\/#\/schema\/person\/7457391104215a2811afeb1f9ed980b0\",\"name\":\"Oihane GilSanz\",\"image\":{\"@type\":\"ImageObject\",\"inLanguage\":\"es\",\"@id\":\"https:\/\/amurriobidean.org\/es\/#\/schema\/person\/image\/\",\"url\":\"https:\/\/secure.gravatar.com\/avatar\/1df40c200bdd5927aedf4bd5cac24befa9a952559bc6430083077db9286c3c63\",\"contentUrl\":\"https:\/\/secure.gravatar.com\/avatar\/1df40c200bdd5927aedf4bd5cac24befa9a952559bc6430083077db9286c3c63\",\"caption\":\"Oihane GilSanz\"},\"url\":\"https:\/\/amurriobidean.org\/es\/author\/oihane\/\"}]}<\/script>\n<!-- \/ Yoast SEO plugin. -->","yoast_head_json":{"title":"Las dos acciones formativas que dar\u00e1n comienzo en octubre se centrar\u00e1n en el \u00e1rea comercial. - Amurrio Bidean. Garapen Agentzia - Agencia de desarrollo.","description":"en el \u00e1rea comercial","robots":{"index":"index","follow":"follow","max-snippet":"max-snippet:-1","max-image-preview":"max-image-preview:large","max-video-preview":"max-video-preview:-1"},"canonical":"https:\/\/amurriobidean.org\/es\/las-dos-acciones-formativas-que-daran-comienzo-en-octubre-se-centraran-en-el-area-comercial\/","og_locale":"es_ES","og_type":"article","og_title":"Las dos acciones formativas que dar\u00e1n comienzo en octubre se centrar\u00e1n en el \u00e1rea comercial. - Amurrio Bidean. Garapen Agentzia - Agencia de desarrollo.","og_description":"en el \u00e1rea comercial","og_url":"https:\/\/amurriobidean.org\/es\/las-dos-acciones-formativas-que-daran-comienzo-en-octubre-se-centraran-en-el-area-comercial\/","og_site_name":"Amurrio Bidean. Garapen Agentzia - Agencia de desarrollo.","article_publisher":"https:\/\/www.facebook.com\/amurrio.bidean","article_published_time":"2023-09-15T10:43:01+00:00","article_modified_time":"2023-09-21T10:59:38+00:00","og_image":[{"width":1500,"height":630,"url":"https:\/\/amurriobidean.org\/wp-content\/uploads\/2023\/09\/publi-web-1.png","type":"image\/png"}],"author":"Oihane GilSanz","twitter_card":"summary_large_image","twitter_creator":"@amurriobidean","twitter_site":"@amurriobidean","twitter_misc":{"Escrito por":"Oihane GilSanz","Tiempo de lectura":"3 minutos"},"schema":{"@context":"https:\/\/schema.org","@graph":[{"@type":"WebPage","@id":"https:\/\/amurriobidean.org\/es\/las-dos-acciones-formativas-que-daran-comienzo-en-octubre-se-centraran-en-el-area-comercial\/","url":"https:\/\/amurriobidean.org\/es\/las-dos-acciones-formativas-que-daran-comienzo-en-octubre-se-centraran-en-el-area-comercial\/","name":"Las dos acciones formativas que dar\u00e1n comienzo en octubre se centrar\u00e1n en el \u00e1rea comercial. - Amurrio Bidean. Garapen Agentzia - Agencia de desarrollo.","isPartOf":{"@id":"https:\/\/amurriobidean.org\/es\/#website"},"primaryImageOfPage":{"@id":"https:\/\/amurriobidean.org\/es\/las-dos-acciones-formativas-que-daran-comienzo-en-octubre-se-centraran-en-el-area-comercial\/#primaryimage"},"image":{"@id":"https:\/\/amurriobidean.org\/es\/las-dos-acciones-formativas-que-daran-comienzo-en-octubre-se-centraran-en-el-area-comercial\/#primaryimage"},"thumbnailUrl":"https:\/\/amurriobidean.org\/wp-content\/uploads\/2023\/09\/publi-web-1.png","datePublished":"2023-09-15T10:43:01+00:00","dateModified":"2023-09-21T10:59:38+00:00","author":{"@id":"https:\/\/amurriobidean.org\/es\/#\/schema\/person\/7457391104215a2811afeb1f9ed980b0"},"description":"en el \u00e1rea comercial","breadcrumb":{"@id":"https:\/\/amurriobidean.org\/es\/las-dos-acciones-formativas-que-daran-comienzo-en-octubre-se-centraran-en-el-area-comercial\/#breadcrumb"},"inLanguage":"es","potentialAction":[{"@type":"ReadAction","target":["https:\/\/amurriobidean.org\/es\/las-dos-acciones-formativas-que-daran-comienzo-en-octubre-se-centraran-en-el-area-comercial\/"]}]},{"@type":"ImageObject","inLanguage":"es","@id":"https:\/\/amurriobidean.org\/es\/las-dos-acciones-formativas-que-daran-comienzo-en-octubre-se-centraran-en-el-area-comercial\/#primaryimage","url":"https:\/\/amurriobidean.org\/wp-content\/uploads\/2023\/09\/publi-web-1.png","contentUrl":"https:\/\/amurriobidean.org\/wp-content\/uploads\/2023\/09\/publi-web-1.png","width":1500,"height":630},{"@type":"BreadcrumbList","@id":"https:\/\/amurriobidean.org\/es\/las-dos-acciones-formativas-que-daran-comienzo-en-octubre-se-centraran-en-el-area-comercial\/#breadcrumb","itemListElement":[{"@type":"ListItem","position":1,"name":"Portada","item":"https:\/\/amurriobidean.org\/es\/"},{"@type":"ListItem","position":2,"name":"Las dos acciones formativas que dar\u00e1n comienzo en octubre se centrar\u00e1n en el \u00e1rea comercial."}]},{"@type":"WebSite","@id":"https:\/\/amurriobidean.org\/es\/#website","url":"https:\/\/amurriobidean.org\/es\/","name":"Amurrio Bidean. Garapen Agentzia - Agencia de desarrollo.","description":"Agencia de Desarollo Local de Amurrio","potentialAction":[{"@type":"SearchAction","target":{"@type":"EntryPoint","urlTemplate":"https:\/\/amurriobidean.org\/es\/?s={search_term_string}"},"query-input":{"@type":"PropertyValueSpecification","valueRequired":true,"valueName":"search_term_string"}}],"inLanguage":"es"},{"@type":"Person","@id":"https:\/\/amurriobidean.org\/es\/#\/schema\/person\/7457391104215a2811afeb1f9ed980b0","name":"Oihane GilSanz","image":{"@type":"ImageObject","inLanguage":"es","@id":"https:\/\/amurriobidean.org\/es\/#\/schema\/person\/image\/","url":"https:\/\/secure.gravatar.com\/avatar\/1df40c200bdd5927aedf4bd5cac24befa9a952559bc6430083077db9286c3c63","contentUrl":"https:\/\/secure.gravatar.com\/avatar\/1df40c200bdd5927aedf4bd5cac24befa9a952559bc6430083077db9286c3c63","caption":"Oihane GilSanz"},"url":"https:\/\/amurriobidean.org\/es\/author\/oihane\/"}]}},"_links":{"self":[{"href":"https:\/\/amurriobidean.org\/es\/wp-json\/wp\/v2\/posts\/6543","targetHints":{"allow":["GET"]}}],"collection":[{"href":"https:\/\/amurriobidean.org\/es\/wp-json\/wp\/v2\/posts"}],"about":[{"href":"https:\/\/amurriobidean.org\/es\/wp-json\/wp\/v2\/types\/post"}],"author":[{"embeddable":true,"href":"https:\/\/amurriobidean.org\/es\/wp-json\/wp\/v2\/users\/5"}],"replies":[{"embeddable":true,"href":"https:\/\/amurriobidean.org\/es\/wp-json\/wp\/v2\/comments?post=6543"}],"version-history":[{"count":0,"href":"https:\/\/amurriobidean.org\/es\/wp-json\/wp\/v2\/posts\/6543\/revisions"}],"wp:featuredmedia":[{"embeddable":true,"href":"https:\/\/amurriobidean.org\/es\/wp-json\/wp\/v2\/media\/6548"}],"wp:attachment":[{"href":"https:\/\/amurriobidean.org\/es\/wp-json\/wp\/v2\/media?parent=6543"}],"wp:term":[{"taxonomy":"category","embeddable":true,"href":"https:\/\/amurriobidean.org\/es\/wp-json\/wp\/v2\/categories?post=6543"},{"taxonomy":"post_tag","embeddable":true,"href":"https:\/\/amurriobidean.org\/es\/wp-json\/wp\/v2\/tags?post=6543"}],"curies":[{"name":"wp","href":"https:\/\/api.w.org\/{rel}","templated":true}]}}