{"id":6489,"date":"2023-09-13T12:42:34","date_gmt":"2023-09-13T10:42:34","guid":{"rendered":"https:\/\/amurriobidean.org\/?p=6489"},"modified":"2023-09-13T12:43:09","modified_gmt":"2023-09-13T10:43:09","slug":"desde-el-14-de-septiembre-al-4-de-octubre-se-podran-solicitar-las-becas-formativas-del-ayuntamiento-de-amurrio","status":"publish","type":"post","link":"https:\/\/amurriobidean.org\/es\/desde-el-14-de-septiembre-al-4-de-octubre-se-podran-solicitar-las-becas-formativas-del-ayuntamiento-de-amurrio\/","title":{"rendered":"Desde el 14 de septiembre al 4 de octubre se podr\u00e1n solicitar las becas formativas del Ayuntamiento de Amurrio."},"content":{"rendered":"<p>El objetivo de estas becas formativas es fomentar el empleo y la vinculaci\u00f3n de las personas desempleadas del municipio con las empresas, mediante la realizaci\u00f3n de pr\u00e1cticas profesionales remuneradas.<\/p>\n<p>Las pr\u00e1cticas se desarrollar\u00e1n durante 6 meses 30 horas a la semana.\u00a0 Las personas que desarrollen estas pr\u00e1cticas profesionales tendr\u00e1n una remuneraci\u00f3n bruta incluida la retenci\u00f3n de IRPF de 830\u20ac\/mes.<\/p>\n<p>Los requisitos para solicitar la beca son los siguientes:<\/p>\n<ul>\n<li>Empadronamiento en Amurrio<\/li>\n<li>Finalizados estudios de grado universitario, CFGS, CFGM, o certificado de profesionalidad<\/li>\n<li>No estar disfrutando de otra beca<\/li>\n<li>No haber tenido relaci\u00f3n laboral de superior a 3 meses en la misma actividad, no teni\u00e9ndose en cuenta las pr\u00e1cticas para la obtenci\u00f3n de titulaci\u00f3n<\/li>\n<li>No desarrollar actividad laboral remunerada<\/li>\n<li>No tener 25 a\u00f1os cumplidos en el inicio de la beca o 30 a\u00f1os si est\u00e1n inscritos en el SGJ<\/li>\n<li>En desempleo inscritos en Lanbide como demandante.<\/li>\n<\/ul>\n<p>Las becas se asignar\u00e1n por concurrencia competitiva y ser\u00e1n una ayuda econ\u00f3mica no reintegrable para prestar servicios en empresas.<\/p>\n<p>En la secci\u00f3n de \u201cPr\u00e1cticas profesionales becadas\u201d de la p\u00e1gina web de Amurrio Bidean (<a href=\"https:\/\/amurriobidean.org\/es\/formacion-practicas-profesionales-becadas\/\">https:\/\/amurriobidean.org\/es\/formacion-practicas-profesionales-becadas\/<\/a> ) se pueden ver los perfiles que las empresas demandan.\u00a0 Las personas que cumplan las condiciones de persona beneficiaria de la beca, aunque no vean su perfil reflejado en las ofertas de las empresas, podr\u00e1n solicitar la beca y, en el caso de que se les conceda, desde Amurrio Bidean trabajaremos en conjunto para buscar la empresa en la que puedan desarrollar sus pr\u00e1cticas profesionales.<\/p>\n<p><a href=\"https:\/\/www.araba.eus\/BOTHA\/Boletines\/2023\/080\/2023_080_02049_C.pdf\">Ordenanza reguladora<\/a><\/p>\n<p><a href=\"https:\/\/amurriobidean.org\/wp-content\/uploads\/2023\/09\/formulario.docx\">Formulario solicitud de beca formativa tipo B<\/a><\/p>\n","protected":false},"excerpt":{"rendered":"<p>El objetivo de estas becas formativas es fomentar el empleo y la vinculaci\u00f3n de las personas desempleadas del municipio con las empresas, mediante la realizaci\u00f3n de pr\u00e1cticas profesionales remuneradas. Las pr\u00e1cticas se desarrollar\u00e1n durante 6 meses 30 horas a la semana.\u00a0 Las personas que desarrollen estas pr\u00e1cticas profesionales tendr\u00e1n una remuneraci\u00f3n bruta incluida la retenci\u00f3n [&hellip;]<\/p>\n","protected":false},"author":5,"featured_media":6486,"comment_status":"closed","ping_status":"closed","sticky":false,"template":"","format":"standard","meta":{"footnotes":""},"categories":[28],"tags":[],"class_list":["post-6489","post","type-post","status-publish","format-standard","has-post-thumbnail","hentry","category-noticias"],"yoast_head":"<!-- This site is optimized with the Yoast SEO plugin v25.3 - https:\/\/yoast.com\/wordpress\/plugins\/seo\/ -->\n<title>Desde el 14 de septiembre al 4 de octubre se podr\u00e1n solicitar las becas formativas del Ayuntamiento de Amurrio. - Amurrio Bidean. Garapen Agentzia - Agencia de desarrollo.<\/title>\n<meta name=\"description\" content=\"formativas del Ayuntamiento de Amurrio. El objetivo de estas becas formativas es fomentar el empleo y la vinculaci\u00f3n de las personas desempleadas del municipio con las empresas\" \/>\n<meta name=\"robots\" content=\"index, follow, max-snippet:-1, max-image-preview:large, max-video-preview:-1\" \/>\n<link rel=\"canonical\" href=\"https:\/\/amurriobidean.org\/es\/desde-el-14-de-septiembre-al-4-de-octubre-se-podran-solicitar-las-becas-formativas-del-ayuntamiento-de-amurrio\/\" \/>\n<meta property=\"og:locale\" content=\"es_ES\" \/>\n<meta property=\"og:type\" content=\"article\" \/>\n<meta property=\"og:title\" content=\"Desde el 14 de septiembre al 4 de octubre se podr\u00e1n solicitar las becas formativas del Ayuntamiento de Amurrio. - Amurrio Bidean. Garapen Agentzia - Agencia de desarrollo.\" \/>\n<meta property=\"og:description\" content=\"formativas del Ayuntamiento de Amurrio. El objetivo de estas becas formativas es fomentar el empleo y la vinculaci\u00f3n de las personas desempleadas del municipio con las empresas\" \/>\n<meta property=\"og:url\" content=\"https:\/\/amurriobidean.org\/es\/desde-el-14-de-septiembre-al-4-de-octubre-se-podran-solicitar-las-becas-formativas-del-ayuntamiento-de-amurrio\/\" \/>\n<meta property=\"og:site_name\" content=\"Amurrio Bidean. Garapen Agentzia - Agencia de desarrollo.\" \/>\n<meta property=\"article:publisher\" content=\"https:\/\/www.facebook.com\/amurrio.bidean\" \/>\n<meta property=\"article:published_time\" content=\"2023-09-13T10:42:34+00:00\" \/>\n<meta property=\"article:modified_time\" content=\"2023-09-13T10:43:09+00:00\" \/>\n<meta property=\"og:image\" content=\"https:\/\/amurriobidean.org\/wp-content\/uploads\/2023\/09\/Becas-formativas-1-e1694601897129.png\" \/>\n\t<meta property=\"og:image:width\" content=\"1080\" \/>\n\t<meta property=\"og:image:height\" content=\"563\" \/>\n\t<meta property=\"og:image:type\" content=\"image\/png\" \/>\n<meta name=\"author\" content=\"Oihane GilSanz\" \/>\n<meta name=\"twitter:card\" content=\"summary_large_image\" \/>\n<meta name=\"twitter:creator\" content=\"@amurriobidean\" \/>\n<meta name=\"twitter:site\" content=\"@amurriobidean\" \/>\n<meta name=\"twitter:label1\" content=\"Escrito por\" \/>\n\t<meta name=\"twitter:data1\" content=\"Oihane GilSanz\" \/>\n\t<meta name=\"twitter:label2\" content=\"Tiempo de lectura\" \/>\n\t<meta name=\"twitter:data2\" content=\"2 minutos\" \/>\n<script type=\"application\/ld+json\" class=\"yoast-schema-graph\">{\"@context\":\"https:\/\/schema.org\",\"@graph\":[{\"@type\":\"WebPage\",\"@id\":\"https:\/\/amurriobidean.org\/es\/desde-el-14-de-septiembre-al-4-de-octubre-se-podran-solicitar-las-becas-formativas-del-ayuntamiento-de-amurrio\/\",\"url\":\"https:\/\/amurriobidean.org\/es\/desde-el-14-de-septiembre-al-4-de-octubre-se-podran-solicitar-las-becas-formativas-del-ayuntamiento-de-amurrio\/\",\"name\":\"Desde el 14 de septiembre al 4 de octubre se podr\u00e1n solicitar las becas formativas del Ayuntamiento de Amurrio. - Amurrio Bidean. Garapen Agentzia - Agencia de desarrollo.\",\"isPartOf\":{\"@id\":\"https:\/\/amurriobidean.org\/es\/#website\"},\"primaryImageOfPage\":{\"@id\":\"https:\/\/amurriobidean.org\/es\/desde-el-14-de-septiembre-al-4-de-octubre-se-podran-solicitar-las-becas-formativas-del-ayuntamiento-de-amurrio\/#primaryimage\"},\"image\":{\"@id\":\"https:\/\/amurriobidean.org\/es\/desde-el-14-de-septiembre-al-4-de-octubre-se-podran-solicitar-las-becas-formativas-del-ayuntamiento-de-amurrio\/#primaryimage\"},\"thumbnailUrl\":\"https:\/\/amurriobidean.org\/wp-content\/uploads\/2023\/09\/Becas-formativas-1-e1694601897129.png\",\"datePublished\":\"2023-09-13T10:42:34+00:00\",\"dateModified\":\"2023-09-13T10:43:09+00:00\",\"author\":{\"@id\":\"https:\/\/amurriobidean.org\/es\/#\/schema\/person\/7457391104215a2811afeb1f9ed980b0\"},\"description\":\"formativas del Ayuntamiento de Amurrio. El objetivo de estas becas formativas es fomentar el empleo y la vinculaci\u00f3n de las personas desempleadas del municipio con las empresas\",\"breadcrumb\":{\"@id\":\"https:\/\/amurriobidean.org\/es\/desde-el-14-de-septiembre-al-4-de-octubre-se-podran-solicitar-las-becas-formativas-del-ayuntamiento-de-amurrio\/#breadcrumb\"},\"inLanguage\":\"es\",\"potentialAction\":[{\"@type\":\"ReadAction\",\"target\":[\"https:\/\/amurriobidean.org\/es\/desde-el-14-de-septiembre-al-4-de-octubre-se-podran-solicitar-las-becas-formativas-del-ayuntamiento-de-amurrio\/\"]}]},{\"@type\":\"ImageObject\",\"inLanguage\":\"es\",\"@id\":\"https:\/\/amurriobidean.org\/es\/desde-el-14-de-septiembre-al-4-de-octubre-se-podran-solicitar-las-becas-formativas-del-ayuntamiento-de-amurrio\/#primaryimage\",\"url\":\"https:\/\/amurriobidean.org\/wp-content\/uploads\/2023\/09\/Becas-formativas-1-e1694601897129.png\",\"contentUrl\":\"https:\/\/amurriobidean.org\/wp-content\/uploads\/2023\/09\/Becas-formativas-1-e1694601897129.png\",\"width\":1080,\"height\":563},{\"@type\":\"BreadcrumbList\",\"@id\":\"https:\/\/amurriobidean.org\/es\/desde-el-14-de-septiembre-al-4-de-octubre-se-podran-solicitar-las-becas-formativas-del-ayuntamiento-de-amurrio\/#breadcrumb\",\"itemListElement\":[{\"@type\":\"ListItem\",\"position\":1,\"name\":\"Portada\",\"item\":\"https:\/\/amurriobidean.org\/es\/\"},{\"@type\":\"ListItem\",\"position\":2,\"name\":\"Desde el 14 de septiembre al 4 de octubre se podr\u00e1n solicitar las becas formativas del Ayuntamiento de Amurrio.\"}]},{\"@type\":\"WebSite\",\"@id\":\"https:\/\/amurriobidean.org\/es\/#website\",\"url\":\"https:\/\/amurriobidean.org\/es\/\",\"name\":\"Amurrio Bidean. Garapen Agentzia - Agencia de desarrollo.\",\"description\":\"Agencia de Desarollo Local de Amurrio\",\"potentialAction\":[{\"@type\":\"SearchAction\",\"target\":{\"@type\":\"EntryPoint\",\"urlTemplate\":\"https:\/\/amurriobidean.org\/es\/?s={search_term_string}\"},\"query-input\":{\"@type\":\"PropertyValueSpecification\",\"valueRequired\":true,\"valueName\":\"search_term_string\"}}],\"inLanguage\":\"es\"},{\"@type\":\"Person\",\"@id\":\"https:\/\/amurriobidean.org\/es\/#\/schema\/person\/7457391104215a2811afeb1f9ed980b0\",\"name\":\"Oihane GilSanz\",\"image\":{\"@type\":\"ImageObject\",\"inLanguage\":\"es\",\"@id\":\"https:\/\/amurriobidean.org\/es\/#\/schema\/person\/image\/\",\"url\":\"https:\/\/secure.gravatar.com\/avatar\/1df40c200bdd5927aedf4bd5cac24befa9a952559bc6430083077db9286c3c63\",\"contentUrl\":\"https:\/\/secure.gravatar.com\/avatar\/1df40c200bdd5927aedf4bd5cac24befa9a952559bc6430083077db9286c3c63\",\"caption\":\"Oihane GilSanz\"},\"url\":\"https:\/\/amurriobidean.org\/es\/author\/oihane\/\"}]}<\/script>\n<!-- \/ Yoast SEO plugin. -->","yoast_head_json":{"title":"Desde el 14 de septiembre al 4 de octubre se podr\u00e1n solicitar las becas formativas del Ayuntamiento de Amurrio. - Amurrio Bidean. Garapen Agentzia - Agencia de desarrollo.","description":"formativas del Ayuntamiento de Amurrio. El objetivo de estas becas formativas es fomentar el empleo y la vinculaci\u00f3n de las personas desempleadas del municipio con las empresas","robots":{"index":"index","follow":"follow","max-snippet":"max-snippet:-1","max-image-preview":"max-image-preview:large","max-video-preview":"max-video-preview:-1"},"canonical":"https:\/\/amurriobidean.org\/es\/desde-el-14-de-septiembre-al-4-de-octubre-se-podran-solicitar-las-becas-formativas-del-ayuntamiento-de-amurrio\/","og_locale":"es_ES","og_type":"article","og_title":"Desde el 14 de septiembre al 4 de octubre se podr\u00e1n solicitar las becas formativas del Ayuntamiento de Amurrio. - Amurrio Bidean. Garapen Agentzia - Agencia de desarrollo.","og_description":"formativas del Ayuntamiento de Amurrio. El objetivo de estas becas formativas es fomentar el empleo y la vinculaci\u00f3n de las personas desempleadas del municipio con las empresas","og_url":"https:\/\/amurriobidean.org\/es\/desde-el-14-de-septiembre-al-4-de-octubre-se-podran-solicitar-las-becas-formativas-del-ayuntamiento-de-amurrio\/","og_site_name":"Amurrio Bidean. Garapen Agentzia - Agencia de desarrollo.","article_publisher":"https:\/\/www.facebook.com\/amurrio.bidean","article_published_time":"2023-09-13T10:42:34+00:00","article_modified_time":"2023-09-13T10:43:09+00:00","og_image":[{"width":1080,"height":563,"url":"https:\/\/amurriobidean.org\/wp-content\/uploads\/2023\/09\/Becas-formativas-1-e1694601897129.png","type":"image\/png"}],"author":"Oihane GilSanz","twitter_card":"summary_large_image","twitter_creator":"@amurriobidean","twitter_site":"@amurriobidean","twitter_misc":{"Escrito por":"Oihane GilSanz","Tiempo de lectura":"2 minutos"},"schema":{"@context":"https:\/\/schema.org","@graph":[{"@type":"WebPage","@id":"https:\/\/amurriobidean.org\/es\/desde-el-14-de-septiembre-al-4-de-octubre-se-podran-solicitar-las-becas-formativas-del-ayuntamiento-de-amurrio\/","url":"https:\/\/amurriobidean.org\/es\/desde-el-14-de-septiembre-al-4-de-octubre-se-podran-solicitar-las-becas-formativas-del-ayuntamiento-de-amurrio\/","name":"Desde el 14 de septiembre al 4 de octubre se podr\u00e1n solicitar las becas formativas del Ayuntamiento de Amurrio. - Amurrio Bidean. Garapen Agentzia - Agencia de desarrollo.","isPartOf":{"@id":"https:\/\/amurriobidean.org\/es\/#website"},"primaryImageOfPage":{"@id":"https:\/\/amurriobidean.org\/es\/desde-el-14-de-septiembre-al-4-de-octubre-se-podran-solicitar-las-becas-formativas-del-ayuntamiento-de-amurrio\/#primaryimage"},"image":{"@id":"https:\/\/amurriobidean.org\/es\/desde-el-14-de-septiembre-al-4-de-octubre-se-podran-solicitar-las-becas-formativas-del-ayuntamiento-de-amurrio\/#primaryimage"},"thumbnailUrl":"https:\/\/amurriobidean.org\/wp-content\/uploads\/2023\/09\/Becas-formativas-1-e1694601897129.png","datePublished":"2023-09-13T10:42:34+00:00","dateModified":"2023-09-13T10:43:09+00:00","author":{"@id":"https:\/\/amurriobidean.org\/es\/#\/schema\/person\/7457391104215a2811afeb1f9ed980b0"},"description":"formativas del Ayuntamiento de Amurrio. El objetivo de estas becas formativas es fomentar el empleo y la vinculaci\u00f3n de las personas desempleadas del municipio con las empresas","breadcrumb":{"@id":"https:\/\/amurriobidean.org\/es\/desde-el-14-de-septiembre-al-4-de-octubre-se-podran-solicitar-las-becas-formativas-del-ayuntamiento-de-amurrio\/#breadcrumb"},"inLanguage":"es","potentialAction":[{"@type":"ReadAction","target":["https:\/\/amurriobidean.org\/es\/desde-el-14-de-septiembre-al-4-de-octubre-se-podran-solicitar-las-becas-formativas-del-ayuntamiento-de-amurrio\/"]}]},{"@type":"ImageObject","inLanguage":"es","@id":"https:\/\/amurriobidean.org\/es\/desde-el-14-de-septiembre-al-4-de-octubre-se-podran-solicitar-las-becas-formativas-del-ayuntamiento-de-amurrio\/#primaryimage","url":"https:\/\/amurriobidean.org\/wp-content\/uploads\/2023\/09\/Becas-formativas-1-e1694601897129.png","contentUrl":"https:\/\/amurriobidean.org\/wp-content\/uploads\/2023\/09\/Becas-formativas-1-e1694601897129.png","width":1080,"height":563},{"@type":"BreadcrumbList","@id":"https:\/\/amurriobidean.org\/es\/desde-el-14-de-septiembre-al-4-de-octubre-se-podran-solicitar-las-becas-formativas-del-ayuntamiento-de-amurrio\/#breadcrumb","itemListElement":[{"@type":"ListItem","position":1,"name":"Portada","item":"https:\/\/amurriobidean.org\/es\/"},{"@type":"ListItem","position":2,"name":"Desde el 14 de septiembre al 4 de octubre se podr\u00e1n solicitar las becas formativas del Ayuntamiento de Amurrio."}]},{"@type":"WebSite","@id":"https:\/\/amurriobidean.org\/es\/#website","url":"https:\/\/amurriobidean.org\/es\/","name":"Amurrio Bidean. Garapen Agentzia - Agencia de desarrollo.","description":"Agencia de Desarollo Local de Amurrio","potentialAction":[{"@type":"SearchAction","target":{"@type":"EntryPoint","urlTemplate":"https:\/\/amurriobidean.org\/es\/?s={search_term_string}"},"query-input":{"@type":"PropertyValueSpecification","valueRequired":true,"valueName":"search_term_string"}}],"inLanguage":"es"},{"@type":"Person","@id":"https:\/\/amurriobidean.org\/es\/#\/schema\/person\/7457391104215a2811afeb1f9ed980b0","name":"Oihane GilSanz","image":{"@type":"ImageObject","inLanguage":"es","@id":"https:\/\/amurriobidean.org\/es\/#\/schema\/person\/image\/","url":"https:\/\/secure.gravatar.com\/avatar\/1df40c200bdd5927aedf4bd5cac24befa9a952559bc6430083077db9286c3c63","contentUrl":"https:\/\/secure.gravatar.com\/avatar\/1df40c200bdd5927aedf4bd5cac24befa9a952559bc6430083077db9286c3c63","caption":"Oihane GilSanz"},"url":"https:\/\/amurriobidean.org\/es\/author\/oihane\/"}]}},"_links":{"self":[{"href":"https:\/\/amurriobidean.org\/es\/wp-json\/wp\/v2\/posts\/6489","targetHints":{"allow":["GET"]}}],"collection":[{"href":"https:\/\/amurriobidean.org\/es\/wp-json\/wp\/v2\/posts"}],"about":[{"href":"https:\/\/amurriobidean.org\/es\/wp-json\/wp\/v2\/types\/post"}],"author":[{"embeddable":true,"href":"https:\/\/amurriobidean.org\/es\/wp-json\/wp\/v2\/users\/5"}],"replies":[{"embeddable":true,"href":"https:\/\/amurriobidean.org\/es\/wp-json\/wp\/v2\/comments?post=6489"}],"version-history":[{"count":0,"href":"https:\/\/amurriobidean.org\/es\/wp-json\/wp\/v2\/posts\/6489\/revisions"}],"wp:featuredmedia":[{"embeddable":true,"href":"https:\/\/amurriobidean.org\/es\/wp-json\/wp\/v2\/media\/6486"}],"wp:attachment":[{"href":"https:\/\/amurriobidean.org\/es\/wp-json\/wp\/v2\/media?parent=6489"}],"wp:term":[{"taxonomy":"category","embeddable":true,"href":"https:\/\/amurriobidean.org\/es\/wp-json\/wp\/v2\/categories?post=6489"},{"taxonomy":"post_tag","embeddable":true,"href":"https:\/\/amurriobidean.org\/es\/wp-json\/wp\/v2\/tags?post=6489"}],"curies":[{"name":"wp","href":"https:\/\/api.w.org\/{rel}","templated":true}]}}