{"id":6450,"date":"2023-09-11T12:37:38","date_gmt":"2023-09-11T10:37:38","guid":{"rendered":"https:\/\/amurriobidean.org\/?p=6450"},"modified":"2023-09-11T12:37:38","modified_gmt":"2023-09-11T10:37:38","slug":"se-amplia-plazo-de-inscripcion-al-curso-de-iniciacion-a-la-programacion-web-con-javascript","status":"publish","type":"post","link":"https:\/\/amurriobidean.org\/es\/se-amplia-plazo-de-inscripcion-al-curso-de-iniciacion-a-la-programacion-web-con-javascript\/","title":{"rendered":"Se amplia plazo de inscripci\u00f3n al curso de Iniciaci\u00f3n a la Programaci\u00f3n web con Javascript"},"content":{"rendered":"<p>Las personas interesadas podr\u00e1n inscribirse hasta el 14 de septiembre.<\/p>\n<p>Este curso de 125 horas proporcionar\u00e1 a sus participantes una s\u00f3lida base en programaci\u00f3n web utilizando el popular lenguaje JavaScript. Si bien no se requiere experiencia previa en programaci\u00f3n, es recomendable contar con conocimientos b\u00e1sicos de pensamiento computacional que deber\u00e1n demostrarse en una prueba de acceso.<\/p>\n<p>Este curso est\u00e1 dirigido tanto para aquellas personas que tengan conocimientos muy b\u00e1sicos de pensamiento computacional (hayan hecho programaci\u00f3n con programas asistidos o hayan interpretado c\u00f3digo previamente) que deseen adentrarse en la programaci\u00f3n web por primera vez, como para quienes buscan ampliar sus conocimientos previos y obtener un certificado que los acredite. No importa si existen objetivos profesionales o simplemente se realiza para aprender por curiosidad, este programa dar\u00e1 las bases necesarias para desenvolverse en el mundo de la programaci\u00f3n web.<\/p>\n<p>La formaci\u00f3n se desarrollar\u00e1 en modalidad de teleformaci\u00f3n de forma que permitir\u00e1 al alumnado avanzar a su propio ritmo, brindando la flexibilidad necesaria para adaptarse a sus horarios y responsabilidades diarias.\u00a0 Un equipo de tutores estar\u00e1 disponible para guiar a la persona participante a lo largo del curso y responder a sus dudas, creando un ambiente de aprendizaje colaborativo y enriquecedor.<\/p>\n<p>La formaci\u00f3n comenzar\u00e1 el 18 de septiembre y habr\u00e1 tres sesiones de seguimiento presenciales \u00a0de 5 a 7 de la tarde; \u00a0el lunes 18 de septiembre (inicio), el lunes 16 de octubre y el 16 de noviembre (fecha de finalizaci\u00f3n).<\/p>\n<p>Podr\u00e1n inscribirse las personas trabajando o en desempleo, que est\u00e9n empadronadas o que estudien en la comarca o que trabajan en empresas ubicadas en la misma.<\/p>\n<p>Para m\u00e1s informaci\u00f3n consultar en Amurrio Bidean por tel\u00e9fono o WhatsApp al 945891721 o en el correo <a href=\"mailto:formacion@amurriobidean.org\">formacion@amurriobidean.org<\/a> y para inscripciones completar este formulario (<a href=\"https:\/\/forms.office.com\/e\/SxyNZQtLRU\">https:\/\/forms.office.com\/e\/SxyNZQtLRU<\/a> ) y nos pondremos en contacto.<\/p>\n<p>Esta formaci\u00f3n est\u00e1 subvencionada por la Diputaci\u00f3n Foral de \u00c1lava a la Cuadrilla de Ayala.<\/p>\n","protected":false},"excerpt":{"rendered":"<p>Las personas interesadas podr\u00e1n inscribirse hasta el 14 de septiembre. Este curso de 125 horas proporcionar\u00e1 a sus participantes una s\u00f3lida base en programaci\u00f3n web utilizando el popular lenguaje JavaScript. Si bien no se requiere experiencia previa en programaci\u00f3n, es recomendable contar con conocimientos b\u00e1sicos de pensamiento computacional que deber\u00e1n demostrarse en una prueba de [&hellip;]<\/p>\n","protected":false},"author":5,"featured_media":6447,"comment_status":"closed","ping_status":"closed","sticky":false,"template":"","format":"standard","meta":{"footnotes":""},"categories":[32,28],"tags":[],"class_list":["post-6450","post","type-post","status-publish","format-standard","has-post-thumbnail","hentry","category-cursos","category-noticias"],"yoast_head":"<!-- This site is optimized with the Yoast SEO plugin v25.3 - https:\/\/yoast.com\/wordpress\/plugins\/seo\/ -->\n<title>Se amplia plazo de inscripci\u00f3n al curso de Iniciaci\u00f3n a la Programaci\u00f3n web con Javascript - Amurrio Bidean. Garapen Agentzia - Agencia de desarrollo.<\/title>\n<meta name=\"description\" content=\"con Javascript hasta el 14 de septiembre\" \/>\n<meta name=\"robots\" content=\"index, follow, max-snippet:-1, max-image-preview:large, max-video-preview:-1\" \/>\n<link rel=\"canonical\" href=\"https:\/\/amurriobidean.org\/es\/se-amplia-plazo-de-inscripcion-al-curso-de-iniciacion-a-la-programacion-web-con-javascript\/\" \/>\n<meta property=\"og:locale\" content=\"es_ES\" \/>\n<meta property=\"og:type\" content=\"article\" \/>\n<meta property=\"og:title\" content=\"Se amplia plazo de inscripci\u00f3n al curso de Iniciaci\u00f3n a la Programaci\u00f3n web con Javascript - Amurrio Bidean. Garapen Agentzia - Agencia de desarrollo.\" \/>\n<meta property=\"og:description\" content=\"con Javascript hasta el 14 de septiembre\" \/>\n<meta property=\"og:url\" content=\"https:\/\/amurriobidean.org\/es\/se-amplia-plazo-de-inscripcion-al-curso-de-iniciacion-a-la-programacion-web-con-javascript\/\" \/>\n<meta property=\"og:site_name\" content=\"Amurrio Bidean. Garapen Agentzia - Agencia de desarrollo.\" \/>\n<meta property=\"article:publisher\" content=\"https:\/\/www.facebook.com\/amurrio.bidean\" \/>\n<meta property=\"article:published_time\" content=\"2023-09-11T10:37:38+00:00\" \/>\n<meta property=\"og:image\" content=\"https:\/\/amurriobidean.org\/wp-content\/uploads\/2023\/09\/Programacion-cambiado.png\" \/>\n\t<meta property=\"og:image:width\" content=\"1080\" \/>\n\t<meta property=\"og:image:height\" content=\"1080\" \/>\n\t<meta property=\"og:image:type\" content=\"image\/png\" \/>\n<meta name=\"author\" content=\"Oihane GilSanz\" \/>\n<meta name=\"twitter:card\" content=\"summary_large_image\" \/>\n<meta name=\"twitter:creator\" content=\"@amurriobidean\" \/>\n<meta name=\"twitter:site\" content=\"@amurriobidean\" \/>\n<meta name=\"twitter:label1\" content=\"Escrito por\" \/>\n\t<meta name=\"twitter:data1\" content=\"Oihane GilSanz\" \/>\n\t<meta name=\"twitter:label2\" content=\"Tiempo de lectura\" \/>\n\t<meta name=\"twitter:data2\" content=\"2 minutos\" \/>\n<script type=\"application\/ld+json\" class=\"yoast-schema-graph\">{\"@context\":\"https:\/\/schema.org\",\"@graph\":[{\"@type\":\"WebPage\",\"@id\":\"https:\/\/amurriobidean.org\/es\/se-amplia-plazo-de-inscripcion-al-curso-de-iniciacion-a-la-programacion-web-con-javascript\/\",\"url\":\"https:\/\/amurriobidean.org\/es\/se-amplia-plazo-de-inscripcion-al-curso-de-iniciacion-a-la-programacion-web-con-javascript\/\",\"name\":\"Se amplia plazo de inscripci\u00f3n al curso de Iniciaci\u00f3n a la Programaci\u00f3n web con Javascript - Amurrio Bidean. Garapen Agentzia - Agencia de desarrollo.\",\"isPartOf\":{\"@id\":\"https:\/\/amurriobidean.org\/es\/#website\"},\"primaryImageOfPage\":{\"@id\":\"https:\/\/amurriobidean.org\/es\/se-amplia-plazo-de-inscripcion-al-curso-de-iniciacion-a-la-programacion-web-con-javascript\/#primaryimage\"},\"image\":{\"@id\":\"https:\/\/amurriobidean.org\/es\/se-amplia-plazo-de-inscripcion-al-curso-de-iniciacion-a-la-programacion-web-con-javascript\/#primaryimage\"},\"thumbnailUrl\":\"https:\/\/amurriobidean.org\/wp-content\/uploads\/2023\/09\/Programacion-cambiado.png\",\"datePublished\":\"2023-09-11T10:37:38+00:00\",\"author\":{\"@id\":\"https:\/\/amurriobidean.org\/es\/#\/schema\/person\/7457391104215a2811afeb1f9ed980b0\"},\"description\":\"con Javascript hasta el 14 de septiembre\",\"breadcrumb\":{\"@id\":\"https:\/\/amurriobidean.org\/es\/se-amplia-plazo-de-inscripcion-al-curso-de-iniciacion-a-la-programacion-web-con-javascript\/#breadcrumb\"},\"inLanguage\":\"es\",\"potentialAction\":[{\"@type\":\"ReadAction\",\"target\":[\"https:\/\/amurriobidean.org\/es\/se-amplia-plazo-de-inscripcion-al-curso-de-iniciacion-a-la-programacion-web-con-javascript\/\"]}]},{\"@type\":\"ImageObject\",\"inLanguage\":\"es\",\"@id\":\"https:\/\/amurriobidean.org\/es\/se-amplia-plazo-de-inscripcion-al-curso-de-iniciacion-a-la-programacion-web-con-javascript\/#primaryimage\",\"url\":\"https:\/\/amurriobidean.org\/wp-content\/uploads\/2023\/09\/Programacion-cambiado.png\",\"contentUrl\":\"https:\/\/amurriobidean.org\/wp-content\/uploads\/2023\/09\/Programacion-cambiado.png\",\"width\":1080,\"height\":1080,\"caption\":\"Ampliacon plazo inscripci\u00f3n hastas 14 de septeimbre\"},{\"@type\":\"BreadcrumbList\",\"@id\":\"https:\/\/amurriobidean.org\/es\/se-amplia-plazo-de-inscripcion-al-curso-de-iniciacion-a-la-programacion-web-con-javascript\/#breadcrumb\",\"itemListElement\":[{\"@type\":\"ListItem\",\"position\":1,\"name\":\"Portada\",\"item\":\"https:\/\/amurriobidean.org\/es\/\"},{\"@type\":\"ListItem\",\"position\":2,\"name\":\"Se amplia plazo de inscripci\u00f3n al curso de Iniciaci\u00f3n a la Programaci\u00f3n web con Javascript\"}]},{\"@type\":\"WebSite\",\"@id\":\"https:\/\/amurriobidean.org\/es\/#website\",\"url\":\"https:\/\/amurriobidean.org\/es\/\",\"name\":\"Amurrio Bidean. Garapen Agentzia - Agencia de desarrollo.\",\"description\":\"Agencia de Desarollo Local de Amurrio\",\"potentialAction\":[{\"@type\":\"SearchAction\",\"target\":{\"@type\":\"EntryPoint\",\"urlTemplate\":\"https:\/\/amurriobidean.org\/es\/?s={search_term_string}\"},\"query-input\":{\"@type\":\"PropertyValueSpecification\",\"valueRequired\":true,\"valueName\":\"search_term_string\"}}],\"inLanguage\":\"es\"},{\"@type\":\"Person\",\"@id\":\"https:\/\/amurriobidean.org\/es\/#\/schema\/person\/7457391104215a2811afeb1f9ed980b0\",\"name\":\"Oihane GilSanz\",\"image\":{\"@type\":\"ImageObject\",\"inLanguage\":\"es\",\"@id\":\"https:\/\/amurriobidean.org\/es\/#\/schema\/person\/image\/\",\"url\":\"https:\/\/secure.gravatar.com\/avatar\/1df40c200bdd5927aedf4bd5cac24befa9a952559bc6430083077db9286c3c63\",\"contentUrl\":\"https:\/\/secure.gravatar.com\/avatar\/1df40c200bdd5927aedf4bd5cac24befa9a952559bc6430083077db9286c3c63\",\"caption\":\"Oihane GilSanz\"},\"url\":\"https:\/\/amurriobidean.org\/es\/author\/oihane\/\"}]}<\/script>\n<!-- \/ Yoast SEO plugin. -->","yoast_head_json":{"title":"Se amplia plazo de inscripci\u00f3n al curso de Iniciaci\u00f3n a la Programaci\u00f3n web con Javascript - Amurrio Bidean. Garapen Agentzia - Agencia de desarrollo.","description":"con Javascript hasta el 14 de septiembre","robots":{"index":"index","follow":"follow","max-snippet":"max-snippet:-1","max-image-preview":"max-image-preview:large","max-video-preview":"max-video-preview:-1"},"canonical":"https:\/\/amurriobidean.org\/es\/se-amplia-plazo-de-inscripcion-al-curso-de-iniciacion-a-la-programacion-web-con-javascript\/","og_locale":"es_ES","og_type":"article","og_title":"Se amplia plazo de inscripci\u00f3n al curso de Iniciaci\u00f3n a la Programaci\u00f3n web con Javascript - Amurrio Bidean. Garapen Agentzia - Agencia de desarrollo.","og_description":"con Javascript hasta el 14 de septiembre","og_url":"https:\/\/amurriobidean.org\/es\/se-amplia-plazo-de-inscripcion-al-curso-de-iniciacion-a-la-programacion-web-con-javascript\/","og_site_name":"Amurrio Bidean. Garapen Agentzia - Agencia de desarrollo.","article_publisher":"https:\/\/www.facebook.com\/amurrio.bidean","article_published_time":"2023-09-11T10:37:38+00:00","og_image":[{"width":1080,"height":1080,"url":"https:\/\/amurriobidean.org\/wp-content\/uploads\/2023\/09\/Programacion-cambiado.png","type":"image\/png"}],"author":"Oihane GilSanz","twitter_card":"summary_large_image","twitter_creator":"@amurriobidean","twitter_site":"@amurriobidean","twitter_misc":{"Escrito por":"Oihane GilSanz","Tiempo de lectura":"2 minutos"},"schema":{"@context":"https:\/\/schema.org","@graph":[{"@type":"WebPage","@id":"https:\/\/amurriobidean.org\/es\/se-amplia-plazo-de-inscripcion-al-curso-de-iniciacion-a-la-programacion-web-con-javascript\/","url":"https:\/\/amurriobidean.org\/es\/se-amplia-plazo-de-inscripcion-al-curso-de-iniciacion-a-la-programacion-web-con-javascript\/","name":"Se amplia plazo de inscripci\u00f3n al curso de Iniciaci\u00f3n a la Programaci\u00f3n web con Javascript - Amurrio Bidean. Garapen Agentzia - Agencia de desarrollo.","isPartOf":{"@id":"https:\/\/amurriobidean.org\/es\/#website"},"primaryImageOfPage":{"@id":"https:\/\/amurriobidean.org\/es\/se-amplia-plazo-de-inscripcion-al-curso-de-iniciacion-a-la-programacion-web-con-javascript\/#primaryimage"},"image":{"@id":"https:\/\/amurriobidean.org\/es\/se-amplia-plazo-de-inscripcion-al-curso-de-iniciacion-a-la-programacion-web-con-javascript\/#primaryimage"},"thumbnailUrl":"https:\/\/amurriobidean.org\/wp-content\/uploads\/2023\/09\/Programacion-cambiado.png","datePublished":"2023-09-11T10:37:38+00:00","author":{"@id":"https:\/\/amurriobidean.org\/es\/#\/schema\/person\/7457391104215a2811afeb1f9ed980b0"},"description":"con Javascript hasta el 14 de septiembre","breadcrumb":{"@id":"https:\/\/amurriobidean.org\/es\/se-amplia-plazo-de-inscripcion-al-curso-de-iniciacion-a-la-programacion-web-con-javascript\/#breadcrumb"},"inLanguage":"es","potentialAction":[{"@type":"ReadAction","target":["https:\/\/amurriobidean.org\/es\/se-amplia-plazo-de-inscripcion-al-curso-de-iniciacion-a-la-programacion-web-con-javascript\/"]}]},{"@type":"ImageObject","inLanguage":"es","@id":"https:\/\/amurriobidean.org\/es\/se-amplia-plazo-de-inscripcion-al-curso-de-iniciacion-a-la-programacion-web-con-javascript\/#primaryimage","url":"https:\/\/amurriobidean.org\/wp-content\/uploads\/2023\/09\/Programacion-cambiado.png","contentUrl":"https:\/\/amurriobidean.org\/wp-content\/uploads\/2023\/09\/Programacion-cambiado.png","width":1080,"height":1080,"caption":"Ampliacon plazo inscripci\u00f3n hastas 14 de septeimbre"},{"@type":"BreadcrumbList","@id":"https:\/\/amurriobidean.org\/es\/se-amplia-plazo-de-inscripcion-al-curso-de-iniciacion-a-la-programacion-web-con-javascript\/#breadcrumb","itemListElement":[{"@type":"ListItem","position":1,"name":"Portada","item":"https:\/\/amurriobidean.org\/es\/"},{"@type":"ListItem","position":2,"name":"Se amplia plazo de inscripci\u00f3n al curso de Iniciaci\u00f3n a la Programaci\u00f3n web con Javascript"}]},{"@type":"WebSite","@id":"https:\/\/amurriobidean.org\/es\/#website","url":"https:\/\/amurriobidean.org\/es\/","name":"Amurrio Bidean. Garapen Agentzia - Agencia de desarrollo.","description":"Agencia de Desarollo Local de Amurrio","potentialAction":[{"@type":"SearchAction","target":{"@type":"EntryPoint","urlTemplate":"https:\/\/amurriobidean.org\/es\/?s={search_term_string}"},"query-input":{"@type":"PropertyValueSpecification","valueRequired":true,"valueName":"search_term_string"}}],"inLanguage":"es"},{"@type":"Person","@id":"https:\/\/amurriobidean.org\/es\/#\/schema\/person\/7457391104215a2811afeb1f9ed980b0","name":"Oihane GilSanz","image":{"@type":"ImageObject","inLanguage":"es","@id":"https:\/\/amurriobidean.org\/es\/#\/schema\/person\/image\/","url":"https:\/\/secure.gravatar.com\/avatar\/1df40c200bdd5927aedf4bd5cac24befa9a952559bc6430083077db9286c3c63","contentUrl":"https:\/\/secure.gravatar.com\/avatar\/1df40c200bdd5927aedf4bd5cac24befa9a952559bc6430083077db9286c3c63","caption":"Oihane GilSanz"},"url":"https:\/\/amurriobidean.org\/es\/author\/oihane\/"}]}},"_links":{"self":[{"href":"https:\/\/amurriobidean.org\/es\/wp-json\/wp\/v2\/posts\/6450","targetHints":{"allow":["GET"]}}],"collection":[{"href":"https:\/\/amurriobidean.org\/es\/wp-json\/wp\/v2\/posts"}],"about":[{"href":"https:\/\/amurriobidean.org\/es\/wp-json\/wp\/v2\/types\/post"}],"author":[{"embeddable":true,"href":"https:\/\/amurriobidean.org\/es\/wp-json\/wp\/v2\/users\/5"}],"replies":[{"embeddable":true,"href":"https:\/\/amurriobidean.org\/es\/wp-json\/wp\/v2\/comments?post=6450"}],"version-history":[{"count":0,"href":"https:\/\/amurriobidean.org\/es\/wp-json\/wp\/v2\/posts\/6450\/revisions"}],"wp:featuredmedia":[{"embeddable":true,"href":"https:\/\/amurriobidean.org\/es\/wp-json\/wp\/v2\/media\/6447"}],"wp:attachment":[{"href":"https:\/\/amurriobidean.org\/es\/wp-json\/wp\/v2\/media?parent=6450"}],"wp:term":[{"taxonomy":"category","embeddable":true,"href":"https:\/\/amurriobidean.org\/es\/wp-json\/wp\/v2\/categories?post=6450"},{"taxonomy":"post_tag","embeddable":true,"href":"https:\/\/amurriobidean.org\/es\/wp-json\/wp\/v2\/tags?post=6450"}],"curies":[{"name":"wp","href":"https:\/\/api.w.org\/{rel}","templated":true}]}}