{"id":6344,"date":"2023-09-04T12:22:26","date_gmt":"2023-09-04T10:22:26","guid":{"rendered":"https:\/\/amurriobidean.org\/?p=6344"},"modified":"2023-09-21T14:22:23","modified_gmt":"2023-09-21T12:22:23","slug":"abierto-plazo-de-inscripcion-a-las-cuatro-nuevas-acciones-formativas-que-se-impartiran-en-el-ultimo-cuatrimestre-del-ano-en-amurrio-bidean","status":"publish","type":"post","link":"https:\/\/amurriobidean.org\/es\/abierto-plazo-de-inscripcion-a-las-cuatro-nuevas-acciones-formativas-que-se-impartiran-en-el-ultimo-cuatrimestre-del-ano-en-amurrio-bidean\/","title":{"rendered":"Abierto plazo de inscripci\u00f3n a las cuatro nuevas acciones formativas que se impartir\u00e1n en el \u00faltimo cuatrimestre del a\u00f1o en Amurrio Bidean"},"content":{"rendered":"<p>Amurrio Bidean ha dise\u00f1ado una serie de talleres y acciones formativas, dirigidas tanto a personas en activo que quieran mejorar sus competencias o adquirir nuevos conocimientos, como para personas desempleadas con el objetivo de facilitarles su incorporaci\u00f3n o reincorporaci\u00f3n al mercado laboral.<\/p>\n<p>Tres de las acciones formativas son presenciales y se impartir\u00e1n en las instalaciones de Reforamurrio Enpresaldea mientras que <em>Iniciaci\u00f3n a la<\/em> <em>programaci\u00f3n web<\/em> se llevar\u00e1 a cabo on-line siendo cada persona participante la que marque su ritmo de trabajo dentro de las fechas previstas del curso hasta completar los m\u00f3dulos que conforman la acci\u00f3n formativa. En este \u00faltimo caso, habr\u00e1 tres sesiones presenciales a lo largo del curso, una cada mes, para realizar un seguimiento y solventar dudas en horario de 17.00 a 19.00 h.<\/p>\n<p><img fetchpriority=\"high\" decoding=\"async\" class=\"aligncenter size-full wp-image-6345\" src=\"http:\/\/amurriobidean.org\/wp-content\/uploads\/2023\/09\/listado-cursos.png\" alt=\"\" width=\"767\" height=\"285\" srcset=\"https:\/\/amurriobidean.org\/wp-content\/uploads\/2023\/09\/listado-cursos.png 767w, https:\/\/amurriobidean.org\/wp-content\/uploads\/2023\/09\/listado-cursos-300x111.png 300w, https:\/\/amurriobidean.org\/wp-content\/uploads\/2023\/09\/listado-cursos-705x262.png 705w\" sizes=\"(max-width: 767px) 100vw, 767px\" \/><\/p>\n<p>M\u00e1s abajo puedes ver y descargarte m\u00e1s informaci\u00f3n sobre cada una de las formaciones.<\/p>\n<p>Las plazas son limitadas y la inscripci\u00f3n debe realizarse en el Portal de Personas de Amurrio Bidean: <a href=\"https:\/\/www.tganet.net\/BEO\/hasiera_amurrio\/\">https:\/\/www.tganet.net\/BEO\/hasiera_amurrio\/<\/a>. En caso de acceder por primera vez habr\u00e1 que realizar el registro y luego acceder a la secci\u00f3n de Cursos de la barra superior.<\/p>\n<p>Las personas que quieran ampliar informaci\u00f3n pueden ponerse en contacto con Amurrio Bidean, en el tel\u00e9fono 945891721 o en el correo electr\u00f3nico <a href=\"mailto:formacion@amurriobidean.org\">formacion@amurriobidean.org<\/a><\/p>\n<p>Las acciones est\u00e1n subvencionadas por la Diputaci\u00f3n Foral de \u00c1lava a trav\u00e9s de la Cuadrilla de Ayala.<\/p>\n<p><a href=\"https:\/\/amurriobidean.org\/wp-content\/uploads\/2023\/09\/Cursos-Dipu-23-con-QR_cas.pdf\">Listado Cursos Dipu 23<\/a><\/p>\n","protected":false},"excerpt":{"rendered":"<p>Amurrio Bidean ha dise\u00f1ado una serie de talleres y acciones formativas, dirigidas tanto a personas en activo que quieran mejorar sus competencias o adquirir nuevos conocimientos, como para personas desempleadas con el objetivo de facilitarles su incorporaci\u00f3n o reincorporaci\u00f3n al mercado laboral. Tres de las acciones formativas son presenciales y se impartir\u00e1n en las instalaciones [&hellip;]<\/p>\n","protected":false},"author":5,"featured_media":6063,"comment_status":"closed","ping_status":"closed","sticky":false,"template":"","format":"standard","meta":{"footnotes":""},"categories":[32,28],"tags":[],"class_list":["post-6344","post","type-post","status-publish","format-standard","has-post-thumbnail","hentry","category-cursos","category-noticias"],"yoast_head":"<!-- This site is optimized with the Yoast SEO plugin v25.3 - https:\/\/yoast.com\/wordpress\/plugins\/seo\/ -->\n<title>Abierto plazo de inscripci\u00f3n a las cuatro nuevas acciones formativas que se impartir\u00e1n en el \u00faltimo cuatrimestre del a\u00f1o en Amurrio Bidean - Amurrio Bidean. Garapen Agentzia - Agencia de desarrollo.<\/title>\n<meta name=\"description\" content=\"La programaci\u00f3n web, atenci\u00f3n al cliente, marketing digital y Suite inform\u00e1tica en la nube para ser m\u00e1s productivo.\" \/>\n<meta name=\"robots\" content=\"index, follow, max-snippet:-1, max-image-preview:large, max-video-preview:-1\" \/>\n<link rel=\"canonical\" href=\"https:\/\/amurriobidean.org\/es\/abierto-plazo-de-inscripcion-a-las-cuatro-nuevas-acciones-formativas-que-se-impartiran-en-el-ultimo-cuatrimestre-del-ano-en-amurrio-bidean\/\" \/>\n<meta property=\"og:locale\" content=\"es_ES\" \/>\n<meta property=\"og:type\" content=\"article\" \/>\n<meta property=\"og:title\" content=\"Abierto plazo de inscripci\u00f3n a las cuatro nuevas acciones formativas que se impartir\u00e1n en el \u00faltimo cuatrimestre del a\u00f1o en Amurrio Bidean - Amurrio Bidean. Garapen Agentzia - Agencia de desarrollo.\" \/>\n<meta property=\"og:description\" content=\"La programaci\u00f3n web, atenci\u00f3n al cliente, marketing digital y Suite inform\u00e1tica en la nube para ser m\u00e1s productivo.\" \/>\n<meta property=\"og:url\" content=\"https:\/\/amurriobidean.org\/es\/abierto-plazo-de-inscripcion-a-las-cuatro-nuevas-acciones-formativas-que-se-impartiran-en-el-ultimo-cuatrimestre-del-ano-en-amurrio-bidean\/\" \/>\n<meta property=\"og:site_name\" content=\"Amurrio Bidean. Garapen Agentzia - Agencia de desarrollo.\" \/>\n<meta property=\"article:publisher\" content=\"https:\/\/www.facebook.com\/amurrio.bidean\" \/>\n<meta property=\"article:published_time\" content=\"2023-09-04T10:22:26+00:00\" \/>\n<meta property=\"article:modified_time\" content=\"2023-09-21T12:22:23+00:00\" \/>\n<meta property=\"og:image\" content=\"https:\/\/amurriobidean.org\/wp-content\/uploads\/2023\/07\/Instagram_cast.png\" \/>\n\t<meta property=\"og:image:width\" content=\"1080\" \/>\n\t<meta property=\"og:image:height\" content=\"1080\" \/>\n\t<meta property=\"og:image:type\" content=\"image\/png\" \/>\n<meta name=\"author\" content=\"Oihane GilSanz\" \/>\n<meta name=\"twitter:card\" content=\"summary_large_image\" \/>\n<meta name=\"twitter:creator\" content=\"@amurriobidean\" \/>\n<meta name=\"twitter:site\" content=\"@amurriobidean\" \/>\n<meta name=\"twitter:label1\" content=\"Escrito por\" \/>\n\t<meta name=\"twitter:data1\" content=\"Oihane GilSanz\" \/>\n\t<meta name=\"twitter:label2\" content=\"Tiempo de lectura\" \/>\n\t<meta name=\"twitter:data2\" content=\"2 minutos\" \/>\n<script type=\"application\/ld+json\" class=\"yoast-schema-graph\">{\"@context\":\"https:\/\/schema.org\",\"@graph\":[{\"@type\":\"WebPage\",\"@id\":\"https:\/\/amurriobidean.org\/es\/abierto-plazo-de-inscripcion-a-las-cuatro-nuevas-acciones-formativas-que-se-impartiran-en-el-ultimo-cuatrimestre-del-ano-en-amurrio-bidean\/\",\"url\":\"https:\/\/amurriobidean.org\/es\/abierto-plazo-de-inscripcion-a-las-cuatro-nuevas-acciones-formativas-que-se-impartiran-en-el-ultimo-cuatrimestre-del-ano-en-amurrio-bidean\/\",\"name\":\"Abierto plazo de inscripci\u00f3n a las cuatro nuevas acciones formativas que se impartir\u00e1n en el \u00faltimo cuatrimestre del a\u00f1o en Amurrio Bidean - Amurrio Bidean. Garapen Agentzia - Agencia de desarrollo.\",\"isPartOf\":{\"@id\":\"https:\/\/amurriobidean.org\/es\/#website\"},\"primaryImageOfPage\":{\"@id\":\"https:\/\/amurriobidean.org\/es\/abierto-plazo-de-inscripcion-a-las-cuatro-nuevas-acciones-formativas-que-se-impartiran-en-el-ultimo-cuatrimestre-del-ano-en-amurrio-bidean\/#primaryimage\"},\"image\":{\"@id\":\"https:\/\/amurriobidean.org\/es\/abierto-plazo-de-inscripcion-a-las-cuatro-nuevas-acciones-formativas-que-se-impartiran-en-el-ultimo-cuatrimestre-del-ano-en-amurrio-bidean\/#primaryimage\"},\"thumbnailUrl\":\"https:\/\/amurriobidean.org\/wp-content\/uploads\/2023\/07\/Instagram_cast.png\",\"datePublished\":\"2023-09-04T10:22:26+00:00\",\"dateModified\":\"2023-09-21T12:22:23+00:00\",\"author\":{\"@id\":\"https:\/\/amurriobidean.org\/es\/#\/schema\/person\/7457391104215a2811afeb1f9ed980b0\"},\"description\":\"La programaci\u00f3n web, atenci\u00f3n al cliente, marketing digital y Suite inform\u00e1tica en la nube para ser m\u00e1s productivo.\",\"breadcrumb\":{\"@id\":\"https:\/\/amurriobidean.org\/es\/abierto-plazo-de-inscripcion-a-las-cuatro-nuevas-acciones-formativas-que-se-impartiran-en-el-ultimo-cuatrimestre-del-ano-en-amurrio-bidean\/#breadcrumb\"},\"inLanguage\":\"es\",\"potentialAction\":[{\"@type\":\"ReadAction\",\"target\":[\"https:\/\/amurriobidean.org\/es\/abierto-plazo-de-inscripcion-a-las-cuatro-nuevas-acciones-formativas-que-se-impartiran-en-el-ultimo-cuatrimestre-del-ano-en-amurrio-bidean\/\"]}]},{\"@type\":\"ImageObject\",\"inLanguage\":\"es\",\"@id\":\"https:\/\/amurriobidean.org\/es\/abierto-plazo-de-inscripcion-a-las-cuatro-nuevas-acciones-formativas-que-se-impartiran-en-el-ultimo-cuatrimestre-del-ano-en-amurrio-bidean\/#primaryimage\",\"url\":\"https:\/\/amurriobidean.org\/wp-content\/uploads\/2023\/07\/Instagram_cast.png\",\"contentUrl\":\"https:\/\/amurriobidean.org\/wp-content\/uploads\/2023\/07\/Instagram_cast.png\",\"width\":1080,\"height\":1080,\"caption\":\"Formaci\u00f3n septiembre noviembre 23\"},{\"@type\":\"BreadcrumbList\",\"@id\":\"https:\/\/amurriobidean.org\/es\/abierto-plazo-de-inscripcion-a-las-cuatro-nuevas-acciones-formativas-que-se-impartiran-en-el-ultimo-cuatrimestre-del-ano-en-amurrio-bidean\/#breadcrumb\",\"itemListElement\":[{\"@type\":\"ListItem\",\"position\":1,\"name\":\"Portada\",\"item\":\"https:\/\/amurriobidean.org\/es\/\"},{\"@type\":\"ListItem\",\"position\":2,\"name\":\"Abierto plazo de inscripci\u00f3n a las cuatro nuevas acciones formativas que se impartir\u00e1n en el \u00faltimo cuatrimestre del a\u00f1o en Amurrio Bidean\"}]},{\"@type\":\"WebSite\",\"@id\":\"https:\/\/amurriobidean.org\/es\/#website\",\"url\":\"https:\/\/amurriobidean.org\/es\/\",\"name\":\"Amurrio Bidean. Garapen Agentzia - Agencia de desarrollo.\",\"description\":\"Agencia de Desarollo Local de Amurrio\",\"potentialAction\":[{\"@type\":\"SearchAction\",\"target\":{\"@type\":\"EntryPoint\",\"urlTemplate\":\"https:\/\/amurriobidean.org\/es\/?s={search_term_string}\"},\"query-input\":{\"@type\":\"PropertyValueSpecification\",\"valueRequired\":true,\"valueName\":\"search_term_string\"}}],\"inLanguage\":\"es\"},{\"@type\":\"Person\",\"@id\":\"https:\/\/amurriobidean.org\/es\/#\/schema\/person\/7457391104215a2811afeb1f9ed980b0\",\"name\":\"Oihane GilSanz\",\"image\":{\"@type\":\"ImageObject\",\"inLanguage\":\"es\",\"@id\":\"https:\/\/amurriobidean.org\/es\/#\/schema\/person\/image\/\",\"url\":\"https:\/\/secure.gravatar.com\/avatar\/1df40c200bdd5927aedf4bd5cac24befa9a952559bc6430083077db9286c3c63\",\"contentUrl\":\"https:\/\/secure.gravatar.com\/avatar\/1df40c200bdd5927aedf4bd5cac24befa9a952559bc6430083077db9286c3c63\",\"caption\":\"Oihane GilSanz\"},\"url\":\"https:\/\/amurriobidean.org\/es\/author\/oihane\/\"}]}<\/script>\n<!-- \/ Yoast SEO plugin. -->","yoast_head_json":{"title":"Abierto plazo de inscripci\u00f3n a las cuatro nuevas acciones formativas que se impartir\u00e1n en el \u00faltimo cuatrimestre del a\u00f1o en Amurrio Bidean - Amurrio Bidean. Garapen Agentzia - Agencia de desarrollo.","description":"La programaci\u00f3n web, atenci\u00f3n al cliente, marketing digital y Suite inform\u00e1tica en la nube para ser m\u00e1s productivo.","robots":{"index":"index","follow":"follow","max-snippet":"max-snippet:-1","max-image-preview":"max-image-preview:large","max-video-preview":"max-video-preview:-1"},"canonical":"https:\/\/amurriobidean.org\/es\/abierto-plazo-de-inscripcion-a-las-cuatro-nuevas-acciones-formativas-que-se-impartiran-en-el-ultimo-cuatrimestre-del-ano-en-amurrio-bidean\/","og_locale":"es_ES","og_type":"article","og_title":"Abierto plazo de inscripci\u00f3n a las cuatro nuevas acciones formativas que se impartir\u00e1n en el \u00faltimo cuatrimestre del a\u00f1o en Amurrio Bidean - Amurrio Bidean. Garapen Agentzia - Agencia de desarrollo.","og_description":"La programaci\u00f3n web, atenci\u00f3n al cliente, marketing digital y Suite inform\u00e1tica en la nube para ser m\u00e1s productivo.","og_url":"https:\/\/amurriobidean.org\/es\/abierto-plazo-de-inscripcion-a-las-cuatro-nuevas-acciones-formativas-que-se-impartiran-en-el-ultimo-cuatrimestre-del-ano-en-amurrio-bidean\/","og_site_name":"Amurrio Bidean. Garapen Agentzia - Agencia de desarrollo.","article_publisher":"https:\/\/www.facebook.com\/amurrio.bidean","article_published_time":"2023-09-04T10:22:26+00:00","article_modified_time":"2023-09-21T12:22:23+00:00","og_image":[{"width":1080,"height":1080,"url":"https:\/\/amurriobidean.org\/wp-content\/uploads\/2023\/07\/Instagram_cast.png","type":"image\/png"}],"author":"Oihane GilSanz","twitter_card":"summary_large_image","twitter_creator":"@amurriobidean","twitter_site":"@amurriobidean","twitter_misc":{"Escrito por":"Oihane GilSanz","Tiempo de lectura":"2 minutos"},"schema":{"@context":"https:\/\/schema.org","@graph":[{"@type":"WebPage","@id":"https:\/\/amurriobidean.org\/es\/abierto-plazo-de-inscripcion-a-las-cuatro-nuevas-acciones-formativas-que-se-impartiran-en-el-ultimo-cuatrimestre-del-ano-en-amurrio-bidean\/","url":"https:\/\/amurriobidean.org\/es\/abierto-plazo-de-inscripcion-a-las-cuatro-nuevas-acciones-formativas-que-se-impartiran-en-el-ultimo-cuatrimestre-del-ano-en-amurrio-bidean\/","name":"Abierto plazo de inscripci\u00f3n a las cuatro nuevas acciones formativas que se impartir\u00e1n en el \u00faltimo cuatrimestre del a\u00f1o en Amurrio Bidean - Amurrio Bidean. Garapen Agentzia - Agencia de desarrollo.","isPartOf":{"@id":"https:\/\/amurriobidean.org\/es\/#website"},"primaryImageOfPage":{"@id":"https:\/\/amurriobidean.org\/es\/abierto-plazo-de-inscripcion-a-las-cuatro-nuevas-acciones-formativas-que-se-impartiran-en-el-ultimo-cuatrimestre-del-ano-en-amurrio-bidean\/#primaryimage"},"image":{"@id":"https:\/\/amurriobidean.org\/es\/abierto-plazo-de-inscripcion-a-las-cuatro-nuevas-acciones-formativas-que-se-impartiran-en-el-ultimo-cuatrimestre-del-ano-en-amurrio-bidean\/#primaryimage"},"thumbnailUrl":"https:\/\/amurriobidean.org\/wp-content\/uploads\/2023\/07\/Instagram_cast.png","datePublished":"2023-09-04T10:22:26+00:00","dateModified":"2023-09-21T12:22:23+00:00","author":{"@id":"https:\/\/amurriobidean.org\/es\/#\/schema\/person\/7457391104215a2811afeb1f9ed980b0"},"description":"La programaci\u00f3n web, atenci\u00f3n al cliente, marketing digital y Suite inform\u00e1tica en la nube para ser m\u00e1s productivo.","breadcrumb":{"@id":"https:\/\/amurriobidean.org\/es\/abierto-plazo-de-inscripcion-a-las-cuatro-nuevas-acciones-formativas-que-se-impartiran-en-el-ultimo-cuatrimestre-del-ano-en-amurrio-bidean\/#breadcrumb"},"inLanguage":"es","potentialAction":[{"@type":"ReadAction","target":["https:\/\/amurriobidean.org\/es\/abierto-plazo-de-inscripcion-a-las-cuatro-nuevas-acciones-formativas-que-se-impartiran-en-el-ultimo-cuatrimestre-del-ano-en-amurrio-bidean\/"]}]},{"@type":"ImageObject","inLanguage":"es","@id":"https:\/\/amurriobidean.org\/es\/abierto-plazo-de-inscripcion-a-las-cuatro-nuevas-acciones-formativas-que-se-impartiran-en-el-ultimo-cuatrimestre-del-ano-en-amurrio-bidean\/#primaryimage","url":"https:\/\/amurriobidean.org\/wp-content\/uploads\/2023\/07\/Instagram_cast.png","contentUrl":"https:\/\/amurriobidean.org\/wp-content\/uploads\/2023\/07\/Instagram_cast.png","width":1080,"height":1080,"caption":"Formaci\u00f3n septiembre noviembre 23"},{"@type":"BreadcrumbList","@id":"https:\/\/amurriobidean.org\/es\/abierto-plazo-de-inscripcion-a-las-cuatro-nuevas-acciones-formativas-que-se-impartiran-en-el-ultimo-cuatrimestre-del-ano-en-amurrio-bidean\/#breadcrumb","itemListElement":[{"@type":"ListItem","position":1,"name":"Portada","item":"https:\/\/amurriobidean.org\/es\/"},{"@type":"ListItem","position":2,"name":"Abierto plazo de inscripci\u00f3n a las cuatro nuevas acciones formativas que se impartir\u00e1n en el \u00faltimo cuatrimestre del a\u00f1o en Amurrio Bidean"}]},{"@type":"WebSite","@id":"https:\/\/amurriobidean.org\/es\/#website","url":"https:\/\/amurriobidean.org\/es\/","name":"Amurrio Bidean. Garapen Agentzia - Agencia de desarrollo.","description":"Agencia de Desarollo Local de Amurrio","potentialAction":[{"@type":"SearchAction","target":{"@type":"EntryPoint","urlTemplate":"https:\/\/amurriobidean.org\/es\/?s={search_term_string}"},"query-input":{"@type":"PropertyValueSpecification","valueRequired":true,"valueName":"search_term_string"}}],"inLanguage":"es"},{"@type":"Person","@id":"https:\/\/amurriobidean.org\/es\/#\/schema\/person\/7457391104215a2811afeb1f9ed980b0","name":"Oihane GilSanz","image":{"@type":"ImageObject","inLanguage":"es","@id":"https:\/\/amurriobidean.org\/es\/#\/schema\/person\/image\/","url":"https:\/\/secure.gravatar.com\/avatar\/1df40c200bdd5927aedf4bd5cac24befa9a952559bc6430083077db9286c3c63","contentUrl":"https:\/\/secure.gravatar.com\/avatar\/1df40c200bdd5927aedf4bd5cac24befa9a952559bc6430083077db9286c3c63","caption":"Oihane GilSanz"},"url":"https:\/\/amurriobidean.org\/es\/author\/oihane\/"}]}},"_links":{"self":[{"href":"https:\/\/amurriobidean.org\/es\/wp-json\/wp\/v2\/posts\/6344","targetHints":{"allow":["GET"]}}],"collection":[{"href":"https:\/\/amurriobidean.org\/es\/wp-json\/wp\/v2\/posts"}],"about":[{"href":"https:\/\/amurriobidean.org\/es\/wp-json\/wp\/v2\/types\/post"}],"author":[{"embeddable":true,"href":"https:\/\/amurriobidean.org\/es\/wp-json\/wp\/v2\/users\/5"}],"replies":[{"embeddable":true,"href":"https:\/\/amurriobidean.org\/es\/wp-json\/wp\/v2\/comments?post=6344"}],"version-history":[{"count":0,"href":"https:\/\/amurriobidean.org\/es\/wp-json\/wp\/v2\/posts\/6344\/revisions"}],"wp:featuredmedia":[{"embeddable":true,"href":"https:\/\/amurriobidean.org\/es\/wp-json\/wp\/v2\/media\/6063"}],"wp:attachment":[{"href":"https:\/\/amurriobidean.org\/es\/wp-json\/wp\/v2\/media?parent=6344"}],"wp:term":[{"taxonomy":"category","embeddable":true,"href":"https:\/\/amurriobidean.org\/es\/wp-json\/wp\/v2\/categories?post=6344"},{"taxonomy":"post_tag","embeddable":true,"href":"https:\/\/amurriobidean.org\/es\/wp-json\/wp\/v2\/tags?post=6344"}],"curies":[{"name":"wp","href":"https:\/\/api.w.org\/{rel}","templated":true}]}}