{"id":5870,"date":"2023-06-01T12:40:50","date_gmt":"2023-06-01T12:40:50","guid":{"rendered":"http:\/\/amurriobidean.org\/?p=5870"},"modified":"2023-06-01T12:40:50","modified_gmt":"2023-06-01T12:40:50","slug":"nueva-convocatoria-de-acceso-al-semillero-y-centro-de-empresas-reforamurrio-enpresaldea-5","status":"publish","type":"post","link":"https:\/\/amurriobidean.org\/es\/nueva-convocatoria-de-acceso-al-semillero-y-centro-de-empresas-reforamurrio-enpresaldea-5\/","title":{"rendered":"Nueva Convocatoria de acceso al Semillero y Centro de Empresas Reforamurrio Enpresaldea"},"content":{"rendered":"<p><strong>Del 1 al 30 de junio permanece abierto el plazo para la presentaci\u00f3n de solicitudes<\/strong><\/p>\n<p>El objetivo de Reforamurrio Empresaldea es, por un lado, proporcionar una ubicaci\u00f3n a nuevas iniciativas empresariales as\u00ed como a empresas ya consolidadas que en ocasiones s\u00f3lo precisan de una peque\u00f1a oficina o despacho para realizar su trabajo o recibir a potenciales clientes\/as y por otro lado, generar un espacio din\u00e1mico y de encuentro donde se posibiliten las sinergias y la cooperaci\u00f3n claves para incrementar la competitividad.<\/p>\n<p>Los locales est\u00e1n destinados a empresas o personas promotoras que realicen o vayan a realizar su actividad dentro del llamado Sector Servicios (\u00abOficinas\u00bb).<\/p>\n<p>En el caso del Semillero y Centro de Empresas, en el precio de alquiler de cada\u00a0 despacho est\u00e1n incluidos los gastos derivados del consumo de cada local arrendado, tales como electricidad, conexi\u00f3n a Internet, calefacci\u00f3n, limpieza, etc. as\u00ed como una serie de servicios comunes; recepci\u00f3n, office, buz\u00f3n privado, mantenimiento de los locales, sistema de seguridad, salas de reuniones, etc.<\/p>\n<p>Las empresas o personas promotoras que vayan a iniciar su actividad o que lleven menos de tres a\u00f1os desde el alta de actividad en el momento de presentaci\u00f3n de la solicitud cuentan con un <strong>precio bonificado<\/strong> respecto a las empresas ya consolidadas.<\/p>\n<p>Adem\u00e1s, se aplican bonificaciones adicionales por la creaci\u00f3n de empleo y por innovaci\u00f3n de la actividad siempre y cuando el despacho supere los 25m2. La suma de ambas bonificaciones puede alcanzar el 50% sobre el precio inicial.<\/p>\n<p>En estos momentos, se dispone de m\u00f3dulos libres de entre 10 y 32 \u00a0m2.<\/p>\n<p>Amurrio Bidean, Sociedad para el Desarrollo Local del Ayuntamiento de Amurrio, ubicada en la planta baja del Centro, adem\u00e1s de gestionar el edificio proporciona apoyo y asesoramiento para la puesta en marcha de nuevas iniciativas, ofrece servicios y herramientas para facilitar su consolidaci\u00f3n, organiza talleres y acciones formativas, desarrolla programas para fomentar la innovaci\u00f3n y mejorar la competitividad de las empresas, informa y tramita ayudas, etc. De esta forma, se contribuye a dinamizar el Centro y dar visibilidad a las empresas all\u00ed instaladas. Se trata, en definitiva, no s\u00f3lo de proporcionar un espacio f\u00edsico sino tambi\u00e9n un servicio personalizado y un acompa\u00f1amiento crucial muchas veces para las empresas en sus primeros a\u00f1os de vida.<\/p>\n<p>Adem\u00e1s, en estos momentos, en el Centro est\u00e1n ubicadas Ayala Industrial Lab y la oficina Acelera Pyme para la transformaci\u00f3n digital que refuerzan el apoyo de Amurrio Bidean y contribuyen al posicionamiento del Centro como un referente para empresas y nuevas iniciativas empresariales.<\/p>\n<p><strong>Espacio Coworking <\/strong><\/p>\n<p>Se trata de una oficina compartida de 34,66 m\u00b2 ubicado en la primera planta de Reforamurrio Enpresaldea. El local dispone de cuatro puestos de trabajo, mesa de reuniones y mobiliario espec\u00edfico de oficina adem\u00e1s de conexi\u00f3n a Internet, pudiendo las personas usuarias hacer uso del resto de instalaciones del Centro como salas de reuniones, recepci\u00f3n, office, etc.<\/p>\n<p>El espacio est\u00e1 dirigido a personas o empresas que desarrollen o vayan a desarrollar una actividad relacionada con el dise\u00f1o, TICs, servicios conexos a la industria, servicios profesionales, etc. Pueden acceder al coworking tanto personas emprendedoras como personas trabajadoras por cuenta ajena que requieran de un espacio limitado para trabajar y no tengan inconveniente en compartir oficina. El precio de acceso es de 29,58 \u20ac mensuales m\u00e1s IVA.<\/p>\n<p>Todas aquellas personas y empresas interesadas pueden consultar o ampliar informaci\u00f3n:<\/p>\n<p>Amurrio Bidean ( El Refor Kalea sn)<\/p>\n<p>Tel. 945 891721. E- mail <a href=\"mailto:administracion@amurriobidean.org\">administracion@amurriobidean.org<\/a><\/p>\n<p>Web- <a href=\"http:\/\/www.amurriobidean.org\">www.amurriobidean.org<\/a><\/p>\n<p>&nbsp;<\/p>\n","protected":false},"excerpt":{"rendered":"<p>Del 1 al 30 de junio permanece abierto el plazo para la presentaci\u00f3n de solicitudes El objetivo de Reforamurrio Empresaldea es, por un lado, proporcionar una ubicaci\u00f3n a nuevas iniciativas empresariales as\u00ed como a empresas ya consolidadas que en ocasiones s\u00f3lo precisan de una peque\u00f1a oficina o despacho para realizar su trabajo o recibir a [&hellip;]<\/p>\n","protected":false},"author":5,"featured_media":5866,"comment_status":"closed","ping_status":"closed","sticky":false,"template":"","format":"standard","meta":{"footnotes":""},"categories":[28],"tags":[71,60,61,77],"class_list":["post-5870","post","type-post","status-publish","format-standard","has-post-thumbnail","hentry","category-noticias","tag-alquiler-despachos","tag-amurrio","tag-amurriobidean","tag-reforamurrio-es"],"yoast_head":"<!-- This site is optimized with the Yoast SEO plugin v25.3 - https:\/\/yoast.com\/wordpress\/plugins\/seo\/ -->\n<title>Nueva Convocatoria de acceso al Semillero y Centro de Empresas Reforamurrio Enpresaldea - Amurrio Bidean. Garapen Agentzia - Agencia de desarrollo.<\/title>\n<meta name=\"robots\" content=\"index, follow, max-snippet:-1, max-image-preview:large, max-video-preview:-1\" \/>\n<link rel=\"canonical\" href=\"https:\/\/amurriobidean.org\/es\/nueva-convocatoria-de-acceso-al-semillero-y-centro-de-empresas-reforamurrio-enpresaldea-5\/\" \/>\n<meta property=\"og:locale\" content=\"es_ES\" \/>\n<meta property=\"og:type\" content=\"article\" \/>\n<meta property=\"og:title\" content=\"Nueva Convocatoria de acceso al Semillero y Centro de Empresas Reforamurrio Enpresaldea - Amurrio Bidean. Garapen Agentzia - Agencia de desarrollo.\" \/>\n<meta property=\"og:description\" content=\"Del 1 al 30 de junio permanece abierto el plazo para la presentaci\u00f3n de solicitudes El objetivo de Reforamurrio Empresaldea es, por un lado, proporcionar una ubicaci\u00f3n a nuevas iniciativas empresariales as\u00ed como a empresas ya consolidadas que en ocasiones s\u00f3lo precisan de una peque\u00f1a oficina o despacho para realizar su trabajo o recibir a [&hellip;]\" \/>\n<meta property=\"og:url\" content=\"https:\/\/amurriobidean.org\/es\/nueva-convocatoria-de-acceso-al-semillero-y-centro-de-empresas-reforamurrio-enpresaldea-5\/\" \/>\n<meta property=\"og:site_name\" content=\"Amurrio Bidean. Garapen Agentzia - Agencia de desarrollo.\" \/>\n<meta property=\"article:publisher\" content=\"https:\/\/www.facebook.com\/amurrio.bidean\" \/>\n<meta property=\"article:published_time\" content=\"2023-06-01T12:40:50+00:00\" \/>\n<meta property=\"og:image\" content=\"https:\/\/amurriobidean.org\/wp-content\/uploads\/2023\/06\/Foto_Entrada-scaled.jpg\" \/>\n\t<meta property=\"og:image:width\" content=\"2048\" \/>\n\t<meta property=\"og:image:height\" content=\"1365\" \/>\n\t<meta property=\"og:image:type\" content=\"image\/jpeg\" \/>\n<meta name=\"author\" content=\"Oihane GilSanz\" \/>\n<meta name=\"twitter:card\" content=\"summary_large_image\" \/>\n<meta name=\"twitter:creator\" content=\"@amurriobidean\" \/>\n<meta name=\"twitter:site\" content=\"@amurriobidean\" \/>\n<meta name=\"twitter:label1\" content=\"Escrito por\" \/>\n\t<meta name=\"twitter:data1\" content=\"Oihane GilSanz\" \/>\n\t<meta name=\"twitter:label2\" content=\"Tiempo de lectura\" \/>\n\t<meta name=\"twitter:data2\" content=\"3 minutos\" \/>\n<script type=\"application\/ld+json\" class=\"yoast-schema-graph\">{\"@context\":\"https:\/\/schema.org\",\"@graph\":[{\"@type\":\"WebPage\",\"@id\":\"https:\/\/amurriobidean.org\/es\/nueva-convocatoria-de-acceso-al-semillero-y-centro-de-empresas-reforamurrio-enpresaldea-5\/\",\"url\":\"https:\/\/amurriobidean.org\/es\/nueva-convocatoria-de-acceso-al-semillero-y-centro-de-empresas-reforamurrio-enpresaldea-5\/\",\"name\":\"Nueva Convocatoria de acceso al Semillero y Centro de Empresas Reforamurrio Enpresaldea - Amurrio Bidean. Garapen Agentzia - Agencia de desarrollo.\",\"isPartOf\":{\"@id\":\"https:\/\/amurriobidean.org\/es\/#website\"},\"primaryImageOfPage\":{\"@id\":\"https:\/\/amurriobidean.org\/es\/nueva-convocatoria-de-acceso-al-semillero-y-centro-de-empresas-reforamurrio-enpresaldea-5\/#primaryimage\"},\"image\":{\"@id\":\"https:\/\/amurriobidean.org\/es\/nueva-convocatoria-de-acceso-al-semillero-y-centro-de-empresas-reforamurrio-enpresaldea-5\/#primaryimage\"},\"thumbnailUrl\":\"https:\/\/amurriobidean.org\/wp-content\/uploads\/2023\/06\/Foto_Entrada-scaled.jpg\",\"datePublished\":\"2023-06-01T12:40:50+00:00\",\"author\":{\"@id\":\"https:\/\/amurriobidean.org\/es\/#\/schema\/person\/7457391104215a2811afeb1f9ed980b0\"},\"breadcrumb\":{\"@id\":\"https:\/\/amurriobidean.org\/es\/nueva-convocatoria-de-acceso-al-semillero-y-centro-de-empresas-reforamurrio-enpresaldea-5\/#breadcrumb\"},\"inLanguage\":\"es\",\"potentialAction\":[{\"@type\":\"ReadAction\",\"target\":[\"https:\/\/amurriobidean.org\/es\/nueva-convocatoria-de-acceso-al-semillero-y-centro-de-empresas-reforamurrio-enpresaldea-5\/\"]}]},{\"@type\":\"ImageObject\",\"inLanguage\":\"es\",\"@id\":\"https:\/\/amurriobidean.org\/es\/nueva-convocatoria-de-acceso-al-semillero-y-centro-de-empresas-reforamurrio-enpresaldea-5\/#primaryimage\",\"url\":\"https:\/\/amurriobidean.org\/wp-content\/uploads\/2023\/06\/Foto_Entrada-scaled.jpg\",\"contentUrl\":\"https:\/\/amurriobidean.org\/wp-content\/uploads\/2023\/06\/Foto_Entrada-scaled.jpg\",\"width\":2048,\"height\":1365,\"caption\":\"Sarrera\"},{\"@type\":\"BreadcrumbList\",\"@id\":\"https:\/\/amurriobidean.org\/es\/nueva-convocatoria-de-acceso-al-semillero-y-centro-de-empresas-reforamurrio-enpresaldea-5\/#breadcrumb\",\"itemListElement\":[{\"@type\":\"ListItem\",\"position\":1,\"name\":\"Portada\",\"item\":\"https:\/\/amurriobidean.org\/es\/\"},{\"@type\":\"ListItem\",\"position\":2,\"name\":\"Nueva Convocatoria de acceso al Semillero y Centro de Empresas Reforamurrio Enpresaldea\"}]},{\"@type\":\"WebSite\",\"@id\":\"https:\/\/amurriobidean.org\/es\/#website\",\"url\":\"https:\/\/amurriobidean.org\/es\/\",\"name\":\"Amurrio Bidean. Garapen Agentzia - Agencia de desarrollo.\",\"description\":\"Agencia de Desarollo Local de Amurrio\",\"potentialAction\":[{\"@type\":\"SearchAction\",\"target\":{\"@type\":\"EntryPoint\",\"urlTemplate\":\"https:\/\/amurriobidean.org\/es\/?s={search_term_string}\"},\"query-input\":{\"@type\":\"PropertyValueSpecification\",\"valueRequired\":true,\"valueName\":\"search_term_string\"}}],\"inLanguage\":\"es\"},{\"@type\":\"Person\",\"@id\":\"https:\/\/amurriobidean.org\/es\/#\/schema\/person\/7457391104215a2811afeb1f9ed980b0\",\"name\":\"Oihane GilSanz\",\"image\":{\"@type\":\"ImageObject\",\"inLanguage\":\"es\",\"@id\":\"https:\/\/amurriobidean.org\/es\/#\/schema\/person\/image\/\",\"url\":\"https:\/\/secure.gravatar.com\/avatar\/1df40c200bdd5927aedf4bd5cac24befa9a952559bc6430083077db9286c3c63\",\"contentUrl\":\"https:\/\/secure.gravatar.com\/avatar\/1df40c200bdd5927aedf4bd5cac24befa9a952559bc6430083077db9286c3c63\",\"caption\":\"Oihane GilSanz\"},\"url\":\"https:\/\/amurriobidean.org\/es\/author\/oihane\/\"}]}<\/script>\n<!-- \/ Yoast SEO plugin. -->","yoast_head_json":{"title":"Nueva Convocatoria de acceso al Semillero y Centro de Empresas Reforamurrio Enpresaldea - Amurrio Bidean. Garapen Agentzia - Agencia de desarrollo.","robots":{"index":"index","follow":"follow","max-snippet":"max-snippet:-1","max-image-preview":"max-image-preview:large","max-video-preview":"max-video-preview:-1"},"canonical":"https:\/\/amurriobidean.org\/es\/nueva-convocatoria-de-acceso-al-semillero-y-centro-de-empresas-reforamurrio-enpresaldea-5\/","og_locale":"es_ES","og_type":"article","og_title":"Nueva Convocatoria de acceso al Semillero y Centro de Empresas Reforamurrio Enpresaldea - Amurrio Bidean. Garapen Agentzia - Agencia de desarrollo.","og_description":"Del 1 al 30 de junio permanece abierto el plazo para la presentaci\u00f3n de solicitudes El objetivo de Reforamurrio Empresaldea es, por un lado, proporcionar una ubicaci\u00f3n a nuevas iniciativas empresariales as\u00ed como a empresas ya consolidadas que en ocasiones s\u00f3lo precisan de una peque\u00f1a oficina o despacho para realizar su trabajo o recibir a [&hellip;]","og_url":"https:\/\/amurriobidean.org\/es\/nueva-convocatoria-de-acceso-al-semillero-y-centro-de-empresas-reforamurrio-enpresaldea-5\/","og_site_name":"Amurrio Bidean. Garapen Agentzia - Agencia de desarrollo.","article_publisher":"https:\/\/www.facebook.com\/amurrio.bidean","article_published_time":"2023-06-01T12:40:50+00:00","og_image":[{"width":2048,"height":1365,"url":"https:\/\/amurriobidean.org\/wp-content\/uploads\/2023\/06\/Foto_Entrada-scaled.jpg","type":"image\/jpeg"}],"author":"Oihane GilSanz","twitter_card":"summary_large_image","twitter_creator":"@amurriobidean","twitter_site":"@amurriobidean","twitter_misc":{"Escrito por":"Oihane GilSanz","Tiempo de lectura":"3 minutos"},"schema":{"@context":"https:\/\/schema.org","@graph":[{"@type":"WebPage","@id":"https:\/\/amurriobidean.org\/es\/nueva-convocatoria-de-acceso-al-semillero-y-centro-de-empresas-reforamurrio-enpresaldea-5\/","url":"https:\/\/amurriobidean.org\/es\/nueva-convocatoria-de-acceso-al-semillero-y-centro-de-empresas-reforamurrio-enpresaldea-5\/","name":"Nueva Convocatoria de acceso al Semillero y Centro de Empresas Reforamurrio Enpresaldea - Amurrio Bidean. Garapen Agentzia - Agencia de desarrollo.","isPartOf":{"@id":"https:\/\/amurriobidean.org\/es\/#website"},"primaryImageOfPage":{"@id":"https:\/\/amurriobidean.org\/es\/nueva-convocatoria-de-acceso-al-semillero-y-centro-de-empresas-reforamurrio-enpresaldea-5\/#primaryimage"},"image":{"@id":"https:\/\/amurriobidean.org\/es\/nueva-convocatoria-de-acceso-al-semillero-y-centro-de-empresas-reforamurrio-enpresaldea-5\/#primaryimage"},"thumbnailUrl":"https:\/\/amurriobidean.org\/wp-content\/uploads\/2023\/06\/Foto_Entrada-scaled.jpg","datePublished":"2023-06-01T12:40:50+00:00","author":{"@id":"https:\/\/amurriobidean.org\/es\/#\/schema\/person\/7457391104215a2811afeb1f9ed980b0"},"breadcrumb":{"@id":"https:\/\/amurriobidean.org\/es\/nueva-convocatoria-de-acceso-al-semillero-y-centro-de-empresas-reforamurrio-enpresaldea-5\/#breadcrumb"},"inLanguage":"es","potentialAction":[{"@type":"ReadAction","target":["https:\/\/amurriobidean.org\/es\/nueva-convocatoria-de-acceso-al-semillero-y-centro-de-empresas-reforamurrio-enpresaldea-5\/"]}]},{"@type":"ImageObject","inLanguage":"es","@id":"https:\/\/amurriobidean.org\/es\/nueva-convocatoria-de-acceso-al-semillero-y-centro-de-empresas-reforamurrio-enpresaldea-5\/#primaryimage","url":"https:\/\/amurriobidean.org\/wp-content\/uploads\/2023\/06\/Foto_Entrada-scaled.jpg","contentUrl":"https:\/\/amurriobidean.org\/wp-content\/uploads\/2023\/06\/Foto_Entrada-scaled.jpg","width":2048,"height":1365,"caption":"Sarrera"},{"@type":"BreadcrumbList","@id":"https:\/\/amurriobidean.org\/es\/nueva-convocatoria-de-acceso-al-semillero-y-centro-de-empresas-reforamurrio-enpresaldea-5\/#breadcrumb","itemListElement":[{"@type":"ListItem","position":1,"name":"Portada","item":"https:\/\/amurriobidean.org\/es\/"},{"@type":"ListItem","position":2,"name":"Nueva Convocatoria de acceso al Semillero y Centro de Empresas Reforamurrio Enpresaldea"}]},{"@type":"WebSite","@id":"https:\/\/amurriobidean.org\/es\/#website","url":"https:\/\/amurriobidean.org\/es\/","name":"Amurrio Bidean. Garapen Agentzia - Agencia de desarrollo.","description":"Agencia de Desarollo Local de Amurrio","potentialAction":[{"@type":"SearchAction","target":{"@type":"EntryPoint","urlTemplate":"https:\/\/amurriobidean.org\/es\/?s={search_term_string}"},"query-input":{"@type":"PropertyValueSpecification","valueRequired":true,"valueName":"search_term_string"}}],"inLanguage":"es"},{"@type":"Person","@id":"https:\/\/amurriobidean.org\/es\/#\/schema\/person\/7457391104215a2811afeb1f9ed980b0","name":"Oihane GilSanz","image":{"@type":"ImageObject","inLanguage":"es","@id":"https:\/\/amurriobidean.org\/es\/#\/schema\/person\/image\/","url":"https:\/\/secure.gravatar.com\/avatar\/1df40c200bdd5927aedf4bd5cac24befa9a952559bc6430083077db9286c3c63","contentUrl":"https:\/\/secure.gravatar.com\/avatar\/1df40c200bdd5927aedf4bd5cac24befa9a952559bc6430083077db9286c3c63","caption":"Oihane GilSanz"},"url":"https:\/\/amurriobidean.org\/es\/author\/oihane\/"}]}},"_links":{"self":[{"href":"https:\/\/amurriobidean.org\/es\/wp-json\/wp\/v2\/posts\/5870","targetHints":{"allow":["GET"]}}],"collection":[{"href":"https:\/\/amurriobidean.org\/es\/wp-json\/wp\/v2\/posts"}],"about":[{"href":"https:\/\/amurriobidean.org\/es\/wp-json\/wp\/v2\/types\/post"}],"author":[{"embeddable":true,"href":"https:\/\/amurriobidean.org\/es\/wp-json\/wp\/v2\/users\/5"}],"replies":[{"embeddable":true,"href":"https:\/\/amurriobidean.org\/es\/wp-json\/wp\/v2\/comments?post=5870"}],"version-history":[{"count":0,"href":"https:\/\/amurriobidean.org\/es\/wp-json\/wp\/v2\/posts\/5870\/revisions"}],"wp:featuredmedia":[{"embeddable":true,"href":"https:\/\/amurriobidean.org\/es\/wp-json\/wp\/v2\/media\/5866"}],"wp:attachment":[{"href":"https:\/\/amurriobidean.org\/es\/wp-json\/wp\/v2\/media?parent=5870"}],"wp:term":[{"taxonomy":"category","embeddable":true,"href":"https:\/\/amurriobidean.org\/es\/wp-json\/wp\/v2\/categories?post=5870"},{"taxonomy":"post_tag","embeddable":true,"href":"https:\/\/amurriobidean.org\/es\/wp-json\/wp\/v2\/tags?post=5870"}],"curies":[{"name":"wp","href":"https:\/\/api.w.org\/{rel}","templated":true}]}}