{"id":5841,"date":"2023-05-22T11:08:13","date_gmt":"2023-05-22T11:08:13","guid":{"rendered":"http:\/\/amurriobidean.org\/?p=5841"},"modified":"2023-05-22T11:08:13","modified_gmt":"2023-05-22T11:08:13","slug":"la-fiesta-del-txakoli-alaves-se-celebrara-el-4-de-junio-en-amurrio","status":"publish","type":"post","link":"https:\/\/amurriobidean.org\/es\/la-fiesta-del-txakoli-alaves-se-celebrara-el-4-de-junio-en-amurrio\/","title":{"rendered":"LA FIESTA DEL TXAKOLI ALAV\u00c9S SE CELEBRAR\u00c1 EL 4 DE JUNIO EN AMURRIO"},"content":{"rendered":"<p><strong>Jos\u00e9 Antonio Merino Ca\u00f1amero ser\u00e1 este a\u00f1o el embajador del txakoli alav\u00e9s 2023.<\/strong><\/p>\n<p><strong>En el recinto festivo, que abrir\u00e1 a las 12:00 horas, se podr\u00e1 disfrutar de la degustaci\u00f3n de la vendimia del 2022, as\u00ed como de una variada oferta gastron\u00f3mica con pintxos y raciones.<\/strong><\/p>\n<p><strong>Como novedad, este a\u00f1o los tickets se podr\u00e1n adquirir previamente de manera telem\u00e1tica a trav\u00e9s de un c\u00f3digo QR. <\/strong><\/p>\n<p>La asociaci\u00f3n Arabako Txakolina celebrar\u00e1 el 4 de junio en Amurrio la vigesimotercera edici\u00f3n del Txakolin Eguna. Este consolidado evento permitir\u00e1 promocionar, un a\u00f1o m\u00e1s, los productos del territorio alav\u00e9s. En el parque Juan Urrutia se dar\u00e1n cita los mejores txakolis producidos por siete bodegas, incluidas en la Denominaci\u00f3n de Origen Arabako Txakolina.<\/p>\n<p>El Txakolin Eguna tendr\u00e1 este a\u00f1o como embajador a Jos\u00e9 Antonio Merino Ca\u00f1amero, impulsor y alma de uno de los mejores proyectos de tabernas de estilo vasco por todo Espa\u00f1a (Grupo PerretxiCo) y que lleva la defensa del txakoli y concretamente del alav\u00e9s en su ADN, cuyo nombramiento tendr\u00e1 lugar el 4 de junio a las 11:30 horas en el Sal\u00f3n de Plenos del Ayuntamiento de Amurrio. En el acto tendr\u00e1 lugar tambi\u00e9n la presentaci\u00f3n de la vendimia de 2022. Tras la finalizar en el Ayuntamiento, se proceder\u00e1 a la inauguraci\u00f3n del recinto festivo con el txupinazo de inicio de la fiesta a las 12:00 horas.<\/p>\n<p>En el recinto, se podr\u00e1 disfrutar de la degustaci\u00f3n de la vendimia del 2022, as\u00ed como de una variada oferta gastron\u00f3mica con pintxos y raciones que se podr\u00e1n adquirir a trav\u00e9s de los tickets adquiridos en el stand habilitado para ello a la entrada del recinto gastron\u00f3mico, que permanecer\u00e1 abierto hasta las 16:00horas. Los tickets se podr\u00e1n obtener adem\u00e1s a trav\u00e9s de txakolidealava.eus y, como novedad, este a\u00f1o se podr\u00e1n adquirir a trav\u00e9s de un c\u00f3digo QR en la p\u00e1gina web, en el programa y en los carteles.<\/p>\n<p>Todo ello se completar\u00e1 con la exposici\u00f3n y venta de productos artesanos locales amenizado con el pasacalle Otxote Ugarte y la degustaci\u00f3n de Falzue, rebujito de txakoli fr\u00edo. Este a\u00f1o, como novedad, la romer\u00eda ser\u00e1 de 17:00 a 20:00 de la mano de Akerbeltz erromeria.<\/p>\n<p>Desde la organizaci\u00f3n, tambi\u00e9n se ha puesto servicio de autob\u00fas para asistir a la fiesta desde Vitoria (salida a las 11:00 desde el Corte Ingl\u00e9s, y regreso a las 19:30 desde Amurrio. \u00a0La venta de los tickets ser\u00e1 hasta el viernes 2 de junio en el puesto de Txakolipintxo que Arabako Txakolina tiene en La Plaza de Abastos de Vitoria-Gasteiz.<\/p>\n<p><strong>En paralelo al Txakolin Eguna<\/strong><\/p>\n<p>La asociaci\u00f3n de comerciantes y hosteleros Izan Amurrio, en colaboraci\u00f3n con Amurrio Bidean, se ha sumado este a\u00f1o al Txakolin Eguna con una actividad muy especial. Dos comercios del municipio realizar\u00e1n en sus establecimientos los d\u00edas previos sendas catas de txakoli alav\u00e9s. La primera ser\u00e1 el 26 de mayo a las 19:00 horas en \u201cEcomobel\u201d 2 de junio a las 19:00 horas en \u201cAzules viste tu vida\u201d. \u00a0Las plazas son limitadas por lo que las personas interesadas deber\u00e1n realizar una inscripci\u00f3n previa en Izan Amurrio, en el tel\u00e9fono 670497108 o v\u00eda mail en izanamurrio@apymca.com<\/p>\n","protected":false},"excerpt":{"rendered":"<p>Jos\u00e9 Antonio Merino Ca\u00f1amero ser\u00e1 este a\u00f1o el embajador del txakoli alav\u00e9s 2023. En el recinto festivo, que abrir\u00e1 a las 12:00 horas, se podr\u00e1 disfrutar de la degustaci\u00f3n de la vendimia del 2022, as\u00ed como de una variada oferta gastron\u00f3mica con pintxos y raciones. Como novedad, este a\u00f1o los tickets se podr\u00e1n adquirir previamente [&hellip;]<\/p>\n","protected":false},"author":2,"featured_media":5842,"comment_status":"closed","ping_status":"closed","sticky":false,"template":"","format":"standard","meta":{"footnotes":""},"categories":[28],"tags":[],"class_list":["post-5841","post","type-post","status-publish","format-standard","has-post-thumbnail","hentry","category-noticias"],"yoast_head":"<!-- This site is optimized with the Yoast SEO plugin v25.3 - https:\/\/yoast.com\/wordpress\/plugins\/seo\/ -->\n<title>LA FIESTA DEL TXAKOLI ALAV\u00c9S SE CELEBRAR\u00c1 EL 4 DE JUNIO EN AMURRIO - Amurrio Bidean. Garapen Agentzia - Agencia de desarrollo.<\/title>\n<meta name=\"robots\" content=\"index, follow, max-snippet:-1, max-image-preview:large, max-video-preview:-1\" \/>\n<link rel=\"canonical\" href=\"https:\/\/amurriobidean.org\/es\/la-fiesta-del-txakoli-alaves-se-celebrara-el-4-de-junio-en-amurrio\/\" \/>\n<meta property=\"og:locale\" content=\"es_ES\" \/>\n<meta property=\"og:type\" content=\"article\" \/>\n<meta property=\"og:title\" content=\"LA FIESTA DEL TXAKOLI ALAV\u00c9S SE CELEBRAR\u00c1 EL 4 DE JUNIO EN AMURRIO - Amurrio Bidean. Garapen Agentzia - Agencia de desarrollo.\" \/>\n<meta property=\"og:description\" content=\"Jos\u00e9 Antonio Merino Ca\u00f1amero ser\u00e1 este a\u00f1o el embajador del txakoli alav\u00e9s 2023. En el recinto festivo, que abrir\u00e1 a las 12:00 horas, se podr\u00e1 disfrutar de la degustaci\u00f3n de la vendimia del 2022, as\u00ed como de una variada oferta gastron\u00f3mica con pintxos y raciones. Como novedad, este a\u00f1o los tickets se podr\u00e1n adquirir previamente [&hellip;]\" \/>\n<meta property=\"og:url\" content=\"https:\/\/amurriobidean.org\/es\/la-fiesta-del-txakoli-alaves-se-celebrara-el-4-de-junio-en-amurrio\/\" \/>\n<meta property=\"og:site_name\" content=\"Amurrio Bidean. Garapen Agentzia - Agencia de desarrollo.\" \/>\n<meta property=\"article:publisher\" content=\"https:\/\/www.facebook.com\/amurrio.bidean\" \/>\n<meta property=\"article:published_time\" content=\"2023-05-22T11:08:13+00:00\" \/>\n<meta property=\"og:image\" content=\"https:\/\/amurriobidean.org\/wp-content\/uploads\/2023\/05\/txakolin-eguna-2023-CARTEL_page-0001-scaled.jpg\" \/>\n\t<meta property=\"og:image:width\" content=\"936\" \/>\n\t<meta property=\"og:image:height\" content=\"2048\" \/>\n\t<meta property=\"og:image:type\" content=\"image\/jpeg\" \/>\n<meta name=\"author\" content=\"Amurrio Bidean\" \/>\n<meta name=\"twitter:card\" content=\"summary_large_image\" \/>\n<meta name=\"twitter:creator\" content=\"@amurriobidean\" \/>\n<meta name=\"twitter:site\" content=\"@amurriobidean\" \/>\n<meta name=\"twitter:label1\" content=\"Escrito por\" \/>\n\t<meta name=\"twitter:data1\" content=\"Amurrio Bidean\" \/>\n\t<meta name=\"twitter:label2\" content=\"Tiempo de lectura\" \/>\n\t<meta name=\"twitter:data2\" content=\"3 minutos\" \/>\n<script type=\"application\/ld+json\" class=\"yoast-schema-graph\">{\"@context\":\"https:\/\/schema.org\",\"@graph\":[{\"@type\":\"WebPage\",\"@id\":\"https:\/\/amurriobidean.org\/es\/la-fiesta-del-txakoli-alaves-se-celebrara-el-4-de-junio-en-amurrio\/\",\"url\":\"https:\/\/amurriobidean.org\/es\/la-fiesta-del-txakoli-alaves-se-celebrara-el-4-de-junio-en-amurrio\/\",\"name\":\"LA FIESTA DEL TXAKOLI ALAV\u00c9S SE CELEBRAR\u00c1 EL 4 DE JUNIO EN AMURRIO - Amurrio Bidean. Garapen Agentzia - Agencia de desarrollo.\",\"isPartOf\":{\"@id\":\"https:\/\/amurriobidean.org\/es\/#website\"},\"primaryImageOfPage\":{\"@id\":\"https:\/\/amurriobidean.org\/es\/la-fiesta-del-txakoli-alaves-se-celebrara-el-4-de-junio-en-amurrio\/#primaryimage\"},\"image\":{\"@id\":\"https:\/\/amurriobidean.org\/es\/la-fiesta-del-txakoli-alaves-se-celebrara-el-4-de-junio-en-amurrio\/#primaryimage\"},\"thumbnailUrl\":\"https:\/\/amurriobidean.org\/wp-content\/uploads\/2023\/05\/txakolin-eguna-2023-CARTEL_page-0001-scaled.jpg\",\"datePublished\":\"2023-05-22T11:08:13+00:00\",\"author\":{\"@id\":\"https:\/\/amurriobidean.org\/es\/#\/schema\/person\/56c71b474b3e7f5f5e6f209a6cf3abfe\"},\"breadcrumb\":{\"@id\":\"https:\/\/amurriobidean.org\/es\/la-fiesta-del-txakoli-alaves-se-celebrara-el-4-de-junio-en-amurrio\/#breadcrumb\"},\"inLanguage\":\"es\",\"potentialAction\":[{\"@type\":\"ReadAction\",\"target\":[\"https:\/\/amurriobidean.org\/es\/la-fiesta-del-txakoli-alaves-se-celebrara-el-4-de-junio-en-amurrio\/\"]}]},{\"@type\":\"ImageObject\",\"inLanguage\":\"es\",\"@id\":\"https:\/\/amurriobidean.org\/es\/la-fiesta-del-txakoli-alaves-se-celebrara-el-4-de-junio-en-amurrio\/#primaryimage\",\"url\":\"https:\/\/amurriobidean.org\/wp-content\/uploads\/2023\/05\/txakolin-eguna-2023-CARTEL_page-0001-scaled.jpg\",\"contentUrl\":\"https:\/\/amurriobidean.org\/wp-content\/uploads\/2023\/05\/txakolin-eguna-2023-CARTEL_page-0001-scaled.jpg\",\"width\":936,\"height\":2048},{\"@type\":\"BreadcrumbList\",\"@id\":\"https:\/\/amurriobidean.org\/es\/la-fiesta-del-txakoli-alaves-se-celebrara-el-4-de-junio-en-amurrio\/#breadcrumb\",\"itemListElement\":[{\"@type\":\"ListItem\",\"position\":1,\"name\":\"Portada\",\"item\":\"https:\/\/amurriobidean.org\/es\/\"},{\"@type\":\"ListItem\",\"position\":2,\"name\":\"LA FIESTA DEL TXAKOLI ALAV\u00c9S SE CELEBRAR\u00c1 EL 4 DE JUNIO EN AMURRIO\"}]},{\"@type\":\"WebSite\",\"@id\":\"https:\/\/amurriobidean.org\/es\/#website\",\"url\":\"https:\/\/amurriobidean.org\/es\/\",\"name\":\"Amurrio Bidean. Garapen Agentzia - Agencia de desarrollo.\",\"description\":\"Agencia de Desarollo Local de Amurrio\",\"potentialAction\":[{\"@type\":\"SearchAction\",\"target\":{\"@type\":\"EntryPoint\",\"urlTemplate\":\"https:\/\/amurriobidean.org\/es\/?s={search_term_string}\"},\"query-input\":{\"@type\":\"PropertyValueSpecification\",\"valueRequired\":true,\"valueName\":\"search_term_string\"}}],\"inLanguage\":\"es\"},{\"@type\":\"Person\",\"@id\":\"https:\/\/amurriobidean.org\/es\/#\/schema\/person\/56c71b474b3e7f5f5e6f209a6cf3abfe\",\"name\":\"Amurrio Bidean\",\"image\":{\"@type\":\"ImageObject\",\"inLanguage\":\"es\",\"@id\":\"https:\/\/amurriobidean.org\/es\/#\/schema\/person\/image\/\",\"url\":\"https:\/\/secure.gravatar.com\/avatar\/84a34d50800d0bb5d80eba504fc44ed48c9b2faab16ad58fa7d30bce4e2b661e\",\"contentUrl\":\"https:\/\/secure.gravatar.com\/avatar\/84a34d50800d0bb5d80eba504fc44ed48c9b2faab16ad58fa7d30bce4e2b661e\",\"caption\":\"Amurrio Bidean\"},\"sameAs\":[\"http:\/\/www.amurriobidean.eus\"],\"url\":\"https:\/\/amurriobidean.org\/es\/author\/amurrio-bidean\/\"}]}<\/script>\n<!-- \/ Yoast SEO plugin. -->","yoast_head_json":{"title":"LA FIESTA DEL TXAKOLI ALAV\u00c9S SE CELEBRAR\u00c1 EL 4 DE JUNIO EN AMURRIO - Amurrio Bidean. Garapen Agentzia - Agencia de desarrollo.","robots":{"index":"index","follow":"follow","max-snippet":"max-snippet:-1","max-image-preview":"max-image-preview:large","max-video-preview":"max-video-preview:-1"},"canonical":"https:\/\/amurriobidean.org\/es\/la-fiesta-del-txakoli-alaves-se-celebrara-el-4-de-junio-en-amurrio\/","og_locale":"es_ES","og_type":"article","og_title":"LA FIESTA DEL TXAKOLI ALAV\u00c9S SE CELEBRAR\u00c1 EL 4 DE JUNIO EN AMURRIO - Amurrio Bidean. Garapen Agentzia - Agencia de desarrollo.","og_description":"Jos\u00e9 Antonio Merino Ca\u00f1amero ser\u00e1 este a\u00f1o el embajador del txakoli alav\u00e9s 2023. En el recinto festivo, que abrir\u00e1 a las 12:00 horas, se podr\u00e1 disfrutar de la degustaci\u00f3n de la vendimia del 2022, as\u00ed como de una variada oferta gastron\u00f3mica con pintxos y raciones. Como novedad, este a\u00f1o los tickets se podr\u00e1n adquirir previamente [&hellip;]","og_url":"https:\/\/amurriobidean.org\/es\/la-fiesta-del-txakoli-alaves-se-celebrara-el-4-de-junio-en-amurrio\/","og_site_name":"Amurrio Bidean. Garapen Agentzia - Agencia de desarrollo.","article_publisher":"https:\/\/www.facebook.com\/amurrio.bidean","article_published_time":"2023-05-22T11:08:13+00:00","og_image":[{"width":936,"height":2048,"url":"https:\/\/amurriobidean.org\/wp-content\/uploads\/2023\/05\/txakolin-eguna-2023-CARTEL_page-0001-scaled.jpg","type":"image\/jpeg"}],"author":"Amurrio Bidean","twitter_card":"summary_large_image","twitter_creator":"@amurriobidean","twitter_site":"@amurriobidean","twitter_misc":{"Escrito por":"Amurrio Bidean","Tiempo de lectura":"3 minutos"},"schema":{"@context":"https:\/\/schema.org","@graph":[{"@type":"WebPage","@id":"https:\/\/amurriobidean.org\/es\/la-fiesta-del-txakoli-alaves-se-celebrara-el-4-de-junio-en-amurrio\/","url":"https:\/\/amurriobidean.org\/es\/la-fiesta-del-txakoli-alaves-se-celebrara-el-4-de-junio-en-amurrio\/","name":"LA FIESTA DEL TXAKOLI ALAV\u00c9S SE CELEBRAR\u00c1 EL 4 DE JUNIO EN AMURRIO - Amurrio Bidean. Garapen Agentzia - Agencia de desarrollo.","isPartOf":{"@id":"https:\/\/amurriobidean.org\/es\/#website"},"primaryImageOfPage":{"@id":"https:\/\/amurriobidean.org\/es\/la-fiesta-del-txakoli-alaves-se-celebrara-el-4-de-junio-en-amurrio\/#primaryimage"},"image":{"@id":"https:\/\/amurriobidean.org\/es\/la-fiesta-del-txakoli-alaves-se-celebrara-el-4-de-junio-en-amurrio\/#primaryimage"},"thumbnailUrl":"https:\/\/amurriobidean.org\/wp-content\/uploads\/2023\/05\/txakolin-eguna-2023-CARTEL_page-0001-scaled.jpg","datePublished":"2023-05-22T11:08:13+00:00","author":{"@id":"https:\/\/amurriobidean.org\/es\/#\/schema\/person\/56c71b474b3e7f5f5e6f209a6cf3abfe"},"breadcrumb":{"@id":"https:\/\/amurriobidean.org\/es\/la-fiesta-del-txakoli-alaves-se-celebrara-el-4-de-junio-en-amurrio\/#breadcrumb"},"inLanguage":"es","potentialAction":[{"@type":"ReadAction","target":["https:\/\/amurriobidean.org\/es\/la-fiesta-del-txakoli-alaves-se-celebrara-el-4-de-junio-en-amurrio\/"]}]},{"@type":"ImageObject","inLanguage":"es","@id":"https:\/\/amurriobidean.org\/es\/la-fiesta-del-txakoli-alaves-se-celebrara-el-4-de-junio-en-amurrio\/#primaryimage","url":"https:\/\/amurriobidean.org\/wp-content\/uploads\/2023\/05\/txakolin-eguna-2023-CARTEL_page-0001-scaled.jpg","contentUrl":"https:\/\/amurriobidean.org\/wp-content\/uploads\/2023\/05\/txakolin-eguna-2023-CARTEL_page-0001-scaled.jpg","width":936,"height":2048},{"@type":"BreadcrumbList","@id":"https:\/\/amurriobidean.org\/es\/la-fiesta-del-txakoli-alaves-se-celebrara-el-4-de-junio-en-amurrio\/#breadcrumb","itemListElement":[{"@type":"ListItem","position":1,"name":"Portada","item":"https:\/\/amurriobidean.org\/es\/"},{"@type":"ListItem","position":2,"name":"LA FIESTA DEL TXAKOLI ALAV\u00c9S SE CELEBRAR\u00c1 EL 4 DE JUNIO EN AMURRIO"}]},{"@type":"WebSite","@id":"https:\/\/amurriobidean.org\/es\/#website","url":"https:\/\/amurriobidean.org\/es\/","name":"Amurrio Bidean. Garapen Agentzia - Agencia de desarrollo.","description":"Agencia de Desarollo Local de Amurrio","potentialAction":[{"@type":"SearchAction","target":{"@type":"EntryPoint","urlTemplate":"https:\/\/amurriobidean.org\/es\/?s={search_term_string}"},"query-input":{"@type":"PropertyValueSpecification","valueRequired":true,"valueName":"search_term_string"}}],"inLanguage":"es"},{"@type":"Person","@id":"https:\/\/amurriobidean.org\/es\/#\/schema\/person\/56c71b474b3e7f5f5e6f209a6cf3abfe","name":"Amurrio Bidean","image":{"@type":"ImageObject","inLanguage":"es","@id":"https:\/\/amurriobidean.org\/es\/#\/schema\/person\/image\/","url":"https:\/\/secure.gravatar.com\/avatar\/84a34d50800d0bb5d80eba504fc44ed48c9b2faab16ad58fa7d30bce4e2b661e","contentUrl":"https:\/\/secure.gravatar.com\/avatar\/84a34d50800d0bb5d80eba504fc44ed48c9b2faab16ad58fa7d30bce4e2b661e","caption":"Amurrio Bidean"},"sameAs":["http:\/\/www.amurriobidean.eus"],"url":"https:\/\/amurriobidean.org\/es\/author\/amurrio-bidean\/"}]}},"_links":{"self":[{"href":"https:\/\/amurriobidean.org\/es\/wp-json\/wp\/v2\/posts\/5841","targetHints":{"allow":["GET"]}}],"collection":[{"href":"https:\/\/amurriobidean.org\/es\/wp-json\/wp\/v2\/posts"}],"about":[{"href":"https:\/\/amurriobidean.org\/es\/wp-json\/wp\/v2\/types\/post"}],"author":[{"embeddable":true,"href":"https:\/\/amurriobidean.org\/es\/wp-json\/wp\/v2\/users\/2"}],"replies":[{"embeddable":true,"href":"https:\/\/amurriobidean.org\/es\/wp-json\/wp\/v2\/comments?post=5841"}],"version-history":[{"count":0,"href":"https:\/\/amurriobidean.org\/es\/wp-json\/wp\/v2\/posts\/5841\/revisions"}],"wp:featuredmedia":[{"embeddable":true,"href":"https:\/\/amurriobidean.org\/es\/wp-json\/wp\/v2\/media\/5842"}],"wp:attachment":[{"href":"https:\/\/amurriobidean.org\/es\/wp-json\/wp\/v2\/media?parent=5841"}],"wp:term":[{"taxonomy":"category","embeddable":true,"href":"https:\/\/amurriobidean.org\/es\/wp-json\/wp\/v2\/categories?post=5841"},{"taxonomy":"post_tag","embeddable":true,"href":"https:\/\/amurriobidean.org\/es\/wp-json\/wp\/v2\/tags?post=5841"}],"curies":[{"name":"wp","href":"https:\/\/api.w.org\/{rel}","templated":true}]}}