{"id":5513,"date":"2022-12-15T13:38:58","date_gmt":"2022-12-15T13:38:58","guid":{"rendered":"http:\/\/amurriobidean.org\/?p=5513"},"modified":"2022-12-15T13:54:20","modified_gmt":"2022-12-15T13:54:20","slug":"ayudas-a-la-contratacion-para-empresas-ubicadas-en-la-cuadrilla","status":"publish","type":"post","link":"https:\/\/amurriobidean.org\/es\/ayudas-a-la-contratacion-para-empresas-ubicadas-en-la-cuadrilla\/","title":{"rendered":"Ayudas a la contrataci\u00f3n para empresas ubicadas en la Cuadrilla"},"content":{"rendered":"<p>La <strong>Cuadrilla de Ayala <\/strong>destina <strong>42.200 \u20ac <\/strong>a la subvenci\u00f3n de las contrataciones realizadas por las empresas ubicadas en la Cuadrilla y el municipio de Ordu\u00f1a. Las personas contratadas deben residir en la comarca. Asimismo, estas ayudas cuentan con la financiaci\u00f3n de LANBIDE \u2013 Servicio Vasco de Empleo.<\/p>\n<p>Se subvencionar\u00e1 las contrataciones celebradas entre el 1 de enero de 2022 y el 30 de junio de 2022, y ser\u00e1 objeto de subvenci\u00f3n el periodo correspondiente en cada caso, entre el t\u00e9rmino inicial y, como m\u00e1ximo, el 30 de junio de 2023, siempre que, dentro del mismo, transcurra la duraci\u00f3n m\u00ednima de un a\u00f1o.<\/p>\n<p>Las solicitudes se presentar\u00e1n en la Sede Electr\u00f3nica de la Cuadrilla de Ayala, <strong>a partir del d\u00eda 15 de diciembre de 2022 hasta el 30 de enero de 2023.<\/strong><\/p>\n<p><a href=\"http:\/\/amurriobidean.org\/wp-content\/uploads\/2022\/12\/54_Fomento_contratacion_Cudarilla.pdf\">Resumen Ayudas a la contrataci\u00f3n<\/a><\/p>\n<p><strong>M\u00e1s informaci\u00f3n<\/strong><\/p>\n<p>Cualquier duda o aclaraci\u00f3n en 945891721 o por mail a empresa@amurriobidean.org<\/p>\n<p><a href=\"https:\/\/www.araba.eus\/botha\/Boletines\/2022\/143\/2022_143_03366_C.pdf\">AQU\u00cd<\/a>\u00a0puedes encontrar las bases<\/p>\n<p>Los documentos a presentar con cada una de las solicitudes:<\/p>\n<p>Datos del solicitante <a href=\"https:\/\/www.cuadrilladeayala.eus\/wp-content\/uploads\/2022\/12\/ESKATZAILEAREN-DATUAK-DATOS-SOLICITANTE.pdf\">AQU\u00cd<\/a>.<\/p>\n<p>Datos de contrataci\u00f3n <a href=\"https:\/\/www.cuadrilladeayala.eus\/wp-content\/uploads\/2022\/12\/KONTRATU-DATUAK-DATOS-CONTRATACION.pdf\">AQU\u00cd\u00a0<\/a><\/p>\n<p>Instrucciones \u00a0<a href=\"https:\/\/www.cuadrilladeayala.eus\/wp-content\/uploads\/2022\/12\/JARRAIBIDEAK-INSTRUCCIONES-.pdf\">AQU\u00cd\u00a0<\/a><\/p>\n","protected":false},"excerpt":{"rendered":"<p>La Cuadrilla de Ayala destina 42.200 \u20ac a la subvenci\u00f3n de las contrataciones realizadas por las empresas ubicadas en la Cuadrilla y el municipio de Ordu\u00f1a. Las personas contratadas deben residir en la comarca. Asimismo, estas ayudas cuentan con la financiaci\u00f3n de LANBIDE \u2013 Servicio Vasco de Empleo. Se subvencionar\u00e1 las contrataciones celebradas entre el [&hellip;]<\/p>\n","protected":false},"author":5,"featured_media":5522,"comment_status":"closed","ping_status":"closed","sticky":false,"template":"","format":"standard","meta":{"footnotes":""},"categories":[28],"tags":[],"class_list":["post-5513","post","type-post","status-publish","format-standard","has-post-thumbnail","hentry","category-noticias"],"yoast_head":"<!-- This site is optimized with the Yoast SEO plugin v25.3 - https:\/\/yoast.com\/wordpress\/plugins\/seo\/ -->\n<title>Ayudas a la contrataci\u00f3n para empresas ubicadas en la Cuadrilla - Amurrio Bidean. Garapen Agentzia - Agencia de desarrollo.<\/title>\n<meta name=\"description\" content=\"Se subvencionar\u00e1 las contrataciones celebradas entre el 1 de enero de 2022 y el 30 de junio de 2022\" \/>\n<meta name=\"robots\" content=\"index, follow, max-snippet:-1, max-image-preview:large, max-video-preview:-1\" \/>\n<link rel=\"canonical\" href=\"https:\/\/amurriobidean.org\/es\/ayudas-a-la-contratacion-para-empresas-ubicadas-en-la-cuadrilla\/\" \/>\n<meta property=\"og:locale\" content=\"es_ES\" \/>\n<meta property=\"og:type\" content=\"article\" \/>\n<meta property=\"og:title\" content=\"Ayudas a la contrataci\u00f3n para empresas ubicadas en la Cuadrilla - Amurrio Bidean. Garapen Agentzia - Agencia de desarrollo.\" \/>\n<meta property=\"og:description\" content=\"Se subvencionar\u00e1 las contrataciones celebradas entre el 1 de enero de 2022 y el 30 de junio de 2022\" \/>\n<meta property=\"og:url\" content=\"https:\/\/amurriobidean.org\/es\/ayudas-a-la-contratacion-para-empresas-ubicadas-en-la-cuadrilla\/\" \/>\n<meta property=\"og:site_name\" content=\"Amurrio Bidean. Garapen Agentzia - Agencia de desarrollo.\" \/>\n<meta property=\"article:publisher\" content=\"https:\/\/www.facebook.com\/amurrio.bidean\" \/>\n<meta property=\"article:published_time\" content=\"2022-12-15T13:38:58+00:00\" \/>\n<meta property=\"article:modified_time\" content=\"2022-12-15T13:54:20+00:00\" \/>\n<meta property=\"og:image\" content=\"https:\/\/amurriobidean.org\/wp-content\/uploads\/2022\/12\/Ayudas-1-1030x638.png\" \/>\n\t<meta property=\"og:image:width\" content=\"1030\" \/>\n\t<meta property=\"og:image:height\" content=\"638\" \/>\n\t<meta property=\"og:image:type\" content=\"image\/png\" \/>\n<meta name=\"author\" content=\"Oihane GilSanz\" \/>\n<meta name=\"twitter:card\" content=\"summary_large_image\" \/>\n<meta name=\"twitter:creator\" content=\"@amurriobidean\" \/>\n<meta name=\"twitter:site\" content=\"@amurriobidean\" \/>\n<meta name=\"twitter:label1\" content=\"Escrito por\" \/>\n\t<meta name=\"twitter:data1\" content=\"Oihane GilSanz\" \/>\n\t<meta name=\"twitter:label2\" content=\"Tiempo de lectura\" \/>\n\t<meta name=\"twitter:data2\" content=\"1 minuto\" \/>\n<script type=\"application\/ld+json\" class=\"yoast-schema-graph\">{\"@context\":\"https:\/\/schema.org\",\"@graph\":[{\"@type\":\"WebPage\",\"@id\":\"https:\/\/amurriobidean.org\/es\/ayudas-a-la-contratacion-para-empresas-ubicadas-en-la-cuadrilla\/\",\"url\":\"https:\/\/amurriobidean.org\/es\/ayudas-a-la-contratacion-para-empresas-ubicadas-en-la-cuadrilla\/\",\"name\":\"Ayudas a la contrataci\u00f3n para empresas ubicadas en la Cuadrilla - Amurrio Bidean. Garapen Agentzia - Agencia de desarrollo.\",\"isPartOf\":{\"@id\":\"https:\/\/amurriobidean.org\/es\/#website\"},\"primaryImageOfPage\":{\"@id\":\"https:\/\/amurriobidean.org\/es\/ayudas-a-la-contratacion-para-empresas-ubicadas-en-la-cuadrilla\/#primaryimage\"},\"image\":{\"@id\":\"https:\/\/amurriobidean.org\/es\/ayudas-a-la-contratacion-para-empresas-ubicadas-en-la-cuadrilla\/#primaryimage\"},\"thumbnailUrl\":\"https:\/\/amurriobidean.org\/wp-content\/uploads\/2022\/12\/Ayudas-1.png\",\"datePublished\":\"2022-12-15T13:38:58+00:00\",\"dateModified\":\"2022-12-15T13:54:20+00:00\",\"author\":{\"@id\":\"https:\/\/amurriobidean.org\/es\/#\/schema\/person\/7457391104215a2811afeb1f9ed980b0\"},\"description\":\"Se subvencionar\u00e1 las contrataciones celebradas entre el 1 de enero de 2022 y el 30 de junio de 2022\",\"breadcrumb\":{\"@id\":\"https:\/\/amurriobidean.org\/es\/ayudas-a-la-contratacion-para-empresas-ubicadas-en-la-cuadrilla\/#breadcrumb\"},\"inLanguage\":\"es\",\"potentialAction\":[{\"@type\":\"ReadAction\",\"target\":[\"https:\/\/amurriobidean.org\/es\/ayudas-a-la-contratacion-para-empresas-ubicadas-en-la-cuadrilla\/\"]}]},{\"@type\":\"ImageObject\",\"inLanguage\":\"es\",\"@id\":\"https:\/\/amurriobidean.org\/es\/ayudas-a-la-contratacion-para-empresas-ubicadas-en-la-cuadrilla\/#primaryimage\",\"url\":\"https:\/\/amurriobidean.org\/wp-content\/uploads\/2022\/12\/Ayudas-1.png\",\"contentUrl\":\"https:\/\/amurriobidean.org\/wp-content\/uploads\/2022\/12\/Ayudas-1.png\",\"width\":2000,\"height\":1238},{\"@type\":\"BreadcrumbList\",\"@id\":\"https:\/\/amurriobidean.org\/es\/ayudas-a-la-contratacion-para-empresas-ubicadas-en-la-cuadrilla\/#breadcrumb\",\"itemListElement\":[{\"@type\":\"ListItem\",\"position\":1,\"name\":\"Portada\",\"item\":\"https:\/\/amurriobidean.org\/es\/\"},{\"@type\":\"ListItem\",\"position\":2,\"name\":\"Ayudas a la contrataci\u00f3n para empresas ubicadas en la Cuadrilla\"}]},{\"@type\":\"WebSite\",\"@id\":\"https:\/\/amurriobidean.org\/es\/#website\",\"url\":\"https:\/\/amurriobidean.org\/es\/\",\"name\":\"Amurrio Bidean. Garapen Agentzia - Agencia de desarrollo.\",\"description\":\"Agencia de Desarollo Local de Amurrio\",\"potentialAction\":[{\"@type\":\"SearchAction\",\"target\":{\"@type\":\"EntryPoint\",\"urlTemplate\":\"https:\/\/amurriobidean.org\/es\/?s={search_term_string}\"},\"query-input\":{\"@type\":\"PropertyValueSpecification\",\"valueRequired\":true,\"valueName\":\"search_term_string\"}}],\"inLanguage\":\"es\"},{\"@type\":\"Person\",\"@id\":\"https:\/\/amurriobidean.org\/es\/#\/schema\/person\/7457391104215a2811afeb1f9ed980b0\",\"name\":\"Oihane GilSanz\",\"image\":{\"@type\":\"ImageObject\",\"inLanguage\":\"es\",\"@id\":\"https:\/\/amurriobidean.org\/es\/#\/schema\/person\/image\/\",\"url\":\"https:\/\/secure.gravatar.com\/avatar\/1df40c200bdd5927aedf4bd5cac24befa9a952559bc6430083077db9286c3c63\",\"contentUrl\":\"https:\/\/secure.gravatar.com\/avatar\/1df40c200bdd5927aedf4bd5cac24befa9a952559bc6430083077db9286c3c63\",\"caption\":\"Oihane GilSanz\"},\"url\":\"https:\/\/amurriobidean.org\/es\/author\/oihane\/\"}]}<\/script>\n<!-- \/ Yoast SEO plugin. -->","yoast_head_json":{"title":"Ayudas a la contrataci\u00f3n para empresas ubicadas en la Cuadrilla - Amurrio Bidean. Garapen Agentzia - Agencia de desarrollo.","description":"Se subvencionar\u00e1 las contrataciones celebradas entre el 1 de enero de 2022 y el 30 de junio de 2022","robots":{"index":"index","follow":"follow","max-snippet":"max-snippet:-1","max-image-preview":"max-image-preview:large","max-video-preview":"max-video-preview:-1"},"canonical":"https:\/\/amurriobidean.org\/es\/ayudas-a-la-contratacion-para-empresas-ubicadas-en-la-cuadrilla\/","og_locale":"es_ES","og_type":"article","og_title":"Ayudas a la contrataci\u00f3n para empresas ubicadas en la Cuadrilla - Amurrio Bidean. Garapen Agentzia - Agencia de desarrollo.","og_description":"Se subvencionar\u00e1 las contrataciones celebradas entre el 1 de enero de 2022 y el 30 de junio de 2022","og_url":"https:\/\/amurriobidean.org\/es\/ayudas-a-la-contratacion-para-empresas-ubicadas-en-la-cuadrilla\/","og_site_name":"Amurrio Bidean. Garapen Agentzia - Agencia de desarrollo.","article_publisher":"https:\/\/www.facebook.com\/amurrio.bidean","article_published_time":"2022-12-15T13:38:58+00:00","article_modified_time":"2022-12-15T13:54:20+00:00","og_image":[{"width":1030,"height":638,"url":"https:\/\/amurriobidean.org\/wp-content\/uploads\/2022\/12\/Ayudas-1-1030x638.png","type":"image\/png"}],"author":"Oihane GilSanz","twitter_card":"summary_large_image","twitter_creator":"@amurriobidean","twitter_site":"@amurriobidean","twitter_misc":{"Escrito por":"Oihane GilSanz","Tiempo de lectura":"1 minuto"},"schema":{"@context":"https:\/\/schema.org","@graph":[{"@type":"WebPage","@id":"https:\/\/amurriobidean.org\/es\/ayudas-a-la-contratacion-para-empresas-ubicadas-en-la-cuadrilla\/","url":"https:\/\/amurriobidean.org\/es\/ayudas-a-la-contratacion-para-empresas-ubicadas-en-la-cuadrilla\/","name":"Ayudas a la contrataci\u00f3n para empresas ubicadas en la Cuadrilla - Amurrio Bidean. Garapen Agentzia - Agencia de desarrollo.","isPartOf":{"@id":"https:\/\/amurriobidean.org\/es\/#website"},"primaryImageOfPage":{"@id":"https:\/\/amurriobidean.org\/es\/ayudas-a-la-contratacion-para-empresas-ubicadas-en-la-cuadrilla\/#primaryimage"},"image":{"@id":"https:\/\/amurriobidean.org\/es\/ayudas-a-la-contratacion-para-empresas-ubicadas-en-la-cuadrilla\/#primaryimage"},"thumbnailUrl":"https:\/\/amurriobidean.org\/wp-content\/uploads\/2022\/12\/Ayudas-1.png","datePublished":"2022-12-15T13:38:58+00:00","dateModified":"2022-12-15T13:54:20+00:00","author":{"@id":"https:\/\/amurriobidean.org\/es\/#\/schema\/person\/7457391104215a2811afeb1f9ed980b0"},"description":"Se subvencionar\u00e1 las contrataciones celebradas entre el 1 de enero de 2022 y el 30 de junio de 2022","breadcrumb":{"@id":"https:\/\/amurriobidean.org\/es\/ayudas-a-la-contratacion-para-empresas-ubicadas-en-la-cuadrilla\/#breadcrumb"},"inLanguage":"es","potentialAction":[{"@type":"ReadAction","target":["https:\/\/amurriobidean.org\/es\/ayudas-a-la-contratacion-para-empresas-ubicadas-en-la-cuadrilla\/"]}]},{"@type":"ImageObject","inLanguage":"es","@id":"https:\/\/amurriobidean.org\/es\/ayudas-a-la-contratacion-para-empresas-ubicadas-en-la-cuadrilla\/#primaryimage","url":"https:\/\/amurriobidean.org\/wp-content\/uploads\/2022\/12\/Ayudas-1.png","contentUrl":"https:\/\/amurriobidean.org\/wp-content\/uploads\/2022\/12\/Ayudas-1.png","width":2000,"height":1238},{"@type":"BreadcrumbList","@id":"https:\/\/amurriobidean.org\/es\/ayudas-a-la-contratacion-para-empresas-ubicadas-en-la-cuadrilla\/#breadcrumb","itemListElement":[{"@type":"ListItem","position":1,"name":"Portada","item":"https:\/\/amurriobidean.org\/es\/"},{"@type":"ListItem","position":2,"name":"Ayudas a la contrataci\u00f3n para empresas ubicadas en la Cuadrilla"}]},{"@type":"WebSite","@id":"https:\/\/amurriobidean.org\/es\/#website","url":"https:\/\/amurriobidean.org\/es\/","name":"Amurrio Bidean. Garapen Agentzia - Agencia de desarrollo.","description":"Agencia de Desarollo Local de Amurrio","potentialAction":[{"@type":"SearchAction","target":{"@type":"EntryPoint","urlTemplate":"https:\/\/amurriobidean.org\/es\/?s={search_term_string}"},"query-input":{"@type":"PropertyValueSpecification","valueRequired":true,"valueName":"search_term_string"}}],"inLanguage":"es"},{"@type":"Person","@id":"https:\/\/amurriobidean.org\/es\/#\/schema\/person\/7457391104215a2811afeb1f9ed980b0","name":"Oihane GilSanz","image":{"@type":"ImageObject","inLanguage":"es","@id":"https:\/\/amurriobidean.org\/es\/#\/schema\/person\/image\/","url":"https:\/\/secure.gravatar.com\/avatar\/1df40c200bdd5927aedf4bd5cac24befa9a952559bc6430083077db9286c3c63","contentUrl":"https:\/\/secure.gravatar.com\/avatar\/1df40c200bdd5927aedf4bd5cac24befa9a952559bc6430083077db9286c3c63","caption":"Oihane GilSanz"},"url":"https:\/\/amurriobidean.org\/es\/author\/oihane\/"}]}},"_links":{"self":[{"href":"https:\/\/amurriobidean.org\/es\/wp-json\/wp\/v2\/posts\/5513","targetHints":{"allow":["GET"]}}],"collection":[{"href":"https:\/\/amurriobidean.org\/es\/wp-json\/wp\/v2\/posts"}],"about":[{"href":"https:\/\/amurriobidean.org\/es\/wp-json\/wp\/v2\/types\/post"}],"author":[{"embeddable":true,"href":"https:\/\/amurriobidean.org\/es\/wp-json\/wp\/v2\/users\/5"}],"replies":[{"embeddable":true,"href":"https:\/\/amurriobidean.org\/es\/wp-json\/wp\/v2\/comments?post=5513"}],"version-history":[{"count":0,"href":"https:\/\/amurriobidean.org\/es\/wp-json\/wp\/v2\/posts\/5513\/revisions"}],"wp:featuredmedia":[{"embeddable":true,"href":"https:\/\/amurriobidean.org\/es\/wp-json\/wp\/v2\/media\/5522"}],"wp:attachment":[{"href":"https:\/\/amurriobidean.org\/es\/wp-json\/wp\/v2\/media?parent=5513"}],"wp:term":[{"taxonomy":"category","embeddable":true,"href":"https:\/\/amurriobidean.org\/es\/wp-json\/wp\/v2\/categories?post=5513"},{"taxonomy":"post_tag","embeddable":true,"href":"https:\/\/amurriobidean.org\/es\/wp-json\/wp\/v2\/tags?post=5513"}],"curies":[{"name":"wp","href":"https:\/\/api.w.org\/{rel}","templated":true}]}}