{"id":5051,"date":"2022-05-23T07:36:46","date_gmt":"2022-05-23T07:36:46","guid":{"rendered":"http:\/\/amurriobidean.org\/?p=5051"},"modified":"2022-05-25T07:47:08","modified_gmt":"2022-05-25T07:47:08","slug":"en-junio-amurrio-bidean-ha-organizado-la-formacion-lanbila-kit-de-primer-empleo","status":"publish","type":"post","link":"https:\/\/amurriobidean.org\/es\/en-junio-amurrio-bidean-ha-organizado-la-formacion-lanbila-kit-de-primer-empleo\/","title":{"rendered":"En junio Amurrio Bidean ha organizado la formaci\u00f3n: LANBILA.  KIT DE PRIMER EMPLEO"},"content":{"rendered":"<p>Se desarrollar\u00e1 del 6 al 10 de junio, en las instalaciones de Amurrio Bidean de 9.30-13.30 horas.<\/p>\n<p>Para continuar con el servicio de apoyo a la ciudadan\u00eda en la b\u00fasqueda de empleo, se ha dise\u00f1ado este nuevo programa que, a diferencia de Hazilan, se realizar\u00e1 en formato express.\u00a0 Est\u00e1 dirigido a personas empadronadas en la Comarca de Ayala que acaban de finalizar sus estudios y <strong>quieren enfrentarse por primera vez a la b\u00fasqueda de empleo<\/strong>; ya sea para el verano como para un empleo m\u00e1s estable.<\/p>\n<p>El programa consiste en un proceso de aprendizaje y crecimiento personal, implica autoconocimiento y el inicio en el dise\u00f1o de herramientas necesarias para la b\u00fasqueda de empleo; ya sea curr\u00edculo, perfiles en redes profesionales o buscadores.<\/p>\n<p>Est\u00e1 principalmente dirigido a aquellas personas que acaban de finalizar sus estudios. A estas personas se les plantea la posibilidad de comenzar a buscar empleo, pero muchas, por desconocimiento del proceso, del mercado y tejido laboral, prolongan sus estudios.<\/p>\n<p>Las personas participantes pueden tener inter\u00e9s en una b\u00fasqueda de empleo estacional (para verano) o m\u00e1s a largo plazo, este programa les va a ayudar a enfrentarse por primera vez a esa b\u00fasqueda de oportunidades en el mundo laboral.<\/p>\n<p>Por otro lado, tambi\u00e9n podr\u00e1n participar aquellas personas que quieran reenfocar su estrategia de b\u00fasqueda de empleo y necesiten actualizar el plan de acci\u00f3n y los soportes necesarios (CV, perfiles en redes sociales o buscadores\u2026)<\/p>\n<p>Se comienza por una fase reflexi\u00f3n para que la persona dise\u00f1e un plan de acci\u00f3n para su b\u00fasqueda.\u00a0 Posteriormente se identifica el tejido empresarial al que se dirigir\u00e1 y se dise\u00f1a el CV, y otros soportes, para la b\u00fasqueda de empleo acorde al tejido y al plan definido.<\/p>\n<p>Se trabajar\u00e1 tambi\u00e9n el ingl\u00e9s para la b\u00fasqueda de empleo; versi\u00f3n en ingl\u00e9s del CV, LinkedIN o la respuesta a ofertas o autocondidaturas.\u00a0 Finalmente se abordar\u00e1n las entrevistas de trabajo.<\/p>\n<p>Para m\u00e1s informaci\u00f3n o inscripciones se pueden hacer a trav\u00e9s del siguiente formulario: <a href=\"https:\/\/forms.gle\/RjJXyUezGPdKD9ui6\">https:\/\/forms.gle\/RjJXyUezGPdKD9ui6<\/a> \u00a0\u00a0y en el tel\u00e9fono 945891721 por WhatsApp o llamada.<\/p>\n","protected":false},"excerpt":{"rendered":"<p>Se desarrollar\u00e1 del 6 al 10 de junio, en las instalaciones de Amurrio Bidean de 9.30-13.30 horas. Para continuar con el servicio de apoyo a la ciudadan\u00eda en la b\u00fasqueda de empleo, se ha dise\u00f1ado este nuevo programa que, a diferencia de Hazilan, se realizar\u00e1 en formato express.\u00a0 Est\u00e1 dirigido a personas empadronadas en la [&hellip;]<\/p>\n","protected":false},"author":5,"featured_media":5067,"comment_status":"closed","ping_status":"closed","sticky":false,"template":"","format":"standard","meta":{"footnotes":""},"categories":[32,28],"tags":[],"class_list":["post-5051","post","type-post","status-publish","format-standard","has-post-thumbnail","hentry","category-cursos","category-noticias"],"yoast_head":"<!-- This site is optimized with the Yoast SEO plugin v25.3 - https:\/\/yoast.com\/wordpress\/plugins\/seo\/ -->\n<title>En junio Amurrio Bidean ha organizado la formaci\u00f3n: LANBILA. KIT DE PRIMER EMPLEO - Amurrio Bidean. Garapen Agentzia - Agencia de desarrollo.<\/title>\n<meta name=\"robots\" content=\"index, follow, max-snippet:-1, max-image-preview:large, max-video-preview:-1\" \/>\n<link rel=\"canonical\" href=\"https:\/\/amurriobidean.org\/es\/en-junio-amurrio-bidean-ha-organizado-la-formacion-lanbila-kit-de-primer-empleo\/\" \/>\n<meta property=\"og:locale\" content=\"es_ES\" \/>\n<meta property=\"og:type\" content=\"article\" \/>\n<meta property=\"og:title\" content=\"En junio Amurrio Bidean ha organizado la formaci\u00f3n: LANBILA. KIT DE PRIMER EMPLEO - Amurrio Bidean. Garapen Agentzia - Agencia de desarrollo.\" \/>\n<meta property=\"og:description\" content=\"Se desarrollar\u00e1 del 6 al 10 de junio, en las instalaciones de Amurrio Bidean de 9.30-13.30 horas. Para continuar con el servicio de apoyo a la ciudadan\u00eda en la b\u00fasqueda de empleo, se ha dise\u00f1ado este nuevo programa que, a diferencia de Hazilan, se realizar\u00e1 en formato express.\u00a0 Est\u00e1 dirigido a personas empadronadas en la [&hellip;]\" \/>\n<meta property=\"og:url\" content=\"https:\/\/amurriobidean.org\/es\/en-junio-amurrio-bidean-ha-organizado-la-formacion-lanbila-kit-de-primer-empleo\/\" \/>\n<meta property=\"og:site_name\" content=\"Amurrio Bidean. Garapen Agentzia - Agencia de desarrollo.\" \/>\n<meta property=\"article:publisher\" content=\"https:\/\/www.facebook.com\/amurrio.bidean\" \/>\n<meta property=\"article:published_time\" content=\"2022-05-23T07:36:46+00:00\" \/>\n<meta property=\"article:modified_time\" content=\"2022-05-25T07:47:08+00:00\" \/>\n<meta property=\"og:image\" content=\"https:\/\/amurriobidean.org\/wp-content\/uploads\/2022\/05\/Def-castellano.png\" \/>\n\t<meta property=\"og:image:width\" content=\"2000\" \/>\n\t<meta property=\"og:image:height\" content=\"1238\" \/>\n\t<meta property=\"og:image:type\" content=\"image\/png\" \/>\n<meta name=\"author\" content=\"Oihane GilSanz\" \/>\n<meta name=\"twitter:card\" content=\"summary_large_image\" \/>\n<meta name=\"twitter:creator\" content=\"@amurriobidean\" \/>\n<meta name=\"twitter:site\" content=\"@amurriobidean\" \/>\n<meta name=\"twitter:label1\" content=\"Escrito por\" \/>\n\t<meta name=\"twitter:data1\" content=\"Oihane GilSanz\" \/>\n\t<meta name=\"twitter:label2\" content=\"Tiempo de lectura\" \/>\n\t<meta name=\"twitter:data2\" content=\"2 minutos\" \/>\n<script type=\"application\/ld+json\" class=\"yoast-schema-graph\">{\"@context\":\"https:\/\/schema.org\",\"@graph\":[{\"@type\":\"WebPage\",\"@id\":\"https:\/\/amurriobidean.org\/es\/en-junio-amurrio-bidean-ha-organizado-la-formacion-lanbila-kit-de-primer-empleo\/\",\"url\":\"https:\/\/amurriobidean.org\/es\/en-junio-amurrio-bidean-ha-organizado-la-formacion-lanbila-kit-de-primer-empleo\/\",\"name\":\"En junio Amurrio Bidean ha organizado la formaci\u00f3n: LANBILA. KIT DE PRIMER EMPLEO - Amurrio Bidean. Garapen Agentzia - Agencia de desarrollo.\",\"isPartOf\":{\"@id\":\"https:\/\/amurriobidean.org\/es\/#website\"},\"primaryImageOfPage\":{\"@id\":\"https:\/\/amurriobidean.org\/es\/en-junio-amurrio-bidean-ha-organizado-la-formacion-lanbila-kit-de-primer-empleo\/#primaryimage\"},\"image\":{\"@id\":\"https:\/\/amurriobidean.org\/es\/en-junio-amurrio-bidean-ha-organizado-la-formacion-lanbila-kit-de-primer-empleo\/#primaryimage\"},\"thumbnailUrl\":\"https:\/\/amurriobidean.org\/wp-content\/uploads\/2022\/05\/Def-castellano.png\",\"datePublished\":\"2022-05-23T07:36:46+00:00\",\"dateModified\":\"2022-05-25T07:47:08+00:00\",\"author\":{\"@id\":\"https:\/\/amurriobidean.org\/es\/#\/schema\/person\/7457391104215a2811afeb1f9ed980b0\"},\"breadcrumb\":{\"@id\":\"https:\/\/amurriobidean.org\/es\/en-junio-amurrio-bidean-ha-organizado-la-formacion-lanbila-kit-de-primer-empleo\/#breadcrumb\"},\"inLanguage\":\"es\",\"potentialAction\":[{\"@type\":\"ReadAction\",\"target\":[\"https:\/\/amurriobidean.org\/es\/en-junio-amurrio-bidean-ha-organizado-la-formacion-lanbila-kit-de-primer-empleo\/\"]}]},{\"@type\":\"ImageObject\",\"inLanguage\":\"es\",\"@id\":\"https:\/\/amurriobidean.org\/es\/en-junio-amurrio-bidean-ha-organizado-la-formacion-lanbila-kit-de-primer-empleo\/#primaryimage\",\"url\":\"https:\/\/amurriobidean.org\/wp-content\/uploads\/2022\/05\/Def-castellano.png\",\"contentUrl\":\"https:\/\/amurriobidean.org\/wp-content\/uploads\/2022\/05\/Def-castellano.png\",\"width\":2000,\"height\":1238,\"caption\":\"Taller Kit Primer Empleo Junio\"},{\"@type\":\"BreadcrumbList\",\"@id\":\"https:\/\/amurriobidean.org\/es\/en-junio-amurrio-bidean-ha-organizado-la-formacion-lanbila-kit-de-primer-empleo\/#breadcrumb\",\"itemListElement\":[{\"@type\":\"ListItem\",\"position\":1,\"name\":\"Portada\",\"item\":\"https:\/\/amurriobidean.org\/es\/\"},{\"@type\":\"ListItem\",\"position\":2,\"name\":\"En junio Amurrio Bidean ha organizado la formaci\u00f3n: LANBILA. KIT DE PRIMER EMPLEO\"}]},{\"@type\":\"WebSite\",\"@id\":\"https:\/\/amurriobidean.org\/es\/#website\",\"url\":\"https:\/\/amurriobidean.org\/es\/\",\"name\":\"Amurrio Bidean. Garapen Agentzia - Agencia de desarrollo.\",\"description\":\"Agencia de Desarollo Local de Amurrio\",\"potentialAction\":[{\"@type\":\"SearchAction\",\"target\":{\"@type\":\"EntryPoint\",\"urlTemplate\":\"https:\/\/amurriobidean.org\/es\/?s={search_term_string}\"},\"query-input\":{\"@type\":\"PropertyValueSpecification\",\"valueRequired\":true,\"valueName\":\"search_term_string\"}}],\"inLanguage\":\"es\"},{\"@type\":\"Person\",\"@id\":\"https:\/\/amurriobidean.org\/es\/#\/schema\/person\/7457391104215a2811afeb1f9ed980b0\",\"name\":\"Oihane GilSanz\",\"image\":{\"@type\":\"ImageObject\",\"inLanguage\":\"es\",\"@id\":\"https:\/\/amurriobidean.org\/es\/#\/schema\/person\/image\/\",\"url\":\"https:\/\/secure.gravatar.com\/avatar\/1df40c200bdd5927aedf4bd5cac24befa9a952559bc6430083077db9286c3c63\",\"contentUrl\":\"https:\/\/secure.gravatar.com\/avatar\/1df40c200bdd5927aedf4bd5cac24befa9a952559bc6430083077db9286c3c63\",\"caption\":\"Oihane GilSanz\"},\"url\":\"https:\/\/amurriobidean.org\/es\/author\/oihane\/\"}]}<\/script>\n<!-- \/ Yoast SEO plugin. -->","yoast_head_json":{"title":"En junio Amurrio Bidean ha organizado la formaci\u00f3n: LANBILA. KIT DE PRIMER EMPLEO - Amurrio Bidean. Garapen Agentzia - Agencia de desarrollo.","robots":{"index":"index","follow":"follow","max-snippet":"max-snippet:-1","max-image-preview":"max-image-preview:large","max-video-preview":"max-video-preview:-1"},"canonical":"https:\/\/amurriobidean.org\/es\/en-junio-amurrio-bidean-ha-organizado-la-formacion-lanbila-kit-de-primer-empleo\/","og_locale":"es_ES","og_type":"article","og_title":"En junio Amurrio Bidean ha organizado la formaci\u00f3n: LANBILA. KIT DE PRIMER EMPLEO - Amurrio Bidean. Garapen Agentzia - Agencia de desarrollo.","og_description":"Se desarrollar\u00e1 del 6 al 10 de junio, en las instalaciones de Amurrio Bidean de 9.30-13.30 horas. Para continuar con el servicio de apoyo a la ciudadan\u00eda en la b\u00fasqueda de empleo, se ha dise\u00f1ado este nuevo programa que, a diferencia de Hazilan, se realizar\u00e1 en formato express.\u00a0 Est\u00e1 dirigido a personas empadronadas en la [&hellip;]","og_url":"https:\/\/amurriobidean.org\/es\/en-junio-amurrio-bidean-ha-organizado-la-formacion-lanbila-kit-de-primer-empleo\/","og_site_name":"Amurrio Bidean. Garapen Agentzia - Agencia de desarrollo.","article_publisher":"https:\/\/www.facebook.com\/amurrio.bidean","article_published_time":"2022-05-23T07:36:46+00:00","article_modified_time":"2022-05-25T07:47:08+00:00","og_image":[{"width":2000,"height":1238,"url":"https:\/\/amurriobidean.org\/wp-content\/uploads\/2022\/05\/Def-castellano.png","type":"image\/png"}],"author":"Oihane GilSanz","twitter_card":"summary_large_image","twitter_creator":"@amurriobidean","twitter_site":"@amurriobidean","twitter_misc":{"Escrito por":"Oihane GilSanz","Tiempo de lectura":"2 minutos"},"schema":{"@context":"https:\/\/schema.org","@graph":[{"@type":"WebPage","@id":"https:\/\/amurriobidean.org\/es\/en-junio-amurrio-bidean-ha-organizado-la-formacion-lanbila-kit-de-primer-empleo\/","url":"https:\/\/amurriobidean.org\/es\/en-junio-amurrio-bidean-ha-organizado-la-formacion-lanbila-kit-de-primer-empleo\/","name":"En junio Amurrio Bidean ha organizado la formaci\u00f3n: LANBILA. KIT DE PRIMER EMPLEO - Amurrio Bidean. Garapen Agentzia - Agencia de desarrollo.","isPartOf":{"@id":"https:\/\/amurriobidean.org\/es\/#website"},"primaryImageOfPage":{"@id":"https:\/\/amurriobidean.org\/es\/en-junio-amurrio-bidean-ha-organizado-la-formacion-lanbila-kit-de-primer-empleo\/#primaryimage"},"image":{"@id":"https:\/\/amurriobidean.org\/es\/en-junio-amurrio-bidean-ha-organizado-la-formacion-lanbila-kit-de-primer-empleo\/#primaryimage"},"thumbnailUrl":"https:\/\/amurriobidean.org\/wp-content\/uploads\/2022\/05\/Def-castellano.png","datePublished":"2022-05-23T07:36:46+00:00","dateModified":"2022-05-25T07:47:08+00:00","author":{"@id":"https:\/\/amurriobidean.org\/es\/#\/schema\/person\/7457391104215a2811afeb1f9ed980b0"},"breadcrumb":{"@id":"https:\/\/amurriobidean.org\/es\/en-junio-amurrio-bidean-ha-organizado-la-formacion-lanbila-kit-de-primer-empleo\/#breadcrumb"},"inLanguage":"es","potentialAction":[{"@type":"ReadAction","target":["https:\/\/amurriobidean.org\/es\/en-junio-amurrio-bidean-ha-organizado-la-formacion-lanbila-kit-de-primer-empleo\/"]}]},{"@type":"ImageObject","inLanguage":"es","@id":"https:\/\/amurriobidean.org\/es\/en-junio-amurrio-bidean-ha-organizado-la-formacion-lanbila-kit-de-primer-empleo\/#primaryimage","url":"https:\/\/amurriobidean.org\/wp-content\/uploads\/2022\/05\/Def-castellano.png","contentUrl":"https:\/\/amurriobidean.org\/wp-content\/uploads\/2022\/05\/Def-castellano.png","width":2000,"height":1238,"caption":"Taller Kit Primer Empleo Junio"},{"@type":"BreadcrumbList","@id":"https:\/\/amurriobidean.org\/es\/en-junio-amurrio-bidean-ha-organizado-la-formacion-lanbila-kit-de-primer-empleo\/#breadcrumb","itemListElement":[{"@type":"ListItem","position":1,"name":"Portada","item":"https:\/\/amurriobidean.org\/es\/"},{"@type":"ListItem","position":2,"name":"En junio Amurrio Bidean ha organizado la formaci\u00f3n: LANBILA. KIT DE PRIMER EMPLEO"}]},{"@type":"WebSite","@id":"https:\/\/amurriobidean.org\/es\/#website","url":"https:\/\/amurriobidean.org\/es\/","name":"Amurrio Bidean. Garapen Agentzia - Agencia de desarrollo.","description":"Agencia de Desarollo Local de Amurrio","potentialAction":[{"@type":"SearchAction","target":{"@type":"EntryPoint","urlTemplate":"https:\/\/amurriobidean.org\/es\/?s={search_term_string}"},"query-input":{"@type":"PropertyValueSpecification","valueRequired":true,"valueName":"search_term_string"}}],"inLanguage":"es"},{"@type":"Person","@id":"https:\/\/amurriobidean.org\/es\/#\/schema\/person\/7457391104215a2811afeb1f9ed980b0","name":"Oihane GilSanz","image":{"@type":"ImageObject","inLanguage":"es","@id":"https:\/\/amurriobidean.org\/es\/#\/schema\/person\/image\/","url":"https:\/\/secure.gravatar.com\/avatar\/1df40c200bdd5927aedf4bd5cac24befa9a952559bc6430083077db9286c3c63","contentUrl":"https:\/\/secure.gravatar.com\/avatar\/1df40c200bdd5927aedf4bd5cac24befa9a952559bc6430083077db9286c3c63","caption":"Oihane GilSanz"},"url":"https:\/\/amurriobidean.org\/es\/author\/oihane\/"}]}},"_links":{"self":[{"href":"https:\/\/amurriobidean.org\/es\/wp-json\/wp\/v2\/posts\/5051","targetHints":{"allow":["GET"]}}],"collection":[{"href":"https:\/\/amurriobidean.org\/es\/wp-json\/wp\/v2\/posts"}],"about":[{"href":"https:\/\/amurriobidean.org\/es\/wp-json\/wp\/v2\/types\/post"}],"author":[{"embeddable":true,"href":"https:\/\/amurriobidean.org\/es\/wp-json\/wp\/v2\/users\/5"}],"replies":[{"embeddable":true,"href":"https:\/\/amurriobidean.org\/es\/wp-json\/wp\/v2\/comments?post=5051"}],"version-history":[{"count":0,"href":"https:\/\/amurriobidean.org\/es\/wp-json\/wp\/v2\/posts\/5051\/revisions"}],"wp:featuredmedia":[{"embeddable":true,"href":"https:\/\/amurriobidean.org\/es\/wp-json\/wp\/v2\/media\/5067"}],"wp:attachment":[{"href":"https:\/\/amurriobidean.org\/es\/wp-json\/wp\/v2\/media?parent=5051"}],"wp:term":[{"taxonomy":"category","embeddable":true,"href":"https:\/\/amurriobidean.org\/es\/wp-json\/wp\/v2\/categories?post=5051"},{"taxonomy":"post_tag","embeddable":true,"href":"https:\/\/amurriobidean.org\/es\/wp-json\/wp\/v2\/tags?post=5051"}],"curies":[{"name":"wp","href":"https:\/\/api.w.org\/{rel}","templated":true}]}}