{"id":5013,"date":"2022-05-12T07:32:48","date_gmt":"2022-05-12T07:32:48","guid":{"rendered":"http:\/\/amurriobidean.org\/?p=5013"},"modified":"2022-05-16T10:55:39","modified_gmt":"2022-05-16T10:55:39","slug":"el-gobierno-vasco-presentara-en-amurrio-el-plan-de-ayudas-2022-dirigido-a-pymes","status":"publish","type":"post","link":"https:\/\/amurriobidean.org\/es\/el-gobierno-vasco-presentara-en-amurrio-el-plan-de-ayudas-2022-dirigido-a-pymes\/","title":{"rendered":"El Gobierno Vasco presentar\u00e1 en Amurrio el Plan de ayudas 2022 para PYMES"},"content":{"rendered":"<p>El pr\u00f3ximo d\u00eda 19 de mayo las empresas de la comarca de Aiaraldea tendr\u00e1n la oportunidad de conocer de primera mano el Plan de ayudas para PYMES 2022 del Departamento de Desarrollo Econ\u00f3mico, Sostenibilidad y Medio Ambiente del Gobierno Vasco. Un plan que recoge 74 programas con un presupuesto de m\u00e1s de 600 millones de euros y que tienen como objetivo la reactivaci\u00f3n econ\u00f3mica y generaci\u00f3n de empleo de calidad, atendiendo especialmente al desarrollo inclusivo y sostenible de Euskadi. Este a\u00f1o, las ayudas a la I+D+i, junto a las de apoyo a la transici\u00f3n energ\u00e9tica, representan m\u00e1s del 70% de los programas de ayudas a PYMES del Gobierno Vasco.<\/p>\n<p>En colaboraci\u00f3n con la Cuadrilla de Ayala, Amurrio Bidean Garapen Agentzia y Laudio Udala Garapen Agentzia, la presentaci\u00f3n tendr\u00e1 lugar en el semillero y centro de empresas ReforAmurrio Enpresaldea en Amurrio (C\/ El Refor s\/n 01470 Amurrio, \u00c1lava), de 9,30 a 11,30 de la ma\u00f1ana.\u00a0 Contar\u00e1 con la participaci\u00f3n de Aitor Urzelai, director general del Grupo SPRI; Leyre Madariaga, directora de Transformaci\u00f3n Digital y Emprendimiento; Ana Camacho, Directora de Desarrollo Industrial; Ainhoa Ondarzabal, Consejera de BTI- Agencia Vasca de Internacionalizaci\u00f3n; I\u00f1igo Ansola, director del Ente Vasco de la Energ\u00eda; Alex Boto, Director de Ihobe; y Raul Perez, Director de Calidad e Industrias alimentarias, que desgranar\u00e1n los detalles de los programas de sus respectivas \u00e1reas, de modo que las empresas podr\u00e1n conocer los detalles de cada una de las l\u00edneas de ayudas y encontrar la que mejor se adapte a sus necesidades. En el evento participar\u00e1 tambi\u00e9n Encina Castresana Astarloa, presidenta de la Cuadrilla de Ayala. \u00a0Tras la presentaci\u00f3n de las ayudas, habr\u00e1 un momento para el <em>networking<\/em> entre las empresas asistentes.<\/p>\n<p>&nbsp;<\/p>\n<p>Las empresas interesadas en asistir a esta presentaci\u00f3n deben inscribirse previamente en el siguiente enlace: <a href=\"https:\/\/docs.google.com\/forms\/d\/e\/1FAIpQLSdeFciyzBWuQ9JL-IP_Ev5Zj2yzxRcrah1PFSNA3xouwuXCJw\/viewform?vc=0&amp;c=0&amp;w=1&amp;flr=0\">Formulario<\/a><\/p>\n<p>&nbsp;<\/p>\n<p><strong>L\u00edneas de ayuda destacadas en 2022<\/strong><\/p>\n<p>En 2021, el Plan de Ayudas a Pymes del Gobierno Vasco logr\u00f3 impulsar 8.096 proyectos con una inversi\u00f3n total de 2.059 millones de euros. El punto de partida eran 68 programas de ayudas con 430M\u20ac de inversi\u00f3n.<\/p>\n<p>En este ejercicio, la funci\u00f3n principal del plan es apoyar proyectos capaces de aprovechar las oportunidades que est\u00e1n surgiendo, proyectos transformadores, por lo que m\u00e1s del 70% de los m\u00e1s de 600 millones se destinan a programas de I+D+i y a la Transici\u00f3n Energ\u00e9tica. Las ayudas se completan con importantes aportaciones a las inversiones en la industria, la internacionalizaci\u00f3n y el impulso de la econom\u00eda y el empleo en el \u00e1mbito rural y litoral.<\/p>\n<p>En concreto, el objetivo de las l\u00edneas de ayuda a la investigaci\u00f3n, innovaci\u00f3n, transformaci\u00f3n digital y emprendimiento es afianzar la posici\u00f3n de Euskadi como polo de innovaci\u00f3n europeo, incrementar un 10% la creaci\u00f3n de empresas tecnol\u00f3gicas y posicionar Euskadi como ecosistema tractor de\u00a0<em>startups<\/em>\u00a0internacionales que colaboren con la industria local.<\/p>\n<p>La Tecnolog\u00eda y el I+D suman ayudas por valor de 219.482.500,00 euros, que unidos a los 26.515.000,00 euros de Transformaci\u00f3n Digital, los 6.801.000,00 euros para Innovaci\u00f3n y 4.800.000,00 euros del Emprendimiento dan como resultado m\u00e1s 257,5 millones destinados a impulsar proyectos de I+D+i.<\/p>\n<p>Las ayudas al desarrollo industrial, internacionalizaci\u00f3n, eficiencia energ\u00e9tica y renovables y medio ambiente, por su parte, buscan que la industria y los servicios avanzados alcancen el 40% del PIB y que la cuota de energ\u00edas renovables represente el 20% del consumo final de energ\u00eda. Adem\u00e1s, se trata de reducir en un 30% la emisi\u00f3n de gases de efecto invernadero, bajar la generaci\u00f3n de residuos e incrementar su valorizaci\u00f3n y reutilizaci\u00f3n, implementar la estrategia ambiental como pol\u00edtica transversal y mejorar los indicadores ambientales de agua, suelo y aire, en una mayor defensa y respeto de la biodiversidad.<\/p>\n<p>Las ayudas a la Transformaci\u00f3n Energ\u00e9tica para las Pymes son este a\u00f1o de 150.190.724,04 de euros, que sumados a los 7 millones de los programas para Econom\u00eda Circular y los 3,1 millones para Bioeconom\u00eda suman 160,2 millones dedicados a la Transici\u00f3n Energ\u00e9tica.<\/p>\n<p>En cuanto a los programas de apoyo al primer sector, la industria de la alimentaci\u00f3n y la sostenibilidad, persiguen aumentar la producci\u00f3n de alimentos en Euskadi, y garantizar un mayor equilibrio territorial dotando de calidad de vida a las personas que residen y trabajan en los n\u00facleos rurales y litorales. Esta \u00e1rea suma 66.790.000 euros en sus distintas l\u00edneas de apoyo.<\/p>\n<p>El Plan de ayudas para PYMES 2022 contempla tambi\u00e9n importantes programas para las inversiones en la industria, con 85 millones para el Desarrollo Industrial y 19.950.000 euros para la Internacionalizaci\u00f3n.<\/p>\n<p>&nbsp;<\/p>\n<p>M\u00e1s informaci\u00f3n: <a href=\"https:\/\/www.euskadi.eus\/catalogo-ayudas-servicios-empresas-2022\/web01-s2ekono\/es\/\">Cat\u00e1logo digital<\/a><\/p>\n<p>&nbsp;<\/p>\n","protected":false},"excerpt":{"rendered":"<p>El pr\u00f3ximo d\u00eda 19 de mayo las empresas de la comarca de Aiaraldea tendr\u00e1n la oportunidad de conocer de primera mano el Plan de ayudas para PYMES 2022 del Departamento de Desarrollo Econ\u00f3mico, Sostenibilidad y Medio Ambiente del Gobierno Vasco. Un plan que recoge 74 programas con un presupuesto de m\u00e1s de 600 millones de [&hellip;]<\/p>\n","protected":false},"author":5,"featured_media":4989,"comment_status":"closed","ping_status":"closed","sticky":false,"template":"","format":"standard","meta":{"footnotes":""},"categories":[28],"tags":[46],"class_list":["post-5013","post","type-post","status-publish","format-standard","has-post-thumbnail","hentry","category-noticias","tag-plan-de-ayudas"],"yoast_head":"<!-- This site is optimized with the Yoast SEO plugin v25.3 - https:\/\/yoast.com\/wordpress\/plugins\/seo\/ -->\n<title>El Gobierno Vasco presentar\u00e1 en Amurrio el Plan de ayudas 2022 para PYMES - Amurrio Bidean. Garapen Agentzia - Agencia de desarrollo.<\/title>\n<meta name=\"robots\" content=\"index, follow, max-snippet:-1, max-image-preview:large, max-video-preview:-1\" \/>\n<link rel=\"canonical\" href=\"https:\/\/amurriobidean.org\/es\/el-gobierno-vasco-presentara-en-amurrio-el-plan-de-ayudas-2022-dirigido-a-pymes\/\" \/>\n<meta property=\"og:locale\" content=\"es_ES\" \/>\n<meta property=\"og:type\" content=\"article\" \/>\n<meta property=\"og:title\" content=\"El Gobierno Vasco presentar\u00e1 en Amurrio el Plan de ayudas 2022 para PYMES - Amurrio Bidean. Garapen Agentzia - Agencia de desarrollo.\" \/>\n<meta property=\"og:description\" content=\"El pr\u00f3ximo d\u00eda 19 de mayo las empresas de la comarca de Aiaraldea tendr\u00e1n la oportunidad de conocer de primera mano el Plan de ayudas para PYMES 2022 del Departamento de Desarrollo Econ\u00f3mico, Sostenibilidad y Medio Ambiente del Gobierno Vasco. Un plan que recoge 74 programas con un presupuesto de m\u00e1s de 600 millones de [&hellip;]\" \/>\n<meta property=\"og:url\" content=\"https:\/\/amurriobidean.org\/es\/el-gobierno-vasco-presentara-en-amurrio-el-plan-de-ayudas-2022-dirigido-a-pymes\/\" \/>\n<meta property=\"og:site_name\" content=\"Amurrio Bidean. Garapen Agentzia - Agencia de desarrollo.\" \/>\n<meta property=\"article:publisher\" content=\"https:\/\/www.facebook.com\/amurrio.bidean\" \/>\n<meta property=\"article:published_time\" content=\"2022-05-12T07:32:48+00:00\" \/>\n<meta property=\"article:modified_time\" content=\"2022-05-16T10:55:39+00:00\" \/>\n<meta property=\"og:image\" content=\"https:\/\/amurriobidean.org\/wp-content\/uploads\/2022\/05\/Imagen1.png\" \/>\n\t<meta property=\"og:image:width\" content=\"607\" \/>\n\t<meta property=\"og:image:height\" content=\"601\" \/>\n\t<meta property=\"og:image:type\" content=\"image\/png\" \/>\n<meta name=\"author\" content=\"Oihane GilSanz\" \/>\n<meta name=\"twitter:card\" content=\"summary_large_image\" \/>\n<meta name=\"twitter:creator\" content=\"@amurriobidean\" \/>\n<meta name=\"twitter:site\" content=\"@amurriobidean\" \/>\n<meta name=\"twitter:label1\" content=\"Escrito por\" \/>\n\t<meta name=\"twitter:data1\" content=\"Oihane GilSanz\" \/>\n\t<meta name=\"twitter:label2\" content=\"Tiempo de lectura\" \/>\n\t<meta name=\"twitter:data2\" content=\"4 minutos\" \/>\n<script type=\"application\/ld+json\" class=\"yoast-schema-graph\">{\"@context\":\"https:\/\/schema.org\",\"@graph\":[{\"@type\":\"WebPage\",\"@id\":\"https:\/\/amurriobidean.org\/es\/el-gobierno-vasco-presentara-en-amurrio-el-plan-de-ayudas-2022-dirigido-a-pymes\/\",\"url\":\"https:\/\/amurriobidean.org\/es\/el-gobierno-vasco-presentara-en-amurrio-el-plan-de-ayudas-2022-dirigido-a-pymes\/\",\"name\":\"El Gobierno Vasco presentar\u00e1 en Amurrio el Plan de ayudas 2022 para PYMES - Amurrio Bidean. Garapen Agentzia - Agencia de desarrollo.\",\"isPartOf\":{\"@id\":\"https:\/\/amurriobidean.org\/es\/#website\"},\"primaryImageOfPage\":{\"@id\":\"https:\/\/amurriobidean.org\/es\/el-gobierno-vasco-presentara-en-amurrio-el-plan-de-ayudas-2022-dirigido-a-pymes\/#primaryimage\"},\"image\":{\"@id\":\"https:\/\/amurriobidean.org\/es\/el-gobierno-vasco-presentara-en-amurrio-el-plan-de-ayudas-2022-dirigido-a-pymes\/#primaryimage\"},\"thumbnailUrl\":\"https:\/\/amurriobidean.org\/wp-content\/uploads\/2022\/05\/Imagen1.png\",\"datePublished\":\"2022-05-12T07:32:48+00:00\",\"dateModified\":\"2022-05-16T10:55:39+00:00\",\"author\":{\"@id\":\"https:\/\/amurriobidean.org\/es\/#\/schema\/person\/7457391104215a2811afeb1f9ed980b0\"},\"breadcrumb\":{\"@id\":\"https:\/\/amurriobidean.org\/es\/el-gobierno-vasco-presentara-en-amurrio-el-plan-de-ayudas-2022-dirigido-a-pymes\/#breadcrumb\"},\"inLanguage\":\"es\",\"potentialAction\":[{\"@type\":\"ReadAction\",\"target\":[\"https:\/\/amurriobidean.org\/es\/el-gobierno-vasco-presentara-en-amurrio-el-plan-de-ayudas-2022-dirigido-a-pymes\/\"]}]},{\"@type\":\"ImageObject\",\"inLanguage\":\"es\",\"@id\":\"https:\/\/amurriobidean.org\/es\/el-gobierno-vasco-presentara-en-amurrio-el-plan-de-ayudas-2022-dirigido-a-pymes\/#primaryimage\",\"url\":\"https:\/\/amurriobidean.org\/wp-content\/uploads\/2022\/05\/Imagen1.png\",\"contentUrl\":\"https:\/\/amurriobidean.org\/wp-content\/uploads\/2022\/05\/Imagen1.png\",\"width\":607,\"height\":601},{\"@type\":\"BreadcrumbList\",\"@id\":\"https:\/\/amurriobidean.org\/es\/el-gobierno-vasco-presentara-en-amurrio-el-plan-de-ayudas-2022-dirigido-a-pymes\/#breadcrumb\",\"itemListElement\":[{\"@type\":\"ListItem\",\"position\":1,\"name\":\"Portada\",\"item\":\"https:\/\/amurriobidean.org\/es\/\"},{\"@type\":\"ListItem\",\"position\":2,\"name\":\"El Gobierno Vasco presentar\u00e1 en Amurrio el Plan de ayudas 2022 para PYMES\"}]},{\"@type\":\"WebSite\",\"@id\":\"https:\/\/amurriobidean.org\/es\/#website\",\"url\":\"https:\/\/amurriobidean.org\/es\/\",\"name\":\"Amurrio Bidean. Garapen Agentzia - Agencia de desarrollo.\",\"description\":\"Agencia de Desarollo Local de Amurrio\",\"potentialAction\":[{\"@type\":\"SearchAction\",\"target\":{\"@type\":\"EntryPoint\",\"urlTemplate\":\"https:\/\/amurriobidean.org\/es\/?s={search_term_string}\"},\"query-input\":{\"@type\":\"PropertyValueSpecification\",\"valueRequired\":true,\"valueName\":\"search_term_string\"}}],\"inLanguage\":\"es\"},{\"@type\":\"Person\",\"@id\":\"https:\/\/amurriobidean.org\/es\/#\/schema\/person\/7457391104215a2811afeb1f9ed980b0\",\"name\":\"Oihane GilSanz\",\"image\":{\"@type\":\"ImageObject\",\"inLanguage\":\"es\",\"@id\":\"https:\/\/amurriobidean.org\/es\/#\/schema\/person\/image\/\",\"url\":\"https:\/\/secure.gravatar.com\/avatar\/1df40c200bdd5927aedf4bd5cac24befa9a952559bc6430083077db9286c3c63\",\"contentUrl\":\"https:\/\/secure.gravatar.com\/avatar\/1df40c200bdd5927aedf4bd5cac24befa9a952559bc6430083077db9286c3c63\",\"caption\":\"Oihane GilSanz\"},\"url\":\"https:\/\/amurriobidean.org\/es\/author\/oihane\/\"}]}<\/script>\n<!-- \/ Yoast SEO plugin. -->","yoast_head_json":{"title":"El Gobierno Vasco presentar\u00e1 en Amurrio el Plan de ayudas 2022 para PYMES - Amurrio Bidean. Garapen Agentzia - Agencia de desarrollo.","robots":{"index":"index","follow":"follow","max-snippet":"max-snippet:-1","max-image-preview":"max-image-preview:large","max-video-preview":"max-video-preview:-1"},"canonical":"https:\/\/amurriobidean.org\/es\/el-gobierno-vasco-presentara-en-amurrio-el-plan-de-ayudas-2022-dirigido-a-pymes\/","og_locale":"es_ES","og_type":"article","og_title":"El Gobierno Vasco presentar\u00e1 en Amurrio el Plan de ayudas 2022 para PYMES - Amurrio Bidean. Garapen Agentzia - Agencia de desarrollo.","og_description":"El pr\u00f3ximo d\u00eda 19 de mayo las empresas de la comarca de Aiaraldea tendr\u00e1n la oportunidad de conocer de primera mano el Plan de ayudas para PYMES 2022 del Departamento de Desarrollo Econ\u00f3mico, Sostenibilidad y Medio Ambiente del Gobierno Vasco. Un plan que recoge 74 programas con un presupuesto de m\u00e1s de 600 millones de [&hellip;]","og_url":"https:\/\/amurriobidean.org\/es\/el-gobierno-vasco-presentara-en-amurrio-el-plan-de-ayudas-2022-dirigido-a-pymes\/","og_site_name":"Amurrio Bidean. Garapen Agentzia - Agencia de desarrollo.","article_publisher":"https:\/\/www.facebook.com\/amurrio.bidean","article_published_time":"2022-05-12T07:32:48+00:00","article_modified_time":"2022-05-16T10:55:39+00:00","og_image":[{"width":607,"height":601,"url":"https:\/\/amurriobidean.org\/wp-content\/uploads\/2022\/05\/Imagen1.png","type":"image\/png"}],"author":"Oihane GilSanz","twitter_card":"summary_large_image","twitter_creator":"@amurriobidean","twitter_site":"@amurriobidean","twitter_misc":{"Escrito por":"Oihane GilSanz","Tiempo de lectura":"4 minutos"},"schema":{"@context":"https:\/\/schema.org","@graph":[{"@type":"WebPage","@id":"https:\/\/amurriobidean.org\/es\/el-gobierno-vasco-presentara-en-amurrio-el-plan-de-ayudas-2022-dirigido-a-pymes\/","url":"https:\/\/amurriobidean.org\/es\/el-gobierno-vasco-presentara-en-amurrio-el-plan-de-ayudas-2022-dirigido-a-pymes\/","name":"El Gobierno Vasco presentar\u00e1 en Amurrio el Plan de ayudas 2022 para PYMES - Amurrio Bidean. Garapen Agentzia - Agencia de desarrollo.","isPartOf":{"@id":"https:\/\/amurriobidean.org\/es\/#website"},"primaryImageOfPage":{"@id":"https:\/\/amurriobidean.org\/es\/el-gobierno-vasco-presentara-en-amurrio-el-plan-de-ayudas-2022-dirigido-a-pymes\/#primaryimage"},"image":{"@id":"https:\/\/amurriobidean.org\/es\/el-gobierno-vasco-presentara-en-amurrio-el-plan-de-ayudas-2022-dirigido-a-pymes\/#primaryimage"},"thumbnailUrl":"https:\/\/amurriobidean.org\/wp-content\/uploads\/2022\/05\/Imagen1.png","datePublished":"2022-05-12T07:32:48+00:00","dateModified":"2022-05-16T10:55:39+00:00","author":{"@id":"https:\/\/amurriobidean.org\/es\/#\/schema\/person\/7457391104215a2811afeb1f9ed980b0"},"breadcrumb":{"@id":"https:\/\/amurriobidean.org\/es\/el-gobierno-vasco-presentara-en-amurrio-el-plan-de-ayudas-2022-dirigido-a-pymes\/#breadcrumb"},"inLanguage":"es","potentialAction":[{"@type":"ReadAction","target":["https:\/\/amurriobidean.org\/es\/el-gobierno-vasco-presentara-en-amurrio-el-plan-de-ayudas-2022-dirigido-a-pymes\/"]}]},{"@type":"ImageObject","inLanguage":"es","@id":"https:\/\/amurriobidean.org\/es\/el-gobierno-vasco-presentara-en-amurrio-el-plan-de-ayudas-2022-dirigido-a-pymes\/#primaryimage","url":"https:\/\/amurriobidean.org\/wp-content\/uploads\/2022\/05\/Imagen1.png","contentUrl":"https:\/\/amurriobidean.org\/wp-content\/uploads\/2022\/05\/Imagen1.png","width":607,"height":601},{"@type":"BreadcrumbList","@id":"https:\/\/amurriobidean.org\/es\/el-gobierno-vasco-presentara-en-amurrio-el-plan-de-ayudas-2022-dirigido-a-pymes\/#breadcrumb","itemListElement":[{"@type":"ListItem","position":1,"name":"Portada","item":"https:\/\/amurriobidean.org\/es\/"},{"@type":"ListItem","position":2,"name":"El Gobierno Vasco presentar\u00e1 en Amurrio el Plan de ayudas 2022 para PYMES"}]},{"@type":"WebSite","@id":"https:\/\/amurriobidean.org\/es\/#website","url":"https:\/\/amurriobidean.org\/es\/","name":"Amurrio Bidean. Garapen Agentzia - Agencia de desarrollo.","description":"Agencia de Desarollo Local de Amurrio","potentialAction":[{"@type":"SearchAction","target":{"@type":"EntryPoint","urlTemplate":"https:\/\/amurriobidean.org\/es\/?s={search_term_string}"},"query-input":{"@type":"PropertyValueSpecification","valueRequired":true,"valueName":"search_term_string"}}],"inLanguage":"es"},{"@type":"Person","@id":"https:\/\/amurriobidean.org\/es\/#\/schema\/person\/7457391104215a2811afeb1f9ed980b0","name":"Oihane GilSanz","image":{"@type":"ImageObject","inLanguage":"es","@id":"https:\/\/amurriobidean.org\/es\/#\/schema\/person\/image\/","url":"https:\/\/secure.gravatar.com\/avatar\/1df40c200bdd5927aedf4bd5cac24befa9a952559bc6430083077db9286c3c63","contentUrl":"https:\/\/secure.gravatar.com\/avatar\/1df40c200bdd5927aedf4bd5cac24befa9a952559bc6430083077db9286c3c63","caption":"Oihane GilSanz"},"url":"https:\/\/amurriobidean.org\/es\/author\/oihane\/"}]}},"_links":{"self":[{"href":"https:\/\/amurriobidean.org\/es\/wp-json\/wp\/v2\/posts\/5013","targetHints":{"allow":["GET"]}}],"collection":[{"href":"https:\/\/amurriobidean.org\/es\/wp-json\/wp\/v2\/posts"}],"about":[{"href":"https:\/\/amurriobidean.org\/es\/wp-json\/wp\/v2\/types\/post"}],"author":[{"embeddable":true,"href":"https:\/\/amurriobidean.org\/es\/wp-json\/wp\/v2\/users\/5"}],"replies":[{"embeddable":true,"href":"https:\/\/amurriobidean.org\/es\/wp-json\/wp\/v2\/comments?post=5013"}],"version-history":[{"count":0,"href":"https:\/\/amurriobidean.org\/es\/wp-json\/wp\/v2\/posts\/5013\/revisions"}],"wp:featuredmedia":[{"embeddable":true,"href":"https:\/\/amurriobidean.org\/es\/wp-json\/wp\/v2\/media\/4989"}],"wp:attachment":[{"href":"https:\/\/amurriobidean.org\/es\/wp-json\/wp\/v2\/media?parent=5013"}],"wp:term":[{"taxonomy":"category","embeddable":true,"href":"https:\/\/amurriobidean.org\/es\/wp-json\/wp\/v2\/categories?post=5013"},{"taxonomy":"post_tag","embeddable":true,"href":"https:\/\/amurriobidean.org\/es\/wp-json\/wp\/v2\/tags?post=5013"}],"curies":[{"name":"wp","href":"https:\/\/api.w.org\/{rel}","templated":true}]}}