{"id":4978,"date":"2022-05-11T08:58:07","date_gmt":"2022-05-11T08:58:07","guid":{"rendered":"http:\/\/amurriobidean.org\/?p=4978"},"modified":"2022-05-11T08:58:07","modified_gmt":"2022-05-11T08:58:07","slug":"la-fiesta-del-txakoli-alaves-se-celebrara-el-22-mayo-en-amurrio","status":"publish","type":"post","link":"https:\/\/amurriobidean.org\/es\/la-fiesta-del-txakoli-alaves-se-celebrara-el-22-mayo-en-amurrio\/","title":{"rendered":"LA FIESTA DEL TXAKOLI ALAV\u00c9S SE CELEBRAR\u00c1 EL 22 MAYO EN AMURRIO"},"content":{"rendered":"<p><strong>La periodista Maite Eskarmendi Ezkerra ser\u00e1 este a\u00f1o la embajadora del txakoli alav\u00e9s 2022.<\/strong><\/p>\n<p><strong>El recinto festivo, que abrir\u00e1 a las 12:00 horas, se podr\u00e1 disfrutar de la degustaci\u00f3n de la vendimia del 2021, as\u00ed como de una variada oferta gastron\u00f3mica con pintxos y raciones.<\/strong><\/p>\n<p><strong>Entre las novedades de este a\u00f1o se encuentra la romer\u00eda que tendr\u00e1 lugar de 17:00 a 19:00 horas, el servicio de autob\u00fas desde Vitoria y las catas programas desde Izan Amurrio en paralelo al Txakolin Eguna.<\/strong><\/p>\n<p>&nbsp;<\/p>\n<p>La asociaci\u00f3n Arabako Txakolina celebrar\u00e1 el 22 de mayo en Amurrio la vigesimotercera edici\u00f3n del Txakolin Eguna. Este consolidado evento permitir\u00e1 promocionar, un a\u00f1o m\u00e1s, los productos del territorio alav\u00e9s. En el parque Juan Urrutia se dar\u00e1n cita los mejores txakolis producidos por seis bodegas, incluidas en la Denominaci\u00f3n de Origen Arabako Txakolina.<\/p>\n<p>El Txakolin Eguna tendr\u00e1 este a\u00f1o como embajadora a la periodista Maite Eskarmendi Ezkerra, persona comprometida con los productos locales de Euskal Herria y en concreto de los alaveses, amiga inestimable del txakoli alav\u00e9s y colaboradora en actividades gastron\u00f3micas a lo largo de nuestro Territorio, cuyo nombramiento tendr\u00e1 lugar el 22 de mayo a las 11:30 horas en el Sal\u00f3n de Plenos del Ayuntamiento de Amurrio. En el acto tendr\u00e1 lugar tambi\u00e9n la presentaci\u00f3n de la vendimia de 2021. Tras la finalizar en el Ayuntamiento, se proceder\u00e1 a la inauguraci\u00f3n del recinto festivo con el txupinazo de inicio de la fiesta a las 12:00 horas.<\/p>\n<p>En el recinto, se podr\u00e1 disfrutar de la degustaci\u00f3n de la vendimia del 2021, as\u00ed como de una variada oferta gastron\u00f3mica con pintxos y raciones que se podr\u00e1n adquirir a trav\u00e9s de los tickets adquiridos en el stand habilitado para ello a la entrada del recinto gastron\u00f3mico, que permanecer\u00e1 abierto hasta las 16:00horas. Todo ello se completar\u00e1 con la exposici\u00f3n y venta de productos artesanos locales amenizado con el pasacalle Haizem@n Albokari Elkartea y la degustaci\u00f3n de Garrafa de Orozko con Txakoli de \u00c1lava. Este a\u00f1o, como novedad, la romer\u00eda ser\u00e1 de 17:00 a 19:00 de la mano de Erruki Erromeria.<\/p>\n<p>Desde la organizaci\u00f3n, tambi\u00e9n se ha puesto servicio de autob\u00fas para asistir a la fiesta desde Vitoria, que saldr\u00e1 a las 11:00 horas desde la C\/ Jes\u00fas Guridi (a la altura del Corte Ingl\u00e9s) y partir\u00e1 de Amurrio a las 17:00 horas. La venta de los tickets ser\u00e1 en el puesto de txakoli alav\u00e9s que Arabako Txakolina tiene en La Plaza de Abastos de Vitoria-Gasteiz.<\/p>\n<p>&nbsp;<\/p>\n<p><strong>En paralelo al Txakolin Eguna<\/strong><\/p>\n<p>La asociaci\u00f3n de comerciantes y hosteleros Izan Amurrio, en colaboraci\u00f3n con Amurrio Bidean, se ha sumado este a\u00f1o al Txakolin Eguna con una actividad muy especial. Tres comercios del municipio realizar\u00e1n en sus establecimientos los d\u00edas previos sendas catas de txakoli alav\u00e9s. La primera ser\u00e1 el 19 de mayo a las 19:00 horas en \u201cEntre punto y puntada\u201d y el 21 de mayo a las 12:30 en \u201cCarisma\u201d con el catador Joserra Agiriano. \u00a0Desde AENKOMER se ha organizado la tercera de las catas, de la mano de Felicia Ghimpu, que ser\u00e1 el 20 de mayo a las 19:00 en \u201cIf hair and beaty nails\u201d. Las plazas son limitadas por lo que las personas interesadas deber\u00e1n realizar una inscripci\u00f3n previa en Izan Amurrio, en el tel\u00e9fono 670497 08 o v\u00eda mail en izanamurrio@apymca.com<\/p>\n<p><strong>\u00a0<\/strong><\/p>\n<p><strong>Cosecha 2021<\/strong><\/p>\n<p>La vendimia 2021 se cerr\u00f3 con una ca\u00edda del 37% respecto a la de 2020, en la que se batieron todos los r\u00e9cords con 718.454 litros, ya que se recogieron 449.791 kg.\u00a0 No obstante, la entrada en bodega fue de uva sana y de calidad. La comercializaci\u00f3n ha tenido un crecimiento por encima de los niveles prepandemia b\u00e1sicamente en mercados como EE.UU., Jap\u00f3n, Alemania, Canad\u00e1, Reino Unido o M\u00e9xico.<\/p>\n<p>Aunque es pronto para predecir lo que podr\u00e1 ser la de 2022 pero el inicio de la primavera no ha sido tan traum\u00e1tica como a\u00f1os anteriores en el que las primeras heladas de abril generaban unas importantes p\u00e9rdidas, por lo que en principio lleva una buena progresi\u00f3n.<\/p>\n","protected":false},"excerpt":{"rendered":"<p>La periodista Maite Eskarmendi Ezkerra ser\u00e1 este a\u00f1o la embajadora del txakoli alav\u00e9s 2022. El recinto festivo, que abrir\u00e1 a las 12:00 horas, se podr\u00e1 disfrutar de la degustaci\u00f3n de la vendimia del 2021, as\u00ed como de una variada oferta gastron\u00f3mica con pintxos y raciones. Entre las novedades de este a\u00f1o se encuentra la romer\u00eda [&hellip;]<\/p>\n","protected":false},"author":2,"featured_media":4979,"comment_status":"closed","ping_status":"closed","sticky":false,"template":"","format":"standard","meta":{"footnotes":""},"categories":[28],"tags":[],"class_list":["post-4978","post","type-post","status-publish","format-standard","has-post-thumbnail","hentry","category-noticias"],"yoast_head":"<!-- This site is optimized with the Yoast SEO plugin v25.3 - https:\/\/yoast.com\/wordpress\/plugins\/seo\/ -->\n<title>LA FIESTA DEL TXAKOLI ALAV\u00c9S SE CELEBRAR\u00c1 EL 22 MAYO EN AMURRIO - Amurrio Bidean. Garapen Agentzia - Agencia de desarrollo.<\/title>\n<meta name=\"robots\" content=\"index, follow, max-snippet:-1, max-image-preview:large, max-video-preview:-1\" \/>\n<link rel=\"canonical\" href=\"https:\/\/amurriobidean.org\/es\/la-fiesta-del-txakoli-alaves-se-celebrara-el-22-mayo-en-amurrio\/\" \/>\n<meta property=\"og:locale\" content=\"es_ES\" \/>\n<meta property=\"og:type\" content=\"article\" \/>\n<meta property=\"og:title\" content=\"LA FIESTA DEL TXAKOLI ALAV\u00c9S SE CELEBRAR\u00c1 EL 22 MAYO EN AMURRIO - Amurrio Bidean. Garapen Agentzia - Agencia de desarrollo.\" \/>\n<meta property=\"og:description\" content=\"La periodista Maite Eskarmendi Ezkerra ser\u00e1 este a\u00f1o la embajadora del txakoli alav\u00e9s 2022. El recinto festivo, que abrir\u00e1 a las 12:00 horas, se podr\u00e1 disfrutar de la degustaci\u00f3n de la vendimia del 2021, as\u00ed como de una variada oferta gastron\u00f3mica con pintxos y raciones. Entre las novedades de este a\u00f1o se encuentra la romer\u00eda [&hellip;]\" \/>\n<meta property=\"og:url\" content=\"https:\/\/amurriobidean.org\/es\/la-fiesta-del-txakoli-alaves-se-celebrara-el-22-mayo-en-amurrio\/\" \/>\n<meta property=\"og:site_name\" content=\"Amurrio Bidean. Garapen Agentzia - Agencia de desarrollo.\" \/>\n<meta property=\"article:publisher\" content=\"https:\/\/www.facebook.com\/amurrio.bidean\" \/>\n<meta property=\"article:published_time\" content=\"2022-05-11T08:58:07+00:00\" \/>\n<meta property=\"og:image\" content=\"https:\/\/amurriobidean.org\/wp-content\/uploads\/2022\/05\/Txakolin-Eguna-cartel-scaled.jpg\" \/>\n\t<meta property=\"og:image:width\" content=\"936\" \/>\n\t<meta property=\"og:image:height\" content=\"2048\" \/>\n\t<meta property=\"og:image:type\" content=\"image\/jpeg\" \/>\n<meta name=\"author\" content=\"Amurrio Bidean\" \/>\n<meta name=\"twitter:card\" content=\"summary_large_image\" \/>\n<meta name=\"twitter:creator\" content=\"@amurriobidean\" \/>\n<meta name=\"twitter:site\" content=\"@amurriobidean\" \/>\n<meta name=\"twitter:label1\" content=\"Escrito por\" \/>\n\t<meta name=\"twitter:data1\" content=\"Amurrio Bidean\" \/>\n\t<meta name=\"twitter:label2\" content=\"Tiempo de lectura\" \/>\n\t<meta name=\"twitter:data2\" content=\"3 minutos\" \/>\n<script type=\"application\/ld+json\" class=\"yoast-schema-graph\">{\"@context\":\"https:\/\/schema.org\",\"@graph\":[{\"@type\":\"WebPage\",\"@id\":\"https:\/\/amurriobidean.org\/es\/la-fiesta-del-txakoli-alaves-se-celebrara-el-22-mayo-en-amurrio\/\",\"url\":\"https:\/\/amurriobidean.org\/es\/la-fiesta-del-txakoli-alaves-se-celebrara-el-22-mayo-en-amurrio\/\",\"name\":\"LA FIESTA DEL TXAKOLI ALAV\u00c9S SE CELEBRAR\u00c1 EL 22 MAYO EN AMURRIO - Amurrio Bidean. Garapen Agentzia - Agencia de desarrollo.\",\"isPartOf\":{\"@id\":\"https:\/\/amurriobidean.org\/es\/#website\"},\"primaryImageOfPage\":{\"@id\":\"https:\/\/amurriobidean.org\/es\/la-fiesta-del-txakoli-alaves-se-celebrara-el-22-mayo-en-amurrio\/#primaryimage\"},\"image\":{\"@id\":\"https:\/\/amurriobidean.org\/es\/la-fiesta-del-txakoli-alaves-se-celebrara-el-22-mayo-en-amurrio\/#primaryimage\"},\"thumbnailUrl\":\"https:\/\/amurriobidean.org\/wp-content\/uploads\/2022\/05\/Txakolin-Eguna-cartel-scaled.jpg\",\"datePublished\":\"2022-05-11T08:58:07+00:00\",\"author\":{\"@id\":\"https:\/\/amurriobidean.org\/es\/#\/schema\/person\/56c71b474b3e7f5f5e6f209a6cf3abfe\"},\"breadcrumb\":{\"@id\":\"https:\/\/amurriobidean.org\/es\/la-fiesta-del-txakoli-alaves-se-celebrara-el-22-mayo-en-amurrio\/#breadcrumb\"},\"inLanguage\":\"es\",\"potentialAction\":[{\"@type\":\"ReadAction\",\"target\":[\"https:\/\/amurriobidean.org\/es\/la-fiesta-del-txakoli-alaves-se-celebrara-el-22-mayo-en-amurrio\/\"]}]},{\"@type\":\"ImageObject\",\"inLanguage\":\"es\",\"@id\":\"https:\/\/amurriobidean.org\/es\/la-fiesta-del-txakoli-alaves-se-celebrara-el-22-mayo-en-amurrio\/#primaryimage\",\"url\":\"https:\/\/amurriobidean.org\/wp-content\/uploads\/2022\/05\/Txakolin-Eguna-cartel-scaled.jpg\",\"contentUrl\":\"https:\/\/amurriobidean.org\/wp-content\/uploads\/2022\/05\/Txakolin-Eguna-cartel-scaled.jpg\",\"width\":936,\"height\":2048},{\"@type\":\"BreadcrumbList\",\"@id\":\"https:\/\/amurriobidean.org\/es\/la-fiesta-del-txakoli-alaves-se-celebrara-el-22-mayo-en-amurrio\/#breadcrumb\",\"itemListElement\":[{\"@type\":\"ListItem\",\"position\":1,\"name\":\"Portada\",\"item\":\"https:\/\/amurriobidean.org\/es\/\"},{\"@type\":\"ListItem\",\"position\":2,\"name\":\"LA FIESTA DEL TXAKOLI ALAV\u00c9S SE CELEBRAR\u00c1 EL 22 MAYO EN AMURRIO\"}]},{\"@type\":\"WebSite\",\"@id\":\"https:\/\/amurriobidean.org\/es\/#website\",\"url\":\"https:\/\/amurriobidean.org\/es\/\",\"name\":\"Amurrio Bidean. Garapen Agentzia - Agencia de desarrollo.\",\"description\":\"Agencia de Desarollo Local de Amurrio\",\"potentialAction\":[{\"@type\":\"SearchAction\",\"target\":{\"@type\":\"EntryPoint\",\"urlTemplate\":\"https:\/\/amurriobidean.org\/es\/?s={search_term_string}\"},\"query-input\":{\"@type\":\"PropertyValueSpecification\",\"valueRequired\":true,\"valueName\":\"search_term_string\"}}],\"inLanguage\":\"es\"},{\"@type\":\"Person\",\"@id\":\"https:\/\/amurriobidean.org\/es\/#\/schema\/person\/56c71b474b3e7f5f5e6f209a6cf3abfe\",\"name\":\"Amurrio Bidean\",\"image\":{\"@type\":\"ImageObject\",\"inLanguage\":\"es\",\"@id\":\"https:\/\/amurriobidean.org\/es\/#\/schema\/person\/image\/\",\"url\":\"https:\/\/secure.gravatar.com\/avatar\/84a34d50800d0bb5d80eba504fc44ed48c9b2faab16ad58fa7d30bce4e2b661e\",\"contentUrl\":\"https:\/\/secure.gravatar.com\/avatar\/84a34d50800d0bb5d80eba504fc44ed48c9b2faab16ad58fa7d30bce4e2b661e\",\"caption\":\"Amurrio Bidean\"},\"sameAs\":[\"http:\/\/www.amurriobidean.eus\"],\"url\":\"https:\/\/amurriobidean.org\/es\/author\/amurrio-bidean\/\"}]}<\/script>\n<!-- \/ Yoast SEO plugin. -->","yoast_head_json":{"title":"LA FIESTA DEL TXAKOLI ALAV\u00c9S SE CELEBRAR\u00c1 EL 22 MAYO EN AMURRIO - Amurrio Bidean. Garapen Agentzia - Agencia de desarrollo.","robots":{"index":"index","follow":"follow","max-snippet":"max-snippet:-1","max-image-preview":"max-image-preview:large","max-video-preview":"max-video-preview:-1"},"canonical":"https:\/\/amurriobidean.org\/es\/la-fiesta-del-txakoli-alaves-se-celebrara-el-22-mayo-en-amurrio\/","og_locale":"es_ES","og_type":"article","og_title":"LA FIESTA DEL TXAKOLI ALAV\u00c9S SE CELEBRAR\u00c1 EL 22 MAYO EN AMURRIO - Amurrio Bidean. Garapen Agentzia - Agencia de desarrollo.","og_description":"La periodista Maite Eskarmendi Ezkerra ser\u00e1 este a\u00f1o la embajadora del txakoli alav\u00e9s 2022. El recinto festivo, que abrir\u00e1 a las 12:00 horas, se podr\u00e1 disfrutar de la degustaci\u00f3n de la vendimia del 2021, as\u00ed como de una variada oferta gastron\u00f3mica con pintxos y raciones. Entre las novedades de este a\u00f1o se encuentra la romer\u00eda [&hellip;]","og_url":"https:\/\/amurriobidean.org\/es\/la-fiesta-del-txakoli-alaves-se-celebrara-el-22-mayo-en-amurrio\/","og_site_name":"Amurrio Bidean. Garapen Agentzia - Agencia de desarrollo.","article_publisher":"https:\/\/www.facebook.com\/amurrio.bidean","article_published_time":"2022-05-11T08:58:07+00:00","og_image":[{"width":936,"height":2048,"url":"https:\/\/amurriobidean.org\/wp-content\/uploads\/2022\/05\/Txakolin-Eguna-cartel-scaled.jpg","type":"image\/jpeg"}],"author":"Amurrio Bidean","twitter_card":"summary_large_image","twitter_creator":"@amurriobidean","twitter_site":"@amurriobidean","twitter_misc":{"Escrito por":"Amurrio Bidean","Tiempo de lectura":"3 minutos"},"schema":{"@context":"https:\/\/schema.org","@graph":[{"@type":"WebPage","@id":"https:\/\/amurriobidean.org\/es\/la-fiesta-del-txakoli-alaves-se-celebrara-el-22-mayo-en-amurrio\/","url":"https:\/\/amurriobidean.org\/es\/la-fiesta-del-txakoli-alaves-se-celebrara-el-22-mayo-en-amurrio\/","name":"LA FIESTA DEL TXAKOLI ALAV\u00c9S SE CELEBRAR\u00c1 EL 22 MAYO EN AMURRIO - Amurrio Bidean. Garapen Agentzia - Agencia de desarrollo.","isPartOf":{"@id":"https:\/\/amurriobidean.org\/es\/#website"},"primaryImageOfPage":{"@id":"https:\/\/amurriobidean.org\/es\/la-fiesta-del-txakoli-alaves-se-celebrara-el-22-mayo-en-amurrio\/#primaryimage"},"image":{"@id":"https:\/\/amurriobidean.org\/es\/la-fiesta-del-txakoli-alaves-se-celebrara-el-22-mayo-en-amurrio\/#primaryimage"},"thumbnailUrl":"https:\/\/amurriobidean.org\/wp-content\/uploads\/2022\/05\/Txakolin-Eguna-cartel-scaled.jpg","datePublished":"2022-05-11T08:58:07+00:00","author":{"@id":"https:\/\/amurriobidean.org\/es\/#\/schema\/person\/56c71b474b3e7f5f5e6f209a6cf3abfe"},"breadcrumb":{"@id":"https:\/\/amurriobidean.org\/es\/la-fiesta-del-txakoli-alaves-se-celebrara-el-22-mayo-en-amurrio\/#breadcrumb"},"inLanguage":"es","potentialAction":[{"@type":"ReadAction","target":["https:\/\/amurriobidean.org\/es\/la-fiesta-del-txakoli-alaves-se-celebrara-el-22-mayo-en-amurrio\/"]}]},{"@type":"ImageObject","inLanguage":"es","@id":"https:\/\/amurriobidean.org\/es\/la-fiesta-del-txakoli-alaves-se-celebrara-el-22-mayo-en-amurrio\/#primaryimage","url":"https:\/\/amurriobidean.org\/wp-content\/uploads\/2022\/05\/Txakolin-Eguna-cartel-scaled.jpg","contentUrl":"https:\/\/amurriobidean.org\/wp-content\/uploads\/2022\/05\/Txakolin-Eguna-cartel-scaled.jpg","width":936,"height":2048},{"@type":"BreadcrumbList","@id":"https:\/\/amurriobidean.org\/es\/la-fiesta-del-txakoli-alaves-se-celebrara-el-22-mayo-en-amurrio\/#breadcrumb","itemListElement":[{"@type":"ListItem","position":1,"name":"Portada","item":"https:\/\/amurriobidean.org\/es\/"},{"@type":"ListItem","position":2,"name":"LA FIESTA DEL TXAKOLI ALAV\u00c9S SE CELEBRAR\u00c1 EL 22 MAYO EN AMURRIO"}]},{"@type":"WebSite","@id":"https:\/\/amurriobidean.org\/es\/#website","url":"https:\/\/amurriobidean.org\/es\/","name":"Amurrio Bidean. Garapen Agentzia - Agencia de desarrollo.","description":"Agencia de Desarollo Local de Amurrio","potentialAction":[{"@type":"SearchAction","target":{"@type":"EntryPoint","urlTemplate":"https:\/\/amurriobidean.org\/es\/?s={search_term_string}"},"query-input":{"@type":"PropertyValueSpecification","valueRequired":true,"valueName":"search_term_string"}}],"inLanguage":"es"},{"@type":"Person","@id":"https:\/\/amurriobidean.org\/es\/#\/schema\/person\/56c71b474b3e7f5f5e6f209a6cf3abfe","name":"Amurrio Bidean","image":{"@type":"ImageObject","inLanguage":"es","@id":"https:\/\/amurriobidean.org\/es\/#\/schema\/person\/image\/","url":"https:\/\/secure.gravatar.com\/avatar\/84a34d50800d0bb5d80eba504fc44ed48c9b2faab16ad58fa7d30bce4e2b661e","contentUrl":"https:\/\/secure.gravatar.com\/avatar\/84a34d50800d0bb5d80eba504fc44ed48c9b2faab16ad58fa7d30bce4e2b661e","caption":"Amurrio Bidean"},"sameAs":["http:\/\/www.amurriobidean.eus"],"url":"https:\/\/amurriobidean.org\/es\/author\/amurrio-bidean\/"}]}},"_links":{"self":[{"href":"https:\/\/amurriobidean.org\/es\/wp-json\/wp\/v2\/posts\/4978","targetHints":{"allow":["GET"]}}],"collection":[{"href":"https:\/\/amurriobidean.org\/es\/wp-json\/wp\/v2\/posts"}],"about":[{"href":"https:\/\/amurriobidean.org\/es\/wp-json\/wp\/v2\/types\/post"}],"author":[{"embeddable":true,"href":"https:\/\/amurriobidean.org\/es\/wp-json\/wp\/v2\/users\/2"}],"replies":[{"embeddable":true,"href":"https:\/\/amurriobidean.org\/es\/wp-json\/wp\/v2\/comments?post=4978"}],"version-history":[{"count":0,"href":"https:\/\/amurriobidean.org\/es\/wp-json\/wp\/v2\/posts\/4978\/revisions"}],"wp:featuredmedia":[{"embeddable":true,"href":"https:\/\/amurriobidean.org\/es\/wp-json\/wp\/v2\/media\/4979"}],"wp:attachment":[{"href":"https:\/\/amurriobidean.org\/es\/wp-json\/wp\/v2\/media?parent=4978"}],"wp:term":[{"taxonomy":"category","embeddable":true,"href":"https:\/\/amurriobidean.org\/es\/wp-json\/wp\/v2\/categories?post=4978"},{"taxonomy":"post_tag","embeddable":true,"href":"https:\/\/amurriobidean.org\/es\/wp-json\/wp\/v2\/tags?post=4978"}],"curies":[{"name":"wp","href":"https:\/\/api.w.org\/{rel}","templated":true}]}}