{"id":4923,"date":"2022-04-08T09:54:57","date_gmt":"2022-04-08T09:54:57","guid":{"rendered":"http:\/\/amurriobidean.org\/?p=4923"},"modified":"2022-04-08T09:54:57","modified_gmt":"2022-04-08T09:54:57","slug":"el-lunes-comienza-una-nueva-edicion-de-la-campana-amurrio-de-los-pies-a-la-cabeza-para-impulsar-el-consumo-en-el-comercio-local","status":"publish","type":"post","link":"https:\/\/amurriobidean.org\/es\/el-lunes-comienza-una-nueva-edicion-de-la-campana-amurrio-de-los-pies-a-la-cabeza-para-impulsar-el-consumo-en-el-comercio-local\/","title":{"rendered":"EL LUNES COMIENZA UNA NUEVA EDICI\u00d3N DE LA CAMPA\u00d1A \u2018AMURRIO DE LOS PIES A LA CABEZA\u2019 PARA IMPULSAR EL CONSUMO EN EL COMERCIO LOCAL"},"content":{"rendered":"<p><strong>Ser\u00e1 el escaparate de los comercios locales con una veintena de fotograf\u00edas en las que se mostrar\u00e1n 129 art\u00edculos de los 43 establecimientos participantes y que se ir\u00e1n publicando en las redes sociales para dar a conocer todos los productos que se pueden adquirir sin tener que salir de Amurrio.<\/strong><\/p>\n<p><strong>En paralelo a la difusi\u00f3n de las fotograf\u00edas se realizar\u00e1 un sorteo semanal que tendr\u00e1 como premio 2 sesiones de asesor\u00eda de imagen con una estilista y 2 sesiones de entrenamiento personal.<\/strong><\/p>\n<p><strong>\u00a0<\/strong><\/p>\n<p>Amurrio vuelve a poner en marcha la campa\u00f1a \u2018Amurrio de los pies a la cabeza\u2019 con el objetivo de dar a conocer las posibilidades que tiene tanto el comercio como el sector servicios en el municipio e incentivar el consumo local. Esta campa\u00f1a est\u00e1 impulsada por el Ayuntamiento de Amurrio, Amurrio Bidean e Izan Amurrio y ser\u00e1 cofinanciada por la Diputaci\u00f3n Foral de \u00c1lava. La iniciativa para dar a conocer la amplia gama de productos que se puede adquirir sin tener que salir de Amurrio arranca el pr\u00f3ximo lunes y se prolongar\u00e1 durante un mes, hasta el 9 de mayo.<\/p>\n<p>En esta segunda edici\u00f3n participar\u00e1n 43 establecimientos de moda, hogar, complementos, alimentaci\u00f3n, librer\u00edas u hosteler\u00eda, entre otros. Durante un mes se publicar\u00e1n 20 fotograf\u00edas bajo el hashtag <strong>#Amurriodelospiesalacabeza<\/strong>, en las que se podr\u00e1n ver 129 art\u00edculos de los diferentes establecimientos, en el Facebook e Instagram de Amurrio Bidean e Izan Amurrio. La publicaci\u00f3n de estas im\u00e1genes adem\u00e1s busca empujar las redes sociales de los comercios del municipio y ayudarles en la adaptaci\u00f3n a la digitalizaci\u00f3n.<\/p>\n<p>\u201cEsta campa\u00f1a, que impulsamos por segundo a\u00f1o consecutivo, buscar ser el escaparate virtual de la amplia oferta con la que cuenta Amurrio. Hoy en d\u00eda es posible comprar de todo en nuestro municipio y a trav\u00e9s de esta campa\u00f1a queremos impulsar el consumo en nuestros comercios y servicios\u201d, apunta Txerra Molinuevo, alcalde del Ayuntamiento de Amurrio.<\/p>\n<p><strong>Sorteo semanal<\/strong><\/p>\n<p>Con el objetivo de poder dar la mayor difusi\u00f3n a los establecimientos del municipio se ha organizado un sorteo semanal, cuatro en total, en Instagram que tendr\u00e1 lugar los lunes. Para ellos, las personas interesadas en participar deber\u00e1n seguir las cuentas de Amurrio Bidean e Izan Amurrio, dar me gusta a la publicaci\u00f3n y mencionar a 2 perfiles reales. Adem\u00e1s, compartir una de las publicaciones en stories contar\u00e1 como una nueva participaci\u00f3n en el sorteo, en el caso de los perfiles privados deber\u00e1 de enviar una captura y enviarla por privado a cualquiera de las dos cuentas. En total se repartir\u00e1n 4 premios, uno por semana, y consistir\u00e1n en 2 sesiones de asesor\u00eda de imagen con una estilista y 2 sesiones de entrenamiento personal.<\/p>\n<p>&nbsp;<\/p>\n<p>&nbsp;<\/p>\n","protected":false},"excerpt":{"rendered":"<p>Ser\u00e1 el escaparate de los comercios locales con una veintena de fotograf\u00edas en las que se mostrar\u00e1n 129 art\u00edculos de los 43 establecimientos participantes y que se ir\u00e1n publicando en las redes sociales para dar a conocer todos los productos que se pueden adquirir sin tener que salir de Amurrio. En paralelo a la difusi\u00f3n [&hellip;]<\/p>\n","protected":false},"author":2,"featured_media":4425,"comment_status":"closed","ping_status":"closed","sticky":false,"template":"","format":"standard","meta":{"footnotes":""},"categories":[28],"tags":[],"class_list":["post-4923","post","type-post","status-publish","format-standard","has-post-thumbnail","hentry","category-noticias"],"yoast_head":"<!-- This site is optimized with the Yoast SEO plugin v25.3 - https:\/\/yoast.com\/wordpress\/plugins\/seo\/ -->\n<title>EL LUNES COMIENZA UNA NUEVA EDICI\u00d3N DE LA CAMPA\u00d1A \u2018AMURRIO DE LOS PIES A LA CABEZA\u2019 PARA IMPULSAR EL CONSUMO EN EL COMERCIO LOCAL - Amurrio Bidean. Garapen Agentzia - Agencia de desarrollo.<\/title>\n<meta name=\"robots\" content=\"index, follow, max-snippet:-1, max-image-preview:large, max-video-preview:-1\" \/>\n<link rel=\"canonical\" href=\"https:\/\/amurriobidean.org\/es\/el-lunes-comienza-una-nueva-edicion-de-la-campana-amurrio-de-los-pies-a-la-cabeza-para-impulsar-el-consumo-en-el-comercio-local\/\" \/>\n<meta property=\"og:locale\" content=\"es_ES\" \/>\n<meta property=\"og:type\" content=\"article\" \/>\n<meta property=\"og:title\" content=\"EL LUNES COMIENZA UNA NUEVA EDICI\u00d3N DE LA CAMPA\u00d1A \u2018AMURRIO DE LOS PIES A LA CABEZA\u2019 PARA IMPULSAR EL CONSUMO EN EL COMERCIO LOCAL - Amurrio Bidean. Garapen Agentzia - Agencia de desarrollo.\" \/>\n<meta property=\"og:description\" content=\"Ser\u00e1 el escaparate de los comercios locales con una veintena de fotograf\u00edas en las que se mostrar\u00e1n 129 art\u00edculos de los 43 establecimientos participantes y que se ir\u00e1n publicando en las redes sociales para dar a conocer todos los productos que se pueden adquirir sin tener que salir de Amurrio. En paralelo a la difusi\u00f3n [&hellip;]\" \/>\n<meta property=\"og:url\" content=\"https:\/\/amurriobidean.org\/es\/el-lunes-comienza-una-nueva-edicion-de-la-campana-amurrio-de-los-pies-a-la-cabeza-para-impulsar-el-consumo-en-el-comercio-local\/\" \/>\n<meta property=\"og:site_name\" content=\"Amurrio Bidean. Garapen Agentzia - Agencia de desarrollo.\" \/>\n<meta property=\"article:publisher\" content=\"https:\/\/www.facebook.com\/amurrio.bidean\" \/>\n<meta property=\"article:published_time\" content=\"2022-04-08T09:54:57+00:00\" \/>\n<meta property=\"og:image\" content=\"https:\/\/amurriobidean.org\/wp-content\/uploads\/2021\/06\/AMURRIODELOSPIESALACABEZA-FINAL_72ppp.jpg\" \/>\n\t<meta property=\"og:image:width\" content=\"843\" \/>\n\t<meta property=\"og:image:height\" content=\"1192\" \/>\n\t<meta property=\"og:image:type\" content=\"image\/jpeg\" \/>\n<meta name=\"author\" content=\"Amurrio Bidean\" \/>\n<meta name=\"twitter:card\" content=\"summary_large_image\" \/>\n<meta name=\"twitter:creator\" content=\"@amurriobidean\" \/>\n<meta name=\"twitter:site\" content=\"@amurriobidean\" \/>\n<meta name=\"twitter:label1\" content=\"Escrito por\" \/>\n\t<meta name=\"twitter:data1\" content=\"Amurrio Bidean\" \/>\n\t<meta name=\"twitter:label2\" content=\"Tiempo de lectura\" \/>\n\t<meta name=\"twitter:data2\" content=\"2 minutos\" \/>\n<script type=\"application\/ld+json\" class=\"yoast-schema-graph\">{\"@context\":\"https:\/\/schema.org\",\"@graph\":[{\"@type\":\"WebPage\",\"@id\":\"https:\/\/amurriobidean.org\/es\/el-lunes-comienza-una-nueva-edicion-de-la-campana-amurrio-de-los-pies-a-la-cabeza-para-impulsar-el-consumo-en-el-comercio-local\/\",\"url\":\"https:\/\/amurriobidean.org\/es\/el-lunes-comienza-una-nueva-edicion-de-la-campana-amurrio-de-los-pies-a-la-cabeza-para-impulsar-el-consumo-en-el-comercio-local\/\",\"name\":\"EL LUNES COMIENZA UNA NUEVA EDICI\u00d3N DE LA CAMPA\u00d1A \u2018AMURRIO DE LOS PIES A LA CABEZA\u2019 PARA IMPULSAR EL CONSUMO EN EL COMERCIO LOCAL - Amurrio Bidean. Garapen Agentzia - Agencia de desarrollo.\",\"isPartOf\":{\"@id\":\"https:\/\/amurriobidean.org\/es\/#website\"},\"primaryImageOfPage\":{\"@id\":\"https:\/\/amurriobidean.org\/es\/el-lunes-comienza-una-nueva-edicion-de-la-campana-amurrio-de-los-pies-a-la-cabeza-para-impulsar-el-consumo-en-el-comercio-local\/#primaryimage\"},\"image\":{\"@id\":\"https:\/\/amurriobidean.org\/es\/el-lunes-comienza-una-nueva-edicion-de-la-campana-amurrio-de-los-pies-a-la-cabeza-para-impulsar-el-consumo-en-el-comercio-local\/#primaryimage\"},\"thumbnailUrl\":\"https:\/\/amurriobidean.org\/wp-content\/uploads\/2021\/06\/AMURRIODELOSPIESALACABEZA-FINAL_72ppp.jpg\",\"datePublished\":\"2022-04-08T09:54:57+00:00\",\"author\":{\"@id\":\"https:\/\/amurriobidean.org\/es\/#\/schema\/person\/56c71b474b3e7f5f5e6f209a6cf3abfe\"},\"breadcrumb\":{\"@id\":\"https:\/\/amurriobidean.org\/es\/el-lunes-comienza-una-nueva-edicion-de-la-campana-amurrio-de-los-pies-a-la-cabeza-para-impulsar-el-consumo-en-el-comercio-local\/#breadcrumb\"},\"inLanguage\":\"es\",\"potentialAction\":[{\"@type\":\"ReadAction\",\"target\":[\"https:\/\/amurriobidean.org\/es\/el-lunes-comienza-una-nueva-edicion-de-la-campana-amurrio-de-los-pies-a-la-cabeza-para-impulsar-el-consumo-en-el-comercio-local\/\"]}]},{\"@type\":\"ImageObject\",\"inLanguage\":\"es\",\"@id\":\"https:\/\/amurriobidean.org\/es\/el-lunes-comienza-una-nueva-edicion-de-la-campana-amurrio-de-los-pies-a-la-cabeza-para-impulsar-el-consumo-en-el-comercio-local\/#primaryimage\",\"url\":\"https:\/\/amurriobidean.org\/wp-content\/uploads\/2021\/06\/AMURRIODELOSPIESALACABEZA-FINAL_72ppp.jpg\",\"contentUrl\":\"https:\/\/amurriobidean.org\/wp-content\/uploads\/2021\/06\/AMURRIODELOSPIESALACABEZA-FINAL_72ppp.jpg\",\"width\":843,\"height\":1192},{\"@type\":\"BreadcrumbList\",\"@id\":\"https:\/\/amurriobidean.org\/es\/el-lunes-comienza-una-nueva-edicion-de-la-campana-amurrio-de-los-pies-a-la-cabeza-para-impulsar-el-consumo-en-el-comercio-local\/#breadcrumb\",\"itemListElement\":[{\"@type\":\"ListItem\",\"position\":1,\"name\":\"Portada\",\"item\":\"https:\/\/amurriobidean.org\/es\/\"},{\"@type\":\"ListItem\",\"position\":2,\"name\":\"EL LUNES COMIENZA UNA NUEVA EDICI\u00d3N DE LA CAMPA\u00d1A \u2018AMURRIO DE LOS PIES A LA CABEZA\u2019 PARA IMPULSAR EL CONSUMO EN EL COMERCIO LOCAL\"}]},{\"@type\":\"WebSite\",\"@id\":\"https:\/\/amurriobidean.org\/es\/#website\",\"url\":\"https:\/\/amurriobidean.org\/es\/\",\"name\":\"Amurrio Bidean. Garapen Agentzia - Agencia de desarrollo.\",\"description\":\"Agencia de Desarollo Local de Amurrio\",\"potentialAction\":[{\"@type\":\"SearchAction\",\"target\":{\"@type\":\"EntryPoint\",\"urlTemplate\":\"https:\/\/amurriobidean.org\/es\/?s={search_term_string}\"},\"query-input\":{\"@type\":\"PropertyValueSpecification\",\"valueRequired\":true,\"valueName\":\"search_term_string\"}}],\"inLanguage\":\"es\"},{\"@type\":\"Person\",\"@id\":\"https:\/\/amurriobidean.org\/es\/#\/schema\/person\/56c71b474b3e7f5f5e6f209a6cf3abfe\",\"name\":\"Amurrio Bidean\",\"image\":{\"@type\":\"ImageObject\",\"inLanguage\":\"es\",\"@id\":\"https:\/\/amurriobidean.org\/es\/#\/schema\/person\/image\/\",\"url\":\"https:\/\/secure.gravatar.com\/avatar\/84a34d50800d0bb5d80eba504fc44ed48c9b2faab16ad58fa7d30bce4e2b661e\",\"contentUrl\":\"https:\/\/secure.gravatar.com\/avatar\/84a34d50800d0bb5d80eba504fc44ed48c9b2faab16ad58fa7d30bce4e2b661e\",\"caption\":\"Amurrio Bidean\"},\"sameAs\":[\"http:\/\/www.amurriobidean.eus\"],\"url\":\"https:\/\/amurriobidean.org\/es\/author\/amurrio-bidean\/\"}]}<\/script>\n<!-- \/ Yoast SEO plugin. -->","yoast_head_json":{"title":"EL LUNES COMIENZA UNA NUEVA EDICI\u00d3N DE LA CAMPA\u00d1A \u2018AMURRIO DE LOS PIES A LA CABEZA\u2019 PARA IMPULSAR EL CONSUMO EN EL COMERCIO LOCAL - Amurrio Bidean. Garapen Agentzia - Agencia de desarrollo.","robots":{"index":"index","follow":"follow","max-snippet":"max-snippet:-1","max-image-preview":"max-image-preview:large","max-video-preview":"max-video-preview:-1"},"canonical":"https:\/\/amurriobidean.org\/es\/el-lunes-comienza-una-nueva-edicion-de-la-campana-amurrio-de-los-pies-a-la-cabeza-para-impulsar-el-consumo-en-el-comercio-local\/","og_locale":"es_ES","og_type":"article","og_title":"EL LUNES COMIENZA UNA NUEVA EDICI\u00d3N DE LA CAMPA\u00d1A \u2018AMURRIO DE LOS PIES A LA CABEZA\u2019 PARA IMPULSAR EL CONSUMO EN EL COMERCIO LOCAL - Amurrio Bidean. Garapen Agentzia - Agencia de desarrollo.","og_description":"Ser\u00e1 el escaparate de los comercios locales con una veintena de fotograf\u00edas en las que se mostrar\u00e1n 129 art\u00edculos de los 43 establecimientos participantes y que se ir\u00e1n publicando en las redes sociales para dar a conocer todos los productos que se pueden adquirir sin tener que salir de Amurrio. En paralelo a la difusi\u00f3n [&hellip;]","og_url":"https:\/\/amurriobidean.org\/es\/el-lunes-comienza-una-nueva-edicion-de-la-campana-amurrio-de-los-pies-a-la-cabeza-para-impulsar-el-consumo-en-el-comercio-local\/","og_site_name":"Amurrio Bidean. Garapen Agentzia - Agencia de desarrollo.","article_publisher":"https:\/\/www.facebook.com\/amurrio.bidean","article_published_time":"2022-04-08T09:54:57+00:00","og_image":[{"width":843,"height":1192,"url":"https:\/\/amurriobidean.org\/wp-content\/uploads\/2021\/06\/AMURRIODELOSPIESALACABEZA-FINAL_72ppp.jpg","type":"image\/jpeg"}],"author":"Amurrio Bidean","twitter_card":"summary_large_image","twitter_creator":"@amurriobidean","twitter_site":"@amurriobidean","twitter_misc":{"Escrito por":"Amurrio Bidean","Tiempo de lectura":"2 minutos"},"schema":{"@context":"https:\/\/schema.org","@graph":[{"@type":"WebPage","@id":"https:\/\/amurriobidean.org\/es\/el-lunes-comienza-una-nueva-edicion-de-la-campana-amurrio-de-los-pies-a-la-cabeza-para-impulsar-el-consumo-en-el-comercio-local\/","url":"https:\/\/amurriobidean.org\/es\/el-lunes-comienza-una-nueva-edicion-de-la-campana-amurrio-de-los-pies-a-la-cabeza-para-impulsar-el-consumo-en-el-comercio-local\/","name":"EL LUNES COMIENZA UNA NUEVA EDICI\u00d3N DE LA CAMPA\u00d1A \u2018AMURRIO DE LOS PIES A LA CABEZA\u2019 PARA IMPULSAR EL CONSUMO EN EL COMERCIO LOCAL - Amurrio Bidean. Garapen Agentzia - Agencia de desarrollo.","isPartOf":{"@id":"https:\/\/amurriobidean.org\/es\/#website"},"primaryImageOfPage":{"@id":"https:\/\/amurriobidean.org\/es\/el-lunes-comienza-una-nueva-edicion-de-la-campana-amurrio-de-los-pies-a-la-cabeza-para-impulsar-el-consumo-en-el-comercio-local\/#primaryimage"},"image":{"@id":"https:\/\/amurriobidean.org\/es\/el-lunes-comienza-una-nueva-edicion-de-la-campana-amurrio-de-los-pies-a-la-cabeza-para-impulsar-el-consumo-en-el-comercio-local\/#primaryimage"},"thumbnailUrl":"https:\/\/amurriobidean.org\/wp-content\/uploads\/2021\/06\/AMURRIODELOSPIESALACABEZA-FINAL_72ppp.jpg","datePublished":"2022-04-08T09:54:57+00:00","author":{"@id":"https:\/\/amurriobidean.org\/es\/#\/schema\/person\/56c71b474b3e7f5f5e6f209a6cf3abfe"},"breadcrumb":{"@id":"https:\/\/amurriobidean.org\/es\/el-lunes-comienza-una-nueva-edicion-de-la-campana-amurrio-de-los-pies-a-la-cabeza-para-impulsar-el-consumo-en-el-comercio-local\/#breadcrumb"},"inLanguage":"es","potentialAction":[{"@type":"ReadAction","target":["https:\/\/amurriobidean.org\/es\/el-lunes-comienza-una-nueva-edicion-de-la-campana-amurrio-de-los-pies-a-la-cabeza-para-impulsar-el-consumo-en-el-comercio-local\/"]}]},{"@type":"ImageObject","inLanguage":"es","@id":"https:\/\/amurriobidean.org\/es\/el-lunes-comienza-una-nueva-edicion-de-la-campana-amurrio-de-los-pies-a-la-cabeza-para-impulsar-el-consumo-en-el-comercio-local\/#primaryimage","url":"https:\/\/amurriobidean.org\/wp-content\/uploads\/2021\/06\/AMURRIODELOSPIESALACABEZA-FINAL_72ppp.jpg","contentUrl":"https:\/\/amurriobidean.org\/wp-content\/uploads\/2021\/06\/AMURRIODELOSPIESALACABEZA-FINAL_72ppp.jpg","width":843,"height":1192},{"@type":"BreadcrumbList","@id":"https:\/\/amurriobidean.org\/es\/el-lunes-comienza-una-nueva-edicion-de-la-campana-amurrio-de-los-pies-a-la-cabeza-para-impulsar-el-consumo-en-el-comercio-local\/#breadcrumb","itemListElement":[{"@type":"ListItem","position":1,"name":"Portada","item":"https:\/\/amurriobidean.org\/es\/"},{"@type":"ListItem","position":2,"name":"EL LUNES COMIENZA UNA NUEVA EDICI\u00d3N DE LA CAMPA\u00d1A \u2018AMURRIO DE LOS PIES A LA CABEZA\u2019 PARA IMPULSAR EL CONSUMO EN EL COMERCIO LOCAL"}]},{"@type":"WebSite","@id":"https:\/\/amurriobidean.org\/es\/#website","url":"https:\/\/amurriobidean.org\/es\/","name":"Amurrio Bidean. Garapen Agentzia - Agencia de desarrollo.","description":"Agencia de Desarollo Local de Amurrio","potentialAction":[{"@type":"SearchAction","target":{"@type":"EntryPoint","urlTemplate":"https:\/\/amurriobidean.org\/es\/?s={search_term_string}"},"query-input":{"@type":"PropertyValueSpecification","valueRequired":true,"valueName":"search_term_string"}}],"inLanguage":"es"},{"@type":"Person","@id":"https:\/\/amurriobidean.org\/es\/#\/schema\/person\/56c71b474b3e7f5f5e6f209a6cf3abfe","name":"Amurrio Bidean","image":{"@type":"ImageObject","inLanguage":"es","@id":"https:\/\/amurriobidean.org\/es\/#\/schema\/person\/image\/","url":"https:\/\/secure.gravatar.com\/avatar\/84a34d50800d0bb5d80eba504fc44ed48c9b2faab16ad58fa7d30bce4e2b661e","contentUrl":"https:\/\/secure.gravatar.com\/avatar\/84a34d50800d0bb5d80eba504fc44ed48c9b2faab16ad58fa7d30bce4e2b661e","caption":"Amurrio Bidean"},"sameAs":["http:\/\/www.amurriobidean.eus"],"url":"https:\/\/amurriobidean.org\/es\/author\/amurrio-bidean\/"}]}},"_links":{"self":[{"href":"https:\/\/amurriobidean.org\/es\/wp-json\/wp\/v2\/posts\/4923","targetHints":{"allow":["GET"]}}],"collection":[{"href":"https:\/\/amurriobidean.org\/es\/wp-json\/wp\/v2\/posts"}],"about":[{"href":"https:\/\/amurriobidean.org\/es\/wp-json\/wp\/v2\/types\/post"}],"author":[{"embeddable":true,"href":"https:\/\/amurriobidean.org\/es\/wp-json\/wp\/v2\/users\/2"}],"replies":[{"embeddable":true,"href":"https:\/\/amurriobidean.org\/es\/wp-json\/wp\/v2\/comments?post=4923"}],"version-history":[{"count":0,"href":"https:\/\/amurriobidean.org\/es\/wp-json\/wp\/v2\/posts\/4923\/revisions"}],"wp:featuredmedia":[{"embeddable":true,"href":"https:\/\/amurriobidean.org\/es\/wp-json\/wp\/v2\/media\/4425"}],"wp:attachment":[{"href":"https:\/\/amurriobidean.org\/es\/wp-json\/wp\/v2\/media?parent=4923"}],"wp:term":[{"taxonomy":"category","embeddable":true,"href":"https:\/\/amurriobidean.org\/es\/wp-json\/wp\/v2\/categories?post=4923"},{"taxonomy":"post_tag","embeddable":true,"href":"https:\/\/amurriobidean.org\/es\/wp-json\/wp\/v2\/tags?post=4923"}],"curies":[{"name":"wp","href":"https:\/\/api.w.org\/{rel}","templated":true}]}}