{"id":4818,"date":"2022-03-08T12:04:13","date_gmt":"2022-03-08T12:04:13","guid":{"rendered":"http:\/\/amurriobidean.org\/?p=4818"},"modified":"2022-03-08T12:04:13","modified_gmt":"2022-03-08T12:04:13","slug":"se-abre-el-plazo-para-la-solicitud-de-la-primera-convocatoria-de-ayudas-del-programa-kit-digital","status":"publish","type":"post","link":"https:\/\/amurriobidean.org\/es\/se-abre-el-plazo-para-la-solicitud-de-la-primera-convocatoria-de-ayudas-del-programa-kit-digital\/","title":{"rendered":"Se abre el plazo para la solicitud de la primera convocatoria de ayudas del programa Kit Digital"},"content":{"rendered":"<p>El programa Kit Digital es una iniciativa del Gobierno de Espa\u00f1a, que tiene como objetivo subvencionar la implantaci\u00f3n de soluciones digitales disponibles en el mercado. Estas soluciones est\u00e1n orientadas a las necesidades de las peque\u00f1as empresas; menores de 50 empleados, microempresas y trabajadores aut\u00f3nomos, que pertenezcan a cualquier sector o tipolog\u00eda de negocio.<\/p>\n<p>Para solicitar el bono Kit Digital, es necesario:<\/p>\n<ol>\n<li>Registrarse en el \u00e1rea privada de\u00a0<a href=\"https:\/\/www.acelerapyme.gob.es\/\">www.acelerapyme.es<\/a>y completar el test de autodiagn\u00f3stico para conocer mejor las necesidades de cada negocio.<\/li>\n<li>Consultar la informaci\u00f3n disponible de las soluciones de digitalizaci\u00f3n del programa Kit Digital, donde se podr\u00e1 escoger una o varias de las que ofrecen los agentes digitalizadores.<\/li>\n<li>Solicitar la ayuda en la sede electr\u00f3nica de Red.es (<a href=\"https:\/\/sede.red.gob.es\/\">https:\/\/sede.red.gob.es<\/a>).<\/li>\n<\/ol>\n<p>Una vez se conceda la ayuda se podr\u00e1 acceder al cat\u00e1logo de agentes digitalizadores de \u00a0<a href=\"https:\/\/www.acelerapyme.gob.es\/\">www.acelerapyme.es<\/a> y seleccionar y contactar con el agente con el que se quiere desarrollar las soluciones digitales.<\/p>\n<p>La cuant\u00eda de la ayuda y los plazos de solicitud depender\u00e1n del tama\u00f1o de las empresas:<\/p>\n<p><strong><u>Segmento I<\/u><\/strong>: Peque\u00f1as empresas de entre 10 y menos de 50 empleados.<\/p>\n<p>Cuant\u00eda bono: 12000 \u20ac<\/p>\n<p>Plazo: 15 de marzo<\/p>\n<p><strong><u>Segmento II<\/u><\/strong>: Peque\u00f1as empresas o microempresas de entre 3 y menos de 10 empleados.<\/p>\n<p>Cuant\u00eda bono: 6000 \u20ac<\/p>\n<p>Plazo estimado: Antes de verano<\/p>\n<p><strong><u>Segmento III<\/u><\/strong>: Peque\u00f1as empresas o microempresas de entre 1 y menos de 3 empleados y personas aut\u00f3nomas.<\/p>\n<p>Cuant\u00eda bono: 2000 \u20ac<\/p>\n<p>Plazo estimado: Septiembre<\/p>\n<p>&nbsp;<\/p>\n<p>El pr\u00f3ximo 15 de marzo se abre el plazo de la primera convocatoria de ayudas destinada a las peque\u00f1as empresas de entre 10 y menos de 50 empleados. Las empresas interesadas en adquirir estos bonos, podr\u00e1n solicitarlos en la sede electr\u00f3nica de Red.es (<a href=\"https:\/\/sede.red.gob.es\/\">https:\/\/sede.red.gob.es<\/a>) y el\u00a0plazo estar\u00e1 abierto durante 6 meses o hasta que se acaben los fondos.<\/p>\n<p>El programa Kit Digital est\u00e1 dotado con un presupuesto de<strong>\u00a03.067 millones de euros<\/strong>, financiado por la Uni\u00f3n Europea a trav\u00e9s de los fondos NextGenerationEU, en el marco del Plan de Recuperaci\u00f3n, Transformaci\u00f3n y Resiliencia, la agenda Espa\u00f1a Digital 2025 y el Plan de Digitalizaci\u00f3n de Pymes 2021-2025.<\/p>\n","protected":false},"excerpt":{"rendered":"<p>El programa Kit Digital es una iniciativa del Gobierno de Espa\u00f1a, que tiene como objetivo subvencionar la implantaci\u00f3n de soluciones digitales disponibles en el mercado. Estas soluciones est\u00e1n orientadas a las necesidades de las peque\u00f1as empresas; menores de 50 empleados, microempresas y trabajadores aut\u00f3nomos, que pertenezcan a cualquier sector o tipolog\u00eda de negocio. Para solicitar [&hellip;]<\/p>\n","protected":false},"author":2,"featured_media":4819,"comment_status":"closed","ping_status":"closed","sticky":false,"template":"","format":"standard","meta":{"footnotes":""},"categories":[28],"tags":[],"class_list":["post-4818","post","type-post","status-publish","format-standard","has-post-thumbnail","hentry","category-noticias"],"yoast_head":"<!-- This site is optimized with the Yoast SEO plugin v25.3 - https:\/\/yoast.com\/wordpress\/plugins\/seo\/ -->\n<title>Se abre el plazo para la solicitud de la primera convocatoria de ayudas del programa Kit Digital - Amurrio Bidean. Garapen Agentzia - Agencia de desarrollo.<\/title>\n<meta name=\"robots\" content=\"index, follow, max-snippet:-1, max-image-preview:large, max-video-preview:-1\" \/>\n<link rel=\"canonical\" href=\"https:\/\/amurriobidean.org\/es\/se-abre-el-plazo-para-la-solicitud-de-la-primera-convocatoria-de-ayudas-del-programa-kit-digital\/\" \/>\n<meta property=\"og:locale\" content=\"es_ES\" \/>\n<meta property=\"og:type\" content=\"article\" \/>\n<meta property=\"og:title\" content=\"Se abre el plazo para la solicitud de la primera convocatoria de ayudas del programa Kit Digital - Amurrio Bidean. Garapen Agentzia - Agencia de desarrollo.\" \/>\n<meta property=\"og:description\" content=\"El programa Kit Digital es una iniciativa del Gobierno de Espa\u00f1a, que tiene como objetivo subvencionar la implantaci\u00f3n de soluciones digitales disponibles en el mercado. Estas soluciones est\u00e1n orientadas a las necesidades de las peque\u00f1as empresas; menores de 50 empleados, microempresas y trabajadores aut\u00f3nomos, que pertenezcan a cualquier sector o tipolog\u00eda de negocio. Para solicitar [&hellip;]\" \/>\n<meta property=\"og:url\" content=\"https:\/\/amurriobidean.org\/es\/se-abre-el-plazo-para-la-solicitud-de-la-primera-convocatoria-de-ayudas-del-programa-kit-digital\/\" \/>\n<meta property=\"og:site_name\" content=\"Amurrio Bidean. Garapen Agentzia - Agencia de desarrollo.\" \/>\n<meta property=\"article:publisher\" content=\"https:\/\/www.facebook.com\/amurrio.bidean\" \/>\n<meta property=\"article:published_time\" content=\"2022-03-08T12:04:13+00:00\" \/>\n<meta property=\"og:image\" content=\"https:\/\/amurriobidean.org\/wp-content\/uploads\/2022\/03\/kitdigital.png\" \/>\n\t<meta property=\"og:image:width\" content=\"815\" \/>\n\t<meta property=\"og:image:height\" content=\"408\" \/>\n\t<meta property=\"og:image:type\" content=\"image\/png\" \/>\n<meta name=\"author\" content=\"Amurrio Bidean\" \/>\n<meta name=\"twitter:card\" content=\"summary_large_image\" \/>\n<meta name=\"twitter:creator\" content=\"@amurriobidean\" \/>\n<meta name=\"twitter:site\" content=\"@amurriobidean\" \/>\n<meta name=\"twitter:label1\" content=\"Escrito por\" \/>\n\t<meta name=\"twitter:data1\" content=\"Amurrio Bidean\" \/>\n\t<meta name=\"twitter:label2\" content=\"Tiempo de lectura\" \/>\n\t<meta name=\"twitter:data2\" content=\"2 minutos\" \/>\n<script type=\"application\/ld+json\" class=\"yoast-schema-graph\">{\"@context\":\"https:\/\/schema.org\",\"@graph\":[{\"@type\":\"WebPage\",\"@id\":\"https:\/\/amurriobidean.org\/es\/se-abre-el-plazo-para-la-solicitud-de-la-primera-convocatoria-de-ayudas-del-programa-kit-digital\/\",\"url\":\"https:\/\/amurriobidean.org\/es\/se-abre-el-plazo-para-la-solicitud-de-la-primera-convocatoria-de-ayudas-del-programa-kit-digital\/\",\"name\":\"Se abre el plazo para la solicitud de la primera convocatoria de ayudas del programa Kit Digital - Amurrio Bidean. Garapen Agentzia - Agencia de desarrollo.\",\"isPartOf\":{\"@id\":\"https:\/\/amurriobidean.org\/es\/#website\"},\"primaryImageOfPage\":{\"@id\":\"https:\/\/amurriobidean.org\/es\/se-abre-el-plazo-para-la-solicitud-de-la-primera-convocatoria-de-ayudas-del-programa-kit-digital\/#primaryimage\"},\"image\":{\"@id\":\"https:\/\/amurriobidean.org\/es\/se-abre-el-plazo-para-la-solicitud-de-la-primera-convocatoria-de-ayudas-del-programa-kit-digital\/#primaryimage\"},\"thumbnailUrl\":\"https:\/\/amurriobidean.org\/wp-content\/uploads\/2022\/03\/kitdigital.png\",\"datePublished\":\"2022-03-08T12:04:13+00:00\",\"author\":{\"@id\":\"https:\/\/amurriobidean.org\/es\/#\/schema\/person\/56c71b474b3e7f5f5e6f209a6cf3abfe\"},\"breadcrumb\":{\"@id\":\"https:\/\/amurriobidean.org\/es\/se-abre-el-plazo-para-la-solicitud-de-la-primera-convocatoria-de-ayudas-del-programa-kit-digital\/#breadcrumb\"},\"inLanguage\":\"es\",\"potentialAction\":[{\"@type\":\"ReadAction\",\"target\":[\"https:\/\/amurriobidean.org\/es\/se-abre-el-plazo-para-la-solicitud-de-la-primera-convocatoria-de-ayudas-del-programa-kit-digital\/\"]}]},{\"@type\":\"ImageObject\",\"inLanguage\":\"es\",\"@id\":\"https:\/\/amurriobidean.org\/es\/se-abre-el-plazo-para-la-solicitud-de-la-primera-convocatoria-de-ayudas-del-programa-kit-digital\/#primaryimage\",\"url\":\"https:\/\/amurriobidean.org\/wp-content\/uploads\/2022\/03\/kitdigital.png\",\"contentUrl\":\"https:\/\/amurriobidean.org\/wp-content\/uploads\/2022\/03\/kitdigital.png\",\"width\":815,\"height\":408},{\"@type\":\"BreadcrumbList\",\"@id\":\"https:\/\/amurriobidean.org\/es\/se-abre-el-plazo-para-la-solicitud-de-la-primera-convocatoria-de-ayudas-del-programa-kit-digital\/#breadcrumb\",\"itemListElement\":[{\"@type\":\"ListItem\",\"position\":1,\"name\":\"Portada\",\"item\":\"https:\/\/amurriobidean.org\/es\/\"},{\"@type\":\"ListItem\",\"position\":2,\"name\":\"Se abre el plazo para la solicitud de la primera convocatoria de ayudas del programa Kit Digital\"}]},{\"@type\":\"WebSite\",\"@id\":\"https:\/\/amurriobidean.org\/es\/#website\",\"url\":\"https:\/\/amurriobidean.org\/es\/\",\"name\":\"Amurrio Bidean. Garapen Agentzia - Agencia de desarrollo.\",\"description\":\"Agencia de Desarollo Local de Amurrio\",\"potentialAction\":[{\"@type\":\"SearchAction\",\"target\":{\"@type\":\"EntryPoint\",\"urlTemplate\":\"https:\/\/amurriobidean.org\/es\/?s={search_term_string}\"},\"query-input\":{\"@type\":\"PropertyValueSpecification\",\"valueRequired\":true,\"valueName\":\"search_term_string\"}}],\"inLanguage\":\"es\"},{\"@type\":\"Person\",\"@id\":\"https:\/\/amurriobidean.org\/es\/#\/schema\/person\/56c71b474b3e7f5f5e6f209a6cf3abfe\",\"name\":\"Amurrio Bidean\",\"image\":{\"@type\":\"ImageObject\",\"inLanguage\":\"es\",\"@id\":\"https:\/\/amurriobidean.org\/es\/#\/schema\/person\/image\/\",\"url\":\"https:\/\/secure.gravatar.com\/avatar\/84a34d50800d0bb5d80eba504fc44ed48c9b2faab16ad58fa7d30bce4e2b661e\",\"contentUrl\":\"https:\/\/secure.gravatar.com\/avatar\/84a34d50800d0bb5d80eba504fc44ed48c9b2faab16ad58fa7d30bce4e2b661e\",\"caption\":\"Amurrio Bidean\"},\"sameAs\":[\"http:\/\/www.amurriobidean.eus\"],\"url\":\"https:\/\/amurriobidean.org\/es\/author\/amurrio-bidean\/\"}]}<\/script>\n<!-- \/ Yoast SEO plugin. -->","yoast_head_json":{"title":"Se abre el plazo para la solicitud de la primera convocatoria de ayudas del programa Kit Digital - Amurrio Bidean. Garapen Agentzia - Agencia de desarrollo.","robots":{"index":"index","follow":"follow","max-snippet":"max-snippet:-1","max-image-preview":"max-image-preview:large","max-video-preview":"max-video-preview:-1"},"canonical":"https:\/\/amurriobidean.org\/es\/se-abre-el-plazo-para-la-solicitud-de-la-primera-convocatoria-de-ayudas-del-programa-kit-digital\/","og_locale":"es_ES","og_type":"article","og_title":"Se abre el plazo para la solicitud de la primera convocatoria de ayudas del programa Kit Digital - Amurrio Bidean. Garapen Agentzia - Agencia de desarrollo.","og_description":"El programa Kit Digital es una iniciativa del Gobierno de Espa\u00f1a, que tiene como objetivo subvencionar la implantaci\u00f3n de soluciones digitales disponibles en el mercado. Estas soluciones est\u00e1n orientadas a las necesidades de las peque\u00f1as empresas; menores de 50 empleados, microempresas y trabajadores aut\u00f3nomos, que pertenezcan a cualquier sector o tipolog\u00eda de negocio. Para solicitar [&hellip;]","og_url":"https:\/\/amurriobidean.org\/es\/se-abre-el-plazo-para-la-solicitud-de-la-primera-convocatoria-de-ayudas-del-programa-kit-digital\/","og_site_name":"Amurrio Bidean. Garapen Agentzia - Agencia de desarrollo.","article_publisher":"https:\/\/www.facebook.com\/amurrio.bidean","article_published_time":"2022-03-08T12:04:13+00:00","og_image":[{"width":815,"height":408,"url":"https:\/\/amurriobidean.org\/wp-content\/uploads\/2022\/03\/kitdigital.png","type":"image\/png"}],"author":"Amurrio Bidean","twitter_card":"summary_large_image","twitter_creator":"@amurriobidean","twitter_site":"@amurriobidean","twitter_misc":{"Escrito por":"Amurrio Bidean","Tiempo de lectura":"2 minutos"},"schema":{"@context":"https:\/\/schema.org","@graph":[{"@type":"WebPage","@id":"https:\/\/amurriobidean.org\/es\/se-abre-el-plazo-para-la-solicitud-de-la-primera-convocatoria-de-ayudas-del-programa-kit-digital\/","url":"https:\/\/amurriobidean.org\/es\/se-abre-el-plazo-para-la-solicitud-de-la-primera-convocatoria-de-ayudas-del-programa-kit-digital\/","name":"Se abre el plazo para la solicitud de la primera convocatoria de ayudas del programa Kit Digital - Amurrio Bidean. Garapen Agentzia - Agencia de desarrollo.","isPartOf":{"@id":"https:\/\/amurriobidean.org\/es\/#website"},"primaryImageOfPage":{"@id":"https:\/\/amurriobidean.org\/es\/se-abre-el-plazo-para-la-solicitud-de-la-primera-convocatoria-de-ayudas-del-programa-kit-digital\/#primaryimage"},"image":{"@id":"https:\/\/amurriobidean.org\/es\/se-abre-el-plazo-para-la-solicitud-de-la-primera-convocatoria-de-ayudas-del-programa-kit-digital\/#primaryimage"},"thumbnailUrl":"https:\/\/amurriobidean.org\/wp-content\/uploads\/2022\/03\/kitdigital.png","datePublished":"2022-03-08T12:04:13+00:00","author":{"@id":"https:\/\/amurriobidean.org\/es\/#\/schema\/person\/56c71b474b3e7f5f5e6f209a6cf3abfe"},"breadcrumb":{"@id":"https:\/\/amurriobidean.org\/es\/se-abre-el-plazo-para-la-solicitud-de-la-primera-convocatoria-de-ayudas-del-programa-kit-digital\/#breadcrumb"},"inLanguage":"es","potentialAction":[{"@type":"ReadAction","target":["https:\/\/amurriobidean.org\/es\/se-abre-el-plazo-para-la-solicitud-de-la-primera-convocatoria-de-ayudas-del-programa-kit-digital\/"]}]},{"@type":"ImageObject","inLanguage":"es","@id":"https:\/\/amurriobidean.org\/es\/se-abre-el-plazo-para-la-solicitud-de-la-primera-convocatoria-de-ayudas-del-programa-kit-digital\/#primaryimage","url":"https:\/\/amurriobidean.org\/wp-content\/uploads\/2022\/03\/kitdigital.png","contentUrl":"https:\/\/amurriobidean.org\/wp-content\/uploads\/2022\/03\/kitdigital.png","width":815,"height":408},{"@type":"BreadcrumbList","@id":"https:\/\/amurriobidean.org\/es\/se-abre-el-plazo-para-la-solicitud-de-la-primera-convocatoria-de-ayudas-del-programa-kit-digital\/#breadcrumb","itemListElement":[{"@type":"ListItem","position":1,"name":"Portada","item":"https:\/\/amurriobidean.org\/es\/"},{"@type":"ListItem","position":2,"name":"Se abre el plazo para la solicitud de la primera convocatoria de ayudas del programa Kit Digital"}]},{"@type":"WebSite","@id":"https:\/\/amurriobidean.org\/es\/#website","url":"https:\/\/amurriobidean.org\/es\/","name":"Amurrio Bidean. Garapen Agentzia - Agencia de desarrollo.","description":"Agencia de Desarollo Local de Amurrio","potentialAction":[{"@type":"SearchAction","target":{"@type":"EntryPoint","urlTemplate":"https:\/\/amurriobidean.org\/es\/?s={search_term_string}"},"query-input":{"@type":"PropertyValueSpecification","valueRequired":true,"valueName":"search_term_string"}}],"inLanguage":"es"},{"@type":"Person","@id":"https:\/\/amurriobidean.org\/es\/#\/schema\/person\/56c71b474b3e7f5f5e6f209a6cf3abfe","name":"Amurrio Bidean","image":{"@type":"ImageObject","inLanguage":"es","@id":"https:\/\/amurriobidean.org\/es\/#\/schema\/person\/image\/","url":"https:\/\/secure.gravatar.com\/avatar\/84a34d50800d0bb5d80eba504fc44ed48c9b2faab16ad58fa7d30bce4e2b661e","contentUrl":"https:\/\/secure.gravatar.com\/avatar\/84a34d50800d0bb5d80eba504fc44ed48c9b2faab16ad58fa7d30bce4e2b661e","caption":"Amurrio Bidean"},"sameAs":["http:\/\/www.amurriobidean.eus"],"url":"https:\/\/amurriobidean.org\/es\/author\/amurrio-bidean\/"}]}},"_links":{"self":[{"href":"https:\/\/amurriobidean.org\/es\/wp-json\/wp\/v2\/posts\/4818","targetHints":{"allow":["GET"]}}],"collection":[{"href":"https:\/\/amurriobidean.org\/es\/wp-json\/wp\/v2\/posts"}],"about":[{"href":"https:\/\/amurriobidean.org\/es\/wp-json\/wp\/v2\/types\/post"}],"author":[{"embeddable":true,"href":"https:\/\/amurriobidean.org\/es\/wp-json\/wp\/v2\/users\/2"}],"replies":[{"embeddable":true,"href":"https:\/\/amurriobidean.org\/es\/wp-json\/wp\/v2\/comments?post=4818"}],"version-history":[{"count":0,"href":"https:\/\/amurriobidean.org\/es\/wp-json\/wp\/v2\/posts\/4818\/revisions"}],"wp:featuredmedia":[{"embeddable":true,"href":"https:\/\/amurriobidean.org\/es\/wp-json\/wp\/v2\/media\/4819"}],"wp:attachment":[{"href":"https:\/\/amurriobidean.org\/es\/wp-json\/wp\/v2\/media?parent=4818"}],"wp:term":[{"taxonomy":"category","embeddable":true,"href":"https:\/\/amurriobidean.org\/es\/wp-json\/wp\/v2\/categories?post=4818"},{"taxonomy":"post_tag","embeddable":true,"href":"https:\/\/amurriobidean.org\/es\/wp-json\/wp\/v2\/tags?post=4818"}],"curies":[{"name":"wp","href":"https:\/\/api.w.org\/{rel}","templated":true}]}}