{"id":4671,"date":"2021-12-13T11:00:18","date_gmt":"2021-12-13T11:00:18","guid":{"rendered":"http:\/\/amurriobidean.org\/?p=4671"},"modified":"2021-12-13T11:00:18","modified_gmt":"2021-12-13T11:00:18","slug":"el-ayuntamiento-de-amurrio-vuelve-a-poner-en-marcha-la-campana-bizi-gabonak-amurrion","status":"publish","type":"post","link":"https:\/\/amurriobidean.org\/es\/el-ayuntamiento-de-amurrio-vuelve-a-poner-en-marcha-la-campana-bizi-gabonak-amurrion\/","title":{"rendered":"EL AYUNTAMIENTO DE AMURRIO VUELVE A PONER EN MARCHA LA CAMPA\u00d1A \u201cBIZI GABONAK AMURRION\u201d"},"content":{"rendered":"<p><strong>Se trata de un cheque regalo de 15 euros para gastar en los establecimientos de la localidad, dirigido a las ni\u00f1as y los ni\u00f1os nacidos a partir del 1 de enero del 2012.<\/strong><\/p>\n<p><strong>La recogida de los mismos se podr\u00e1 realizar desde ma\u00f1ana, 14 de diciembre, y hasta final de mes en la Oficina de Turismo.<\/strong><\/p>\n<p><strong>\u00a0<\/strong><\/p>\n<p>El Ayuntamiento de Amurrio volver\u00e1 a impulsar este a\u00f1o la campa\u00f1a \u201cBizi Gabonak Amurrion\u201d en estas fechas llenas de ilusi\u00f3n, sobre todo para las y los m\u00e1s peque\u00f1os. La iniciativa est\u00e1 dirigida a las ni\u00f1as y los ni\u00f1os nacidos a partir del 1 de enero del 2012, que tendr\u00e1n un cheque regalo de 15 euros para gastar en los establecimientos de la localidad.<\/p>\n<p>\u201cEsta iniciativa que ponemos en marcha por segundo a\u00f1o consecutivo a las puertas de Navidad nos permite abarcar dos objetivos que, siendo bien distintos entre s\u00ed, se a\u00fanan en esta campa\u00f1a. Por un lado, contribuimos a mantener la ilusi\u00f3n de las y los m\u00e1s peque\u00f1os y, adem\u00e1s, nos permite continuar con nuestra apuesta por el consumo en los establecimientos del municipio\u201d, explica Txerra Molinuevo, alcalde de Amurrio.<\/p>\n<p>Las ni\u00f1as y los ni\u00f1os nacidos a partir del 1 de enero del 2012 podr\u00e1n recoger un cheque regalo de 15 euros a partir del 14 de diciembre y hasta 30 del mismo mes en la Oficina de Turismo, de martes a viernes de 10:00 a 13:00 y de 17:00 a 19:00 horas, y s\u00e1bado y domingo de 10:00 a 14:00 horas. Para la recogida del mismo ser\u00e1 necesario presentar el DNI de la ni\u00f1a o el ni\u00f1o o el DNI de la madre o padre junto al libro de familia.<\/p>\n<p>El cheque regalo deber\u00e1 ser canjeado por una compra m\u00ednima de 15 euros en cualquier establecimiento de Amurrio (en ning\u00fan caso se devolver\u00e1 dinero) y, el periodo para el uso del mismo finalizar\u00e1 el 17 de enero. En total, ser\u00e1n m\u00e1s de un millar las ni\u00f1as y los ni\u00f1os que puedan disfrutar de este cheque regalo, lo que supondr\u00e1 un impacto m\u00ednimo de m\u00e1s de 16.000 euros.<\/p>\n","protected":false},"excerpt":{"rendered":"<p>Se trata de un cheque regalo de 15 euros para gastar en los establecimientos de la localidad, dirigido a las ni\u00f1as y los ni\u00f1os nacidos a partir del 1 de enero del 2012. La recogida de los mismos se podr\u00e1 realizar desde ma\u00f1ana, 14 de diciembre, y hasta final de mes en la Oficina de [&hellip;]<\/p>\n","protected":false},"author":2,"featured_media":4672,"comment_status":"closed","ping_status":"closed","sticky":false,"template":"","format":"standard","meta":{"footnotes":""},"categories":[28],"tags":[],"class_list":["post-4671","post","type-post","status-publish","format-standard","has-post-thumbnail","hentry","category-noticias"],"yoast_head":"<!-- This site is optimized with the Yoast SEO plugin v25.3 - https:\/\/yoast.com\/wordpress\/plugins\/seo\/ -->\n<title>EL AYUNTAMIENTO DE AMURRIO VUELVE A PONER EN MARCHA LA CAMPA\u00d1A \u201cBIZI GABONAK AMURRION\u201d - Amurrio Bidean. Garapen Agentzia - Agencia de desarrollo.<\/title>\n<meta name=\"robots\" content=\"index, follow, max-snippet:-1, max-image-preview:large, max-video-preview:-1\" \/>\n<link rel=\"canonical\" href=\"https:\/\/amurriobidean.org\/es\/el-ayuntamiento-de-amurrio-vuelve-a-poner-en-marcha-la-campana-bizi-gabonak-amurrion\/\" \/>\n<meta property=\"og:locale\" content=\"es_ES\" \/>\n<meta property=\"og:type\" content=\"article\" \/>\n<meta property=\"og:title\" content=\"EL AYUNTAMIENTO DE AMURRIO VUELVE A PONER EN MARCHA LA CAMPA\u00d1A \u201cBIZI GABONAK AMURRION\u201d - Amurrio Bidean. Garapen Agentzia - Agencia de desarrollo.\" \/>\n<meta property=\"og:description\" content=\"Se trata de un cheque regalo de 15 euros para gastar en los establecimientos de la localidad, dirigido a las ni\u00f1as y los ni\u00f1os nacidos a partir del 1 de enero del 2012. La recogida de los mismos se podr\u00e1 realizar desde ma\u00f1ana, 14 de diciembre, y hasta final de mes en la Oficina de [&hellip;]\" \/>\n<meta property=\"og:url\" content=\"https:\/\/amurriobidean.org\/es\/el-ayuntamiento-de-amurrio-vuelve-a-poner-en-marcha-la-campana-bizi-gabonak-amurrion\/\" \/>\n<meta property=\"og:site_name\" content=\"Amurrio Bidean. Garapen Agentzia - Agencia de desarrollo.\" \/>\n<meta property=\"article:publisher\" content=\"https:\/\/www.facebook.com\/amurrio.bidean\" \/>\n<meta property=\"article:published_time\" content=\"2021-12-13T11:00:18+00:00\" \/>\n<meta property=\"og:image\" content=\"https:\/\/amurriobidean.org\/wp-content\/uploads\/2021\/12\/250eb129-0ba5-416a-a90b-3a63ef4f4203-1030x773.jpg\" \/>\n\t<meta property=\"og:image:width\" content=\"1030\" \/>\n\t<meta property=\"og:image:height\" content=\"773\" \/>\n\t<meta property=\"og:image:type\" content=\"image\/jpeg\" \/>\n<meta name=\"author\" content=\"Amurrio Bidean\" \/>\n<meta name=\"twitter:card\" content=\"summary_large_image\" \/>\n<meta name=\"twitter:creator\" content=\"@amurriobidean\" \/>\n<meta name=\"twitter:site\" content=\"@amurriobidean\" \/>\n<meta name=\"twitter:label1\" content=\"Escrito por\" \/>\n\t<meta name=\"twitter:data1\" content=\"Amurrio Bidean\" \/>\n\t<meta name=\"twitter:label2\" content=\"Tiempo de lectura\" \/>\n\t<meta name=\"twitter:data2\" content=\"2 minutos\" \/>\n<script type=\"application\/ld+json\" class=\"yoast-schema-graph\">{\"@context\":\"https:\/\/schema.org\",\"@graph\":[{\"@type\":\"WebPage\",\"@id\":\"https:\/\/amurriobidean.org\/es\/el-ayuntamiento-de-amurrio-vuelve-a-poner-en-marcha-la-campana-bizi-gabonak-amurrion\/\",\"url\":\"https:\/\/amurriobidean.org\/es\/el-ayuntamiento-de-amurrio-vuelve-a-poner-en-marcha-la-campana-bizi-gabonak-amurrion\/\",\"name\":\"EL AYUNTAMIENTO DE AMURRIO VUELVE A PONER EN MARCHA LA CAMPA\u00d1A \u201cBIZI GABONAK AMURRION\u201d - Amurrio Bidean. Garapen Agentzia - Agencia de desarrollo.\",\"isPartOf\":{\"@id\":\"https:\/\/amurriobidean.org\/es\/#website\"},\"primaryImageOfPage\":{\"@id\":\"https:\/\/amurriobidean.org\/es\/el-ayuntamiento-de-amurrio-vuelve-a-poner-en-marcha-la-campana-bizi-gabonak-amurrion\/#primaryimage\"},\"image\":{\"@id\":\"https:\/\/amurriobidean.org\/es\/el-ayuntamiento-de-amurrio-vuelve-a-poner-en-marcha-la-campana-bizi-gabonak-amurrion\/#primaryimage\"},\"thumbnailUrl\":\"https:\/\/amurriobidean.org\/wp-content\/uploads\/2021\/12\/250eb129-0ba5-416a-a90b-3a63ef4f4203-scaled.jpg\",\"datePublished\":\"2021-12-13T11:00:18+00:00\",\"author\":{\"@id\":\"https:\/\/amurriobidean.org\/es\/#\/schema\/person\/56c71b474b3e7f5f5e6f209a6cf3abfe\"},\"breadcrumb\":{\"@id\":\"https:\/\/amurriobidean.org\/es\/el-ayuntamiento-de-amurrio-vuelve-a-poner-en-marcha-la-campana-bizi-gabonak-amurrion\/#breadcrumb\"},\"inLanguage\":\"es\",\"potentialAction\":[{\"@type\":\"ReadAction\",\"target\":[\"https:\/\/amurriobidean.org\/es\/el-ayuntamiento-de-amurrio-vuelve-a-poner-en-marcha-la-campana-bizi-gabonak-amurrion\/\"]}]},{\"@type\":\"ImageObject\",\"inLanguage\":\"es\",\"@id\":\"https:\/\/amurriobidean.org\/es\/el-ayuntamiento-de-amurrio-vuelve-a-poner-en-marcha-la-campana-bizi-gabonak-amurrion\/#primaryimage\",\"url\":\"https:\/\/amurriobidean.org\/wp-content\/uploads\/2021\/12\/250eb129-0ba5-416a-a90b-3a63ef4f4203-scaled.jpg\",\"contentUrl\":\"https:\/\/amurriobidean.org\/wp-content\/uploads\/2021\/12\/250eb129-0ba5-416a-a90b-3a63ef4f4203-scaled.jpg\",\"width\":2048,\"height\":1536},{\"@type\":\"BreadcrumbList\",\"@id\":\"https:\/\/amurriobidean.org\/es\/el-ayuntamiento-de-amurrio-vuelve-a-poner-en-marcha-la-campana-bizi-gabonak-amurrion\/#breadcrumb\",\"itemListElement\":[{\"@type\":\"ListItem\",\"position\":1,\"name\":\"Portada\",\"item\":\"https:\/\/amurriobidean.org\/es\/\"},{\"@type\":\"ListItem\",\"position\":2,\"name\":\"EL AYUNTAMIENTO DE AMURRIO VUELVE A PONER EN MARCHA LA CAMPA\u00d1A \u201cBIZI GABONAK AMURRION\u201d\"}]},{\"@type\":\"WebSite\",\"@id\":\"https:\/\/amurriobidean.org\/es\/#website\",\"url\":\"https:\/\/amurriobidean.org\/es\/\",\"name\":\"Amurrio Bidean. Garapen Agentzia - Agencia de desarrollo.\",\"description\":\"Agencia de Desarollo Local de Amurrio\",\"potentialAction\":[{\"@type\":\"SearchAction\",\"target\":{\"@type\":\"EntryPoint\",\"urlTemplate\":\"https:\/\/amurriobidean.org\/es\/?s={search_term_string}\"},\"query-input\":{\"@type\":\"PropertyValueSpecification\",\"valueRequired\":true,\"valueName\":\"search_term_string\"}}],\"inLanguage\":\"es\"},{\"@type\":\"Person\",\"@id\":\"https:\/\/amurriobidean.org\/es\/#\/schema\/person\/56c71b474b3e7f5f5e6f209a6cf3abfe\",\"name\":\"Amurrio Bidean\",\"image\":{\"@type\":\"ImageObject\",\"inLanguage\":\"es\",\"@id\":\"https:\/\/amurriobidean.org\/es\/#\/schema\/person\/image\/\",\"url\":\"https:\/\/secure.gravatar.com\/avatar\/84a34d50800d0bb5d80eba504fc44ed48c9b2faab16ad58fa7d30bce4e2b661e\",\"contentUrl\":\"https:\/\/secure.gravatar.com\/avatar\/84a34d50800d0bb5d80eba504fc44ed48c9b2faab16ad58fa7d30bce4e2b661e\",\"caption\":\"Amurrio Bidean\"},\"sameAs\":[\"http:\/\/www.amurriobidean.eus\"],\"url\":\"https:\/\/amurriobidean.org\/es\/author\/amurrio-bidean\/\"}]}<\/script>\n<!-- \/ Yoast SEO plugin. -->","yoast_head_json":{"title":"EL AYUNTAMIENTO DE AMURRIO VUELVE A PONER EN MARCHA LA CAMPA\u00d1A \u201cBIZI GABONAK AMURRION\u201d - Amurrio Bidean. Garapen Agentzia - Agencia de desarrollo.","robots":{"index":"index","follow":"follow","max-snippet":"max-snippet:-1","max-image-preview":"max-image-preview:large","max-video-preview":"max-video-preview:-1"},"canonical":"https:\/\/amurriobidean.org\/es\/el-ayuntamiento-de-amurrio-vuelve-a-poner-en-marcha-la-campana-bizi-gabonak-amurrion\/","og_locale":"es_ES","og_type":"article","og_title":"EL AYUNTAMIENTO DE AMURRIO VUELVE A PONER EN MARCHA LA CAMPA\u00d1A \u201cBIZI GABONAK AMURRION\u201d - Amurrio Bidean. Garapen Agentzia - Agencia de desarrollo.","og_description":"Se trata de un cheque regalo de 15 euros para gastar en los establecimientos de la localidad, dirigido a las ni\u00f1as y los ni\u00f1os nacidos a partir del 1 de enero del 2012. La recogida de los mismos se podr\u00e1 realizar desde ma\u00f1ana, 14 de diciembre, y hasta final de mes en la Oficina de [&hellip;]","og_url":"https:\/\/amurriobidean.org\/es\/el-ayuntamiento-de-amurrio-vuelve-a-poner-en-marcha-la-campana-bizi-gabonak-amurrion\/","og_site_name":"Amurrio Bidean. Garapen Agentzia - Agencia de desarrollo.","article_publisher":"https:\/\/www.facebook.com\/amurrio.bidean","article_published_time":"2021-12-13T11:00:18+00:00","og_image":[{"width":1030,"height":773,"url":"https:\/\/amurriobidean.org\/wp-content\/uploads\/2021\/12\/250eb129-0ba5-416a-a90b-3a63ef4f4203-1030x773.jpg","type":"image\/jpeg"}],"author":"Amurrio Bidean","twitter_card":"summary_large_image","twitter_creator":"@amurriobidean","twitter_site":"@amurriobidean","twitter_misc":{"Escrito por":"Amurrio Bidean","Tiempo de lectura":"2 minutos"},"schema":{"@context":"https:\/\/schema.org","@graph":[{"@type":"WebPage","@id":"https:\/\/amurriobidean.org\/es\/el-ayuntamiento-de-amurrio-vuelve-a-poner-en-marcha-la-campana-bizi-gabonak-amurrion\/","url":"https:\/\/amurriobidean.org\/es\/el-ayuntamiento-de-amurrio-vuelve-a-poner-en-marcha-la-campana-bizi-gabonak-amurrion\/","name":"EL AYUNTAMIENTO DE AMURRIO VUELVE A PONER EN MARCHA LA CAMPA\u00d1A \u201cBIZI GABONAK AMURRION\u201d - Amurrio Bidean. Garapen Agentzia - Agencia de desarrollo.","isPartOf":{"@id":"https:\/\/amurriobidean.org\/es\/#website"},"primaryImageOfPage":{"@id":"https:\/\/amurriobidean.org\/es\/el-ayuntamiento-de-amurrio-vuelve-a-poner-en-marcha-la-campana-bizi-gabonak-amurrion\/#primaryimage"},"image":{"@id":"https:\/\/amurriobidean.org\/es\/el-ayuntamiento-de-amurrio-vuelve-a-poner-en-marcha-la-campana-bizi-gabonak-amurrion\/#primaryimage"},"thumbnailUrl":"https:\/\/amurriobidean.org\/wp-content\/uploads\/2021\/12\/250eb129-0ba5-416a-a90b-3a63ef4f4203-scaled.jpg","datePublished":"2021-12-13T11:00:18+00:00","author":{"@id":"https:\/\/amurriobidean.org\/es\/#\/schema\/person\/56c71b474b3e7f5f5e6f209a6cf3abfe"},"breadcrumb":{"@id":"https:\/\/amurriobidean.org\/es\/el-ayuntamiento-de-amurrio-vuelve-a-poner-en-marcha-la-campana-bizi-gabonak-amurrion\/#breadcrumb"},"inLanguage":"es","potentialAction":[{"@type":"ReadAction","target":["https:\/\/amurriobidean.org\/es\/el-ayuntamiento-de-amurrio-vuelve-a-poner-en-marcha-la-campana-bizi-gabonak-amurrion\/"]}]},{"@type":"ImageObject","inLanguage":"es","@id":"https:\/\/amurriobidean.org\/es\/el-ayuntamiento-de-amurrio-vuelve-a-poner-en-marcha-la-campana-bizi-gabonak-amurrion\/#primaryimage","url":"https:\/\/amurriobidean.org\/wp-content\/uploads\/2021\/12\/250eb129-0ba5-416a-a90b-3a63ef4f4203-scaled.jpg","contentUrl":"https:\/\/amurriobidean.org\/wp-content\/uploads\/2021\/12\/250eb129-0ba5-416a-a90b-3a63ef4f4203-scaled.jpg","width":2048,"height":1536},{"@type":"BreadcrumbList","@id":"https:\/\/amurriobidean.org\/es\/el-ayuntamiento-de-amurrio-vuelve-a-poner-en-marcha-la-campana-bizi-gabonak-amurrion\/#breadcrumb","itemListElement":[{"@type":"ListItem","position":1,"name":"Portada","item":"https:\/\/amurriobidean.org\/es\/"},{"@type":"ListItem","position":2,"name":"EL AYUNTAMIENTO DE AMURRIO VUELVE A PONER EN MARCHA LA CAMPA\u00d1A \u201cBIZI GABONAK AMURRION\u201d"}]},{"@type":"WebSite","@id":"https:\/\/amurriobidean.org\/es\/#website","url":"https:\/\/amurriobidean.org\/es\/","name":"Amurrio Bidean. Garapen Agentzia - Agencia de desarrollo.","description":"Agencia de Desarollo Local de Amurrio","potentialAction":[{"@type":"SearchAction","target":{"@type":"EntryPoint","urlTemplate":"https:\/\/amurriobidean.org\/es\/?s={search_term_string}"},"query-input":{"@type":"PropertyValueSpecification","valueRequired":true,"valueName":"search_term_string"}}],"inLanguage":"es"},{"@type":"Person","@id":"https:\/\/amurriobidean.org\/es\/#\/schema\/person\/56c71b474b3e7f5f5e6f209a6cf3abfe","name":"Amurrio Bidean","image":{"@type":"ImageObject","inLanguage":"es","@id":"https:\/\/amurriobidean.org\/es\/#\/schema\/person\/image\/","url":"https:\/\/secure.gravatar.com\/avatar\/84a34d50800d0bb5d80eba504fc44ed48c9b2faab16ad58fa7d30bce4e2b661e","contentUrl":"https:\/\/secure.gravatar.com\/avatar\/84a34d50800d0bb5d80eba504fc44ed48c9b2faab16ad58fa7d30bce4e2b661e","caption":"Amurrio Bidean"},"sameAs":["http:\/\/www.amurriobidean.eus"],"url":"https:\/\/amurriobidean.org\/es\/author\/amurrio-bidean\/"}]}},"_links":{"self":[{"href":"https:\/\/amurriobidean.org\/es\/wp-json\/wp\/v2\/posts\/4671","targetHints":{"allow":["GET"]}}],"collection":[{"href":"https:\/\/amurriobidean.org\/es\/wp-json\/wp\/v2\/posts"}],"about":[{"href":"https:\/\/amurriobidean.org\/es\/wp-json\/wp\/v2\/types\/post"}],"author":[{"embeddable":true,"href":"https:\/\/amurriobidean.org\/es\/wp-json\/wp\/v2\/users\/2"}],"replies":[{"embeddable":true,"href":"https:\/\/amurriobidean.org\/es\/wp-json\/wp\/v2\/comments?post=4671"}],"version-history":[{"count":0,"href":"https:\/\/amurriobidean.org\/es\/wp-json\/wp\/v2\/posts\/4671\/revisions"}],"wp:featuredmedia":[{"embeddable":true,"href":"https:\/\/amurriobidean.org\/es\/wp-json\/wp\/v2\/media\/4672"}],"wp:attachment":[{"href":"https:\/\/amurriobidean.org\/es\/wp-json\/wp\/v2\/media?parent=4671"}],"wp:term":[{"taxonomy":"category","embeddable":true,"href":"https:\/\/amurriobidean.org\/es\/wp-json\/wp\/v2\/categories?post=4671"},{"taxonomy":"post_tag","embeddable":true,"href":"https:\/\/amurriobidean.org\/es\/wp-json\/wp\/v2\/tags?post=4671"}],"curies":[{"name":"wp","href":"https:\/\/api.w.org\/{rel}","templated":true}]}}