{"id":4615,"date":"2021-11-23T09:00:44","date_gmt":"2021-11-23T09:00:44","guid":{"rendered":"http:\/\/amurriobidean.org\/?p=4615"},"modified":"2021-11-23T09:03:20","modified_gmt":"2021-11-23T09:03:20","slug":"abierto-el-plazo-para-la-presentacion-de-propuestas-para-la-licitacion-del-arrendamiento-del-local-ubicado-en-el-edificio-el-refor","status":"publish","type":"post","link":"https:\/\/amurriobidean.org\/es\/abierto-el-plazo-para-la-presentacion-de-propuestas-para-la-licitacion-del-arrendamiento-del-local-ubicado-en-el-edificio-el-refor\/","title":{"rendered":"abierto el plazo para la presentaci\u00f3n de propuestas para la licitaci\u00f3n del arrendamiento del local ubicado en el edificio El Refor"},"content":{"rendered":"<p style=\"font-weight: 400;\">Hasta el 7 de diciembre est\u00e1 abierto el plazo para la presentaci\u00f3n de propuestas para la licitaci\u00f3n del arrendamiento del local ubicado en el edificio El Refor. Los pliegos se pueden consultar en la siguiente direcci\u00f3n :\u00a0<a href=\"https:\/\/amurriobidean.org\/es\/perfil-del-contratante\">https:\/\/amurriobidean.org\/es\/perfil-del-contratante<\/a><\/p>\n<p style=\"font-weight: 400;\">\n","protected":false},"excerpt":{"rendered":"<p>Hasta el 7 de diciembre est\u00e1 abierto el plazo para la presentaci\u00f3n de propuestas para la licitaci\u00f3n del arrendamiento del local ubicado en el edificio El Refor. Los pliegos se pueden consultar en la siguiente direcci\u00f3n :\u00a0https:\/\/amurriobidean.org\/es\/perfil-del-contratante<\/p>\n","protected":false},"author":2,"featured_media":4616,"comment_status":"closed","ping_status":"closed","sticky":false,"template":"","format":"standard","meta":{"footnotes":""},"categories":[28],"tags":[],"class_list":["post-4615","post","type-post","status-publish","format-standard","has-post-thumbnail","hentry","category-noticias"],"yoast_head":"<!-- This site is optimized with the Yoast SEO plugin v25.3 - https:\/\/yoast.com\/wordpress\/plugins\/seo\/ -->\n<title>abierto el plazo para la presentaci\u00f3n de propuestas para la licitaci\u00f3n del arrendamiento del local ubicado en el edificio El Refor - Amurrio Bidean. Garapen Agentzia - Agencia de desarrollo.<\/title>\n<meta name=\"robots\" content=\"index, follow, max-snippet:-1, max-image-preview:large, max-video-preview:-1\" \/>\n<link rel=\"canonical\" href=\"https:\/\/amurriobidean.org\/es\/abierto-el-plazo-para-la-presentacion-de-propuestas-para-la-licitacion-del-arrendamiento-del-local-ubicado-en-el-edificio-el-refor\/\" \/>\n<meta property=\"og:locale\" content=\"es_ES\" \/>\n<meta property=\"og:type\" content=\"article\" \/>\n<meta property=\"og:title\" content=\"abierto el plazo para la presentaci\u00f3n de propuestas para la licitaci\u00f3n del arrendamiento del local ubicado en el edificio El Refor - Amurrio Bidean. Garapen Agentzia - Agencia de desarrollo.\" \/>\n<meta property=\"og:description\" content=\"Hasta el 7 de diciembre est\u00e1 abierto el plazo para la presentaci\u00f3n de propuestas para la licitaci\u00f3n del arrendamiento del local ubicado en el edificio El Refor. Los pliegos se pueden consultar en la siguiente direcci\u00f3n :\u00a0https:\/\/amurriobidean.org\/es\/perfil-del-contratante\" \/>\n<meta property=\"og:url\" content=\"https:\/\/amurriobidean.org\/es\/abierto-el-plazo-para-la-presentacion-de-propuestas-para-la-licitacion-del-arrendamiento-del-local-ubicado-en-el-edificio-el-refor\/\" \/>\n<meta property=\"og:site_name\" content=\"Amurrio Bidean. Garapen Agentzia - Agencia de desarrollo.\" \/>\n<meta property=\"article:publisher\" content=\"https:\/\/www.facebook.com\/amurrio.bidean\" \/>\n<meta property=\"article:published_time\" content=\"2021-11-23T09:00:44+00:00\" \/>\n<meta property=\"article:modified_time\" content=\"2021-11-23T09:03:20+00:00\" \/>\n<meta property=\"og:image\" content=\"https:\/\/amurriobidean.org\/wp-content\/uploads\/2021\/11\/Blanco-Cuadrado-Ciudad-Generico-Blog-de-viaje-Titulo-iPhone-Diseno.png\" \/>\n\t<meta property=\"og:image:width\" content=\"1080\" \/>\n\t<meta property=\"og:image:height\" content=\"1080\" \/>\n\t<meta property=\"og:image:type\" content=\"image\/png\" \/>\n<meta name=\"author\" content=\"Amurrio Bidean\" \/>\n<meta name=\"twitter:card\" content=\"summary_large_image\" \/>\n<meta name=\"twitter:creator\" content=\"@amurriobidean\" \/>\n<meta name=\"twitter:site\" content=\"@amurriobidean\" \/>\n<meta name=\"twitter:label1\" content=\"Escrito por\" \/>\n\t<meta name=\"twitter:data1\" content=\"Amurrio Bidean\" \/>\n<script type=\"application\/ld+json\" class=\"yoast-schema-graph\">{\"@context\":\"https:\/\/schema.org\",\"@graph\":[{\"@type\":\"WebPage\",\"@id\":\"https:\/\/amurriobidean.org\/es\/abierto-el-plazo-para-la-presentacion-de-propuestas-para-la-licitacion-del-arrendamiento-del-local-ubicado-en-el-edificio-el-refor\/\",\"url\":\"https:\/\/amurriobidean.org\/es\/abierto-el-plazo-para-la-presentacion-de-propuestas-para-la-licitacion-del-arrendamiento-del-local-ubicado-en-el-edificio-el-refor\/\",\"name\":\"abierto el plazo para la presentaci\u00f3n de propuestas para la licitaci\u00f3n del arrendamiento del local ubicado en el edificio El Refor - Amurrio Bidean. Garapen Agentzia - Agencia de desarrollo.\",\"isPartOf\":{\"@id\":\"https:\/\/amurriobidean.org\/es\/#website\"},\"primaryImageOfPage\":{\"@id\":\"https:\/\/amurriobidean.org\/es\/abierto-el-plazo-para-la-presentacion-de-propuestas-para-la-licitacion-del-arrendamiento-del-local-ubicado-en-el-edificio-el-refor\/#primaryimage\"},\"image\":{\"@id\":\"https:\/\/amurriobidean.org\/es\/abierto-el-plazo-para-la-presentacion-de-propuestas-para-la-licitacion-del-arrendamiento-del-local-ubicado-en-el-edificio-el-refor\/#primaryimage\"},\"thumbnailUrl\":\"https:\/\/amurriobidean.org\/wp-content\/uploads\/2021\/11\/Blanco-Cuadrado-Ciudad-Generico-Blog-de-viaje-Titulo-iPhone-Diseno.png\",\"datePublished\":\"2021-11-23T09:00:44+00:00\",\"dateModified\":\"2021-11-23T09:03:20+00:00\",\"author\":{\"@id\":\"https:\/\/amurriobidean.org\/es\/#\/schema\/person\/56c71b474b3e7f5f5e6f209a6cf3abfe\"},\"breadcrumb\":{\"@id\":\"https:\/\/amurriobidean.org\/es\/abierto-el-plazo-para-la-presentacion-de-propuestas-para-la-licitacion-del-arrendamiento-del-local-ubicado-en-el-edificio-el-refor\/#breadcrumb\"},\"inLanguage\":\"es\",\"potentialAction\":[{\"@type\":\"ReadAction\",\"target\":[\"https:\/\/amurriobidean.org\/es\/abierto-el-plazo-para-la-presentacion-de-propuestas-para-la-licitacion-del-arrendamiento-del-local-ubicado-en-el-edificio-el-refor\/\"]}]},{\"@type\":\"ImageObject\",\"inLanguage\":\"es\",\"@id\":\"https:\/\/amurriobidean.org\/es\/abierto-el-plazo-para-la-presentacion-de-propuestas-para-la-licitacion-del-arrendamiento-del-local-ubicado-en-el-edificio-el-refor\/#primaryimage\",\"url\":\"https:\/\/amurriobidean.org\/wp-content\/uploads\/2021\/11\/Blanco-Cuadrado-Ciudad-Generico-Blog-de-viaje-Titulo-iPhone-Diseno.png\",\"contentUrl\":\"https:\/\/amurriobidean.org\/wp-content\/uploads\/2021\/11\/Blanco-Cuadrado-Ciudad-Generico-Blog-de-viaje-Titulo-iPhone-Diseno.png\",\"width\":1080,\"height\":1080},{\"@type\":\"BreadcrumbList\",\"@id\":\"https:\/\/amurriobidean.org\/es\/abierto-el-plazo-para-la-presentacion-de-propuestas-para-la-licitacion-del-arrendamiento-del-local-ubicado-en-el-edificio-el-refor\/#breadcrumb\",\"itemListElement\":[{\"@type\":\"ListItem\",\"position\":1,\"name\":\"Portada\",\"item\":\"https:\/\/amurriobidean.org\/es\/\"},{\"@type\":\"ListItem\",\"position\":2,\"name\":\"abierto el plazo para la presentaci\u00f3n de propuestas para la licitaci\u00f3n del arrendamiento del local ubicado en el edificio El Refor\"}]},{\"@type\":\"WebSite\",\"@id\":\"https:\/\/amurriobidean.org\/es\/#website\",\"url\":\"https:\/\/amurriobidean.org\/es\/\",\"name\":\"Amurrio Bidean. Garapen Agentzia - Agencia de desarrollo.\",\"description\":\"Agencia de Desarollo Local de Amurrio\",\"potentialAction\":[{\"@type\":\"SearchAction\",\"target\":{\"@type\":\"EntryPoint\",\"urlTemplate\":\"https:\/\/amurriobidean.org\/es\/?s={search_term_string}\"},\"query-input\":{\"@type\":\"PropertyValueSpecification\",\"valueRequired\":true,\"valueName\":\"search_term_string\"}}],\"inLanguage\":\"es\"},{\"@type\":\"Person\",\"@id\":\"https:\/\/amurriobidean.org\/es\/#\/schema\/person\/56c71b474b3e7f5f5e6f209a6cf3abfe\",\"name\":\"Amurrio Bidean\",\"image\":{\"@type\":\"ImageObject\",\"inLanguage\":\"es\",\"@id\":\"https:\/\/amurriobidean.org\/es\/#\/schema\/person\/image\/\",\"url\":\"https:\/\/secure.gravatar.com\/avatar\/84a34d50800d0bb5d80eba504fc44ed48c9b2faab16ad58fa7d30bce4e2b661e\",\"contentUrl\":\"https:\/\/secure.gravatar.com\/avatar\/84a34d50800d0bb5d80eba504fc44ed48c9b2faab16ad58fa7d30bce4e2b661e\",\"caption\":\"Amurrio Bidean\"},\"sameAs\":[\"http:\/\/www.amurriobidean.eus\"],\"url\":\"https:\/\/amurriobidean.org\/es\/author\/amurrio-bidean\/\"}]}<\/script>\n<!-- \/ Yoast SEO plugin. -->","yoast_head_json":{"title":"abierto el plazo para la presentaci\u00f3n de propuestas para la licitaci\u00f3n del arrendamiento del local ubicado en el edificio El Refor - Amurrio Bidean. Garapen Agentzia - Agencia de desarrollo.","robots":{"index":"index","follow":"follow","max-snippet":"max-snippet:-1","max-image-preview":"max-image-preview:large","max-video-preview":"max-video-preview:-1"},"canonical":"https:\/\/amurriobidean.org\/es\/abierto-el-plazo-para-la-presentacion-de-propuestas-para-la-licitacion-del-arrendamiento-del-local-ubicado-en-el-edificio-el-refor\/","og_locale":"es_ES","og_type":"article","og_title":"abierto el plazo para la presentaci\u00f3n de propuestas para la licitaci\u00f3n del arrendamiento del local ubicado en el edificio El Refor - Amurrio Bidean. Garapen Agentzia - Agencia de desarrollo.","og_description":"Hasta el 7 de diciembre est\u00e1 abierto el plazo para la presentaci\u00f3n de propuestas para la licitaci\u00f3n del arrendamiento del local ubicado en el edificio El Refor. Los pliegos se pueden consultar en la siguiente direcci\u00f3n :\u00a0https:\/\/amurriobidean.org\/es\/perfil-del-contratante","og_url":"https:\/\/amurriobidean.org\/es\/abierto-el-plazo-para-la-presentacion-de-propuestas-para-la-licitacion-del-arrendamiento-del-local-ubicado-en-el-edificio-el-refor\/","og_site_name":"Amurrio Bidean. Garapen Agentzia - Agencia de desarrollo.","article_publisher":"https:\/\/www.facebook.com\/amurrio.bidean","article_published_time":"2021-11-23T09:00:44+00:00","article_modified_time":"2021-11-23T09:03:20+00:00","og_image":[{"width":1080,"height":1080,"url":"https:\/\/amurriobidean.org\/wp-content\/uploads\/2021\/11\/Blanco-Cuadrado-Ciudad-Generico-Blog-de-viaje-Titulo-iPhone-Diseno.png","type":"image\/png"}],"author":"Amurrio Bidean","twitter_card":"summary_large_image","twitter_creator":"@amurriobidean","twitter_site":"@amurriobidean","twitter_misc":{"Escrito por":"Amurrio Bidean"},"schema":{"@context":"https:\/\/schema.org","@graph":[{"@type":"WebPage","@id":"https:\/\/amurriobidean.org\/es\/abierto-el-plazo-para-la-presentacion-de-propuestas-para-la-licitacion-del-arrendamiento-del-local-ubicado-en-el-edificio-el-refor\/","url":"https:\/\/amurriobidean.org\/es\/abierto-el-plazo-para-la-presentacion-de-propuestas-para-la-licitacion-del-arrendamiento-del-local-ubicado-en-el-edificio-el-refor\/","name":"abierto el plazo para la presentaci\u00f3n de propuestas para la licitaci\u00f3n del arrendamiento del local ubicado en el edificio El Refor - Amurrio Bidean. Garapen Agentzia - Agencia de desarrollo.","isPartOf":{"@id":"https:\/\/amurriobidean.org\/es\/#website"},"primaryImageOfPage":{"@id":"https:\/\/amurriobidean.org\/es\/abierto-el-plazo-para-la-presentacion-de-propuestas-para-la-licitacion-del-arrendamiento-del-local-ubicado-en-el-edificio-el-refor\/#primaryimage"},"image":{"@id":"https:\/\/amurriobidean.org\/es\/abierto-el-plazo-para-la-presentacion-de-propuestas-para-la-licitacion-del-arrendamiento-del-local-ubicado-en-el-edificio-el-refor\/#primaryimage"},"thumbnailUrl":"https:\/\/amurriobidean.org\/wp-content\/uploads\/2021\/11\/Blanco-Cuadrado-Ciudad-Generico-Blog-de-viaje-Titulo-iPhone-Diseno.png","datePublished":"2021-11-23T09:00:44+00:00","dateModified":"2021-11-23T09:03:20+00:00","author":{"@id":"https:\/\/amurriobidean.org\/es\/#\/schema\/person\/56c71b474b3e7f5f5e6f209a6cf3abfe"},"breadcrumb":{"@id":"https:\/\/amurriobidean.org\/es\/abierto-el-plazo-para-la-presentacion-de-propuestas-para-la-licitacion-del-arrendamiento-del-local-ubicado-en-el-edificio-el-refor\/#breadcrumb"},"inLanguage":"es","potentialAction":[{"@type":"ReadAction","target":["https:\/\/amurriobidean.org\/es\/abierto-el-plazo-para-la-presentacion-de-propuestas-para-la-licitacion-del-arrendamiento-del-local-ubicado-en-el-edificio-el-refor\/"]}]},{"@type":"ImageObject","inLanguage":"es","@id":"https:\/\/amurriobidean.org\/es\/abierto-el-plazo-para-la-presentacion-de-propuestas-para-la-licitacion-del-arrendamiento-del-local-ubicado-en-el-edificio-el-refor\/#primaryimage","url":"https:\/\/amurriobidean.org\/wp-content\/uploads\/2021\/11\/Blanco-Cuadrado-Ciudad-Generico-Blog-de-viaje-Titulo-iPhone-Diseno.png","contentUrl":"https:\/\/amurriobidean.org\/wp-content\/uploads\/2021\/11\/Blanco-Cuadrado-Ciudad-Generico-Blog-de-viaje-Titulo-iPhone-Diseno.png","width":1080,"height":1080},{"@type":"BreadcrumbList","@id":"https:\/\/amurriobidean.org\/es\/abierto-el-plazo-para-la-presentacion-de-propuestas-para-la-licitacion-del-arrendamiento-del-local-ubicado-en-el-edificio-el-refor\/#breadcrumb","itemListElement":[{"@type":"ListItem","position":1,"name":"Portada","item":"https:\/\/amurriobidean.org\/es\/"},{"@type":"ListItem","position":2,"name":"abierto el plazo para la presentaci\u00f3n de propuestas para la licitaci\u00f3n del arrendamiento del local ubicado en el edificio El Refor"}]},{"@type":"WebSite","@id":"https:\/\/amurriobidean.org\/es\/#website","url":"https:\/\/amurriobidean.org\/es\/","name":"Amurrio Bidean. Garapen Agentzia - Agencia de desarrollo.","description":"Agencia de Desarollo Local de Amurrio","potentialAction":[{"@type":"SearchAction","target":{"@type":"EntryPoint","urlTemplate":"https:\/\/amurriobidean.org\/es\/?s={search_term_string}"},"query-input":{"@type":"PropertyValueSpecification","valueRequired":true,"valueName":"search_term_string"}}],"inLanguage":"es"},{"@type":"Person","@id":"https:\/\/amurriobidean.org\/es\/#\/schema\/person\/56c71b474b3e7f5f5e6f209a6cf3abfe","name":"Amurrio Bidean","image":{"@type":"ImageObject","inLanguage":"es","@id":"https:\/\/amurriobidean.org\/es\/#\/schema\/person\/image\/","url":"https:\/\/secure.gravatar.com\/avatar\/84a34d50800d0bb5d80eba504fc44ed48c9b2faab16ad58fa7d30bce4e2b661e","contentUrl":"https:\/\/secure.gravatar.com\/avatar\/84a34d50800d0bb5d80eba504fc44ed48c9b2faab16ad58fa7d30bce4e2b661e","caption":"Amurrio Bidean"},"sameAs":["http:\/\/www.amurriobidean.eus"],"url":"https:\/\/amurriobidean.org\/es\/author\/amurrio-bidean\/"}]}},"_links":{"self":[{"href":"https:\/\/amurriobidean.org\/es\/wp-json\/wp\/v2\/posts\/4615","targetHints":{"allow":["GET"]}}],"collection":[{"href":"https:\/\/amurriobidean.org\/es\/wp-json\/wp\/v2\/posts"}],"about":[{"href":"https:\/\/amurriobidean.org\/es\/wp-json\/wp\/v2\/types\/post"}],"author":[{"embeddable":true,"href":"https:\/\/amurriobidean.org\/es\/wp-json\/wp\/v2\/users\/2"}],"replies":[{"embeddable":true,"href":"https:\/\/amurriobidean.org\/es\/wp-json\/wp\/v2\/comments?post=4615"}],"version-history":[{"count":0,"href":"https:\/\/amurriobidean.org\/es\/wp-json\/wp\/v2\/posts\/4615\/revisions"}],"wp:featuredmedia":[{"embeddable":true,"href":"https:\/\/amurriobidean.org\/es\/wp-json\/wp\/v2\/media\/4616"}],"wp:attachment":[{"href":"https:\/\/amurriobidean.org\/es\/wp-json\/wp\/v2\/media?parent=4615"}],"wp:term":[{"taxonomy":"category","embeddable":true,"href":"https:\/\/amurriobidean.org\/es\/wp-json\/wp\/v2\/categories?post=4615"},{"taxonomy":"post_tag","embeddable":true,"href":"https:\/\/amurriobidean.org\/es\/wp-json\/wp\/v2\/tags?post=4615"}],"curies":[{"name":"wp","href":"https:\/\/api.w.org\/{rel}","templated":true}]}}