{"id":4451,"date":"2021-07-30T08:33:39","date_gmt":"2021-07-30T08:33:39","guid":{"rendered":"http:\/\/amurriobidean.eus\/?p=4451"},"modified":"2021-07-30T08:33:39","modified_gmt":"2021-07-30T08:33:39","slug":"amurrio-bidean-ha-organizado-seis-nuevas-acciones-formativas-que-se-impartiran-el-ultimo-trimestre-del-ano","status":"publish","type":"post","link":"https:\/\/amurriobidean.org\/es\/amurrio-bidean-ha-organizado-seis-nuevas-acciones-formativas-que-se-impartiran-el-ultimo-trimestre-del-ano\/","title":{"rendered":"Amurrio Bidean ha organizado seis nuevas acciones formativas que se impartir\u00e1n el \u00faltimo trimestre del a\u00f1o"},"content":{"rendered":"<p><strong>Las herramientas digitales y la formaci\u00f3n para el empleo son las tem\u00e1ticas clave de esta oferta formativa que se llevar\u00e1 a cabo entre los meses de octubre y diciembre.<\/strong><\/p>\n<p>Amurrio Bidean, Agencia de Desarrollo Local del Ayuntamiento de Amurrio, ha dise\u00f1ado una serie de talleres y acciones formativas dirigidas tanto a personas en activo que quieran mejorar sus habilidades o adquirir nuevos conocimientos como para personas desempleadas con el objetivo de facilitarles su incorporaci\u00f3n o reincorporaci\u00f3n al mercado laboral.<\/p>\n<p>Tres de las acciones formativas se impartir\u00e1n on-line y el resto de los cursos tendr\u00e1n formato presencial, pero cumpliendo con el protocolo de seguridad debido a la pandemia.<\/p>\n<p>Las acciones est\u00e1n subvencionadas por la Diputaci\u00f3n Foral de \u00c1lava a trav\u00e9s de la Cuadrilla de Ayala salvo el Programa Hazilan que est\u00e1 subvencionado y cofinanciado al 50% por el FSE y enmarcado en el POPV 2014-2020.<\/p>\n<p>Las plazas son limitadas y las inscripciones comenzar\u00e1n a partir del 1 de septiembre.\u00a0 Las personas interesadas en participar o que quieran ampliar informaci\u00f3n pueden ponerse en contacto con Amurrio Bidean, en el tel\u00e9fono 945891721 o en el correo electr\u00f3nico <a href=\"mailto:formacion@amurriobidean.org\">formacion@amurriobidean.org<\/a><\/p>\n<p>La formaci\u00f3n prevista es la que sigue:<\/p>\n<ul>\n<li>HAZILAN (130 h) y 4 meses de pr\u00e1cticas<\/li>\n<li>Excel Avanzado: Herramientas inteligencia de negocio (30h)<\/li>\n<li>El proceso de venta y sus t\u00e9cnicas. Incorporando herramientas digitales (12 h)<\/li>\n<li>Aplicaciones inform\u00e1ticas de gesti\u00f3n: Contaplus y Nominaplus (50 h)<\/li>\n<li>C\u00f3mo dinamizar reuniones on-line eficaces (14 h)<\/li>\n<li>Okupatu: Prep\u00e1rate para el empleo (20 h)<\/li>\n<\/ul>\n<p>Para m\u00e1s informaci\u00f3n de cada acci\u00f3n desc\u00e1rgate el documento adjunto.<\/p>\n<p>Se aprovecha tambi\u00e9n para comunicar que del 31 de julio al 29 de agosto las instalaciones de Amurrio Bidean permanecer\u00e1n cerradas por vacaciones.<\/p>\n<p><a href=\"http:\/\/amurriobidean.eus\/wp-content\/uploads\/2021\/07\/PROGRAMA-1.-castellano.pdf\">PROGRAMA 1.-castellano<\/a><\/p>\n","protected":false},"excerpt":{"rendered":"<p>Las herramientas digitales y la formaci\u00f3n para el empleo son las tem\u00e1ticas clave de esta oferta formativa que se llevar\u00e1 a cabo entre los meses de octubre y diciembre. Amurrio Bidean, Agencia de Desarrollo Local del Ayuntamiento de Amurrio, ha dise\u00f1ado una serie de talleres y acciones formativas dirigidas tanto a personas en activo que [&hellip;]<\/p>\n","protected":false},"author":2,"featured_media":4454,"comment_status":"closed","ping_status":"closed","sticky":false,"template":"","format":"standard","meta":{"footnotes":""},"categories":[28],"tags":[],"class_list":["post-4451","post","type-post","status-publish","format-standard","has-post-thumbnail","hentry","category-noticias"],"yoast_head":"<!-- This site is optimized with the Yoast SEO plugin v25.3 - https:\/\/yoast.com\/wordpress\/plugins\/seo\/ -->\n<title>Amurrio Bidean ha organizado seis nuevas acciones formativas que se impartir\u00e1n el \u00faltimo trimestre del a\u00f1o - Amurrio Bidean. Garapen Agentzia - Agencia de desarrollo.<\/title>\n<meta name=\"robots\" content=\"index, follow, max-snippet:-1, max-image-preview:large, max-video-preview:-1\" \/>\n<link rel=\"canonical\" href=\"https:\/\/amurriobidean.org\/es\/amurrio-bidean-ha-organizado-seis-nuevas-acciones-formativas-que-se-impartiran-el-ultimo-trimestre-del-ano\/\" \/>\n<meta property=\"og:locale\" content=\"es_ES\" \/>\n<meta property=\"og:type\" content=\"article\" \/>\n<meta property=\"og:title\" content=\"Amurrio Bidean ha organizado seis nuevas acciones formativas que se impartir\u00e1n el \u00faltimo trimestre del a\u00f1o - Amurrio Bidean. Garapen Agentzia - Agencia de desarrollo.\" \/>\n<meta property=\"og:description\" content=\"Las herramientas digitales y la formaci\u00f3n para el empleo son las tem\u00e1ticas clave de esta oferta formativa que se llevar\u00e1 a cabo entre los meses de octubre y diciembre. Amurrio Bidean, Agencia de Desarrollo Local del Ayuntamiento de Amurrio, ha dise\u00f1ado una serie de talleres y acciones formativas dirigidas tanto a personas en activo que [&hellip;]\" \/>\n<meta property=\"og:url\" content=\"https:\/\/amurriobidean.org\/es\/amurrio-bidean-ha-organizado-seis-nuevas-acciones-formativas-que-se-impartiran-el-ultimo-trimestre-del-ano\/\" \/>\n<meta property=\"og:site_name\" content=\"Amurrio Bidean. Garapen Agentzia - Agencia de desarrollo.\" \/>\n<meta property=\"article:publisher\" content=\"https:\/\/www.facebook.com\/amurrio.bidean\" \/>\n<meta property=\"article:published_time\" content=\"2021-07-30T08:33:39+00:00\" \/>\n<meta property=\"og:image\" content=\"https:\/\/amurriobidean.org\/wp-content\/uploads\/2021\/07\/castellano-1.png\" \/>\n\t<meta property=\"og:image:width\" content=\"1654\" \/>\n\t<meta property=\"og:image:height\" content=\"1654\" \/>\n\t<meta property=\"og:image:type\" content=\"image\/png\" \/>\n<meta name=\"author\" content=\"Amurrio Bidean\" \/>\n<meta name=\"twitter:card\" content=\"summary_large_image\" \/>\n<meta name=\"twitter:creator\" content=\"@amurriobidean\" \/>\n<meta name=\"twitter:site\" content=\"@amurriobidean\" \/>\n<meta name=\"twitter:label1\" content=\"Escrito por\" \/>\n\t<meta name=\"twitter:data1\" content=\"Amurrio Bidean\" \/>\n\t<meta name=\"twitter:label2\" content=\"Tiempo de lectura\" \/>\n\t<meta name=\"twitter:data2\" content=\"2 minutos\" \/>\n<script type=\"application\/ld+json\" class=\"yoast-schema-graph\">{\"@context\":\"https:\/\/schema.org\",\"@graph\":[{\"@type\":\"WebPage\",\"@id\":\"https:\/\/amurriobidean.org\/es\/amurrio-bidean-ha-organizado-seis-nuevas-acciones-formativas-que-se-impartiran-el-ultimo-trimestre-del-ano\/\",\"url\":\"https:\/\/amurriobidean.org\/es\/amurrio-bidean-ha-organizado-seis-nuevas-acciones-formativas-que-se-impartiran-el-ultimo-trimestre-del-ano\/\",\"name\":\"Amurrio Bidean ha organizado seis nuevas acciones formativas que se impartir\u00e1n el \u00faltimo trimestre del a\u00f1o - Amurrio Bidean. Garapen Agentzia - Agencia de desarrollo.\",\"isPartOf\":{\"@id\":\"https:\/\/amurriobidean.org\/es\/#website\"},\"primaryImageOfPage\":{\"@id\":\"https:\/\/amurriobidean.org\/es\/amurrio-bidean-ha-organizado-seis-nuevas-acciones-formativas-que-se-impartiran-el-ultimo-trimestre-del-ano\/#primaryimage\"},\"image\":{\"@id\":\"https:\/\/amurriobidean.org\/es\/amurrio-bidean-ha-organizado-seis-nuevas-acciones-formativas-que-se-impartiran-el-ultimo-trimestre-del-ano\/#primaryimage\"},\"thumbnailUrl\":\"https:\/\/amurriobidean.org\/wp-content\/uploads\/2021\/07\/castellano-1.png\",\"datePublished\":\"2021-07-30T08:33:39+00:00\",\"author\":{\"@id\":\"https:\/\/amurriobidean.org\/es\/#\/schema\/person\/56c71b474b3e7f5f5e6f209a6cf3abfe\"},\"breadcrumb\":{\"@id\":\"https:\/\/amurriobidean.org\/es\/amurrio-bidean-ha-organizado-seis-nuevas-acciones-formativas-que-se-impartiran-el-ultimo-trimestre-del-ano\/#breadcrumb\"},\"inLanguage\":\"es\",\"potentialAction\":[{\"@type\":\"ReadAction\",\"target\":[\"https:\/\/amurriobidean.org\/es\/amurrio-bidean-ha-organizado-seis-nuevas-acciones-formativas-que-se-impartiran-el-ultimo-trimestre-del-ano\/\"]}]},{\"@type\":\"ImageObject\",\"inLanguage\":\"es\",\"@id\":\"https:\/\/amurriobidean.org\/es\/amurrio-bidean-ha-organizado-seis-nuevas-acciones-formativas-que-se-impartiran-el-ultimo-trimestre-del-ano\/#primaryimage\",\"url\":\"https:\/\/amurriobidean.org\/wp-content\/uploads\/2021\/07\/castellano-1.png\",\"contentUrl\":\"https:\/\/amurriobidean.org\/wp-content\/uploads\/2021\/07\/castellano-1.png\",\"width\":1654,\"height\":1654},{\"@type\":\"BreadcrumbList\",\"@id\":\"https:\/\/amurriobidean.org\/es\/amurrio-bidean-ha-organizado-seis-nuevas-acciones-formativas-que-se-impartiran-el-ultimo-trimestre-del-ano\/#breadcrumb\",\"itemListElement\":[{\"@type\":\"ListItem\",\"position\":1,\"name\":\"Portada\",\"item\":\"https:\/\/amurriobidean.org\/es\/\"},{\"@type\":\"ListItem\",\"position\":2,\"name\":\"Amurrio Bidean ha organizado seis nuevas acciones formativas que se impartir\u00e1n el \u00faltimo trimestre del a\u00f1o\"}]},{\"@type\":\"WebSite\",\"@id\":\"https:\/\/amurriobidean.org\/es\/#website\",\"url\":\"https:\/\/amurriobidean.org\/es\/\",\"name\":\"Amurrio Bidean. Garapen Agentzia - Agencia de desarrollo.\",\"description\":\"Agencia de Desarollo Local de Amurrio\",\"potentialAction\":[{\"@type\":\"SearchAction\",\"target\":{\"@type\":\"EntryPoint\",\"urlTemplate\":\"https:\/\/amurriobidean.org\/es\/?s={search_term_string}\"},\"query-input\":{\"@type\":\"PropertyValueSpecification\",\"valueRequired\":true,\"valueName\":\"search_term_string\"}}],\"inLanguage\":\"es\"},{\"@type\":\"Person\",\"@id\":\"https:\/\/amurriobidean.org\/es\/#\/schema\/person\/56c71b474b3e7f5f5e6f209a6cf3abfe\",\"name\":\"Amurrio Bidean\",\"image\":{\"@type\":\"ImageObject\",\"inLanguage\":\"es\",\"@id\":\"https:\/\/amurriobidean.org\/es\/#\/schema\/person\/image\/\",\"url\":\"https:\/\/secure.gravatar.com\/avatar\/84a34d50800d0bb5d80eba504fc44ed48c9b2faab16ad58fa7d30bce4e2b661e\",\"contentUrl\":\"https:\/\/secure.gravatar.com\/avatar\/84a34d50800d0bb5d80eba504fc44ed48c9b2faab16ad58fa7d30bce4e2b661e\",\"caption\":\"Amurrio Bidean\"},\"sameAs\":[\"http:\/\/www.amurriobidean.eus\"],\"url\":\"https:\/\/amurriobidean.org\/es\/author\/amurrio-bidean\/\"}]}<\/script>\n<!-- \/ Yoast SEO plugin. -->","yoast_head_json":{"title":"Amurrio Bidean ha organizado seis nuevas acciones formativas que se impartir\u00e1n el \u00faltimo trimestre del a\u00f1o - Amurrio Bidean. Garapen Agentzia - Agencia de desarrollo.","robots":{"index":"index","follow":"follow","max-snippet":"max-snippet:-1","max-image-preview":"max-image-preview:large","max-video-preview":"max-video-preview:-1"},"canonical":"https:\/\/amurriobidean.org\/es\/amurrio-bidean-ha-organizado-seis-nuevas-acciones-formativas-que-se-impartiran-el-ultimo-trimestre-del-ano\/","og_locale":"es_ES","og_type":"article","og_title":"Amurrio Bidean ha organizado seis nuevas acciones formativas que se impartir\u00e1n el \u00faltimo trimestre del a\u00f1o - Amurrio Bidean. Garapen Agentzia - Agencia de desarrollo.","og_description":"Las herramientas digitales y la formaci\u00f3n para el empleo son las tem\u00e1ticas clave de esta oferta formativa que se llevar\u00e1 a cabo entre los meses de octubre y diciembre. Amurrio Bidean, Agencia de Desarrollo Local del Ayuntamiento de Amurrio, ha dise\u00f1ado una serie de talleres y acciones formativas dirigidas tanto a personas en activo que [&hellip;]","og_url":"https:\/\/amurriobidean.org\/es\/amurrio-bidean-ha-organizado-seis-nuevas-acciones-formativas-que-se-impartiran-el-ultimo-trimestre-del-ano\/","og_site_name":"Amurrio Bidean. Garapen Agentzia - Agencia de desarrollo.","article_publisher":"https:\/\/www.facebook.com\/amurrio.bidean","article_published_time":"2021-07-30T08:33:39+00:00","og_image":[{"width":1654,"height":1654,"url":"https:\/\/amurriobidean.org\/wp-content\/uploads\/2021\/07\/castellano-1.png","type":"image\/png"}],"author":"Amurrio Bidean","twitter_card":"summary_large_image","twitter_creator":"@amurriobidean","twitter_site":"@amurriobidean","twitter_misc":{"Escrito por":"Amurrio Bidean","Tiempo de lectura":"2 minutos"},"schema":{"@context":"https:\/\/schema.org","@graph":[{"@type":"WebPage","@id":"https:\/\/amurriobidean.org\/es\/amurrio-bidean-ha-organizado-seis-nuevas-acciones-formativas-que-se-impartiran-el-ultimo-trimestre-del-ano\/","url":"https:\/\/amurriobidean.org\/es\/amurrio-bidean-ha-organizado-seis-nuevas-acciones-formativas-que-se-impartiran-el-ultimo-trimestre-del-ano\/","name":"Amurrio Bidean ha organizado seis nuevas acciones formativas que se impartir\u00e1n el \u00faltimo trimestre del a\u00f1o - Amurrio Bidean. Garapen Agentzia - Agencia de desarrollo.","isPartOf":{"@id":"https:\/\/amurriobidean.org\/es\/#website"},"primaryImageOfPage":{"@id":"https:\/\/amurriobidean.org\/es\/amurrio-bidean-ha-organizado-seis-nuevas-acciones-formativas-que-se-impartiran-el-ultimo-trimestre-del-ano\/#primaryimage"},"image":{"@id":"https:\/\/amurriobidean.org\/es\/amurrio-bidean-ha-organizado-seis-nuevas-acciones-formativas-que-se-impartiran-el-ultimo-trimestre-del-ano\/#primaryimage"},"thumbnailUrl":"https:\/\/amurriobidean.org\/wp-content\/uploads\/2021\/07\/castellano-1.png","datePublished":"2021-07-30T08:33:39+00:00","author":{"@id":"https:\/\/amurriobidean.org\/es\/#\/schema\/person\/56c71b474b3e7f5f5e6f209a6cf3abfe"},"breadcrumb":{"@id":"https:\/\/amurriobidean.org\/es\/amurrio-bidean-ha-organizado-seis-nuevas-acciones-formativas-que-se-impartiran-el-ultimo-trimestre-del-ano\/#breadcrumb"},"inLanguage":"es","potentialAction":[{"@type":"ReadAction","target":["https:\/\/amurriobidean.org\/es\/amurrio-bidean-ha-organizado-seis-nuevas-acciones-formativas-que-se-impartiran-el-ultimo-trimestre-del-ano\/"]}]},{"@type":"ImageObject","inLanguage":"es","@id":"https:\/\/amurriobidean.org\/es\/amurrio-bidean-ha-organizado-seis-nuevas-acciones-formativas-que-se-impartiran-el-ultimo-trimestre-del-ano\/#primaryimage","url":"https:\/\/amurriobidean.org\/wp-content\/uploads\/2021\/07\/castellano-1.png","contentUrl":"https:\/\/amurriobidean.org\/wp-content\/uploads\/2021\/07\/castellano-1.png","width":1654,"height":1654},{"@type":"BreadcrumbList","@id":"https:\/\/amurriobidean.org\/es\/amurrio-bidean-ha-organizado-seis-nuevas-acciones-formativas-que-se-impartiran-el-ultimo-trimestre-del-ano\/#breadcrumb","itemListElement":[{"@type":"ListItem","position":1,"name":"Portada","item":"https:\/\/amurriobidean.org\/es\/"},{"@type":"ListItem","position":2,"name":"Amurrio Bidean ha organizado seis nuevas acciones formativas que se impartir\u00e1n el \u00faltimo trimestre del a\u00f1o"}]},{"@type":"WebSite","@id":"https:\/\/amurriobidean.org\/es\/#website","url":"https:\/\/amurriobidean.org\/es\/","name":"Amurrio Bidean. Garapen Agentzia - Agencia de desarrollo.","description":"Agencia de Desarollo Local de Amurrio","potentialAction":[{"@type":"SearchAction","target":{"@type":"EntryPoint","urlTemplate":"https:\/\/amurriobidean.org\/es\/?s={search_term_string}"},"query-input":{"@type":"PropertyValueSpecification","valueRequired":true,"valueName":"search_term_string"}}],"inLanguage":"es"},{"@type":"Person","@id":"https:\/\/amurriobidean.org\/es\/#\/schema\/person\/56c71b474b3e7f5f5e6f209a6cf3abfe","name":"Amurrio Bidean","image":{"@type":"ImageObject","inLanguage":"es","@id":"https:\/\/amurriobidean.org\/es\/#\/schema\/person\/image\/","url":"https:\/\/secure.gravatar.com\/avatar\/84a34d50800d0bb5d80eba504fc44ed48c9b2faab16ad58fa7d30bce4e2b661e","contentUrl":"https:\/\/secure.gravatar.com\/avatar\/84a34d50800d0bb5d80eba504fc44ed48c9b2faab16ad58fa7d30bce4e2b661e","caption":"Amurrio Bidean"},"sameAs":["http:\/\/www.amurriobidean.eus"],"url":"https:\/\/amurriobidean.org\/es\/author\/amurrio-bidean\/"}]}},"_links":{"self":[{"href":"https:\/\/amurriobidean.org\/es\/wp-json\/wp\/v2\/posts\/4451","targetHints":{"allow":["GET"]}}],"collection":[{"href":"https:\/\/amurriobidean.org\/es\/wp-json\/wp\/v2\/posts"}],"about":[{"href":"https:\/\/amurriobidean.org\/es\/wp-json\/wp\/v2\/types\/post"}],"author":[{"embeddable":true,"href":"https:\/\/amurriobidean.org\/es\/wp-json\/wp\/v2\/users\/2"}],"replies":[{"embeddable":true,"href":"https:\/\/amurriobidean.org\/es\/wp-json\/wp\/v2\/comments?post=4451"}],"version-history":[{"count":0,"href":"https:\/\/amurriobidean.org\/es\/wp-json\/wp\/v2\/posts\/4451\/revisions"}],"wp:featuredmedia":[{"embeddable":true,"href":"https:\/\/amurriobidean.org\/es\/wp-json\/wp\/v2\/media\/4454"}],"wp:attachment":[{"href":"https:\/\/amurriobidean.org\/es\/wp-json\/wp\/v2\/media?parent=4451"}],"wp:term":[{"taxonomy":"category","embeddable":true,"href":"https:\/\/amurriobidean.org\/es\/wp-json\/wp\/v2\/categories?post=4451"},{"taxonomy":"post_tag","embeddable":true,"href":"https:\/\/amurriobidean.org\/es\/wp-json\/wp\/v2\/tags?post=4451"}],"curies":[{"name":"wp","href":"https:\/\/api.w.org\/{rel}","templated":true}]}}