{"id":4367,"date":"2021-05-12T09:38:13","date_gmt":"2021-05-12T09:38:13","guid":{"rendered":"http:\/\/amurriobidean.eus\/?p=4367"},"modified":"2021-05-12T09:38:13","modified_gmt":"2021-05-12T09:38:13","slug":"las-productoras-y-los-productores-de-amurrio-se-suman-a-la-iniciativa-aiaraldea-dendatik-etxera","status":"publish","type":"post","link":"https:\/\/amurriobidean.org\/es\/las-productoras-y-los-productores-de-amurrio-se-suman-a-la-iniciativa-aiaraldea-dendatik-etxera\/","title":{"rendered":"LAS PRODUCTORAS Y LOS PRODUCTORES DE AMURRIO SE SUMAN A LA INICIATIVA \u2018AIARALDEA DENDATIK ETXERA\u2019"},"content":{"rendered":"<p><strong>En total hasta la fecha se han adherido a este proyecto 6 puestos del mercado de los viernes; el reparto de los productos se realizar\u00e1 los viernes de 14:00 a 16:00 horas.<\/strong><\/p>\n<p><strong>Las vecinas y los vecinos de Amurrio que quieran participar en esta experiencia deber\u00e1n rellenar un formulario online. <\/strong><\/p>\n<p><strong>\u00a0<\/strong><\/p>\n<p>Las productoras y los productores de Amurrio se han sumado a \u2018Aiaraldea Dendatik Etxera\u2019 dise\u00f1ada por la Cuadrilla de Ayala junto con los Ayuntamientos de Amurrio y Laudio. Esta iniciativa busca impulsar el consumo en los comercios locales, por ello, a trav\u00e9s de esta experiencia se llevar\u00e1n los pedidos realizados hasta los domicilios.<\/p>\n<p>En total, hasta la fecha se han sumado 6 productoras y productores del mercado de los viernes a la iniciativa \u2018Aiaraldea Dendatik Etxera\u2019, <strong>Queser\u00eda Karobi, Quesos Agui\u00f1iga, Burutxaga hestebeteak, Pasteleria Arantzazu, Lureder y Ziorregi S.C.,<\/strong> un paso m\u00e1s para promover el consumo de producto KM0, de Amurrio y de la comarca. El periodo de inscripci\u00f3n para ser parte de este proyecto permanece abierto, con lo que se podr\u00e1n sumar quienes lo deseen.<\/p>\n<p>De este modo, las productoras y los productores locales se suman a los comercios de la localidad que ya formaban parte desde septiembre de \u2018Aiaraldea Dendatik Etxera\u2019 y que son: <strong>industrias c\u00e1rnicas Burutxaga, pescader\u00eda Boga Boga, pescader\u00eda Alberto Otegui, Goxe Berri y carnicer\u00eda San Jos\u00e9 S.C.<\/strong><\/p>\n<p>Las vecinas y los vecinos interesados en participar en esta experiencia piloto deber\u00e1n rellenar un formulario online a trav\u00e9s de la siguiente p\u00e1gina web: <a href=\"https:\/\/docs.google.com\/forms\/d\/e\/1FAIpQLScR5kxcysdfK0ScI6I2rv_NQxXLdKGUuqieqPqu2-I3gB18Hw\/viewform\">https:\/\/docs.google.com\/forms\/d\/e\/1FAIpQLScR5kxcysdfK0ScI6I2rv_NQxXLdKGUuqieqPqu2-I3gB18Hw\/viewform<\/a><\/p>\n","protected":false},"excerpt":{"rendered":"<p>En total hasta la fecha se han adherido a este proyecto 6 puestos del mercado de los viernes; el reparto de los productos se realizar\u00e1 los viernes de 14:00 a 16:00 horas. Las vecinas y los vecinos de Amurrio que quieran participar en esta experiencia deber\u00e1n rellenar un formulario online. \u00a0 Las productoras y los [&hellip;]<\/p>\n","protected":false},"author":2,"featured_media":3954,"comment_status":"closed","ping_status":"closed","sticky":false,"template":"","format":"standard","meta":{"footnotes":""},"categories":[28],"tags":[],"class_list":["post-4367","post","type-post","status-publish","format-standard","has-post-thumbnail","hentry","category-noticias"],"yoast_head":"<!-- This site is optimized with the Yoast SEO plugin v25.3 - https:\/\/yoast.com\/wordpress\/plugins\/seo\/ -->\n<title>LAS PRODUCTORAS Y LOS PRODUCTORES DE AMURRIO SE SUMAN A LA INICIATIVA \u2018AIARALDEA DENDATIK ETXERA\u2019 - Amurrio Bidean. Garapen Agentzia - Agencia de desarrollo.<\/title>\n<meta name=\"robots\" content=\"index, follow, max-snippet:-1, max-image-preview:large, max-video-preview:-1\" \/>\n<link rel=\"canonical\" href=\"https:\/\/amurriobidean.org\/es\/las-productoras-y-los-productores-de-amurrio-se-suman-a-la-iniciativa-aiaraldea-dendatik-etxera\/\" \/>\n<meta property=\"og:locale\" content=\"es_ES\" \/>\n<meta property=\"og:type\" content=\"article\" \/>\n<meta property=\"og:title\" content=\"LAS PRODUCTORAS Y LOS PRODUCTORES DE AMURRIO SE SUMAN A LA INICIATIVA \u2018AIARALDEA DENDATIK ETXERA\u2019 - Amurrio Bidean. Garapen Agentzia - Agencia de desarrollo.\" \/>\n<meta property=\"og:description\" content=\"En total hasta la fecha se han adherido a este proyecto 6 puestos del mercado de los viernes; el reparto de los productos se realizar\u00e1 los viernes de 14:00 a 16:00 horas. Las vecinas y los vecinos de Amurrio que quieran participar en esta experiencia deber\u00e1n rellenar un formulario online. \u00a0 Las productoras y los [&hellip;]\" \/>\n<meta property=\"og:url\" content=\"https:\/\/amurriobidean.org\/es\/las-productoras-y-los-productores-de-amurrio-se-suman-a-la-iniciativa-aiaraldea-dendatik-etxera\/\" \/>\n<meta property=\"og:site_name\" content=\"Amurrio Bidean. Garapen Agentzia - Agencia de desarrollo.\" \/>\n<meta property=\"article:publisher\" content=\"https:\/\/www.facebook.com\/amurrio.bidean\" \/>\n<meta property=\"article:published_time\" content=\"2021-05-12T09:38:13+00:00\" \/>\n<meta property=\"og:image\" content=\"https:\/\/amurriobidean.org\/wp-content\/uploads\/2020\/09\/Aiaraldea-dendatik-etxera.jpg\" \/>\n\t<meta property=\"og:image:width\" content=\"1448\" \/>\n\t<meta property=\"og:image:height\" content=\"2048\" \/>\n\t<meta property=\"og:image:type\" content=\"image\/jpeg\" \/>\n<meta name=\"author\" content=\"Amurrio Bidean\" \/>\n<meta name=\"twitter:card\" content=\"summary_large_image\" \/>\n<meta name=\"twitter:creator\" content=\"@amurriobidean\" \/>\n<meta name=\"twitter:site\" content=\"@amurriobidean\" \/>\n<meta name=\"twitter:label1\" content=\"Escrito por\" \/>\n\t<meta name=\"twitter:data1\" content=\"Amurrio Bidean\" \/>\n\t<meta name=\"twitter:label2\" content=\"Tiempo de lectura\" \/>\n\t<meta name=\"twitter:data2\" content=\"2 minutos\" \/>\n<script type=\"application\/ld+json\" class=\"yoast-schema-graph\">{\"@context\":\"https:\/\/schema.org\",\"@graph\":[{\"@type\":\"WebPage\",\"@id\":\"https:\/\/amurriobidean.org\/es\/las-productoras-y-los-productores-de-amurrio-se-suman-a-la-iniciativa-aiaraldea-dendatik-etxera\/\",\"url\":\"https:\/\/amurriobidean.org\/es\/las-productoras-y-los-productores-de-amurrio-se-suman-a-la-iniciativa-aiaraldea-dendatik-etxera\/\",\"name\":\"LAS PRODUCTORAS Y LOS PRODUCTORES DE AMURRIO SE SUMAN A LA INICIATIVA \u2018AIARALDEA DENDATIK ETXERA\u2019 - Amurrio Bidean. Garapen Agentzia - Agencia de desarrollo.\",\"isPartOf\":{\"@id\":\"https:\/\/amurriobidean.org\/es\/#website\"},\"primaryImageOfPage\":{\"@id\":\"https:\/\/amurriobidean.org\/es\/las-productoras-y-los-productores-de-amurrio-se-suman-a-la-iniciativa-aiaraldea-dendatik-etxera\/#primaryimage\"},\"image\":{\"@id\":\"https:\/\/amurriobidean.org\/es\/las-productoras-y-los-productores-de-amurrio-se-suman-a-la-iniciativa-aiaraldea-dendatik-etxera\/#primaryimage\"},\"thumbnailUrl\":\"https:\/\/amurriobidean.org\/wp-content\/uploads\/2020\/09\/Aiaraldea-dendatik-etxera.jpg\",\"datePublished\":\"2021-05-12T09:38:13+00:00\",\"author\":{\"@id\":\"https:\/\/amurriobidean.org\/es\/#\/schema\/person\/56c71b474b3e7f5f5e6f209a6cf3abfe\"},\"breadcrumb\":{\"@id\":\"https:\/\/amurriobidean.org\/es\/las-productoras-y-los-productores-de-amurrio-se-suman-a-la-iniciativa-aiaraldea-dendatik-etxera\/#breadcrumb\"},\"inLanguage\":\"es\",\"potentialAction\":[{\"@type\":\"ReadAction\",\"target\":[\"https:\/\/amurriobidean.org\/es\/las-productoras-y-los-productores-de-amurrio-se-suman-a-la-iniciativa-aiaraldea-dendatik-etxera\/\"]}]},{\"@type\":\"ImageObject\",\"inLanguage\":\"es\",\"@id\":\"https:\/\/amurriobidean.org\/es\/las-productoras-y-los-productores-de-amurrio-se-suman-a-la-iniciativa-aiaraldea-dendatik-etxera\/#primaryimage\",\"url\":\"https:\/\/amurriobidean.org\/wp-content\/uploads\/2020\/09\/Aiaraldea-dendatik-etxera.jpg\",\"contentUrl\":\"https:\/\/amurriobidean.org\/wp-content\/uploads\/2020\/09\/Aiaraldea-dendatik-etxera.jpg\",\"width\":1448,\"height\":2048},{\"@type\":\"BreadcrumbList\",\"@id\":\"https:\/\/amurriobidean.org\/es\/las-productoras-y-los-productores-de-amurrio-se-suman-a-la-iniciativa-aiaraldea-dendatik-etxera\/#breadcrumb\",\"itemListElement\":[{\"@type\":\"ListItem\",\"position\":1,\"name\":\"Portada\",\"item\":\"https:\/\/amurriobidean.org\/es\/\"},{\"@type\":\"ListItem\",\"position\":2,\"name\":\"LAS PRODUCTORAS Y LOS PRODUCTORES DE AMURRIO SE SUMAN A LA INICIATIVA \u2018AIARALDEA DENDATIK ETXERA\u2019\"}]},{\"@type\":\"WebSite\",\"@id\":\"https:\/\/amurriobidean.org\/es\/#website\",\"url\":\"https:\/\/amurriobidean.org\/es\/\",\"name\":\"Amurrio Bidean. Garapen Agentzia - Agencia de desarrollo.\",\"description\":\"Agencia de Desarollo Local de Amurrio\",\"potentialAction\":[{\"@type\":\"SearchAction\",\"target\":{\"@type\":\"EntryPoint\",\"urlTemplate\":\"https:\/\/amurriobidean.org\/es\/?s={search_term_string}\"},\"query-input\":{\"@type\":\"PropertyValueSpecification\",\"valueRequired\":true,\"valueName\":\"search_term_string\"}}],\"inLanguage\":\"es\"},{\"@type\":\"Person\",\"@id\":\"https:\/\/amurriobidean.org\/es\/#\/schema\/person\/56c71b474b3e7f5f5e6f209a6cf3abfe\",\"name\":\"Amurrio Bidean\",\"image\":{\"@type\":\"ImageObject\",\"inLanguage\":\"es\",\"@id\":\"https:\/\/amurriobidean.org\/es\/#\/schema\/person\/image\/\",\"url\":\"https:\/\/secure.gravatar.com\/avatar\/84a34d50800d0bb5d80eba504fc44ed48c9b2faab16ad58fa7d30bce4e2b661e\",\"contentUrl\":\"https:\/\/secure.gravatar.com\/avatar\/84a34d50800d0bb5d80eba504fc44ed48c9b2faab16ad58fa7d30bce4e2b661e\",\"caption\":\"Amurrio Bidean\"},\"sameAs\":[\"http:\/\/www.amurriobidean.eus\"],\"url\":\"https:\/\/amurriobidean.org\/es\/author\/amurrio-bidean\/\"}]}<\/script>\n<!-- \/ Yoast SEO plugin. -->","yoast_head_json":{"title":"LAS PRODUCTORAS Y LOS PRODUCTORES DE AMURRIO SE SUMAN A LA INICIATIVA \u2018AIARALDEA DENDATIK ETXERA\u2019 - Amurrio Bidean. Garapen Agentzia - Agencia de desarrollo.","robots":{"index":"index","follow":"follow","max-snippet":"max-snippet:-1","max-image-preview":"max-image-preview:large","max-video-preview":"max-video-preview:-1"},"canonical":"https:\/\/amurriobidean.org\/es\/las-productoras-y-los-productores-de-amurrio-se-suman-a-la-iniciativa-aiaraldea-dendatik-etxera\/","og_locale":"es_ES","og_type":"article","og_title":"LAS PRODUCTORAS Y LOS PRODUCTORES DE AMURRIO SE SUMAN A LA INICIATIVA \u2018AIARALDEA DENDATIK ETXERA\u2019 - Amurrio Bidean. Garapen Agentzia - Agencia de desarrollo.","og_description":"En total hasta la fecha se han adherido a este proyecto 6 puestos del mercado de los viernes; el reparto de los productos se realizar\u00e1 los viernes de 14:00 a 16:00 horas. Las vecinas y los vecinos de Amurrio que quieran participar en esta experiencia deber\u00e1n rellenar un formulario online. \u00a0 Las productoras y los [&hellip;]","og_url":"https:\/\/amurriobidean.org\/es\/las-productoras-y-los-productores-de-amurrio-se-suman-a-la-iniciativa-aiaraldea-dendatik-etxera\/","og_site_name":"Amurrio Bidean. Garapen Agentzia - Agencia de desarrollo.","article_publisher":"https:\/\/www.facebook.com\/amurrio.bidean","article_published_time":"2021-05-12T09:38:13+00:00","og_image":[{"width":1448,"height":2048,"url":"https:\/\/amurriobidean.org\/wp-content\/uploads\/2020\/09\/Aiaraldea-dendatik-etxera.jpg","type":"image\/jpeg"}],"author":"Amurrio Bidean","twitter_card":"summary_large_image","twitter_creator":"@amurriobidean","twitter_site":"@amurriobidean","twitter_misc":{"Escrito por":"Amurrio Bidean","Tiempo de lectura":"2 minutos"},"schema":{"@context":"https:\/\/schema.org","@graph":[{"@type":"WebPage","@id":"https:\/\/amurriobidean.org\/es\/las-productoras-y-los-productores-de-amurrio-se-suman-a-la-iniciativa-aiaraldea-dendatik-etxera\/","url":"https:\/\/amurriobidean.org\/es\/las-productoras-y-los-productores-de-amurrio-se-suman-a-la-iniciativa-aiaraldea-dendatik-etxera\/","name":"LAS PRODUCTORAS Y LOS PRODUCTORES DE AMURRIO SE SUMAN A LA INICIATIVA \u2018AIARALDEA DENDATIK ETXERA\u2019 - Amurrio Bidean. Garapen Agentzia - Agencia de desarrollo.","isPartOf":{"@id":"https:\/\/amurriobidean.org\/es\/#website"},"primaryImageOfPage":{"@id":"https:\/\/amurriobidean.org\/es\/las-productoras-y-los-productores-de-amurrio-se-suman-a-la-iniciativa-aiaraldea-dendatik-etxera\/#primaryimage"},"image":{"@id":"https:\/\/amurriobidean.org\/es\/las-productoras-y-los-productores-de-amurrio-se-suman-a-la-iniciativa-aiaraldea-dendatik-etxera\/#primaryimage"},"thumbnailUrl":"https:\/\/amurriobidean.org\/wp-content\/uploads\/2020\/09\/Aiaraldea-dendatik-etxera.jpg","datePublished":"2021-05-12T09:38:13+00:00","author":{"@id":"https:\/\/amurriobidean.org\/es\/#\/schema\/person\/56c71b474b3e7f5f5e6f209a6cf3abfe"},"breadcrumb":{"@id":"https:\/\/amurriobidean.org\/es\/las-productoras-y-los-productores-de-amurrio-se-suman-a-la-iniciativa-aiaraldea-dendatik-etxera\/#breadcrumb"},"inLanguage":"es","potentialAction":[{"@type":"ReadAction","target":["https:\/\/amurriobidean.org\/es\/las-productoras-y-los-productores-de-amurrio-se-suman-a-la-iniciativa-aiaraldea-dendatik-etxera\/"]}]},{"@type":"ImageObject","inLanguage":"es","@id":"https:\/\/amurriobidean.org\/es\/las-productoras-y-los-productores-de-amurrio-se-suman-a-la-iniciativa-aiaraldea-dendatik-etxera\/#primaryimage","url":"https:\/\/amurriobidean.org\/wp-content\/uploads\/2020\/09\/Aiaraldea-dendatik-etxera.jpg","contentUrl":"https:\/\/amurriobidean.org\/wp-content\/uploads\/2020\/09\/Aiaraldea-dendatik-etxera.jpg","width":1448,"height":2048},{"@type":"BreadcrumbList","@id":"https:\/\/amurriobidean.org\/es\/las-productoras-y-los-productores-de-amurrio-se-suman-a-la-iniciativa-aiaraldea-dendatik-etxera\/#breadcrumb","itemListElement":[{"@type":"ListItem","position":1,"name":"Portada","item":"https:\/\/amurriobidean.org\/es\/"},{"@type":"ListItem","position":2,"name":"LAS PRODUCTORAS Y LOS PRODUCTORES DE AMURRIO SE SUMAN A LA INICIATIVA \u2018AIARALDEA DENDATIK ETXERA\u2019"}]},{"@type":"WebSite","@id":"https:\/\/amurriobidean.org\/es\/#website","url":"https:\/\/amurriobidean.org\/es\/","name":"Amurrio Bidean. Garapen Agentzia - Agencia de desarrollo.","description":"Agencia de Desarollo Local de Amurrio","potentialAction":[{"@type":"SearchAction","target":{"@type":"EntryPoint","urlTemplate":"https:\/\/amurriobidean.org\/es\/?s={search_term_string}"},"query-input":{"@type":"PropertyValueSpecification","valueRequired":true,"valueName":"search_term_string"}}],"inLanguage":"es"},{"@type":"Person","@id":"https:\/\/amurriobidean.org\/es\/#\/schema\/person\/56c71b474b3e7f5f5e6f209a6cf3abfe","name":"Amurrio Bidean","image":{"@type":"ImageObject","inLanguage":"es","@id":"https:\/\/amurriobidean.org\/es\/#\/schema\/person\/image\/","url":"https:\/\/secure.gravatar.com\/avatar\/84a34d50800d0bb5d80eba504fc44ed48c9b2faab16ad58fa7d30bce4e2b661e","contentUrl":"https:\/\/secure.gravatar.com\/avatar\/84a34d50800d0bb5d80eba504fc44ed48c9b2faab16ad58fa7d30bce4e2b661e","caption":"Amurrio Bidean"},"sameAs":["http:\/\/www.amurriobidean.eus"],"url":"https:\/\/amurriobidean.org\/es\/author\/amurrio-bidean\/"}]}},"_links":{"self":[{"href":"https:\/\/amurriobidean.org\/es\/wp-json\/wp\/v2\/posts\/4367","targetHints":{"allow":["GET"]}}],"collection":[{"href":"https:\/\/amurriobidean.org\/es\/wp-json\/wp\/v2\/posts"}],"about":[{"href":"https:\/\/amurriobidean.org\/es\/wp-json\/wp\/v2\/types\/post"}],"author":[{"embeddable":true,"href":"https:\/\/amurriobidean.org\/es\/wp-json\/wp\/v2\/users\/2"}],"replies":[{"embeddable":true,"href":"https:\/\/amurriobidean.org\/es\/wp-json\/wp\/v2\/comments?post=4367"}],"version-history":[{"count":0,"href":"https:\/\/amurriobidean.org\/es\/wp-json\/wp\/v2\/posts\/4367\/revisions"}],"wp:featuredmedia":[{"embeddable":true,"href":"https:\/\/amurriobidean.org\/es\/wp-json\/wp\/v2\/media\/3954"}],"wp:attachment":[{"href":"https:\/\/amurriobidean.org\/es\/wp-json\/wp\/v2\/media?parent=4367"}],"wp:term":[{"taxonomy":"category","embeddable":true,"href":"https:\/\/amurriobidean.org\/es\/wp-json\/wp\/v2\/categories?post=4367"},{"taxonomy":"post_tag","embeddable":true,"href":"https:\/\/amurriobidean.org\/es\/wp-json\/wp\/v2\/tags?post=4367"}],"curies":[{"name":"wp","href":"https:\/\/api.w.org\/{rel}","templated":true}]}}