{"id":4305,"date":"2021-03-09T10:39:58","date_gmt":"2021-03-09T10:39:58","guid":{"rendered":"http:\/\/amurriobidean.eus\/?p=4305"},"modified":"2021-03-09T10:39:58","modified_gmt":"2021-03-09T10:39:58","slug":"no-te-pares-preparate-para-buscar-empleo","status":"publish","type":"post","link":"https:\/\/amurriobidean.org\/es\/no-te-pares-preparate-para-buscar-empleo\/","title":{"rendered":"\u00a1No te pares! \u00a1Prep\u00e1rate para buscar empleo!"},"content":{"rendered":"<p>Desde Amurrio Bidean, en colaboraci\u00f3n con la Cuadrilla de Ayala y financiado por la Fundaci\u00f3n Vital, hemos preparado una semana formativa del 22 al 26 de marzo para que <strong>te prepares en la b\u00fasqueda de empleo<\/strong>.\u00a0 La formaci\u00f3n ser\u00e1 presencial en horario de 9 a 14 horas y se impartir\u00e1 en las instalaciones de Amurrio Bidean cumpliendo todas las medidas de seguridad requeridas por la situaci\u00f3n causada por el COVID-19.<\/p>\n<p>El programa se denomina Okupatu y se desarrolla a trav\u00e9s de las actividades grupales din\u00e1micas y pr\u00e1cticas que facilita un equipo integrado por profesionales del \u00e1mbito de los recursos humanos habituados a participar en procesos de selecci\u00f3n en su d\u00eda a d\u00eda.<\/p>\n<p>Las personas participantes se entrenar\u00e1n en habilidades personales y profesionales (autoconocimiento, automotivaci\u00f3n, trabajo en equipo,\u2026), y trabajaran herramientas (el curr\u00edculo, la entrevista de trabajo, el tejido empresarial y formativo) para la b\u00fasqueda de empleo. A su vez, se potenciar\u00e1 que se generen sinergias de grupo a trav\u00e9s de la ayuda mutua y la cooperaci\u00f3n con el objetivo de que el apoyo grupal perdure durante todo el proceso de b\u00fasqueda de empleo del equipo.<\/p>\n<p>Esta formaci\u00f3n est\u00e1 dirigida a personas en desempleo o que quieran mejorar su empleo y que est\u00e9n inmersas o vayan a iniciar su proceso de b\u00fasqueda de empleo. \u00a0La participaci\u00f3n estar\u00e1 limitada a 10 personas.\u00a0 En caso de ser necesario se har\u00e1n entrevistas de selecci\u00f3n a las personas candidatas.<\/p>\n<p>Para m\u00e1s informaci\u00f3n e inscripciones contactar con Amurrio Bidean a trav\u00e9s del correo <a href=\"mailto:empresa@amurriobidean.org\">empresa@amurriobidean.org<\/a> o en el tel\u00e9fono 945891721.<\/p>\n","protected":false},"excerpt":{"rendered":"<p>Desde Amurrio Bidean, en colaboraci\u00f3n con la Cuadrilla de Ayala y financiado por la Fundaci\u00f3n Vital, hemos preparado una semana formativa del 22 al 26 de marzo para que te prepares en la b\u00fasqueda de empleo.\u00a0 La formaci\u00f3n ser\u00e1 presencial en horario de 9 a 14 horas y se impartir\u00e1 en las instalaciones de Amurrio [&hellip;]<\/p>\n","protected":false},"author":2,"featured_media":4306,"comment_status":"closed","ping_status":"closed","sticky":false,"template":"","format":"standard","meta":{"footnotes":""},"categories":[28],"tags":[],"class_list":["post-4305","post","type-post","status-publish","format-standard","has-post-thumbnail","hentry","category-noticias"],"yoast_head":"<!-- This site is optimized with the Yoast SEO plugin v25.3 - https:\/\/yoast.com\/wordpress\/plugins\/seo\/ -->\n<title>\u00a1No te pares! \u00a1Prep\u00e1rate para buscar empleo! - Amurrio Bidean. Garapen Agentzia - Agencia de desarrollo.<\/title>\n<meta name=\"robots\" content=\"index, follow, max-snippet:-1, max-image-preview:large, max-video-preview:-1\" \/>\n<link rel=\"canonical\" href=\"https:\/\/amurriobidean.org\/es\/no-te-pares-preparate-para-buscar-empleo\/\" \/>\n<meta property=\"og:locale\" content=\"es_ES\" \/>\n<meta property=\"og:type\" content=\"article\" \/>\n<meta property=\"og:title\" content=\"\u00a1No te pares! \u00a1Prep\u00e1rate para buscar empleo! - Amurrio Bidean. Garapen Agentzia - Agencia de desarrollo.\" \/>\n<meta property=\"og:description\" content=\"Desde Amurrio Bidean, en colaboraci\u00f3n con la Cuadrilla de Ayala y financiado por la Fundaci\u00f3n Vital, hemos preparado una semana formativa del 22 al 26 de marzo para que te prepares en la b\u00fasqueda de empleo.\u00a0 La formaci\u00f3n ser\u00e1 presencial en horario de 9 a 14 horas y se impartir\u00e1 en las instalaciones de Amurrio [&hellip;]\" \/>\n<meta property=\"og:url\" content=\"https:\/\/amurriobidean.org\/es\/no-te-pares-preparate-para-buscar-empleo\/\" \/>\n<meta property=\"og:site_name\" content=\"Amurrio Bidean. Garapen Agentzia - Agencia de desarrollo.\" \/>\n<meta property=\"article:publisher\" content=\"https:\/\/www.facebook.com\/amurrio.bidean\" \/>\n<meta property=\"article:published_time\" content=\"2021-03-09T10:39:58+00:00\" \/>\n<meta property=\"og:image\" content=\"https:\/\/amurriobidean.org\/wp-content\/uploads\/2021\/03\/OKUPATU-2021_72PPP.jpg\" \/>\n\t<meta property=\"og:image:width\" content=\"843\" \/>\n\t<meta property=\"og:image:height\" content=\"1192\" \/>\n\t<meta property=\"og:image:type\" content=\"image\/jpeg\" \/>\n<meta name=\"author\" content=\"Amurrio Bidean\" \/>\n<meta name=\"twitter:card\" content=\"summary_large_image\" \/>\n<meta name=\"twitter:creator\" content=\"@amurriobidean\" \/>\n<meta name=\"twitter:site\" content=\"@amurriobidean\" \/>\n<meta name=\"twitter:label1\" content=\"Escrito por\" \/>\n\t<meta name=\"twitter:data1\" content=\"Amurrio Bidean\" \/>\n\t<meta name=\"twitter:label2\" content=\"Tiempo de lectura\" \/>\n\t<meta name=\"twitter:data2\" content=\"2 minutos\" \/>\n<script type=\"application\/ld+json\" class=\"yoast-schema-graph\">{\"@context\":\"https:\/\/schema.org\",\"@graph\":[{\"@type\":\"WebPage\",\"@id\":\"https:\/\/amurriobidean.org\/es\/no-te-pares-preparate-para-buscar-empleo\/\",\"url\":\"https:\/\/amurriobidean.org\/es\/no-te-pares-preparate-para-buscar-empleo\/\",\"name\":\"\u00a1No te pares! \u00a1Prep\u00e1rate para buscar empleo! - Amurrio Bidean. Garapen Agentzia - Agencia de desarrollo.\",\"isPartOf\":{\"@id\":\"https:\/\/amurriobidean.org\/es\/#website\"},\"primaryImageOfPage\":{\"@id\":\"https:\/\/amurriobidean.org\/es\/no-te-pares-preparate-para-buscar-empleo\/#primaryimage\"},\"image\":{\"@id\":\"https:\/\/amurriobidean.org\/es\/no-te-pares-preparate-para-buscar-empleo\/#primaryimage\"},\"thumbnailUrl\":\"https:\/\/amurriobidean.org\/wp-content\/uploads\/2021\/03\/OKUPATU-2021_72PPP.jpg\",\"datePublished\":\"2021-03-09T10:39:58+00:00\",\"author\":{\"@id\":\"https:\/\/amurriobidean.org\/es\/#\/schema\/person\/56c71b474b3e7f5f5e6f209a6cf3abfe\"},\"breadcrumb\":{\"@id\":\"https:\/\/amurriobidean.org\/es\/no-te-pares-preparate-para-buscar-empleo\/#breadcrumb\"},\"inLanguage\":\"es\",\"potentialAction\":[{\"@type\":\"ReadAction\",\"target\":[\"https:\/\/amurriobidean.org\/es\/no-te-pares-preparate-para-buscar-empleo\/\"]}]},{\"@type\":\"ImageObject\",\"inLanguage\":\"es\",\"@id\":\"https:\/\/amurriobidean.org\/es\/no-te-pares-preparate-para-buscar-empleo\/#primaryimage\",\"url\":\"https:\/\/amurriobidean.org\/wp-content\/uploads\/2021\/03\/OKUPATU-2021_72PPP.jpg\",\"contentUrl\":\"https:\/\/amurriobidean.org\/wp-content\/uploads\/2021\/03\/OKUPATU-2021_72PPP.jpg\",\"width\":843,\"height\":1192},{\"@type\":\"BreadcrumbList\",\"@id\":\"https:\/\/amurriobidean.org\/es\/no-te-pares-preparate-para-buscar-empleo\/#breadcrumb\",\"itemListElement\":[{\"@type\":\"ListItem\",\"position\":1,\"name\":\"Portada\",\"item\":\"https:\/\/amurriobidean.org\/es\/\"},{\"@type\":\"ListItem\",\"position\":2,\"name\":\"\u00a1No te pares! \u00a1Prep\u00e1rate para buscar empleo!\"}]},{\"@type\":\"WebSite\",\"@id\":\"https:\/\/amurriobidean.org\/es\/#website\",\"url\":\"https:\/\/amurriobidean.org\/es\/\",\"name\":\"Amurrio Bidean. Garapen Agentzia - Agencia de desarrollo.\",\"description\":\"Agencia de Desarollo Local de Amurrio\",\"potentialAction\":[{\"@type\":\"SearchAction\",\"target\":{\"@type\":\"EntryPoint\",\"urlTemplate\":\"https:\/\/amurriobidean.org\/es\/?s={search_term_string}\"},\"query-input\":{\"@type\":\"PropertyValueSpecification\",\"valueRequired\":true,\"valueName\":\"search_term_string\"}}],\"inLanguage\":\"es\"},{\"@type\":\"Person\",\"@id\":\"https:\/\/amurriobidean.org\/es\/#\/schema\/person\/56c71b474b3e7f5f5e6f209a6cf3abfe\",\"name\":\"Amurrio Bidean\",\"image\":{\"@type\":\"ImageObject\",\"inLanguage\":\"es\",\"@id\":\"https:\/\/amurriobidean.org\/es\/#\/schema\/person\/image\/\",\"url\":\"https:\/\/secure.gravatar.com\/avatar\/84a34d50800d0bb5d80eba504fc44ed48c9b2faab16ad58fa7d30bce4e2b661e\",\"contentUrl\":\"https:\/\/secure.gravatar.com\/avatar\/84a34d50800d0bb5d80eba504fc44ed48c9b2faab16ad58fa7d30bce4e2b661e\",\"caption\":\"Amurrio Bidean\"},\"sameAs\":[\"http:\/\/www.amurriobidean.eus\"],\"url\":\"https:\/\/amurriobidean.org\/es\/author\/amurrio-bidean\/\"}]}<\/script>\n<!-- \/ Yoast SEO plugin. -->","yoast_head_json":{"title":"\u00a1No te pares! \u00a1Prep\u00e1rate para buscar empleo! - Amurrio Bidean. Garapen Agentzia - Agencia de desarrollo.","robots":{"index":"index","follow":"follow","max-snippet":"max-snippet:-1","max-image-preview":"max-image-preview:large","max-video-preview":"max-video-preview:-1"},"canonical":"https:\/\/amurriobidean.org\/es\/no-te-pares-preparate-para-buscar-empleo\/","og_locale":"es_ES","og_type":"article","og_title":"\u00a1No te pares! \u00a1Prep\u00e1rate para buscar empleo! - Amurrio Bidean. Garapen Agentzia - Agencia de desarrollo.","og_description":"Desde Amurrio Bidean, en colaboraci\u00f3n con la Cuadrilla de Ayala y financiado por la Fundaci\u00f3n Vital, hemos preparado una semana formativa del 22 al 26 de marzo para que te prepares en la b\u00fasqueda de empleo.\u00a0 La formaci\u00f3n ser\u00e1 presencial en horario de 9 a 14 horas y se impartir\u00e1 en las instalaciones de Amurrio [&hellip;]","og_url":"https:\/\/amurriobidean.org\/es\/no-te-pares-preparate-para-buscar-empleo\/","og_site_name":"Amurrio Bidean. Garapen Agentzia - Agencia de desarrollo.","article_publisher":"https:\/\/www.facebook.com\/amurrio.bidean","article_published_time":"2021-03-09T10:39:58+00:00","og_image":[{"width":843,"height":1192,"url":"https:\/\/amurriobidean.org\/wp-content\/uploads\/2021\/03\/OKUPATU-2021_72PPP.jpg","type":"image\/jpeg"}],"author":"Amurrio Bidean","twitter_card":"summary_large_image","twitter_creator":"@amurriobidean","twitter_site":"@amurriobidean","twitter_misc":{"Escrito por":"Amurrio Bidean","Tiempo de lectura":"2 minutos"},"schema":{"@context":"https:\/\/schema.org","@graph":[{"@type":"WebPage","@id":"https:\/\/amurriobidean.org\/es\/no-te-pares-preparate-para-buscar-empleo\/","url":"https:\/\/amurriobidean.org\/es\/no-te-pares-preparate-para-buscar-empleo\/","name":"\u00a1No te pares! \u00a1Prep\u00e1rate para buscar empleo! - Amurrio Bidean. Garapen Agentzia - Agencia de desarrollo.","isPartOf":{"@id":"https:\/\/amurriobidean.org\/es\/#website"},"primaryImageOfPage":{"@id":"https:\/\/amurriobidean.org\/es\/no-te-pares-preparate-para-buscar-empleo\/#primaryimage"},"image":{"@id":"https:\/\/amurriobidean.org\/es\/no-te-pares-preparate-para-buscar-empleo\/#primaryimage"},"thumbnailUrl":"https:\/\/amurriobidean.org\/wp-content\/uploads\/2021\/03\/OKUPATU-2021_72PPP.jpg","datePublished":"2021-03-09T10:39:58+00:00","author":{"@id":"https:\/\/amurriobidean.org\/es\/#\/schema\/person\/56c71b474b3e7f5f5e6f209a6cf3abfe"},"breadcrumb":{"@id":"https:\/\/amurriobidean.org\/es\/no-te-pares-preparate-para-buscar-empleo\/#breadcrumb"},"inLanguage":"es","potentialAction":[{"@type":"ReadAction","target":["https:\/\/amurriobidean.org\/es\/no-te-pares-preparate-para-buscar-empleo\/"]}]},{"@type":"ImageObject","inLanguage":"es","@id":"https:\/\/amurriobidean.org\/es\/no-te-pares-preparate-para-buscar-empleo\/#primaryimage","url":"https:\/\/amurriobidean.org\/wp-content\/uploads\/2021\/03\/OKUPATU-2021_72PPP.jpg","contentUrl":"https:\/\/amurriobidean.org\/wp-content\/uploads\/2021\/03\/OKUPATU-2021_72PPP.jpg","width":843,"height":1192},{"@type":"BreadcrumbList","@id":"https:\/\/amurriobidean.org\/es\/no-te-pares-preparate-para-buscar-empleo\/#breadcrumb","itemListElement":[{"@type":"ListItem","position":1,"name":"Portada","item":"https:\/\/amurriobidean.org\/es\/"},{"@type":"ListItem","position":2,"name":"\u00a1No te pares! \u00a1Prep\u00e1rate para buscar empleo!"}]},{"@type":"WebSite","@id":"https:\/\/amurriobidean.org\/es\/#website","url":"https:\/\/amurriobidean.org\/es\/","name":"Amurrio Bidean. Garapen Agentzia - Agencia de desarrollo.","description":"Agencia de Desarollo Local de Amurrio","potentialAction":[{"@type":"SearchAction","target":{"@type":"EntryPoint","urlTemplate":"https:\/\/amurriobidean.org\/es\/?s={search_term_string}"},"query-input":{"@type":"PropertyValueSpecification","valueRequired":true,"valueName":"search_term_string"}}],"inLanguage":"es"},{"@type":"Person","@id":"https:\/\/amurriobidean.org\/es\/#\/schema\/person\/56c71b474b3e7f5f5e6f209a6cf3abfe","name":"Amurrio Bidean","image":{"@type":"ImageObject","inLanguage":"es","@id":"https:\/\/amurriobidean.org\/es\/#\/schema\/person\/image\/","url":"https:\/\/secure.gravatar.com\/avatar\/84a34d50800d0bb5d80eba504fc44ed48c9b2faab16ad58fa7d30bce4e2b661e","contentUrl":"https:\/\/secure.gravatar.com\/avatar\/84a34d50800d0bb5d80eba504fc44ed48c9b2faab16ad58fa7d30bce4e2b661e","caption":"Amurrio Bidean"},"sameAs":["http:\/\/www.amurriobidean.eus"],"url":"https:\/\/amurriobidean.org\/es\/author\/amurrio-bidean\/"}]}},"_links":{"self":[{"href":"https:\/\/amurriobidean.org\/es\/wp-json\/wp\/v2\/posts\/4305","targetHints":{"allow":["GET"]}}],"collection":[{"href":"https:\/\/amurriobidean.org\/es\/wp-json\/wp\/v2\/posts"}],"about":[{"href":"https:\/\/amurriobidean.org\/es\/wp-json\/wp\/v2\/types\/post"}],"author":[{"embeddable":true,"href":"https:\/\/amurriobidean.org\/es\/wp-json\/wp\/v2\/users\/2"}],"replies":[{"embeddable":true,"href":"https:\/\/amurriobidean.org\/es\/wp-json\/wp\/v2\/comments?post=4305"}],"version-history":[{"count":0,"href":"https:\/\/amurriobidean.org\/es\/wp-json\/wp\/v2\/posts\/4305\/revisions"}],"wp:featuredmedia":[{"embeddable":true,"href":"https:\/\/amurriobidean.org\/es\/wp-json\/wp\/v2\/media\/4306"}],"wp:attachment":[{"href":"https:\/\/amurriobidean.org\/es\/wp-json\/wp\/v2\/media?parent=4305"}],"wp:term":[{"taxonomy":"category","embeddable":true,"href":"https:\/\/amurriobidean.org\/es\/wp-json\/wp\/v2\/categories?post=4305"},{"taxonomy":"post_tag","embeddable":true,"href":"https:\/\/amurriobidean.org\/es\/wp-json\/wp\/v2\/tags?post=4305"}],"curies":[{"name":"wp","href":"https:\/\/api.w.org\/{rel}","templated":true}]}}