{"id":4149,"date":"2021-02-24T10:05:45","date_gmt":"2021-02-24T10:05:45","guid":{"rendered":"http:\/\/amurriobidean.eus\/martxoaren-31ra-arte-zabalik-dago-zure-ideiak-balio-du-2021-lehiaketaren-xvii-ediziorako-proposamenak-aurkezteko-epea\/"},"modified":"2021-02-24T10:09:28","modified_gmt":"2021-02-24T10:09:28","slug":"martxoaren-31ra-arte-zabalik-dago-zure-ideiak-balio-du-2021-lehiaketaren-xvii-ediziorako-proposamenak-aurkezteko-epea","status":"publish","type":"post","link":"https:\/\/amurriobidean.org\/es\/martxoaren-31ra-arte-zabalik-dago-zure-ideiak-balio-du-2021-lehiaketaren-xvii-ediziorako-proposamenak-aurkezteko-epea\/","title":{"rendered":"Hasta el 31 de marzo permanece abierto el plazo para la presentaci\u00f3n de propuestas a la XVII Edici\u00f3n del Concurso \u201cTu idea cuenta\u201d 2021"},"content":{"rendered":"<p>Este concurso se enmarca dentro de \u00c1lava Emprende, iniciativa impulsada por la Diputaci\u00f3n Foral de \u00c1lava en colaboraci\u00f3n con el resto de entidades y agentes que trabajan y fomentan el emprendimiento en nuestra provincia incluida Amurrio Bidean (Agencia de Desarrollo Local del Ayuntamiento de Amurrio)<\/p>\n<p>Cualquier persona residente en \u00c1lava con una idea o proyecto de empresa puede presentar su solicitud al concurso. El objetivo es dar a conocer ideas emprendedoras, con mayor o menor grado de desarrollo para facilitar que se hagan realidad.<\/p>\n<p>Existen diferentes categor\u00edas en las que est\u00e1n reflejados todos los sectores de actividad; mejor idea, iniciativa m\u00e1s sostenible, mejor iniciativa en comercio y turismo, mejor iniciativa agroalimentaria, mejor iniciativa industrial, mejor iniciativa del sector servicios, mejor soluci\u00f3n para salir de la crisis, transformaci\u00f3n social empresarial y premio especial del p\u00fablico. Los premios en funci\u00f3n de la categor\u00eda van desde los 300 \u20ac hasta los 1.000 \u20ac en met\u00e1lico.<\/p>\n<p>La solicitud ha de presentarse en formato electr\u00f3nico adjuntando adem\u00e1s de los datos de la persona o personas emprendedoras que presentan la propuesta, una breve memoria explicativa de la idea o proyecto de no m\u00e1s de 5 folios.<\/p>\n<p>Para consultar m\u00e1s informaci\u00f3n y las bases del concurso puedes consultar la web de \u00c1lava Emprende o ponerse en contacto con Amurrio Bidean Tel.945891721 o mail. <a href=\"mailto:autoempleo@amurriobidean.org\">autoempleo@amurriobidean.org<\/a><\/p>\n<p><u>\u00a0<\/u><\/p>\n","protected":false},"excerpt":{"rendered":"<p>Este concurso se enmarca dentro de \u00c1lava Emprende, iniciativa impulsada por la Diputaci\u00f3n Foral de \u00c1lava en colaboraci\u00f3n con el resto de entidades y agentes que trabajan y fomentan el emprendimiento en nuestra provincia incluida Amurrio Bidean (Agencia de Desarrollo Local del Ayuntamiento de Amurrio) Cualquier persona residente en \u00c1lava con una idea o proyecto [&hellip;]<\/p>\n","protected":false},"author":2,"featured_media":4146,"comment_status":"closed","ping_status":"closed","sticky":false,"template":"","format":"standard","meta":{"footnotes":""},"categories":[28],"tags":[],"class_list":["post-4149","post","type-post","status-publish","format-standard","has-post-thumbnail","hentry","category-noticias"],"yoast_head":"<!-- This site is optimized with the Yoast SEO plugin v25.3 - https:\/\/yoast.com\/wordpress\/plugins\/seo\/ -->\n<title>Hasta el 31 de marzo permanece abierto el plazo para la presentaci\u00f3n de propuestas a la XVII Edici\u00f3n del Concurso \u201cTu idea cuenta\u201d 2021 - Amurrio Bidean. Garapen Agentzia - Agencia de desarrollo.<\/title>\n<meta name=\"robots\" content=\"index, follow, max-snippet:-1, max-image-preview:large, max-video-preview:-1\" \/>\n<link rel=\"canonical\" href=\"https:\/\/amurriobidean.org\/martxoaren-31ra-arte-zabalik-dago-zure-ideiak-balio-du-2021-lehiaketaren-xvii-ediziorako-proposamenak-aurkezteko-epea\/\" \/>\n<meta property=\"og:locale\" content=\"es_ES\" \/>\n<meta property=\"og:type\" content=\"article\" \/>\n<meta property=\"og:title\" content=\"Hasta el 31 de marzo permanece abierto el plazo para la presentaci\u00f3n de propuestas a la XVII Edici\u00f3n del Concurso \u201cTu idea cuenta\u201d 2021 - Amurrio Bidean. Garapen Agentzia - Agencia de desarrollo.\" \/>\n<meta property=\"og:description\" content=\"Este concurso se enmarca dentro de \u00c1lava Emprende, iniciativa impulsada por la Diputaci\u00f3n Foral de \u00c1lava en colaboraci\u00f3n con el resto de entidades y agentes que trabajan y fomentan el emprendimiento en nuestra provincia incluida Amurrio Bidean (Agencia de Desarrollo Local del Ayuntamiento de Amurrio) Cualquier persona residente en \u00c1lava con una idea o proyecto [&hellip;]\" \/>\n<meta property=\"og:url\" content=\"https:\/\/amurriobidean.org\/martxoaren-31ra-arte-zabalik-dago-zure-ideiak-balio-du-2021-lehiaketaren-xvii-ediziorako-proposamenak-aurkezteko-epea\/\" \/>\n<meta property=\"og:site_name\" content=\"Amurrio Bidean. Garapen Agentzia - Agencia de desarrollo.\" \/>\n<meta property=\"article:publisher\" content=\"https:\/\/www.facebook.com\/amurrio.bidean\" \/>\n<meta property=\"article:published_time\" content=\"2021-02-24T10:05:45+00:00\" \/>\n<meta property=\"article:modified_time\" content=\"2021-02-24T10:09:28+00:00\" \/>\n<meta property=\"og:image\" content=\"https:\/\/amurriobidean.org\/wp-content\/uploads\/2021\/02\/banners-REDES-tuidea-1536x8641-1-1024x576-1.jpg\" \/>\n\t<meta property=\"og:image:width\" content=\"1024\" \/>\n\t<meta property=\"og:image:height\" content=\"576\" \/>\n\t<meta property=\"og:image:type\" content=\"image\/jpeg\" \/>\n<meta name=\"author\" content=\"Amurrio Bidean\" \/>\n<meta name=\"twitter:card\" content=\"summary_large_image\" \/>\n<meta name=\"twitter:creator\" content=\"@amurriobidean\" \/>\n<meta name=\"twitter:site\" content=\"@amurriobidean\" \/>\n<meta name=\"twitter:label1\" content=\"Escrito por\" \/>\n\t<meta name=\"twitter:data1\" content=\"Amurrio Bidean\" \/>\n\t<meta name=\"twitter:label2\" content=\"Tiempo de lectura\" \/>\n\t<meta name=\"twitter:data2\" content=\"1 minuto\" \/>\n<script type=\"application\/ld+json\" class=\"yoast-schema-graph\">{\"@context\":\"https:\/\/schema.org\",\"@graph\":[{\"@type\":\"WebPage\",\"@id\":\"https:\/\/amurriobidean.org\/martxoaren-31ra-arte-zabalik-dago-zure-ideiak-balio-du-2021-lehiaketaren-xvii-ediziorako-proposamenak-aurkezteko-epea\/\",\"url\":\"https:\/\/amurriobidean.org\/martxoaren-31ra-arte-zabalik-dago-zure-ideiak-balio-du-2021-lehiaketaren-xvii-ediziorako-proposamenak-aurkezteko-epea\/\",\"name\":\"Hasta el 31 de marzo permanece abierto el plazo para la presentaci\u00f3n de propuestas a la XVII Edici\u00f3n del Concurso \u201cTu idea cuenta\u201d 2021 - Amurrio Bidean. Garapen Agentzia - Agencia de desarrollo.\",\"isPartOf\":{\"@id\":\"https:\/\/amurriobidean.org\/es\/#website\"},\"primaryImageOfPage\":{\"@id\":\"https:\/\/amurriobidean.org\/martxoaren-31ra-arte-zabalik-dago-zure-ideiak-balio-du-2021-lehiaketaren-xvii-ediziorako-proposamenak-aurkezteko-epea\/#primaryimage\"},\"image\":{\"@id\":\"https:\/\/amurriobidean.org\/martxoaren-31ra-arte-zabalik-dago-zure-ideiak-balio-du-2021-lehiaketaren-xvii-ediziorako-proposamenak-aurkezteko-epea\/#primaryimage\"},\"thumbnailUrl\":\"https:\/\/amurriobidean.org\/wp-content\/uploads\/2021\/02\/banners-REDES-tuidea-1536x8641-1-1024x576-1.jpg\",\"datePublished\":\"2021-02-24T10:05:45+00:00\",\"dateModified\":\"2021-02-24T10:09:28+00:00\",\"author\":{\"@id\":\"https:\/\/amurriobidean.org\/es\/#\/schema\/person\/56c71b474b3e7f5f5e6f209a6cf3abfe\"},\"breadcrumb\":{\"@id\":\"https:\/\/amurriobidean.org\/martxoaren-31ra-arte-zabalik-dago-zure-ideiak-balio-du-2021-lehiaketaren-xvii-ediziorako-proposamenak-aurkezteko-epea\/#breadcrumb\"},\"inLanguage\":\"es\",\"potentialAction\":[{\"@type\":\"ReadAction\",\"target\":[\"https:\/\/amurriobidean.org\/martxoaren-31ra-arte-zabalik-dago-zure-ideiak-balio-du-2021-lehiaketaren-xvii-ediziorako-proposamenak-aurkezteko-epea\/\"]}]},{\"@type\":\"ImageObject\",\"inLanguage\":\"es\",\"@id\":\"https:\/\/amurriobidean.org\/martxoaren-31ra-arte-zabalik-dago-zure-ideiak-balio-du-2021-lehiaketaren-xvii-ediziorako-proposamenak-aurkezteko-epea\/#primaryimage\",\"url\":\"https:\/\/amurriobidean.org\/wp-content\/uploads\/2021\/02\/banners-REDES-tuidea-1536x8641-1-1024x576-1.jpg\",\"contentUrl\":\"https:\/\/amurriobidean.org\/wp-content\/uploads\/2021\/02\/banners-REDES-tuidea-1536x8641-1-1024x576-1.jpg\",\"width\":1024,\"height\":576},{\"@type\":\"BreadcrumbList\",\"@id\":\"https:\/\/amurriobidean.org\/martxoaren-31ra-arte-zabalik-dago-zure-ideiak-balio-du-2021-lehiaketaren-xvii-ediziorako-proposamenak-aurkezteko-epea\/#breadcrumb\",\"itemListElement\":[{\"@type\":\"ListItem\",\"position\":1,\"name\":\"Portada\",\"item\":\"https:\/\/amurriobidean.org\/es\/\"},{\"@type\":\"ListItem\",\"position\":2,\"name\":\"Hasta el 31 de marzo permanece abierto el plazo para la presentaci\u00f3n de propuestas a la XVII Edici\u00f3n del Concurso \u201cTu idea cuenta\u201d 2021\"}]},{\"@type\":\"WebSite\",\"@id\":\"https:\/\/amurriobidean.org\/es\/#website\",\"url\":\"https:\/\/amurriobidean.org\/es\/\",\"name\":\"Amurrio Bidean. Garapen Agentzia - Agencia de desarrollo.\",\"description\":\"Agencia de Desarollo Local de Amurrio\",\"potentialAction\":[{\"@type\":\"SearchAction\",\"target\":{\"@type\":\"EntryPoint\",\"urlTemplate\":\"https:\/\/amurriobidean.org\/es\/?s={search_term_string}\"},\"query-input\":{\"@type\":\"PropertyValueSpecification\",\"valueRequired\":true,\"valueName\":\"search_term_string\"}}],\"inLanguage\":\"es\"},{\"@type\":\"Person\",\"@id\":\"https:\/\/amurriobidean.org\/es\/#\/schema\/person\/56c71b474b3e7f5f5e6f209a6cf3abfe\",\"name\":\"Amurrio Bidean\",\"image\":{\"@type\":\"ImageObject\",\"inLanguage\":\"es\",\"@id\":\"https:\/\/amurriobidean.org\/es\/#\/schema\/person\/image\/\",\"url\":\"https:\/\/secure.gravatar.com\/avatar\/84a34d50800d0bb5d80eba504fc44ed48c9b2faab16ad58fa7d30bce4e2b661e\",\"contentUrl\":\"https:\/\/secure.gravatar.com\/avatar\/84a34d50800d0bb5d80eba504fc44ed48c9b2faab16ad58fa7d30bce4e2b661e\",\"caption\":\"Amurrio Bidean\"},\"sameAs\":[\"http:\/\/www.amurriobidean.eus\"],\"url\":\"https:\/\/amurriobidean.org\/es\/author\/amurrio-bidean\/\"}]}<\/script>\n<!-- \/ Yoast SEO plugin. -->","yoast_head_json":{"title":"Hasta el 31 de marzo permanece abierto el plazo para la presentaci\u00f3n de propuestas a la XVII Edici\u00f3n del Concurso \u201cTu idea cuenta\u201d 2021 - Amurrio Bidean. Garapen Agentzia - Agencia de desarrollo.","robots":{"index":"index","follow":"follow","max-snippet":"max-snippet:-1","max-image-preview":"max-image-preview:large","max-video-preview":"max-video-preview:-1"},"canonical":"https:\/\/amurriobidean.org\/martxoaren-31ra-arte-zabalik-dago-zure-ideiak-balio-du-2021-lehiaketaren-xvii-ediziorako-proposamenak-aurkezteko-epea\/","og_locale":"es_ES","og_type":"article","og_title":"Hasta el 31 de marzo permanece abierto el plazo para la presentaci\u00f3n de propuestas a la XVII Edici\u00f3n del Concurso \u201cTu idea cuenta\u201d 2021 - Amurrio Bidean. Garapen Agentzia - Agencia de desarrollo.","og_description":"Este concurso se enmarca dentro de \u00c1lava Emprende, iniciativa impulsada por la Diputaci\u00f3n Foral de \u00c1lava en colaboraci\u00f3n con el resto de entidades y agentes que trabajan y fomentan el emprendimiento en nuestra provincia incluida Amurrio Bidean (Agencia de Desarrollo Local del Ayuntamiento de Amurrio) Cualquier persona residente en \u00c1lava con una idea o proyecto [&hellip;]","og_url":"https:\/\/amurriobidean.org\/martxoaren-31ra-arte-zabalik-dago-zure-ideiak-balio-du-2021-lehiaketaren-xvii-ediziorako-proposamenak-aurkezteko-epea\/","og_site_name":"Amurrio Bidean. Garapen Agentzia - Agencia de desarrollo.","article_publisher":"https:\/\/www.facebook.com\/amurrio.bidean","article_published_time":"2021-02-24T10:05:45+00:00","article_modified_time":"2021-02-24T10:09:28+00:00","og_image":[{"width":1024,"height":576,"url":"https:\/\/amurriobidean.org\/wp-content\/uploads\/2021\/02\/banners-REDES-tuidea-1536x8641-1-1024x576-1.jpg","type":"image\/jpeg"}],"author":"Amurrio Bidean","twitter_card":"summary_large_image","twitter_creator":"@amurriobidean","twitter_site":"@amurriobidean","twitter_misc":{"Escrito por":"Amurrio Bidean","Tiempo de lectura":"1 minuto"},"schema":{"@context":"https:\/\/schema.org","@graph":[{"@type":"WebPage","@id":"https:\/\/amurriobidean.org\/martxoaren-31ra-arte-zabalik-dago-zure-ideiak-balio-du-2021-lehiaketaren-xvii-ediziorako-proposamenak-aurkezteko-epea\/","url":"https:\/\/amurriobidean.org\/martxoaren-31ra-arte-zabalik-dago-zure-ideiak-balio-du-2021-lehiaketaren-xvii-ediziorako-proposamenak-aurkezteko-epea\/","name":"Hasta el 31 de marzo permanece abierto el plazo para la presentaci\u00f3n de propuestas a la XVII Edici\u00f3n del Concurso \u201cTu idea cuenta\u201d 2021 - Amurrio Bidean. Garapen Agentzia - Agencia de desarrollo.","isPartOf":{"@id":"https:\/\/amurriobidean.org\/es\/#website"},"primaryImageOfPage":{"@id":"https:\/\/amurriobidean.org\/martxoaren-31ra-arte-zabalik-dago-zure-ideiak-balio-du-2021-lehiaketaren-xvii-ediziorako-proposamenak-aurkezteko-epea\/#primaryimage"},"image":{"@id":"https:\/\/amurriobidean.org\/martxoaren-31ra-arte-zabalik-dago-zure-ideiak-balio-du-2021-lehiaketaren-xvii-ediziorako-proposamenak-aurkezteko-epea\/#primaryimage"},"thumbnailUrl":"https:\/\/amurriobidean.org\/wp-content\/uploads\/2021\/02\/banners-REDES-tuidea-1536x8641-1-1024x576-1.jpg","datePublished":"2021-02-24T10:05:45+00:00","dateModified":"2021-02-24T10:09:28+00:00","author":{"@id":"https:\/\/amurriobidean.org\/es\/#\/schema\/person\/56c71b474b3e7f5f5e6f209a6cf3abfe"},"breadcrumb":{"@id":"https:\/\/amurriobidean.org\/martxoaren-31ra-arte-zabalik-dago-zure-ideiak-balio-du-2021-lehiaketaren-xvii-ediziorako-proposamenak-aurkezteko-epea\/#breadcrumb"},"inLanguage":"es","potentialAction":[{"@type":"ReadAction","target":["https:\/\/amurriobidean.org\/martxoaren-31ra-arte-zabalik-dago-zure-ideiak-balio-du-2021-lehiaketaren-xvii-ediziorako-proposamenak-aurkezteko-epea\/"]}]},{"@type":"ImageObject","inLanguage":"es","@id":"https:\/\/amurriobidean.org\/martxoaren-31ra-arte-zabalik-dago-zure-ideiak-balio-du-2021-lehiaketaren-xvii-ediziorako-proposamenak-aurkezteko-epea\/#primaryimage","url":"https:\/\/amurriobidean.org\/wp-content\/uploads\/2021\/02\/banners-REDES-tuidea-1536x8641-1-1024x576-1.jpg","contentUrl":"https:\/\/amurriobidean.org\/wp-content\/uploads\/2021\/02\/banners-REDES-tuidea-1536x8641-1-1024x576-1.jpg","width":1024,"height":576},{"@type":"BreadcrumbList","@id":"https:\/\/amurriobidean.org\/martxoaren-31ra-arte-zabalik-dago-zure-ideiak-balio-du-2021-lehiaketaren-xvii-ediziorako-proposamenak-aurkezteko-epea\/#breadcrumb","itemListElement":[{"@type":"ListItem","position":1,"name":"Portada","item":"https:\/\/amurriobidean.org\/es\/"},{"@type":"ListItem","position":2,"name":"Hasta el 31 de marzo permanece abierto el plazo para la presentaci\u00f3n de propuestas a la XVII Edici\u00f3n del Concurso \u201cTu idea cuenta\u201d 2021"}]},{"@type":"WebSite","@id":"https:\/\/amurriobidean.org\/es\/#website","url":"https:\/\/amurriobidean.org\/es\/","name":"Amurrio Bidean. Garapen Agentzia - Agencia de desarrollo.","description":"Agencia de Desarollo Local de Amurrio","potentialAction":[{"@type":"SearchAction","target":{"@type":"EntryPoint","urlTemplate":"https:\/\/amurriobidean.org\/es\/?s={search_term_string}"},"query-input":{"@type":"PropertyValueSpecification","valueRequired":true,"valueName":"search_term_string"}}],"inLanguage":"es"},{"@type":"Person","@id":"https:\/\/amurriobidean.org\/es\/#\/schema\/person\/56c71b474b3e7f5f5e6f209a6cf3abfe","name":"Amurrio Bidean","image":{"@type":"ImageObject","inLanguage":"es","@id":"https:\/\/amurriobidean.org\/es\/#\/schema\/person\/image\/","url":"https:\/\/secure.gravatar.com\/avatar\/84a34d50800d0bb5d80eba504fc44ed48c9b2faab16ad58fa7d30bce4e2b661e","contentUrl":"https:\/\/secure.gravatar.com\/avatar\/84a34d50800d0bb5d80eba504fc44ed48c9b2faab16ad58fa7d30bce4e2b661e","caption":"Amurrio Bidean"},"sameAs":["http:\/\/www.amurriobidean.eus"],"url":"https:\/\/amurriobidean.org\/es\/author\/amurrio-bidean\/"}]}},"_links":{"self":[{"href":"https:\/\/amurriobidean.org\/es\/wp-json\/wp\/v2\/posts\/4149","targetHints":{"allow":["GET"]}}],"collection":[{"href":"https:\/\/amurriobidean.org\/es\/wp-json\/wp\/v2\/posts"}],"about":[{"href":"https:\/\/amurriobidean.org\/es\/wp-json\/wp\/v2\/types\/post"}],"author":[{"embeddable":true,"href":"https:\/\/amurriobidean.org\/es\/wp-json\/wp\/v2\/users\/2"}],"replies":[{"embeddable":true,"href":"https:\/\/amurriobidean.org\/es\/wp-json\/wp\/v2\/comments?post=4149"}],"version-history":[{"count":0,"href":"https:\/\/amurriobidean.org\/es\/wp-json\/wp\/v2\/posts\/4149\/revisions"}],"wp:featuredmedia":[{"embeddable":true,"href":"https:\/\/amurriobidean.org\/es\/wp-json\/wp\/v2\/media\/4146"}],"wp:attachment":[{"href":"https:\/\/amurriobidean.org\/es\/wp-json\/wp\/v2\/media?parent=4149"}],"wp:term":[{"taxonomy":"category","embeddable":true,"href":"https:\/\/amurriobidean.org\/es\/wp-json\/wp\/v2\/categories?post=4149"},{"taxonomy":"post_tag","embeddable":true,"href":"https:\/\/amurriobidean.org\/es\/wp-json\/wp\/v2\/tags?post=4149"}],"curies":[{"name":"wp","href":"https:\/\/api.w.org\/{rel}","templated":true}]}}