{"id":3957,"date":"2020-09-25T10:00:18","date_gmt":"2020-09-25T10:00:18","guid":{"rendered":"http:\/\/amurriobidean.eus\/amurriok-aiaraldea-dendatik-etxera-ekimena-jarri-du-martxan-aiarako-kuadrilarekin-batera\/"},"modified":"2020-09-25T10:02:10","modified_gmt":"2020-09-25T10:02:10","slug":"amurriok-aiaraldea-dendatik-etxera-ekimena-jarri-du-martxan-aiarako-kuadrilarekin-batera","status":"publish","type":"post","link":"https:\/\/amurriobidean.org\/es\/amurriok-aiaraldea-dendatik-etxera-ekimena-jarri-du-martxan-aiarako-kuadrilarekin-batera\/","title":{"rendered":"AMURRIO PONE EN MARCHA JUNTO A LA CUADRILLA DE AYALA LA INICIATIVA \u2018AIARALDEA DENDATIK ETXERA\u2019"},"content":{"rendered":"<p><strong>En total ser\u00e1n 8 los establecimientos participantes y cada uno de ellos establecer\u00e1 el procedimiento para hacer los pedidos y el m\u00e9todo de pago.<\/strong><\/p>\n<p><strong>Las vecinas y los vecinos de Amurrio que quieran participar en esta experiencia piloto deber\u00e1n rellenar un formulario y entregarlo en los comercios participantes; tambi\u00e9n se podr\u00e1 rellenar de forma online.<\/strong><\/p>\n<p>El Ayuntamiento de Amurrio, junto con la Cuadrilla de Ayala y el Ayuntamiento de Llodio, ha dise\u00f1ado la iniciativa \u2018Aiaraldea dendatik etxera\u2019. Esta campa\u00f1a se busca impulsar el consumo en los comercios del municipio, por ello, a trav\u00e9s de esta experiencia piloto se llevar\u00e1n los pedidos realizados hasta casa.<\/p>\n<p>En Amurrio son 8 los comercios que se suman a la iniciativa: <strong>Maritierra, frutadenda Selene, industrias c\u00e1rnicas Burutxaga,pescader\u00eda Boga Boga, pescader\u00eda Alberto Otegui, Goxe Berri, carnicer\u00eda San Jos\u00e9 S.C. y carnicer\u00eda \u00c1lava. <\/strong>Cada uno de los negocios indicar\u00e1 el procedimiento para hacer los pedidos y las formas de pago. Para poder acceder a este servicio, la compra m\u00ednima en cada establecimiento deber\u00e1 ser de 10 euros.<\/p>\n<p>Los repartos, que no tendr\u00e1n coste para la ciudadan\u00eda, se realizar\u00e1n los mi\u00e9rcoles y viernes de 15:00 a 17:00 horas, pudiendo elegir dentro de esta franja horaria en qu\u00e9 momento se desea recibir el pedido. Las vecinas y los vecinos interesados en participar en esta experiencia piloto deber\u00e1n rellenar un formulario en los establecimientos participantes o a trav\u00e9s de la siguiente p\u00e1gina web: <a href=\"https:\/\/sites.google.com\/view\/dendatiketxera\">https:\/\/sites.google.com\/view\/dendatiketxera<\/a><\/p>\n<p>&nbsp;<\/p>\n","protected":false},"excerpt":{"rendered":"<p>En total ser\u00e1n 8 los establecimientos participantes y cada uno de ellos establecer\u00e1 el procedimiento para hacer los pedidos y el m\u00e9todo de pago. Las vecinas y los vecinos de Amurrio que quieran participar en esta experiencia piloto deber\u00e1n rellenar un formulario y entregarlo en los comercios participantes; tambi\u00e9n se podr\u00e1 rellenar de forma online. [&hellip;]<\/p>\n","protected":false},"author":2,"featured_media":3954,"comment_status":"closed","ping_status":"closed","sticky":false,"template":"","format":"standard","meta":{"footnotes":""},"categories":[28],"tags":[],"class_list":["post-3957","post","type-post","status-publish","format-standard","has-post-thumbnail","hentry","category-noticias"],"yoast_head":"<!-- This site is optimized with the Yoast SEO plugin v25.3 - https:\/\/yoast.com\/wordpress\/plugins\/seo\/ -->\n<title>AMURRIO PONE EN MARCHA JUNTO A LA CUADRILLA DE AYALA LA INICIATIVA \u2018AIARALDEA DENDATIK ETXERA\u2019 - Amurrio Bidean. Garapen Agentzia - Agencia de desarrollo.<\/title>\n<meta name=\"robots\" content=\"index, follow, max-snippet:-1, max-image-preview:large, max-video-preview:-1\" \/>\n<link rel=\"canonical\" href=\"https:\/\/amurriobidean.org\/es\/amurriok-aiaraldea-dendatik-etxera-ekimena-jarri-du-martxan-aiarako-kuadrilarekin-batera\/\" \/>\n<meta property=\"og:locale\" content=\"es_ES\" \/>\n<meta property=\"og:type\" content=\"article\" \/>\n<meta property=\"og:title\" content=\"AMURRIO PONE EN MARCHA JUNTO A LA CUADRILLA DE AYALA LA INICIATIVA \u2018AIARALDEA DENDATIK ETXERA\u2019 - Amurrio Bidean. Garapen Agentzia - Agencia de desarrollo.\" \/>\n<meta property=\"og:description\" content=\"En total ser\u00e1n 8 los establecimientos participantes y cada uno de ellos establecer\u00e1 el procedimiento para hacer los pedidos y el m\u00e9todo de pago. Las vecinas y los vecinos de Amurrio que quieran participar en esta experiencia piloto deber\u00e1n rellenar un formulario y entregarlo en los comercios participantes; tambi\u00e9n se podr\u00e1 rellenar de forma online. [&hellip;]\" \/>\n<meta property=\"og:url\" content=\"https:\/\/amurriobidean.org\/es\/amurriok-aiaraldea-dendatik-etxera-ekimena-jarri-du-martxan-aiarako-kuadrilarekin-batera\/\" \/>\n<meta property=\"og:site_name\" content=\"Amurrio Bidean. Garapen Agentzia - Agencia de desarrollo.\" \/>\n<meta property=\"article:publisher\" content=\"https:\/\/www.facebook.com\/amurrio.bidean\" \/>\n<meta property=\"article:published_time\" content=\"2020-09-25T10:00:18+00:00\" \/>\n<meta property=\"article:modified_time\" content=\"2020-09-25T10:02:10+00:00\" \/>\n<meta property=\"og:image\" content=\"https:\/\/amurriobidean.org\/wp-content\/uploads\/2020\/09\/Aiaraldea-dendatik-etxera.jpg\" \/>\n\t<meta property=\"og:image:width\" content=\"1448\" \/>\n\t<meta property=\"og:image:height\" content=\"2048\" \/>\n\t<meta property=\"og:image:type\" content=\"image\/jpeg\" \/>\n<meta name=\"author\" content=\"Amurrio Bidean\" \/>\n<meta name=\"twitter:card\" content=\"summary_large_image\" \/>\n<meta name=\"twitter:creator\" content=\"@amurriobidean\" \/>\n<meta name=\"twitter:site\" content=\"@amurriobidean\" \/>\n<meta name=\"twitter:label1\" content=\"Escrito por\" \/>\n\t<meta name=\"twitter:data1\" content=\"Amurrio Bidean\" \/>\n\t<meta name=\"twitter:label2\" content=\"Tiempo de lectura\" \/>\n\t<meta name=\"twitter:data2\" content=\"1 minuto\" \/>\n<script type=\"application\/ld+json\" class=\"yoast-schema-graph\">{\"@context\":\"https:\/\/schema.org\",\"@graph\":[{\"@type\":\"WebPage\",\"@id\":\"https:\/\/amurriobidean.org\/es\/amurriok-aiaraldea-dendatik-etxera-ekimena-jarri-du-martxan-aiarako-kuadrilarekin-batera\/\",\"url\":\"https:\/\/amurriobidean.org\/es\/amurriok-aiaraldea-dendatik-etxera-ekimena-jarri-du-martxan-aiarako-kuadrilarekin-batera\/\",\"name\":\"AMURRIO PONE EN MARCHA JUNTO A LA CUADRILLA DE AYALA LA INICIATIVA \u2018AIARALDEA DENDATIK ETXERA\u2019 - Amurrio Bidean. Garapen Agentzia - Agencia de desarrollo.\",\"isPartOf\":{\"@id\":\"https:\/\/amurriobidean.org\/es\/#website\"},\"primaryImageOfPage\":{\"@id\":\"https:\/\/amurriobidean.org\/es\/amurriok-aiaraldea-dendatik-etxera-ekimena-jarri-du-martxan-aiarako-kuadrilarekin-batera\/#primaryimage\"},\"image\":{\"@id\":\"https:\/\/amurriobidean.org\/es\/amurriok-aiaraldea-dendatik-etxera-ekimena-jarri-du-martxan-aiarako-kuadrilarekin-batera\/#primaryimage\"},\"thumbnailUrl\":\"https:\/\/amurriobidean.org\/wp-content\/uploads\/2020\/09\/Aiaraldea-dendatik-etxera.jpg\",\"datePublished\":\"2020-09-25T10:00:18+00:00\",\"dateModified\":\"2020-09-25T10:02:10+00:00\",\"author\":{\"@id\":\"https:\/\/amurriobidean.org\/es\/#\/schema\/person\/56c71b474b3e7f5f5e6f209a6cf3abfe\"},\"breadcrumb\":{\"@id\":\"https:\/\/amurriobidean.org\/es\/amurriok-aiaraldea-dendatik-etxera-ekimena-jarri-du-martxan-aiarako-kuadrilarekin-batera\/#breadcrumb\"},\"inLanguage\":\"es\",\"potentialAction\":[{\"@type\":\"ReadAction\",\"target\":[\"https:\/\/amurriobidean.org\/es\/amurriok-aiaraldea-dendatik-etxera-ekimena-jarri-du-martxan-aiarako-kuadrilarekin-batera\/\"]}]},{\"@type\":\"ImageObject\",\"inLanguage\":\"es\",\"@id\":\"https:\/\/amurriobidean.org\/es\/amurriok-aiaraldea-dendatik-etxera-ekimena-jarri-du-martxan-aiarako-kuadrilarekin-batera\/#primaryimage\",\"url\":\"https:\/\/amurriobidean.org\/wp-content\/uploads\/2020\/09\/Aiaraldea-dendatik-etxera.jpg\",\"contentUrl\":\"https:\/\/amurriobidean.org\/wp-content\/uploads\/2020\/09\/Aiaraldea-dendatik-etxera.jpg\",\"width\":1448,\"height\":2048},{\"@type\":\"BreadcrumbList\",\"@id\":\"https:\/\/amurriobidean.org\/es\/amurriok-aiaraldea-dendatik-etxera-ekimena-jarri-du-martxan-aiarako-kuadrilarekin-batera\/#breadcrumb\",\"itemListElement\":[{\"@type\":\"ListItem\",\"position\":1,\"name\":\"Portada\",\"item\":\"https:\/\/amurriobidean.org\/es\/\"},{\"@type\":\"ListItem\",\"position\":2,\"name\":\"AMURRIO PONE EN MARCHA JUNTO A LA CUADRILLA DE AYALA LA INICIATIVA \u2018AIARALDEA DENDATIK ETXERA\u2019\"}]},{\"@type\":\"WebSite\",\"@id\":\"https:\/\/amurriobidean.org\/es\/#website\",\"url\":\"https:\/\/amurriobidean.org\/es\/\",\"name\":\"Amurrio Bidean. Garapen Agentzia - Agencia de desarrollo.\",\"description\":\"Agencia de Desarollo Local de Amurrio\",\"potentialAction\":[{\"@type\":\"SearchAction\",\"target\":{\"@type\":\"EntryPoint\",\"urlTemplate\":\"https:\/\/amurriobidean.org\/es\/?s={search_term_string}\"},\"query-input\":{\"@type\":\"PropertyValueSpecification\",\"valueRequired\":true,\"valueName\":\"search_term_string\"}}],\"inLanguage\":\"es\"},{\"@type\":\"Person\",\"@id\":\"https:\/\/amurriobidean.org\/es\/#\/schema\/person\/56c71b474b3e7f5f5e6f209a6cf3abfe\",\"name\":\"Amurrio Bidean\",\"image\":{\"@type\":\"ImageObject\",\"inLanguage\":\"es\",\"@id\":\"https:\/\/amurriobidean.org\/es\/#\/schema\/person\/image\/\",\"url\":\"https:\/\/secure.gravatar.com\/avatar\/84a34d50800d0bb5d80eba504fc44ed48c9b2faab16ad58fa7d30bce4e2b661e\",\"contentUrl\":\"https:\/\/secure.gravatar.com\/avatar\/84a34d50800d0bb5d80eba504fc44ed48c9b2faab16ad58fa7d30bce4e2b661e\",\"caption\":\"Amurrio Bidean\"},\"sameAs\":[\"http:\/\/www.amurriobidean.eus\"],\"url\":\"https:\/\/amurriobidean.org\/es\/author\/amurrio-bidean\/\"}]}<\/script>\n<!-- \/ Yoast SEO plugin. -->","yoast_head_json":{"title":"AMURRIO PONE EN MARCHA JUNTO A LA CUADRILLA DE AYALA LA INICIATIVA \u2018AIARALDEA DENDATIK ETXERA\u2019 - Amurrio Bidean. Garapen Agentzia - Agencia de desarrollo.","robots":{"index":"index","follow":"follow","max-snippet":"max-snippet:-1","max-image-preview":"max-image-preview:large","max-video-preview":"max-video-preview:-1"},"canonical":"https:\/\/amurriobidean.org\/es\/amurriok-aiaraldea-dendatik-etxera-ekimena-jarri-du-martxan-aiarako-kuadrilarekin-batera\/","og_locale":"es_ES","og_type":"article","og_title":"AMURRIO PONE EN MARCHA JUNTO A LA CUADRILLA DE AYALA LA INICIATIVA \u2018AIARALDEA DENDATIK ETXERA\u2019 - Amurrio Bidean. Garapen Agentzia - Agencia de desarrollo.","og_description":"En total ser\u00e1n 8 los establecimientos participantes y cada uno de ellos establecer\u00e1 el procedimiento para hacer los pedidos y el m\u00e9todo de pago. Las vecinas y los vecinos de Amurrio que quieran participar en esta experiencia piloto deber\u00e1n rellenar un formulario y entregarlo en los comercios participantes; tambi\u00e9n se podr\u00e1 rellenar de forma online. [&hellip;]","og_url":"https:\/\/amurriobidean.org\/es\/amurriok-aiaraldea-dendatik-etxera-ekimena-jarri-du-martxan-aiarako-kuadrilarekin-batera\/","og_site_name":"Amurrio Bidean. Garapen Agentzia - Agencia de desarrollo.","article_publisher":"https:\/\/www.facebook.com\/amurrio.bidean","article_published_time":"2020-09-25T10:00:18+00:00","article_modified_time":"2020-09-25T10:02:10+00:00","og_image":[{"width":1448,"height":2048,"url":"https:\/\/amurriobidean.org\/wp-content\/uploads\/2020\/09\/Aiaraldea-dendatik-etxera.jpg","type":"image\/jpeg"}],"author":"Amurrio Bidean","twitter_card":"summary_large_image","twitter_creator":"@amurriobidean","twitter_site":"@amurriobidean","twitter_misc":{"Escrito por":"Amurrio Bidean","Tiempo de lectura":"1 minuto"},"schema":{"@context":"https:\/\/schema.org","@graph":[{"@type":"WebPage","@id":"https:\/\/amurriobidean.org\/es\/amurriok-aiaraldea-dendatik-etxera-ekimena-jarri-du-martxan-aiarako-kuadrilarekin-batera\/","url":"https:\/\/amurriobidean.org\/es\/amurriok-aiaraldea-dendatik-etxera-ekimena-jarri-du-martxan-aiarako-kuadrilarekin-batera\/","name":"AMURRIO PONE EN MARCHA JUNTO A LA CUADRILLA DE AYALA LA INICIATIVA \u2018AIARALDEA DENDATIK ETXERA\u2019 - Amurrio Bidean. Garapen Agentzia - Agencia de desarrollo.","isPartOf":{"@id":"https:\/\/amurriobidean.org\/es\/#website"},"primaryImageOfPage":{"@id":"https:\/\/amurriobidean.org\/es\/amurriok-aiaraldea-dendatik-etxera-ekimena-jarri-du-martxan-aiarako-kuadrilarekin-batera\/#primaryimage"},"image":{"@id":"https:\/\/amurriobidean.org\/es\/amurriok-aiaraldea-dendatik-etxera-ekimena-jarri-du-martxan-aiarako-kuadrilarekin-batera\/#primaryimage"},"thumbnailUrl":"https:\/\/amurriobidean.org\/wp-content\/uploads\/2020\/09\/Aiaraldea-dendatik-etxera.jpg","datePublished":"2020-09-25T10:00:18+00:00","dateModified":"2020-09-25T10:02:10+00:00","author":{"@id":"https:\/\/amurriobidean.org\/es\/#\/schema\/person\/56c71b474b3e7f5f5e6f209a6cf3abfe"},"breadcrumb":{"@id":"https:\/\/amurriobidean.org\/es\/amurriok-aiaraldea-dendatik-etxera-ekimena-jarri-du-martxan-aiarako-kuadrilarekin-batera\/#breadcrumb"},"inLanguage":"es","potentialAction":[{"@type":"ReadAction","target":["https:\/\/amurriobidean.org\/es\/amurriok-aiaraldea-dendatik-etxera-ekimena-jarri-du-martxan-aiarako-kuadrilarekin-batera\/"]}]},{"@type":"ImageObject","inLanguage":"es","@id":"https:\/\/amurriobidean.org\/es\/amurriok-aiaraldea-dendatik-etxera-ekimena-jarri-du-martxan-aiarako-kuadrilarekin-batera\/#primaryimage","url":"https:\/\/amurriobidean.org\/wp-content\/uploads\/2020\/09\/Aiaraldea-dendatik-etxera.jpg","contentUrl":"https:\/\/amurriobidean.org\/wp-content\/uploads\/2020\/09\/Aiaraldea-dendatik-etxera.jpg","width":1448,"height":2048},{"@type":"BreadcrumbList","@id":"https:\/\/amurriobidean.org\/es\/amurriok-aiaraldea-dendatik-etxera-ekimena-jarri-du-martxan-aiarako-kuadrilarekin-batera\/#breadcrumb","itemListElement":[{"@type":"ListItem","position":1,"name":"Portada","item":"https:\/\/amurriobidean.org\/es\/"},{"@type":"ListItem","position":2,"name":"AMURRIO PONE EN MARCHA JUNTO A LA CUADRILLA DE AYALA LA INICIATIVA \u2018AIARALDEA DENDATIK ETXERA\u2019"}]},{"@type":"WebSite","@id":"https:\/\/amurriobidean.org\/es\/#website","url":"https:\/\/amurriobidean.org\/es\/","name":"Amurrio Bidean. Garapen Agentzia - Agencia de desarrollo.","description":"Agencia de Desarollo Local de Amurrio","potentialAction":[{"@type":"SearchAction","target":{"@type":"EntryPoint","urlTemplate":"https:\/\/amurriobidean.org\/es\/?s={search_term_string}"},"query-input":{"@type":"PropertyValueSpecification","valueRequired":true,"valueName":"search_term_string"}}],"inLanguage":"es"},{"@type":"Person","@id":"https:\/\/amurriobidean.org\/es\/#\/schema\/person\/56c71b474b3e7f5f5e6f209a6cf3abfe","name":"Amurrio Bidean","image":{"@type":"ImageObject","inLanguage":"es","@id":"https:\/\/amurriobidean.org\/es\/#\/schema\/person\/image\/","url":"https:\/\/secure.gravatar.com\/avatar\/84a34d50800d0bb5d80eba504fc44ed48c9b2faab16ad58fa7d30bce4e2b661e","contentUrl":"https:\/\/secure.gravatar.com\/avatar\/84a34d50800d0bb5d80eba504fc44ed48c9b2faab16ad58fa7d30bce4e2b661e","caption":"Amurrio Bidean"},"sameAs":["http:\/\/www.amurriobidean.eus"],"url":"https:\/\/amurriobidean.org\/es\/author\/amurrio-bidean\/"}]}},"_links":{"self":[{"href":"https:\/\/amurriobidean.org\/es\/wp-json\/wp\/v2\/posts\/3957","targetHints":{"allow":["GET"]}}],"collection":[{"href":"https:\/\/amurriobidean.org\/es\/wp-json\/wp\/v2\/posts"}],"about":[{"href":"https:\/\/amurriobidean.org\/es\/wp-json\/wp\/v2\/types\/post"}],"author":[{"embeddable":true,"href":"https:\/\/amurriobidean.org\/es\/wp-json\/wp\/v2\/users\/2"}],"replies":[{"embeddable":true,"href":"https:\/\/amurriobidean.org\/es\/wp-json\/wp\/v2\/comments?post=3957"}],"version-history":[{"count":0,"href":"https:\/\/amurriobidean.org\/es\/wp-json\/wp\/v2\/posts\/3957\/revisions"}],"wp:featuredmedia":[{"embeddable":true,"href":"https:\/\/amurriobidean.org\/es\/wp-json\/wp\/v2\/media\/3954"}],"wp:attachment":[{"href":"https:\/\/amurriobidean.org\/es\/wp-json\/wp\/v2\/media?parent=3957"}],"wp:term":[{"taxonomy":"category","embeddable":true,"href":"https:\/\/amurriobidean.org\/es\/wp-json\/wp\/v2\/categories?post=3957"},{"taxonomy":"post_tag","embeddable":true,"href":"https:\/\/amurriobidean.org\/es\/wp-json\/wp\/v2\/tags?post=3957"}],"curies":[{"name":"wp","href":"https:\/\/api.w.org\/{rel}","templated":true}]}}