{"id":3947,"date":"2020-09-10T08:24:33","date_gmt":"2020-09-10T08:24:33","guid":{"rendered":"http:\/\/amurriobidean.eus\/lana-bilatzeko-hazilan-programaren-bosgarren-edizioa-irailaren-28an-jarriko-da-martxan\/"},"modified":"2020-09-10T08:26:17","modified_gmt":"2020-09-10T08:26:17","slug":"lana-bilatzeko-hazilan-programaren-bosgarren-edizioa-irailaren-28an-jarriko-da-martxan","status":"publish","type":"post","link":"https:\/\/amurriobidean.org\/es\/lana-bilatzeko-hazilan-programaren-bosgarren-edizioa-irailaren-28an-jarriko-da-martxan\/","title":{"rendered":"La quinta edici\u00f3n del programa para la b\u00fasqueda de empleo Hazilan arranca el 28 de septiembre"},"content":{"rendered":"<p>La quinta edici\u00f3n de Hazilan, programa que tiene como objetivo facilitar la incorporaci\u00f3n inicial al mercado laboral o ayudar a encontrar el empleo deseado se presentar\u00e1 el pr\u00f3ximo 28 de septiembre. Ya es posible concertar una cita en Amurrio Bidean para recibir m\u00e1s informaci\u00f3n en el tel\u00e9fono 945891721 o a trav\u00e9s del correo\u00a0<a role=\"link\" href=\"mailto:empresa@amurriobidean.org%20%20\">empresa@amurriobidean.org\u00a0<\/a><\/p>\n<p>La realidad del entorno econ\u00f3mico y del mercado laboral de este a\u00f1o ha cambiado, m\u00e1s personas se encuentran en la b\u00fasqueda de empleo y la oferta laboral se ha reducido. Esta circunstancia hace m\u00e1s necesario si cabe este programa ya que apoya a las personas de entre 20 y 44 a\u00f1os con estudios de ciclo formativo de grado superior o universitarios a hacer una b\u00fasqueda de empleo reflexionada, orientada al crecimiento personal y al an\u00e1lisis de los puntos fuertes de la persona y las necesidades del mercado laboral al que se dirija.<\/p>\n<p><strong>Coaching grupal y mentorizaci\u00f3n individual<\/strong><\/p>\n<p>Hazilan se desarrolla mediante coaching grupal y mentorizaci\u00f3n individual.\u00a0 Las personas participantes comienzan por un proceso de autoconocimiento para reforzar sus habilidades profesionales transversales y dise\u00f1ar un plan de acci\u00f3n que les ayude a ponerlas en valor en el mercado laboral. A su vez, reciben formaci\u00f3n complementaria en herramientas digitales (comunicaci\u00f3n digital, archivo documental, documentos gr\u00e1ficos atractivos) y marca personal aplicadas al entorno profesional.<\/p>\n<p>Tras la formaci\u00f3n se podr\u00e1n realizar entre 2 y 4 meses de pr\u00e1cticas, o la tutorizaci\u00f3n de un proyecto de viabilidad de negocio. Las personas empadronadas en Amurrio podr\u00e1n solicitar una beca formativa del Ayuntamiento de Amurrio cuyo importe es de entre 600 y 800\u20ac mensuales destinados a apoyarles econ\u00f3micamente en esta fase de su incorporaci\u00f3n al mercado laboral.<\/p>\n<p>Hazilan es un programa cofinanciado al 50% por el Fondo Social Europeo y enmarcado dentro del Programa Operativo del Pa\u00eds Vasco 2014-2020.<\/p>\n","protected":false},"excerpt":{"rendered":"<p>La quinta edici\u00f3n de Hazilan, programa que tiene como objetivo facilitar la incorporaci\u00f3n inicial al mercado laboral o ayudar a encontrar el empleo deseado se presentar\u00e1 el pr\u00f3ximo 28 de septiembre. Ya es posible concertar una cita en Amurrio Bidean para recibir m\u00e1s informaci\u00f3n en el tel\u00e9fono 945891721 o a trav\u00e9s del correo\u00a0empresa@amurriobidean.org\u00a0 La realidad [&hellip;]<\/p>\n","protected":false},"author":2,"featured_media":3944,"comment_status":"closed","ping_status":"closed","sticky":false,"template":"","format":"standard","meta":{"footnotes":""},"categories":[28],"tags":[],"class_list":["post-3947","post","type-post","status-publish","format-standard","has-post-thumbnail","hentry","category-noticias"],"yoast_head":"<!-- This site is optimized with the Yoast SEO plugin v25.3 - https:\/\/yoast.com\/wordpress\/plugins\/seo\/ -->\n<title>La quinta edici\u00f3n del programa para la b\u00fasqueda de empleo Hazilan arranca el 28 de septiembre - Amurrio Bidean. Garapen Agentzia - Agencia de desarrollo.<\/title>\n<meta name=\"robots\" content=\"index, follow, max-snippet:-1, max-image-preview:large, max-video-preview:-1\" \/>\n<link rel=\"canonical\" href=\"https:\/\/amurriobidean.org\/es\/lana-bilatzeko-hazilan-programaren-bosgarren-edizioa-irailaren-28an-jarriko-da-martxan\/\" \/>\n<meta property=\"og:locale\" content=\"es_ES\" \/>\n<meta property=\"og:type\" content=\"article\" \/>\n<meta property=\"og:title\" content=\"La quinta edici\u00f3n del programa para la b\u00fasqueda de empleo Hazilan arranca el 28 de septiembre - Amurrio Bidean. Garapen Agentzia - Agencia de desarrollo.\" \/>\n<meta property=\"og:description\" content=\"La quinta edici\u00f3n de Hazilan, programa que tiene como objetivo facilitar la incorporaci\u00f3n inicial al mercado laboral o ayudar a encontrar el empleo deseado se presentar\u00e1 el pr\u00f3ximo 28 de septiembre. Ya es posible concertar una cita en Amurrio Bidean para recibir m\u00e1s informaci\u00f3n en el tel\u00e9fono 945891721 o a trav\u00e9s del correo\u00a0empresa@amurriobidean.org\u00a0 La realidad [&hellip;]\" \/>\n<meta property=\"og:url\" content=\"https:\/\/amurriobidean.org\/es\/lana-bilatzeko-hazilan-programaren-bosgarren-edizioa-irailaren-28an-jarriko-da-martxan\/\" \/>\n<meta property=\"og:site_name\" content=\"Amurrio Bidean. Garapen Agentzia - Agencia de desarrollo.\" \/>\n<meta property=\"article:publisher\" content=\"https:\/\/www.facebook.com\/amurrio.bidean\" \/>\n<meta property=\"article:published_time\" content=\"2020-09-10T08:24:33+00:00\" \/>\n<meta property=\"article:modified_time\" content=\"2020-09-10T08:26:17+00:00\" \/>\n<meta property=\"og:image\" content=\"https:\/\/amurriobidean.org\/wp-content\/uploads\/2020\/09\/Hazilan-2020-212x300-1.jpg\" \/>\n\t<meta property=\"og:image:width\" content=\"212\" \/>\n\t<meta property=\"og:image:height\" content=\"300\" \/>\n\t<meta property=\"og:image:type\" content=\"image\/jpeg\" \/>\n<meta name=\"author\" content=\"Amurrio Bidean\" \/>\n<meta name=\"twitter:card\" content=\"summary_large_image\" \/>\n<meta name=\"twitter:creator\" content=\"@amurriobidean\" \/>\n<meta name=\"twitter:site\" content=\"@amurriobidean\" \/>\n<meta name=\"twitter:label1\" content=\"Escrito por\" \/>\n\t<meta name=\"twitter:data1\" content=\"Amurrio Bidean\" \/>\n\t<meta name=\"twitter:label2\" content=\"Tiempo de lectura\" \/>\n\t<meta name=\"twitter:data2\" content=\"2 minutos\" \/>\n<script type=\"application\/ld+json\" class=\"yoast-schema-graph\">{\"@context\":\"https:\/\/schema.org\",\"@graph\":[{\"@type\":\"WebPage\",\"@id\":\"https:\/\/amurriobidean.org\/es\/lana-bilatzeko-hazilan-programaren-bosgarren-edizioa-irailaren-28an-jarriko-da-martxan\/\",\"url\":\"https:\/\/amurriobidean.org\/es\/lana-bilatzeko-hazilan-programaren-bosgarren-edizioa-irailaren-28an-jarriko-da-martxan\/\",\"name\":\"La quinta edici\u00f3n del programa para la b\u00fasqueda de empleo Hazilan arranca el 28 de septiembre - Amurrio Bidean. Garapen Agentzia - Agencia de desarrollo.\",\"isPartOf\":{\"@id\":\"https:\/\/amurriobidean.org\/es\/#website\"},\"primaryImageOfPage\":{\"@id\":\"https:\/\/amurriobidean.org\/es\/lana-bilatzeko-hazilan-programaren-bosgarren-edizioa-irailaren-28an-jarriko-da-martxan\/#primaryimage\"},\"image\":{\"@id\":\"https:\/\/amurriobidean.org\/es\/lana-bilatzeko-hazilan-programaren-bosgarren-edizioa-irailaren-28an-jarriko-da-martxan\/#primaryimage\"},\"thumbnailUrl\":\"https:\/\/amurriobidean.org\/wp-content\/uploads\/2020\/09\/Hazilan-2020-212x300-1.jpg\",\"datePublished\":\"2020-09-10T08:24:33+00:00\",\"dateModified\":\"2020-09-10T08:26:17+00:00\",\"author\":{\"@id\":\"https:\/\/amurriobidean.org\/es\/#\/schema\/person\/56c71b474b3e7f5f5e6f209a6cf3abfe\"},\"breadcrumb\":{\"@id\":\"https:\/\/amurriobidean.org\/es\/lana-bilatzeko-hazilan-programaren-bosgarren-edizioa-irailaren-28an-jarriko-da-martxan\/#breadcrumb\"},\"inLanguage\":\"es\",\"potentialAction\":[{\"@type\":\"ReadAction\",\"target\":[\"https:\/\/amurriobidean.org\/es\/lana-bilatzeko-hazilan-programaren-bosgarren-edizioa-irailaren-28an-jarriko-da-martxan\/\"]}]},{\"@type\":\"ImageObject\",\"inLanguage\":\"es\",\"@id\":\"https:\/\/amurriobidean.org\/es\/lana-bilatzeko-hazilan-programaren-bosgarren-edizioa-irailaren-28an-jarriko-da-martxan\/#primaryimage\",\"url\":\"https:\/\/amurriobidean.org\/wp-content\/uploads\/2020\/09\/Hazilan-2020-212x300-1.jpg\",\"contentUrl\":\"https:\/\/amurriobidean.org\/wp-content\/uploads\/2020\/09\/Hazilan-2020-212x300-1.jpg\",\"width\":212,\"height\":300},{\"@type\":\"BreadcrumbList\",\"@id\":\"https:\/\/amurriobidean.org\/es\/lana-bilatzeko-hazilan-programaren-bosgarren-edizioa-irailaren-28an-jarriko-da-martxan\/#breadcrumb\",\"itemListElement\":[{\"@type\":\"ListItem\",\"position\":1,\"name\":\"Portada\",\"item\":\"https:\/\/amurriobidean.org\/es\/\"},{\"@type\":\"ListItem\",\"position\":2,\"name\":\"La quinta edici\u00f3n del programa para la b\u00fasqueda de empleo Hazilan arranca el 28 de septiembre\"}]},{\"@type\":\"WebSite\",\"@id\":\"https:\/\/amurriobidean.org\/es\/#website\",\"url\":\"https:\/\/amurriobidean.org\/es\/\",\"name\":\"Amurrio Bidean. Garapen Agentzia - Agencia de desarrollo.\",\"description\":\"Agencia de Desarollo Local de Amurrio\",\"potentialAction\":[{\"@type\":\"SearchAction\",\"target\":{\"@type\":\"EntryPoint\",\"urlTemplate\":\"https:\/\/amurriobidean.org\/es\/?s={search_term_string}\"},\"query-input\":{\"@type\":\"PropertyValueSpecification\",\"valueRequired\":true,\"valueName\":\"search_term_string\"}}],\"inLanguage\":\"es\"},{\"@type\":\"Person\",\"@id\":\"https:\/\/amurriobidean.org\/es\/#\/schema\/person\/56c71b474b3e7f5f5e6f209a6cf3abfe\",\"name\":\"Amurrio Bidean\",\"image\":{\"@type\":\"ImageObject\",\"inLanguage\":\"es\",\"@id\":\"https:\/\/amurriobidean.org\/es\/#\/schema\/person\/image\/\",\"url\":\"https:\/\/secure.gravatar.com\/avatar\/84a34d50800d0bb5d80eba504fc44ed48c9b2faab16ad58fa7d30bce4e2b661e\",\"contentUrl\":\"https:\/\/secure.gravatar.com\/avatar\/84a34d50800d0bb5d80eba504fc44ed48c9b2faab16ad58fa7d30bce4e2b661e\",\"caption\":\"Amurrio Bidean\"},\"sameAs\":[\"http:\/\/www.amurriobidean.eus\"],\"url\":\"https:\/\/amurriobidean.org\/es\/author\/amurrio-bidean\/\"}]}<\/script>\n<!-- \/ Yoast SEO plugin. -->","yoast_head_json":{"title":"La quinta edici\u00f3n del programa para la b\u00fasqueda de empleo Hazilan arranca el 28 de septiembre - Amurrio Bidean. Garapen Agentzia - Agencia de desarrollo.","robots":{"index":"index","follow":"follow","max-snippet":"max-snippet:-1","max-image-preview":"max-image-preview:large","max-video-preview":"max-video-preview:-1"},"canonical":"https:\/\/amurriobidean.org\/es\/lana-bilatzeko-hazilan-programaren-bosgarren-edizioa-irailaren-28an-jarriko-da-martxan\/","og_locale":"es_ES","og_type":"article","og_title":"La quinta edici\u00f3n del programa para la b\u00fasqueda de empleo Hazilan arranca el 28 de septiembre - Amurrio Bidean. Garapen Agentzia - Agencia de desarrollo.","og_description":"La quinta edici\u00f3n de Hazilan, programa que tiene como objetivo facilitar la incorporaci\u00f3n inicial al mercado laboral o ayudar a encontrar el empleo deseado se presentar\u00e1 el pr\u00f3ximo 28 de septiembre. Ya es posible concertar una cita en Amurrio Bidean para recibir m\u00e1s informaci\u00f3n en el tel\u00e9fono 945891721 o a trav\u00e9s del correo\u00a0empresa@amurriobidean.org\u00a0 La realidad [&hellip;]","og_url":"https:\/\/amurriobidean.org\/es\/lana-bilatzeko-hazilan-programaren-bosgarren-edizioa-irailaren-28an-jarriko-da-martxan\/","og_site_name":"Amurrio Bidean. Garapen Agentzia - Agencia de desarrollo.","article_publisher":"https:\/\/www.facebook.com\/amurrio.bidean","article_published_time":"2020-09-10T08:24:33+00:00","article_modified_time":"2020-09-10T08:26:17+00:00","og_image":[{"width":212,"height":300,"url":"https:\/\/amurriobidean.org\/wp-content\/uploads\/2020\/09\/Hazilan-2020-212x300-1.jpg","type":"image\/jpeg"}],"author":"Amurrio Bidean","twitter_card":"summary_large_image","twitter_creator":"@amurriobidean","twitter_site":"@amurriobidean","twitter_misc":{"Escrito por":"Amurrio Bidean","Tiempo de lectura":"2 minutos"},"schema":{"@context":"https:\/\/schema.org","@graph":[{"@type":"WebPage","@id":"https:\/\/amurriobidean.org\/es\/lana-bilatzeko-hazilan-programaren-bosgarren-edizioa-irailaren-28an-jarriko-da-martxan\/","url":"https:\/\/amurriobidean.org\/es\/lana-bilatzeko-hazilan-programaren-bosgarren-edizioa-irailaren-28an-jarriko-da-martxan\/","name":"La quinta edici\u00f3n del programa para la b\u00fasqueda de empleo Hazilan arranca el 28 de septiembre - Amurrio Bidean. Garapen Agentzia - Agencia de desarrollo.","isPartOf":{"@id":"https:\/\/amurriobidean.org\/es\/#website"},"primaryImageOfPage":{"@id":"https:\/\/amurriobidean.org\/es\/lana-bilatzeko-hazilan-programaren-bosgarren-edizioa-irailaren-28an-jarriko-da-martxan\/#primaryimage"},"image":{"@id":"https:\/\/amurriobidean.org\/es\/lana-bilatzeko-hazilan-programaren-bosgarren-edizioa-irailaren-28an-jarriko-da-martxan\/#primaryimage"},"thumbnailUrl":"https:\/\/amurriobidean.org\/wp-content\/uploads\/2020\/09\/Hazilan-2020-212x300-1.jpg","datePublished":"2020-09-10T08:24:33+00:00","dateModified":"2020-09-10T08:26:17+00:00","author":{"@id":"https:\/\/amurriobidean.org\/es\/#\/schema\/person\/56c71b474b3e7f5f5e6f209a6cf3abfe"},"breadcrumb":{"@id":"https:\/\/amurriobidean.org\/es\/lana-bilatzeko-hazilan-programaren-bosgarren-edizioa-irailaren-28an-jarriko-da-martxan\/#breadcrumb"},"inLanguage":"es","potentialAction":[{"@type":"ReadAction","target":["https:\/\/amurriobidean.org\/es\/lana-bilatzeko-hazilan-programaren-bosgarren-edizioa-irailaren-28an-jarriko-da-martxan\/"]}]},{"@type":"ImageObject","inLanguage":"es","@id":"https:\/\/amurriobidean.org\/es\/lana-bilatzeko-hazilan-programaren-bosgarren-edizioa-irailaren-28an-jarriko-da-martxan\/#primaryimage","url":"https:\/\/amurriobidean.org\/wp-content\/uploads\/2020\/09\/Hazilan-2020-212x300-1.jpg","contentUrl":"https:\/\/amurriobidean.org\/wp-content\/uploads\/2020\/09\/Hazilan-2020-212x300-1.jpg","width":212,"height":300},{"@type":"BreadcrumbList","@id":"https:\/\/amurriobidean.org\/es\/lana-bilatzeko-hazilan-programaren-bosgarren-edizioa-irailaren-28an-jarriko-da-martxan\/#breadcrumb","itemListElement":[{"@type":"ListItem","position":1,"name":"Portada","item":"https:\/\/amurriobidean.org\/es\/"},{"@type":"ListItem","position":2,"name":"La quinta edici\u00f3n del programa para la b\u00fasqueda de empleo Hazilan arranca el 28 de septiembre"}]},{"@type":"WebSite","@id":"https:\/\/amurriobidean.org\/es\/#website","url":"https:\/\/amurriobidean.org\/es\/","name":"Amurrio Bidean. Garapen Agentzia - Agencia de desarrollo.","description":"Agencia de Desarollo Local de Amurrio","potentialAction":[{"@type":"SearchAction","target":{"@type":"EntryPoint","urlTemplate":"https:\/\/amurriobidean.org\/es\/?s={search_term_string}"},"query-input":{"@type":"PropertyValueSpecification","valueRequired":true,"valueName":"search_term_string"}}],"inLanguage":"es"},{"@type":"Person","@id":"https:\/\/amurriobidean.org\/es\/#\/schema\/person\/56c71b474b3e7f5f5e6f209a6cf3abfe","name":"Amurrio Bidean","image":{"@type":"ImageObject","inLanguage":"es","@id":"https:\/\/amurriobidean.org\/es\/#\/schema\/person\/image\/","url":"https:\/\/secure.gravatar.com\/avatar\/84a34d50800d0bb5d80eba504fc44ed48c9b2faab16ad58fa7d30bce4e2b661e","contentUrl":"https:\/\/secure.gravatar.com\/avatar\/84a34d50800d0bb5d80eba504fc44ed48c9b2faab16ad58fa7d30bce4e2b661e","caption":"Amurrio Bidean"},"sameAs":["http:\/\/www.amurriobidean.eus"],"url":"https:\/\/amurriobidean.org\/es\/author\/amurrio-bidean\/"}]}},"_links":{"self":[{"href":"https:\/\/amurriobidean.org\/es\/wp-json\/wp\/v2\/posts\/3947","targetHints":{"allow":["GET"]}}],"collection":[{"href":"https:\/\/amurriobidean.org\/es\/wp-json\/wp\/v2\/posts"}],"about":[{"href":"https:\/\/amurriobidean.org\/es\/wp-json\/wp\/v2\/types\/post"}],"author":[{"embeddable":true,"href":"https:\/\/amurriobidean.org\/es\/wp-json\/wp\/v2\/users\/2"}],"replies":[{"embeddable":true,"href":"https:\/\/amurriobidean.org\/es\/wp-json\/wp\/v2\/comments?post=3947"}],"version-history":[{"count":0,"href":"https:\/\/amurriobidean.org\/es\/wp-json\/wp\/v2\/posts\/3947\/revisions"}],"wp:featuredmedia":[{"embeddable":true,"href":"https:\/\/amurriobidean.org\/es\/wp-json\/wp\/v2\/media\/3944"}],"wp:attachment":[{"href":"https:\/\/amurriobidean.org\/es\/wp-json\/wp\/v2\/media?parent=3947"}],"wp:term":[{"taxonomy":"category","embeddable":true,"href":"https:\/\/amurriobidean.org\/es\/wp-json\/wp\/v2\/categories?post=3947"},{"taxonomy":"post_tag","embeddable":true,"href":"https:\/\/amurriobidean.org\/es\/wp-json\/wp\/v2\/tags?post=3947"}],"curies":[{"name":"wp","href":"https:\/\/api.w.org\/{rel}","templated":true}]}}