{"id":3926,"date":"2020-09-02T10:05:33","date_gmt":"2020-09-02T10:05:33","guid":{"rendered":"http:\/\/amurriobidean.eus\/ireki-da-enpresa-txikiei-eta-ertainei-eta-autonomoei-zuzendutako-laguntza-zuzenak-eskatzeko-epea\/"},"modified":"2020-09-02T10:08:39","modified_gmt":"2020-09-02T10:08:39","slug":"ireki-da-enpresa-txikiei-eta-ertainei-eta-autonomoei-zuzendutako-laguntza-zuzenak-eskatzeko-epea","status":"publish","type":"post","link":"https:\/\/amurriobidean.org\/es\/ireki-da-enpresa-txikiei-eta-ertainei-eta-autonomoei-zuzendutako-laguntza-zuzenak-eskatzeko-epea\/","title":{"rendered":"Abierto el plazo para la solicitud de ayudas directas destinadas a pymes y personas aut\u00f3nomas"},"content":{"rendered":"<p>El Ayuntamiento de Amurrio ha habilitado una partida econ\u00f3mica de 100.000 euros dirigida a las pymes y personas aut\u00f3nomas con el fin de paliar los efectos negativos generados por la crisis sanitaria y reactivar la econom\u00eda local. La disposici\u00f3n de este paquete de ayudas directas se enmarca en el programa \u2018Amurrion bizi\u2019, presentado a mediados de junio, y que busca a trav\u00e9s de la adopci\u00f3n de diferentes medidas fortalecer Amurrio a trav\u00e9s de su reactivaci\u00f3n econ\u00f3mica.<\/p>\n<p>La presentaci\u00f3n de las solicitudes se puede realizar desde hoy y hasta el 30 de septiembre en el Servicio de Atenci\u00f3n Ciudadana del Consistorio situado en la planta baja. Las personas interesadas deber\u00e1n presentar la siguiente documentaci\u00f3n:<\/p>\n<ul>\n<li>Impreso de solicitud y declaraci\u00f3n jurada.<\/li>\n<li>Fotocopia del Documento nacional de identidad, n\u00famero de identificaci\u00f3n de extranjero o pasaporte en vigor del solicitante en el caso de personas f\u00edsicas. En el caso de sociedades civiles y comunidades de bienes, copia de los estatutos y del n\u00famero de identificaci\u00f3n fiscal. En caso de personas jur\u00eddicas, n\u00famero de identificaci\u00f3n fiscal y escrituras de constituci\u00f3n de la empresa.<\/li>\n<li>Certificado de altas y bajas en el Impuesto de Actividades Econ\u00f3micas.<\/li>\n<li>Informe de trabajadores en alta emitido por la Tesorer\u00eda General de la Seguridad Social para acreditar el n\u00famero de personas trabajadoras.<\/li>\n<li>Certificado actualizado de que estar al corriente de pagos con la Seguridad Social.<\/li>\n<li>Certificado actualizado de estar al corriente de pagos con la Hacienda Foral.<\/li>\n<li>Alta de terceras personas, debidamente sellada y firmada, as\u00ed como conformada por la entidad financiera.<\/li>\n<\/ul>\n<p>Esta l\u00ednea de ayuda directa est\u00e1 dirigida a apoyar a las pymes y personas aut\u00f3nomas que desarrollan o estaban desarrollando una actividad econ\u00f3mica en el municipio y han visto disminuidos sus ingresos a consecuencia de la pandemia ocasionada por la Covid-19. Dependiendo de la actividad empresarial desarrollada, la cuant\u00eda m\u00e1xima de la ayuda oscilar\u00e1 entre los 300 euros y los 500 euros.<\/p>\n<p>Podr\u00e1n ser beneficiarias de las ayudas quienes cumplan los siguientes requisitos:<\/p>\n<ul>\n<li>Realizar una actividad econ\u00f3mica en el municipio de Amurrio en la actualidad o en el momento de la declaraci\u00f3n del estado de alarma y que est\u00e9n dadas de alta en el IAE (o estuvieran a 14 de marzo de2020) en alguno de los siguientes ep\u00edgrafes:<\/li>\n<\/ul>\n<p>\u2013 Secci\u00f3n 1 (Ep\u00edgrafes de IAE para actividades empresariales): Divisi\u00f3n 4 (Otras industrias manufactureras), Divisi\u00f3n 5 (Construcci\u00f3n), Divisi\u00f3n 6 (Comercio, Restaurantes y Hospedaje, Reparaciones), Divisi\u00f3n 7 (Transporte y comunicaciones), Divisi\u00f3n 8 (Instituciones financieras, seguros, servicios prestados a las empresas y alquileres) y 9 (otros servicios).<\/p>\n<p>\u2013 Secci\u00f3n 2 (Ep\u00edgrafes de IAE para actividades profesionales.<\/p>\n<p>\u2013 Secci\u00f3n 3 (Ep\u00edgrafes de IAE para actividades art\u00edsticas).<\/p>\n<ul>\n<li>En el caso de personas f\u00edsicas estar empadronadas o disponer de un establecimiento afecto a la actividad econ\u00f3mica en el municipio. En el caso de las personas jur\u00eddicas su domicilio social deber\u00e1 estar en Amurrio.<\/li>\n<li>La plantilla no supere las 5 personas empleadas, incluida la persona titular de la actividad.<\/li>\n<li>No estar vinculada o participada en m\u00e1s de un 25 por ciento por empresas que no re\u00fanan alguno de los requisitos anteriormente expuestos.<\/li>\n<li>Encontrarse al corriente de las obligaciones frente a las diferentes administraciones p\u00fablicas con las que tengan exigencias de car\u00e1cter tributario, as\u00ed como al corriente de sus obligaciones con la Seguridad Social.<\/li>\n<li>No tener ning\u00fan contrato en vigor con el Ayuntamiento de Amurrio ni con ninguno de sus entes dependientes.<\/li>\n<\/ul>\n<p><a href=\"http:\/\/amurriobidean.eus\/wp-content\/uploads\/2020\/09\/1sep_20-I-Eranskina-solicitud.pdf\">1sep_20-I-Eranskina-solicitud<\/a><\/p>\n<p><a href=\"http:\/\/amurriobidean.eus\/wp-content\/uploads\/2020\/09\/1sep_20-AltadeTerceros-1-1.pdf\">1sep_20-AltadeTerceros-1-1<\/a><\/p>\n<p><a href=\"http:\/\/amurriobidean.eus\/wp-content\/uploads\/2020\/09\/2020_098_02413_E.pdf\">2020_098_02413_E<\/a><\/p>\n","protected":false},"excerpt":{"rendered":"<p>El Ayuntamiento de Amurrio ha habilitado una partida econ\u00f3mica de 100.000 euros dirigida a las pymes y personas aut\u00f3nomas con el fin de paliar los efectos negativos generados por la crisis sanitaria y reactivar la econom\u00eda local. La disposici\u00f3n de este paquete de ayudas directas se enmarca en el programa \u2018Amurrion bizi\u2019, presentado a mediados [&hellip;]<\/p>\n","protected":false},"author":2,"featured_media":3827,"comment_status":"closed","ping_status":"closed","sticky":false,"template":"","format":"standard","meta":{"footnotes":""},"categories":[28],"tags":[],"class_list":["post-3926","post","type-post","status-publish","format-standard","has-post-thumbnail","hentry","category-noticias"],"yoast_head":"<!-- This site is optimized with the Yoast SEO plugin v25.3 - https:\/\/yoast.com\/wordpress\/plugins\/seo\/ -->\n<title>Abierto el plazo para la solicitud de ayudas directas destinadas a pymes y personas aut\u00f3nomas - Amurrio Bidean. Garapen Agentzia - Agencia de desarrollo.<\/title>\n<meta name=\"robots\" content=\"index, follow, max-snippet:-1, max-image-preview:large, max-video-preview:-1\" \/>\n<link rel=\"canonical\" href=\"https:\/\/amurriobidean.org\/es\/ireki-da-enpresa-txikiei-eta-ertainei-eta-autonomoei-zuzendutako-laguntza-zuzenak-eskatzeko-epea\/\" \/>\n<meta property=\"og:locale\" content=\"es_ES\" \/>\n<meta property=\"og:type\" content=\"article\" \/>\n<meta property=\"og:title\" content=\"Abierto el plazo para la solicitud de ayudas directas destinadas a pymes y personas aut\u00f3nomas - Amurrio Bidean. Garapen Agentzia - Agencia de desarrollo.\" \/>\n<meta property=\"og:description\" content=\"El Ayuntamiento de Amurrio ha habilitado una partida econ\u00f3mica de 100.000 euros dirigida a las pymes y personas aut\u00f3nomas con el fin de paliar los efectos negativos generados por la crisis sanitaria y reactivar la econom\u00eda local. La disposici\u00f3n de este paquete de ayudas directas se enmarca en el programa \u2018Amurrion bizi\u2019, presentado a mediados [&hellip;]\" \/>\n<meta property=\"og:url\" content=\"https:\/\/amurriobidean.org\/es\/ireki-da-enpresa-txikiei-eta-ertainei-eta-autonomoei-zuzendutako-laguntza-zuzenak-eskatzeko-epea\/\" \/>\n<meta property=\"og:site_name\" content=\"Amurrio Bidean. Garapen Agentzia - Agencia de desarrollo.\" \/>\n<meta property=\"article:publisher\" content=\"https:\/\/www.facebook.com\/amurrio.bidean\" \/>\n<meta property=\"article:published_time\" content=\"2020-09-02T10:05:33+00:00\" \/>\n<meta property=\"article:modified_time\" content=\"2020-09-02T10:08:39+00:00\" \/>\n<meta property=\"og:image\" content=\"https:\/\/amurriobidean.org\/wp-content\/uploads\/2020\/06\/respiratory-protection-mask-5038663_1920.jpg\" \/>\n\t<meta property=\"og:image:width\" content=\"1920\" \/>\n\t<meta property=\"og:image:height\" content=\"887\" \/>\n\t<meta property=\"og:image:type\" content=\"image\/jpeg\" \/>\n<meta name=\"author\" content=\"Amurrio Bidean\" \/>\n<meta name=\"twitter:card\" content=\"summary_large_image\" \/>\n<meta name=\"twitter:creator\" content=\"@amurriobidean\" \/>\n<meta name=\"twitter:site\" content=\"@amurriobidean\" \/>\n<meta name=\"twitter:label1\" content=\"Escrito por\" \/>\n\t<meta name=\"twitter:data1\" content=\"Amurrio Bidean\" \/>\n\t<meta name=\"twitter:label2\" content=\"Tiempo de lectura\" \/>\n\t<meta name=\"twitter:data2\" content=\"3 minutos\" \/>\n<script type=\"application\/ld+json\" class=\"yoast-schema-graph\">{\"@context\":\"https:\/\/schema.org\",\"@graph\":[{\"@type\":\"WebPage\",\"@id\":\"https:\/\/amurriobidean.org\/es\/ireki-da-enpresa-txikiei-eta-ertainei-eta-autonomoei-zuzendutako-laguntza-zuzenak-eskatzeko-epea\/\",\"url\":\"https:\/\/amurriobidean.org\/es\/ireki-da-enpresa-txikiei-eta-ertainei-eta-autonomoei-zuzendutako-laguntza-zuzenak-eskatzeko-epea\/\",\"name\":\"Abierto el plazo para la solicitud de ayudas directas destinadas a pymes y personas aut\u00f3nomas - Amurrio Bidean. Garapen Agentzia - Agencia de desarrollo.\",\"isPartOf\":{\"@id\":\"https:\/\/amurriobidean.org\/es\/#website\"},\"primaryImageOfPage\":{\"@id\":\"https:\/\/amurriobidean.org\/es\/ireki-da-enpresa-txikiei-eta-ertainei-eta-autonomoei-zuzendutako-laguntza-zuzenak-eskatzeko-epea\/#primaryimage\"},\"image\":{\"@id\":\"https:\/\/amurriobidean.org\/es\/ireki-da-enpresa-txikiei-eta-ertainei-eta-autonomoei-zuzendutako-laguntza-zuzenak-eskatzeko-epea\/#primaryimage\"},\"thumbnailUrl\":\"https:\/\/amurriobidean.org\/wp-content\/uploads\/2020\/06\/respiratory-protection-mask-5038663_1920.jpg\",\"datePublished\":\"2020-09-02T10:05:33+00:00\",\"dateModified\":\"2020-09-02T10:08:39+00:00\",\"author\":{\"@id\":\"https:\/\/amurriobidean.org\/es\/#\/schema\/person\/56c71b474b3e7f5f5e6f209a6cf3abfe\"},\"breadcrumb\":{\"@id\":\"https:\/\/amurriobidean.org\/es\/ireki-da-enpresa-txikiei-eta-ertainei-eta-autonomoei-zuzendutako-laguntza-zuzenak-eskatzeko-epea\/#breadcrumb\"},\"inLanguage\":\"es\",\"potentialAction\":[{\"@type\":\"ReadAction\",\"target\":[\"https:\/\/amurriobidean.org\/es\/ireki-da-enpresa-txikiei-eta-ertainei-eta-autonomoei-zuzendutako-laguntza-zuzenak-eskatzeko-epea\/\"]}]},{\"@type\":\"ImageObject\",\"inLanguage\":\"es\",\"@id\":\"https:\/\/amurriobidean.org\/es\/ireki-da-enpresa-txikiei-eta-ertainei-eta-autonomoei-zuzendutako-laguntza-zuzenak-eskatzeko-epea\/#primaryimage\",\"url\":\"https:\/\/amurriobidean.org\/wp-content\/uploads\/2020\/06\/respiratory-protection-mask-5038663_1920.jpg\",\"contentUrl\":\"https:\/\/amurriobidean.org\/wp-content\/uploads\/2020\/06\/respiratory-protection-mask-5038663_1920.jpg\",\"width\":1920,\"height\":887},{\"@type\":\"BreadcrumbList\",\"@id\":\"https:\/\/amurriobidean.org\/es\/ireki-da-enpresa-txikiei-eta-ertainei-eta-autonomoei-zuzendutako-laguntza-zuzenak-eskatzeko-epea\/#breadcrumb\",\"itemListElement\":[{\"@type\":\"ListItem\",\"position\":1,\"name\":\"Portada\",\"item\":\"https:\/\/amurriobidean.org\/es\/\"},{\"@type\":\"ListItem\",\"position\":2,\"name\":\"Abierto el plazo para la solicitud de ayudas directas destinadas a pymes y personas aut\u00f3nomas\"}]},{\"@type\":\"WebSite\",\"@id\":\"https:\/\/amurriobidean.org\/es\/#website\",\"url\":\"https:\/\/amurriobidean.org\/es\/\",\"name\":\"Amurrio Bidean. Garapen Agentzia - Agencia de desarrollo.\",\"description\":\"Agencia de Desarollo Local de Amurrio\",\"potentialAction\":[{\"@type\":\"SearchAction\",\"target\":{\"@type\":\"EntryPoint\",\"urlTemplate\":\"https:\/\/amurriobidean.org\/es\/?s={search_term_string}\"},\"query-input\":{\"@type\":\"PropertyValueSpecification\",\"valueRequired\":true,\"valueName\":\"search_term_string\"}}],\"inLanguage\":\"es\"},{\"@type\":\"Person\",\"@id\":\"https:\/\/amurriobidean.org\/es\/#\/schema\/person\/56c71b474b3e7f5f5e6f209a6cf3abfe\",\"name\":\"Amurrio Bidean\",\"image\":{\"@type\":\"ImageObject\",\"inLanguage\":\"es\",\"@id\":\"https:\/\/amurriobidean.org\/es\/#\/schema\/person\/image\/\",\"url\":\"https:\/\/secure.gravatar.com\/avatar\/84a34d50800d0bb5d80eba504fc44ed48c9b2faab16ad58fa7d30bce4e2b661e\",\"contentUrl\":\"https:\/\/secure.gravatar.com\/avatar\/84a34d50800d0bb5d80eba504fc44ed48c9b2faab16ad58fa7d30bce4e2b661e\",\"caption\":\"Amurrio Bidean\"},\"sameAs\":[\"http:\/\/www.amurriobidean.eus\"],\"url\":\"https:\/\/amurriobidean.org\/es\/author\/amurrio-bidean\/\"}]}<\/script>\n<!-- \/ Yoast SEO plugin. -->","yoast_head_json":{"title":"Abierto el plazo para la solicitud de ayudas directas destinadas a pymes y personas aut\u00f3nomas - Amurrio Bidean. Garapen Agentzia - Agencia de desarrollo.","robots":{"index":"index","follow":"follow","max-snippet":"max-snippet:-1","max-image-preview":"max-image-preview:large","max-video-preview":"max-video-preview:-1"},"canonical":"https:\/\/amurriobidean.org\/es\/ireki-da-enpresa-txikiei-eta-ertainei-eta-autonomoei-zuzendutako-laguntza-zuzenak-eskatzeko-epea\/","og_locale":"es_ES","og_type":"article","og_title":"Abierto el plazo para la solicitud de ayudas directas destinadas a pymes y personas aut\u00f3nomas - Amurrio Bidean. Garapen Agentzia - Agencia de desarrollo.","og_description":"El Ayuntamiento de Amurrio ha habilitado una partida econ\u00f3mica de 100.000 euros dirigida a las pymes y personas aut\u00f3nomas con el fin de paliar los efectos negativos generados por la crisis sanitaria y reactivar la econom\u00eda local. La disposici\u00f3n de este paquete de ayudas directas se enmarca en el programa \u2018Amurrion bizi\u2019, presentado a mediados [&hellip;]","og_url":"https:\/\/amurriobidean.org\/es\/ireki-da-enpresa-txikiei-eta-ertainei-eta-autonomoei-zuzendutako-laguntza-zuzenak-eskatzeko-epea\/","og_site_name":"Amurrio Bidean. Garapen Agentzia - Agencia de desarrollo.","article_publisher":"https:\/\/www.facebook.com\/amurrio.bidean","article_published_time":"2020-09-02T10:05:33+00:00","article_modified_time":"2020-09-02T10:08:39+00:00","og_image":[{"width":1920,"height":887,"url":"https:\/\/amurriobidean.org\/wp-content\/uploads\/2020\/06\/respiratory-protection-mask-5038663_1920.jpg","type":"image\/jpeg"}],"author":"Amurrio Bidean","twitter_card":"summary_large_image","twitter_creator":"@amurriobidean","twitter_site":"@amurriobidean","twitter_misc":{"Escrito por":"Amurrio Bidean","Tiempo de lectura":"3 minutos"},"schema":{"@context":"https:\/\/schema.org","@graph":[{"@type":"WebPage","@id":"https:\/\/amurriobidean.org\/es\/ireki-da-enpresa-txikiei-eta-ertainei-eta-autonomoei-zuzendutako-laguntza-zuzenak-eskatzeko-epea\/","url":"https:\/\/amurriobidean.org\/es\/ireki-da-enpresa-txikiei-eta-ertainei-eta-autonomoei-zuzendutako-laguntza-zuzenak-eskatzeko-epea\/","name":"Abierto el plazo para la solicitud de ayudas directas destinadas a pymes y personas aut\u00f3nomas - Amurrio Bidean. Garapen Agentzia - Agencia de desarrollo.","isPartOf":{"@id":"https:\/\/amurriobidean.org\/es\/#website"},"primaryImageOfPage":{"@id":"https:\/\/amurriobidean.org\/es\/ireki-da-enpresa-txikiei-eta-ertainei-eta-autonomoei-zuzendutako-laguntza-zuzenak-eskatzeko-epea\/#primaryimage"},"image":{"@id":"https:\/\/amurriobidean.org\/es\/ireki-da-enpresa-txikiei-eta-ertainei-eta-autonomoei-zuzendutako-laguntza-zuzenak-eskatzeko-epea\/#primaryimage"},"thumbnailUrl":"https:\/\/amurriobidean.org\/wp-content\/uploads\/2020\/06\/respiratory-protection-mask-5038663_1920.jpg","datePublished":"2020-09-02T10:05:33+00:00","dateModified":"2020-09-02T10:08:39+00:00","author":{"@id":"https:\/\/amurriobidean.org\/es\/#\/schema\/person\/56c71b474b3e7f5f5e6f209a6cf3abfe"},"breadcrumb":{"@id":"https:\/\/amurriobidean.org\/es\/ireki-da-enpresa-txikiei-eta-ertainei-eta-autonomoei-zuzendutako-laguntza-zuzenak-eskatzeko-epea\/#breadcrumb"},"inLanguage":"es","potentialAction":[{"@type":"ReadAction","target":["https:\/\/amurriobidean.org\/es\/ireki-da-enpresa-txikiei-eta-ertainei-eta-autonomoei-zuzendutako-laguntza-zuzenak-eskatzeko-epea\/"]}]},{"@type":"ImageObject","inLanguage":"es","@id":"https:\/\/amurriobidean.org\/es\/ireki-da-enpresa-txikiei-eta-ertainei-eta-autonomoei-zuzendutako-laguntza-zuzenak-eskatzeko-epea\/#primaryimage","url":"https:\/\/amurriobidean.org\/wp-content\/uploads\/2020\/06\/respiratory-protection-mask-5038663_1920.jpg","contentUrl":"https:\/\/amurriobidean.org\/wp-content\/uploads\/2020\/06\/respiratory-protection-mask-5038663_1920.jpg","width":1920,"height":887},{"@type":"BreadcrumbList","@id":"https:\/\/amurriobidean.org\/es\/ireki-da-enpresa-txikiei-eta-ertainei-eta-autonomoei-zuzendutako-laguntza-zuzenak-eskatzeko-epea\/#breadcrumb","itemListElement":[{"@type":"ListItem","position":1,"name":"Portada","item":"https:\/\/amurriobidean.org\/es\/"},{"@type":"ListItem","position":2,"name":"Abierto el plazo para la solicitud de ayudas directas destinadas a pymes y personas aut\u00f3nomas"}]},{"@type":"WebSite","@id":"https:\/\/amurriobidean.org\/es\/#website","url":"https:\/\/amurriobidean.org\/es\/","name":"Amurrio Bidean. Garapen Agentzia - Agencia de desarrollo.","description":"Agencia de Desarollo Local de Amurrio","potentialAction":[{"@type":"SearchAction","target":{"@type":"EntryPoint","urlTemplate":"https:\/\/amurriobidean.org\/es\/?s={search_term_string}"},"query-input":{"@type":"PropertyValueSpecification","valueRequired":true,"valueName":"search_term_string"}}],"inLanguage":"es"},{"@type":"Person","@id":"https:\/\/amurriobidean.org\/es\/#\/schema\/person\/56c71b474b3e7f5f5e6f209a6cf3abfe","name":"Amurrio Bidean","image":{"@type":"ImageObject","inLanguage":"es","@id":"https:\/\/amurriobidean.org\/es\/#\/schema\/person\/image\/","url":"https:\/\/secure.gravatar.com\/avatar\/84a34d50800d0bb5d80eba504fc44ed48c9b2faab16ad58fa7d30bce4e2b661e","contentUrl":"https:\/\/secure.gravatar.com\/avatar\/84a34d50800d0bb5d80eba504fc44ed48c9b2faab16ad58fa7d30bce4e2b661e","caption":"Amurrio Bidean"},"sameAs":["http:\/\/www.amurriobidean.eus"],"url":"https:\/\/amurriobidean.org\/es\/author\/amurrio-bidean\/"}]}},"_links":{"self":[{"href":"https:\/\/amurriobidean.org\/es\/wp-json\/wp\/v2\/posts\/3926","targetHints":{"allow":["GET"]}}],"collection":[{"href":"https:\/\/amurriobidean.org\/es\/wp-json\/wp\/v2\/posts"}],"about":[{"href":"https:\/\/amurriobidean.org\/es\/wp-json\/wp\/v2\/types\/post"}],"author":[{"embeddable":true,"href":"https:\/\/amurriobidean.org\/es\/wp-json\/wp\/v2\/users\/2"}],"replies":[{"embeddable":true,"href":"https:\/\/amurriobidean.org\/es\/wp-json\/wp\/v2\/comments?post=3926"}],"version-history":[{"count":0,"href":"https:\/\/amurriobidean.org\/es\/wp-json\/wp\/v2\/posts\/3926\/revisions"}],"wp:featuredmedia":[{"embeddable":true,"href":"https:\/\/amurriobidean.org\/es\/wp-json\/wp\/v2\/media\/3827"}],"wp:attachment":[{"href":"https:\/\/amurriobidean.org\/es\/wp-json\/wp\/v2\/media?parent=3926"}],"wp:term":[{"taxonomy":"category","embeddable":true,"href":"https:\/\/amurriobidean.org\/es\/wp-json\/wp\/v2\/categories?post=3926"},{"taxonomy":"post_tag","embeddable":true,"href":"https:\/\/amurriobidean.org\/es\/wp-json\/wp\/v2\/tags?post=3926"}],"curies":[{"name":"wp","href":"https:\/\/api.w.org\/{rel}","templated":true}]}}