{"id":3911,"date":"2020-07-24T09:38:15","date_gmt":"2020-07-24T09:38:15","guid":{"rendered":"http:\/\/amurriobidean.eus\/arabako-foru-aldundiaren-laguntza-berriak-merkataritza-eta-turismo-sektorerako\/"},"modified":"2020-07-24T09:40:10","modified_gmt":"2020-07-24T09:40:10","slug":"arabako-foru-aldundiaren-laguntza-berriak-merkataritza-eta-turismo-sektorerako","status":"publish","type":"post","link":"https:\/\/amurriobidean.org\/es\/arabako-foru-aldundiaren-laguntza-berriak-merkataritza-eta-turismo-sektorerako\/","title":{"rendered":"Nuevas ayudas de la Diputaci\u00f3n Foral de \u00c1lava destinadas al sector comercial y tur\u00edstico."},"content":{"rendered":"<p><strong>La Diputaci\u00f3n Foral de \u00c1lava ha abierto el plazo para la solicitud de tres nuevas ayudas para paliar las consecuencias generadas por la crisis sanitaria.<\/strong><\/p>\n<p>Dos de ellas est\u00e1n dirigidas a peque\u00f1as empresas y aut\u00f3nomos del sector comercial y servicios personales (servicios de peluquer\u00eda y belleza, agencias de viaje, reparaci\u00f3n de ropas y reparaci\u00f3n de art\u00edculos el\u00e9ctricos y otros bienes de consumo): Ayuda extraordinaria inversiones DFA y Ayuda extraordinaria gastos de actividad DFA<\/p>\n<p>La otra se trata de una ayuda extraordinaria para la realizaci\u00f3n de inversiones en el sector tur\u00edstico tanto motivadas por la crisis sanitaria como para mejora de la competitividad.<\/p>\n<p>El plazo de presentaci\u00f3n de solicitudes finaliza el 4 de septiembre a las 14.00 h siendo la tramitaci\u00f3n electr\u00f3nica.<\/p>\n<p><a href=\"http:\/\/amurriobidean.eus\/wp-content\/uploads\/2020\/07\/28_Ayudas_inversiones_Comercio_DFA.pdf\">28_Ayudas_inversiones_Comercio_DFA<\/a><\/p>\n<p><a href=\"http:\/\/amurriobidean.eus\/wp-content\/uploads\/2020\/07\/29_Ayudas_gastos_comercio_DFA.pdf\">29_Ayudas_gastos_comercio_DFA<\/a><\/p>\n<p><a href=\"http:\/\/amurriobidean.eus\/wp-content\/uploads\/2020\/07\/30_Ayuda_Inversiones_Turismo_DFA.pdf\">30_Ayuda_Inversiones_Turismo_DFA<\/a><\/p>\n","protected":false},"excerpt":{"rendered":"<p>La Diputaci\u00f3n Foral de \u00c1lava ha abierto el plazo para la solicitud de tres nuevas ayudas para paliar las consecuencias generadas por la crisis sanitaria. Dos de ellas est\u00e1n dirigidas a peque\u00f1as empresas y aut\u00f3nomos del sector comercial y servicios personales (servicios de peluquer\u00eda y belleza, agencias de viaje, reparaci\u00f3n de ropas y reparaci\u00f3n de [&hellip;]<\/p>\n","protected":false},"author":2,"featured_media":3802,"comment_status":"closed","ping_status":"closed","sticky":false,"template":"","format":"standard","meta":{"footnotes":""},"categories":[28],"tags":[],"class_list":["post-3911","post","type-post","status-publish","format-standard","has-post-thumbnail","hentry","category-noticias"],"yoast_head":"<!-- This site is optimized with the Yoast SEO plugin v25.3 - https:\/\/yoast.com\/wordpress\/plugins\/seo\/ -->\n<title>Nuevas ayudas de la Diputaci\u00f3n Foral de \u00c1lava destinadas al sector comercial y tur\u00edstico. - Amurrio Bidean. Garapen Agentzia - Agencia de desarrollo.<\/title>\n<meta name=\"robots\" content=\"index, follow, max-snippet:-1, max-image-preview:large, max-video-preview:-1\" \/>\n<link rel=\"canonical\" href=\"https:\/\/amurriobidean.org\/es\/arabako-foru-aldundiaren-laguntza-berriak-merkataritza-eta-turismo-sektorerako\/\" \/>\n<meta property=\"og:locale\" content=\"es_ES\" \/>\n<meta property=\"og:type\" content=\"article\" \/>\n<meta property=\"og:title\" content=\"Nuevas ayudas de la Diputaci\u00f3n Foral de \u00c1lava destinadas al sector comercial y tur\u00edstico. - Amurrio Bidean. Garapen Agentzia - Agencia de desarrollo.\" \/>\n<meta property=\"og:description\" content=\"La Diputaci\u00f3n Foral de \u00c1lava ha abierto el plazo para la solicitud de tres nuevas ayudas para paliar las consecuencias generadas por la crisis sanitaria. Dos de ellas est\u00e1n dirigidas a peque\u00f1as empresas y aut\u00f3nomos del sector comercial y servicios personales (servicios de peluquer\u00eda y belleza, agencias de viaje, reparaci\u00f3n de ropas y reparaci\u00f3n de [&hellip;]\" \/>\n<meta property=\"og:url\" content=\"https:\/\/amurriobidean.org\/es\/arabako-foru-aldundiaren-laguntza-berriak-merkataritza-eta-turismo-sektorerako\/\" \/>\n<meta property=\"og:site_name\" content=\"Amurrio Bidean. Garapen Agentzia - Agencia de desarrollo.\" \/>\n<meta property=\"article:publisher\" content=\"https:\/\/www.facebook.com\/amurrio.bidean\" \/>\n<meta property=\"article:published_time\" content=\"2020-07-24T09:38:15+00:00\" \/>\n<meta property=\"article:modified_time\" content=\"2020-07-24T09:40:10+00:00\" \/>\n<meta property=\"og:image\" content=\"https:\/\/amurriobidean.org\/wp-content\/uploads\/2020\/05\/repurchase-market-4991446_1920-2.jpg\" \/>\n\t<meta property=\"og:image:width\" content=\"1920\" \/>\n\t<meta property=\"og:image:height\" content=\"1275\" \/>\n\t<meta property=\"og:image:type\" content=\"image\/jpeg\" \/>\n<meta name=\"author\" content=\"Amurrio Bidean\" \/>\n<meta name=\"twitter:card\" content=\"summary_large_image\" \/>\n<meta name=\"twitter:creator\" content=\"@amurriobidean\" \/>\n<meta name=\"twitter:site\" content=\"@amurriobidean\" \/>\n<meta name=\"twitter:label1\" content=\"Escrito por\" \/>\n\t<meta name=\"twitter:data1\" content=\"Amurrio Bidean\" \/>\n\t<meta name=\"twitter:label2\" content=\"Tiempo de lectura\" \/>\n\t<meta name=\"twitter:data2\" content=\"1 minuto\" \/>\n<script type=\"application\/ld+json\" class=\"yoast-schema-graph\">{\"@context\":\"https:\/\/schema.org\",\"@graph\":[{\"@type\":\"WebPage\",\"@id\":\"https:\/\/amurriobidean.org\/es\/arabako-foru-aldundiaren-laguntza-berriak-merkataritza-eta-turismo-sektorerako\/\",\"url\":\"https:\/\/amurriobidean.org\/es\/arabako-foru-aldundiaren-laguntza-berriak-merkataritza-eta-turismo-sektorerako\/\",\"name\":\"Nuevas ayudas de la Diputaci\u00f3n Foral de \u00c1lava destinadas al sector comercial y tur\u00edstico. - Amurrio Bidean. Garapen Agentzia - Agencia de desarrollo.\",\"isPartOf\":{\"@id\":\"https:\/\/amurriobidean.org\/es\/#website\"},\"primaryImageOfPage\":{\"@id\":\"https:\/\/amurriobidean.org\/es\/arabako-foru-aldundiaren-laguntza-berriak-merkataritza-eta-turismo-sektorerako\/#primaryimage\"},\"image\":{\"@id\":\"https:\/\/amurriobidean.org\/es\/arabako-foru-aldundiaren-laguntza-berriak-merkataritza-eta-turismo-sektorerako\/#primaryimage\"},\"thumbnailUrl\":\"https:\/\/amurriobidean.org\/wp-content\/uploads\/2020\/05\/repurchase-market-4991446_1920-2.jpg\",\"datePublished\":\"2020-07-24T09:38:15+00:00\",\"dateModified\":\"2020-07-24T09:40:10+00:00\",\"author\":{\"@id\":\"https:\/\/amurriobidean.org\/es\/#\/schema\/person\/56c71b474b3e7f5f5e6f209a6cf3abfe\"},\"breadcrumb\":{\"@id\":\"https:\/\/amurriobidean.org\/es\/arabako-foru-aldundiaren-laguntza-berriak-merkataritza-eta-turismo-sektorerako\/#breadcrumb\"},\"inLanguage\":\"es\",\"potentialAction\":[{\"@type\":\"ReadAction\",\"target\":[\"https:\/\/amurriobidean.org\/es\/arabako-foru-aldundiaren-laguntza-berriak-merkataritza-eta-turismo-sektorerako\/\"]}]},{\"@type\":\"ImageObject\",\"inLanguage\":\"es\",\"@id\":\"https:\/\/amurriobidean.org\/es\/arabako-foru-aldundiaren-laguntza-berriak-merkataritza-eta-turismo-sektorerako\/#primaryimage\",\"url\":\"https:\/\/amurriobidean.org\/wp-content\/uploads\/2020\/05\/repurchase-market-4991446_1920-2.jpg\",\"contentUrl\":\"https:\/\/amurriobidean.org\/wp-content\/uploads\/2020\/05\/repurchase-market-4991446_1920-2.jpg\",\"width\":1920,\"height\":1275},{\"@type\":\"BreadcrumbList\",\"@id\":\"https:\/\/amurriobidean.org\/es\/arabako-foru-aldundiaren-laguntza-berriak-merkataritza-eta-turismo-sektorerako\/#breadcrumb\",\"itemListElement\":[{\"@type\":\"ListItem\",\"position\":1,\"name\":\"Portada\",\"item\":\"https:\/\/amurriobidean.org\/es\/\"},{\"@type\":\"ListItem\",\"position\":2,\"name\":\"Nuevas ayudas de la Diputaci\u00f3n Foral de \u00c1lava destinadas al sector comercial y tur\u00edstico.\"}]},{\"@type\":\"WebSite\",\"@id\":\"https:\/\/amurriobidean.org\/es\/#website\",\"url\":\"https:\/\/amurriobidean.org\/es\/\",\"name\":\"Amurrio Bidean. Garapen Agentzia - Agencia de desarrollo.\",\"description\":\"Agencia de Desarollo Local de Amurrio\",\"potentialAction\":[{\"@type\":\"SearchAction\",\"target\":{\"@type\":\"EntryPoint\",\"urlTemplate\":\"https:\/\/amurriobidean.org\/es\/?s={search_term_string}\"},\"query-input\":{\"@type\":\"PropertyValueSpecification\",\"valueRequired\":true,\"valueName\":\"search_term_string\"}}],\"inLanguage\":\"es\"},{\"@type\":\"Person\",\"@id\":\"https:\/\/amurriobidean.org\/es\/#\/schema\/person\/56c71b474b3e7f5f5e6f209a6cf3abfe\",\"name\":\"Amurrio Bidean\",\"image\":{\"@type\":\"ImageObject\",\"inLanguage\":\"es\",\"@id\":\"https:\/\/amurriobidean.org\/es\/#\/schema\/person\/image\/\",\"url\":\"https:\/\/secure.gravatar.com\/avatar\/84a34d50800d0bb5d80eba504fc44ed48c9b2faab16ad58fa7d30bce4e2b661e\",\"contentUrl\":\"https:\/\/secure.gravatar.com\/avatar\/84a34d50800d0bb5d80eba504fc44ed48c9b2faab16ad58fa7d30bce4e2b661e\",\"caption\":\"Amurrio Bidean\"},\"sameAs\":[\"http:\/\/www.amurriobidean.eus\"],\"url\":\"https:\/\/amurriobidean.org\/es\/author\/amurrio-bidean\/\"}]}<\/script>\n<!-- \/ Yoast SEO plugin. -->","yoast_head_json":{"title":"Nuevas ayudas de la Diputaci\u00f3n Foral de \u00c1lava destinadas al sector comercial y tur\u00edstico. - Amurrio Bidean. Garapen Agentzia - Agencia de desarrollo.","robots":{"index":"index","follow":"follow","max-snippet":"max-snippet:-1","max-image-preview":"max-image-preview:large","max-video-preview":"max-video-preview:-1"},"canonical":"https:\/\/amurriobidean.org\/es\/arabako-foru-aldundiaren-laguntza-berriak-merkataritza-eta-turismo-sektorerako\/","og_locale":"es_ES","og_type":"article","og_title":"Nuevas ayudas de la Diputaci\u00f3n Foral de \u00c1lava destinadas al sector comercial y tur\u00edstico. - Amurrio Bidean. Garapen Agentzia - Agencia de desarrollo.","og_description":"La Diputaci\u00f3n Foral de \u00c1lava ha abierto el plazo para la solicitud de tres nuevas ayudas para paliar las consecuencias generadas por la crisis sanitaria. Dos de ellas est\u00e1n dirigidas a peque\u00f1as empresas y aut\u00f3nomos del sector comercial y servicios personales (servicios de peluquer\u00eda y belleza, agencias de viaje, reparaci\u00f3n de ropas y reparaci\u00f3n de [&hellip;]","og_url":"https:\/\/amurriobidean.org\/es\/arabako-foru-aldundiaren-laguntza-berriak-merkataritza-eta-turismo-sektorerako\/","og_site_name":"Amurrio Bidean. Garapen Agentzia - Agencia de desarrollo.","article_publisher":"https:\/\/www.facebook.com\/amurrio.bidean","article_published_time":"2020-07-24T09:38:15+00:00","article_modified_time":"2020-07-24T09:40:10+00:00","og_image":[{"width":1920,"height":1275,"url":"https:\/\/amurriobidean.org\/wp-content\/uploads\/2020\/05\/repurchase-market-4991446_1920-2.jpg","type":"image\/jpeg"}],"author":"Amurrio Bidean","twitter_card":"summary_large_image","twitter_creator":"@amurriobidean","twitter_site":"@amurriobidean","twitter_misc":{"Escrito por":"Amurrio Bidean","Tiempo de lectura":"1 minuto"},"schema":{"@context":"https:\/\/schema.org","@graph":[{"@type":"WebPage","@id":"https:\/\/amurriobidean.org\/es\/arabako-foru-aldundiaren-laguntza-berriak-merkataritza-eta-turismo-sektorerako\/","url":"https:\/\/amurriobidean.org\/es\/arabako-foru-aldundiaren-laguntza-berriak-merkataritza-eta-turismo-sektorerako\/","name":"Nuevas ayudas de la Diputaci\u00f3n Foral de \u00c1lava destinadas al sector comercial y tur\u00edstico. - Amurrio Bidean. Garapen Agentzia - Agencia de desarrollo.","isPartOf":{"@id":"https:\/\/amurriobidean.org\/es\/#website"},"primaryImageOfPage":{"@id":"https:\/\/amurriobidean.org\/es\/arabako-foru-aldundiaren-laguntza-berriak-merkataritza-eta-turismo-sektorerako\/#primaryimage"},"image":{"@id":"https:\/\/amurriobidean.org\/es\/arabako-foru-aldundiaren-laguntza-berriak-merkataritza-eta-turismo-sektorerako\/#primaryimage"},"thumbnailUrl":"https:\/\/amurriobidean.org\/wp-content\/uploads\/2020\/05\/repurchase-market-4991446_1920-2.jpg","datePublished":"2020-07-24T09:38:15+00:00","dateModified":"2020-07-24T09:40:10+00:00","author":{"@id":"https:\/\/amurriobidean.org\/es\/#\/schema\/person\/56c71b474b3e7f5f5e6f209a6cf3abfe"},"breadcrumb":{"@id":"https:\/\/amurriobidean.org\/es\/arabako-foru-aldundiaren-laguntza-berriak-merkataritza-eta-turismo-sektorerako\/#breadcrumb"},"inLanguage":"es","potentialAction":[{"@type":"ReadAction","target":["https:\/\/amurriobidean.org\/es\/arabako-foru-aldundiaren-laguntza-berriak-merkataritza-eta-turismo-sektorerako\/"]}]},{"@type":"ImageObject","inLanguage":"es","@id":"https:\/\/amurriobidean.org\/es\/arabako-foru-aldundiaren-laguntza-berriak-merkataritza-eta-turismo-sektorerako\/#primaryimage","url":"https:\/\/amurriobidean.org\/wp-content\/uploads\/2020\/05\/repurchase-market-4991446_1920-2.jpg","contentUrl":"https:\/\/amurriobidean.org\/wp-content\/uploads\/2020\/05\/repurchase-market-4991446_1920-2.jpg","width":1920,"height":1275},{"@type":"BreadcrumbList","@id":"https:\/\/amurriobidean.org\/es\/arabako-foru-aldundiaren-laguntza-berriak-merkataritza-eta-turismo-sektorerako\/#breadcrumb","itemListElement":[{"@type":"ListItem","position":1,"name":"Portada","item":"https:\/\/amurriobidean.org\/es\/"},{"@type":"ListItem","position":2,"name":"Nuevas ayudas de la Diputaci\u00f3n Foral de \u00c1lava destinadas al sector comercial y tur\u00edstico."}]},{"@type":"WebSite","@id":"https:\/\/amurriobidean.org\/es\/#website","url":"https:\/\/amurriobidean.org\/es\/","name":"Amurrio Bidean. Garapen Agentzia - Agencia de desarrollo.","description":"Agencia de Desarollo Local de Amurrio","potentialAction":[{"@type":"SearchAction","target":{"@type":"EntryPoint","urlTemplate":"https:\/\/amurriobidean.org\/es\/?s={search_term_string}"},"query-input":{"@type":"PropertyValueSpecification","valueRequired":true,"valueName":"search_term_string"}}],"inLanguage":"es"},{"@type":"Person","@id":"https:\/\/amurriobidean.org\/es\/#\/schema\/person\/56c71b474b3e7f5f5e6f209a6cf3abfe","name":"Amurrio Bidean","image":{"@type":"ImageObject","inLanguage":"es","@id":"https:\/\/amurriobidean.org\/es\/#\/schema\/person\/image\/","url":"https:\/\/secure.gravatar.com\/avatar\/84a34d50800d0bb5d80eba504fc44ed48c9b2faab16ad58fa7d30bce4e2b661e","contentUrl":"https:\/\/secure.gravatar.com\/avatar\/84a34d50800d0bb5d80eba504fc44ed48c9b2faab16ad58fa7d30bce4e2b661e","caption":"Amurrio Bidean"},"sameAs":["http:\/\/www.amurriobidean.eus"],"url":"https:\/\/amurriobidean.org\/es\/author\/amurrio-bidean\/"}]}},"_links":{"self":[{"href":"https:\/\/amurriobidean.org\/es\/wp-json\/wp\/v2\/posts\/3911","targetHints":{"allow":["GET"]}}],"collection":[{"href":"https:\/\/amurriobidean.org\/es\/wp-json\/wp\/v2\/posts"}],"about":[{"href":"https:\/\/amurriobidean.org\/es\/wp-json\/wp\/v2\/types\/post"}],"author":[{"embeddable":true,"href":"https:\/\/amurriobidean.org\/es\/wp-json\/wp\/v2\/users\/2"}],"replies":[{"embeddable":true,"href":"https:\/\/amurriobidean.org\/es\/wp-json\/wp\/v2\/comments?post=3911"}],"version-history":[{"count":0,"href":"https:\/\/amurriobidean.org\/es\/wp-json\/wp\/v2\/posts\/3911\/revisions"}],"wp:featuredmedia":[{"embeddable":true,"href":"https:\/\/amurriobidean.org\/es\/wp-json\/wp\/v2\/media\/3802"}],"wp:attachment":[{"href":"https:\/\/amurriobidean.org\/es\/wp-json\/wp\/v2\/media?parent=3911"}],"wp:term":[{"taxonomy":"category","embeddable":true,"href":"https:\/\/amurriobidean.org\/es\/wp-json\/wp\/v2\/categories?post=3911"},{"taxonomy":"post_tag","embeddable":true,"href":"https:\/\/amurriobidean.org\/es\/wp-json\/wp\/v2\/tags?post=3911"}],"curies":[{"name":"wp","href":"https:\/\/api.w.org\/{rel}","templated":true}]}}