{"id":3895,"date":"2020-06-30T09:35:44","date_gmt":"2020-06-30T09:35:44","guid":{"rendered":"http:\/\/amurriobidean.eus\/uztailaren-1etik-aurrera-zabalik-dago-refor-amurrio-enpresaldeko-ikasgela\/"},"modified":"2020-06-30T09:38:40","modified_gmt":"2020-06-30T09:38:40","slug":"uztailaren-1etik-aurrera-zabalik-dago-refor-amurrio-enpresaldeko-ikasgela","status":"publish","type":"post","link":"https:\/\/amurriobidean.org\/es\/uztailaren-1etik-aurrera-zabalik-dago-refor-amurrio-enpresaldeko-ikasgela\/","title":{"rendered":"A partir del 1 de julio abierta el aula de estudio de Refor Amurrio Enpresaldea"},"content":{"rendered":"<p><span class=\"jsgrdq\"><b><i><span style=\"color: black;\">Solo se acceder\u00e1 mediante reserva y en horario de 8:15 a 15:00 horas<\/span><\/i><\/b><\/span><\/p>\n<p><u>Nueva normativa de uso<\/u><\/p>\n<ul>\n<li>Ser\u00e1 obligatoria la mascarilla para el acceso al edificio y en caso de no haber distancia de seguridad.<\/li>\n<\/ul>\n<ul>\n<li>Una vez dentro a las instalaciones ser\u00e1 necesario identificarse en recepci\u00f3n para poder acceder al aula.<\/li>\n<\/ul>\n<ul>\n<li>La reserva del aula s\u00f3lo podr\u00e1 hacerse el d\u00eda anterior a su uso y solo se admitir\u00e1 una \u00fanica reserva por d\u00eda llamando el tel\u00e9fono 945891721 (Amurrio Bidean).<\/li>\n<\/ul>\n","protected":false},"excerpt":{"rendered":"<p>Solo se acceder\u00e1 mediante reserva y en horario de 8:15 a 15:00 horas Nueva normativa de uso Ser\u00e1 obligatoria la mascarilla para el acceso al edificio y en caso de no haber distancia de seguridad. Una vez dentro a las instalaciones ser\u00e1 necesario identificarse en recepci\u00f3n para poder acceder al aula. La reserva del aula [&hellip;]<\/p>\n","protected":false},"author":2,"featured_media":3898,"comment_status":"closed","ping_status":"closed","sticky":false,"template":"","format":"standard","meta":{"footnotes":""},"categories":[28],"tags":[],"class_list":["post-3895","post","type-post","status-publish","format-standard","has-post-thumbnail","hentry","category-noticias"],"yoast_head":"<!-- This site is optimized with the Yoast SEO plugin v25.3 - https:\/\/yoast.com\/wordpress\/plugins\/seo\/ -->\n<title>A partir del 1 de julio abierta el aula de estudio de Refor Amurrio Enpresaldea - Amurrio Bidean. Garapen Agentzia - Agencia de desarrollo.<\/title>\n<meta name=\"robots\" content=\"index, follow, max-snippet:-1, max-image-preview:large, max-video-preview:-1\" \/>\n<link rel=\"canonical\" href=\"https:\/\/amurriobidean.org\/es\/uztailaren-1etik-aurrera-zabalik-dago-refor-amurrio-enpresaldeko-ikasgela\/\" \/>\n<meta property=\"og:locale\" content=\"es_ES\" \/>\n<meta property=\"og:type\" content=\"article\" \/>\n<meta property=\"og:title\" content=\"A partir del 1 de julio abierta el aula de estudio de Refor Amurrio Enpresaldea - Amurrio Bidean. Garapen Agentzia - Agencia de desarrollo.\" \/>\n<meta property=\"og:description\" content=\"Solo se acceder\u00e1 mediante reserva y en horario de 8:15 a 15:00 horas Nueva normativa de uso Ser\u00e1 obligatoria la mascarilla para el acceso al edificio y en caso de no haber distancia de seguridad. Una vez dentro a las instalaciones ser\u00e1 necesario identificarse en recepci\u00f3n para poder acceder al aula. La reserva del aula [&hellip;]\" \/>\n<meta property=\"og:url\" content=\"https:\/\/amurriobidean.org\/es\/uztailaren-1etik-aurrera-zabalik-dago-refor-amurrio-enpresaldeko-ikasgela\/\" \/>\n<meta property=\"og:site_name\" content=\"Amurrio Bidean. Garapen Agentzia - Agencia de desarrollo.\" \/>\n<meta property=\"article:publisher\" content=\"https:\/\/www.facebook.com\/amurrio.bidean\" \/>\n<meta property=\"article:published_time\" content=\"2020-06-30T09:35:44+00:00\" \/>\n<meta property=\"article:modified_time\" content=\"2020-06-30T09:38:40+00:00\" \/>\n<meta property=\"og:image\" content=\"https:\/\/amurriobidean.org\/wp-content\/uploads\/2020\/06\/facebook-castellano-1.png\" \/>\n\t<meta property=\"og:image:width\" content=\"940\" \/>\n\t<meta property=\"og:image:height\" content=\"788\" \/>\n\t<meta property=\"og:image:type\" content=\"image\/png\" \/>\n<meta name=\"author\" content=\"Amurrio Bidean\" \/>\n<meta name=\"twitter:card\" content=\"summary_large_image\" \/>\n<meta name=\"twitter:creator\" content=\"@amurriobidean\" \/>\n<meta name=\"twitter:site\" content=\"@amurriobidean\" \/>\n<meta name=\"twitter:label1\" content=\"Escrito por\" \/>\n\t<meta name=\"twitter:data1\" content=\"Amurrio Bidean\" \/>\n<script type=\"application\/ld+json\" class=\"yoast-schema-graph\">{\"@context\":\"https:\/\/schema.org\",\"@graph\":[{\"@type\":\"WebPage\",\"@id\":\"https:\/\/amurriobidean.org\/es\/uztailaren-1etik-aurrera-zabalik-dago-refor-amurrio-enpresaldeko-ikasgela\/\",\"url\":\"https:\/\/amurriobidean.org\/es\/uztailaren-1etik-aurrera-zabalik-dago-refor-amurrio-enpresaldeko-ikasgela\/\",\"name\":\"A partir del 1 de julio abierta el aula de estudio de Refor Amurrio Enpresaldea - Amurrio Bidean. Garapen Agentzia - Agencia de desarrollo.\",\"isPartOf\":{\"@id\":\"https:\/\/amurriobidean.org\/es\/#website\"},\"primaryImageOfPage\":{\"@id\":\"https:\/\/amurriobidean.org\/es\/uztailaren-1etik-aurrera-zabalik-dago-refor-amurrio-enpresaldeko-ikasgela\/#primaryimage\"},\"image\":{\"@id\":\"https:\/\/amurriobidean.org\/es\/uztailaren-1etik-aurrera-zabalik-dago-refor-amurrio-enpresaldeko-ikasgela\/#primaryimage\"},\"thumbnailUrl\":\"https:\/\/amurriobidean.org\/wp-content\/uploads\/2020\/06\/facebook-castellano-1.png\",\"datePublished\":\"2020-06-30T09:35:44+00:00\",\"dateModified\":\"2020-06-30T09:38:40+00:00\",\"author\":{\"@id\":\"https:\/\/amurriobidean.org\/es\/#\/schema\/person\/56c71b474b3e7f5f5e6f209a6cf3abfe\"},\"breadcrumb\":{\"@id\":\"https:\/\/amurriobidean.org\/es\/uztailaren-1etik-aurrera-zabalik-dago-refor-amurrio-enpresaldeko-ikasgela\/#breadcrumb\"},\"inLanguage\":\"es\",\"potentialAction\":[{\"@type\":\"ReadAction\",\"target\":[\"https:\/\/amurriobidean.org\/es\/uztailaren-1etik-aurrera-zabalik-dago-refor-amurrio-enpresaldeko-ikasgela\/\"]}]},{\"@type\":\"ImageObject\",\"inLanguage\":\"es\",\"@id\":\"https:\/\/amurriobidean.org\/es\/uztailaren-1etik-aurrera-zabalik-dago-refor-amurrio-enpresaldeko-ikasgela\/#primaryimage\",\"url\":\"https:\/\/amurriobidean.org\/wp-content\/uploads\/2020\/06\/facebook-castellano-1.png\",\"contentUrl\":\"https:\/\/amurriobidean.org\/wp-content\/uploads\/2020\/06\/facebook-castellano-1.png\",\"width\":940,\"height\":788},{\"@type\":\"BreadcrumbList\",\"@id\":\"https:\/\/amurriobidean.org\/es\/uztailaren-1etik-aurrera-zabalik-dago-refor-amurrio-enpresaldeko-ikasgela\/#breadcrumb\",\"itemListElement\":[{\"@type\":\"ListItem\",\"position\":1,\"name\":\"Portada\",\"item\":\"https:\/\/amurriobidean.org\/es\/\"},{\"@type\":\"ListItem\",\"position\":2,\"name\":\"A partir del 1 de julio abierta el aula de estudio de Refor Amurrio Enpresaldea\"}]},{\"@type\":\"WebSite\",\"@id\":\"https:\/\/amurriobidean.org\/es\/#website\",\"url\":\"https:\/\/amurriobidean.org\/es\/\",\"name\":\"Amurrio Bidean. Garapen Agentzia - Agencia de desarrollo.\",\"description\":\"Agencia de Desarollo Local de Amurrio\",\"potentialAction\":[{\"@type\":\"SearchAction\",\"target\":{\"@type\":\"EntryPoint\",\"urlTemplate\":\"https:\/\/amurriobidean.org\/es\/?s={search_term_string}\"},\"query-input\":{\"@type\":\"PropertyValueSpecification\",\"valueRequired\":true,\"valueName\":\"search_term_string\"}}],\"inLanguage\":\"es\"},{\"@type\":\"Person\",\"@id\":\"https:\/\/amurriobidean.org\/es\/#\/schema\/person\/56c71b474b3e7f5f5e6f209a6cf3abfe\",\"name\":\"Amurrio Bidean\",\"image\":{\"@type\":\"ImageObject\",\"inLanguage\":\"es\",\"@id\":\"https:\/\/amurriobidean.org\/es\/#\/schema\/person\/image\/\",\"url\":\"https:\/\/secure.gravatar.com\/avatar\/84a34d50800d0bb5d80eba504fc44ed48c9b2faab16ad58fa7d30bce4e2b661e\",\"contentUrl\":\"https:\/\/secure.gravatar.com\/avatar\/84a34d50800d0bb5d80eba504fc44ed48c9b2faab16ad58fa7d30bce4e2b661e\",\"caption\":\"Amurrio Bidean\"},\"sameAs\":[\"http:\/\/www.amurriobidean.eus\"],\"url\":\"https:\/\/amurriobidean.org\/es\/author\/amurrio-bidean\/\"}]}<\/script>\n<!-- \/ Yoast SEO plugin. -->","yoast_head_json":{"title":"A partir del 1 de julio abierta el aula de estudio de Refor Amurrio Enpresaldea - Amurrio Bidean. Garapen Agentzia - Agencia de desarrollo.","robots":{"index":"index","follow":"follow","max-snippet":"max-snippet:-1","max-image-preview":"max-image-preview:large","max-video-preview":"max-video-preview:-1"},"canonical":"https:\/\/amurriobidean.org\/es\/uztailaren-1etik-aurrera-zabalik-dago-refor-amurrio-enpresaldeko-ikasgela\/","og_locale":"es_ES","og_type":"article","og_title":"A partir del 1 de julio abierta el aula de estudio de Refor Amurrio Enpresaldea - Amurrio Bidean. Garapen Agentzia - Agencia de desarrollo.","og_description":"Solo se acceder\u00e1 mediante reserva y en horario de 8:15 a 15:00 horas Nueva normativa de uso Ser\u00e1 obligatoria la mascarilla para el acceso al edificio y en caso de no haber distancia de seguridad. Una vez dentro a las instalaciones ser\u00e1 necesario identificarse en recepci\u00f3n para poder acceder al aula. La reserva del aula [&hellip;]","og_url":"https:\/\/amurriobidean.org\/es\/uztailaren-1etik-aurrera-zabalik-dago-refor-amurrio-enpresaldeko-ikasgela\/","og_site_name":"Amurrio Bidean. Garapen Agentzia - Agencia de desarrollo.","article_publisher":"https:\/\/www.facebook.com\/amurrio.bidean","article_published_time":"2020-06-30T09:35:44+00:00","article_modified_time":"2020-06-30T09:38:40+00:00","og_image":[{"width":940,"height":788,"url":"https:\/\/amurriobidean.org\/wp-content\/uploads\/2020\/06\/facebook-castellano-1.png","type":"image\/png"}],"author":"Amurrio Bidean","twitter_card":"summary_large_image","twitter_creator":"@amurriobidean","twitter_site":"@amurriobidean","twitter_misc":{"Escrito por":"Amurrio Bidean"},"schema":{"@context":"https:\/\/schema.org","@graph":[{"@type":"WebPage","@id":"https:\/\/amurriobidean.org\/es\/uztailaren-1etik-aurrera-zabalik-dago-refor-amurrio-enpresaldeko-ikasgela\/","url":"https:\/\/amurriobidean.org\/es\/uztailaren-1etik-aurrera-zabalik-dago-refor-amurrio-enpresaldeko-ikasgela\/","name":"A partir del 1 de julio abierta el aula de estudio de Refor Amurrio Enpresaldea - Amurrio Bidean. Garapen Agentzia - Agencia de desarrollo.","isPartOf":{"@id":"https:\/\/amurriobidean.org\/es\/#website"},"primaryImageOfPage":{"@id":"https:\/\/amurriobidean.org\/es\/uztailaren-1etik-aurrera-zabalik-dago-refor-amurrio-enpresaldeko-ikasgela\/#primaryimage"},"image":{"@id":"https:\/\/amurriobidean.org\/es\/uztailaren-1etik-aurrera-zabalik-dago-refor-amurrio-enpresaldeko-ikasgela\/#primaryimage"},"thumbnailUrl":"https:\/\/amurriobidean.org\/wp-content\/uploads\/2020\/06\/facebook-castellano-1.png","datePublished":"2020-06-30T09:35:44+00:00","dateModified":"2020-06-30T09:38:40+00:00","author":{"@id":"https:\/\/amurriobidean.org\/es\/#\/schema\/person\/56c71b474b3e7f5f5e6f209a6cf3abfe"},"breadcrumb":{"@id":"https:\/\/amurriobidean.org\/es\/uztailaren-1etik-aurrera-zabalik-dago-refor-amurrio-enpresaldeko-ikasgela\/#breadcrumb"},"inLanguage":"es","potentialAction":[{"@type":"ReadAction","target":["https:\/\/amurriobidean.org\/es\/uztailaren-1etik-aurrera-zabalik-dago-refor-amurrio-enpresaldeko-ikasgela\/"]}]},{"@type":"ImageObject","inLanguage":"es","@id":"https:\/\/amurriobidean.org\/es\/uztailaren-1etik-aurrera-zabalik-dago-refor-amurrio-enpresaldeko-ikasgela\/#primaryimage","url":"https:\/\/amurriobidean.org\/wp-content\/uploads\/2020\/06\/facebook-castellano-1.png","contentUrl":"https:\/\/amurriobidean.org\/wp-content\/uploads\/2020\/06\/facebook-castellano-1.png","width":940,"height":788},{"@type":"BreadcrumbList","@id":"https:\/\/amurriobidean.org\/es\/uztailaren-1etik-aurrera-zabalik-dago-refor-amurrio-enpresaldeko-ikasgela\/#breadcrumb","itemListElement":[{"@type":"ListItem","position":1,"name":"Portada","item":"https:\/\/amurriobidean.org\/es\/"},{"@type":"ListItem","position":2,"name":"A partir del 1 de julio abierta el aula de estudio de Refor Amurrio Enpresaldea"}]},{"@type":"WebSite","@id":"https:\/\/amurriobidean.org\/es\/#website","url":"https:\/\/amurriobidean.org\/es\/","name":"Amurrio Bidean. Garapen Agentzia - Agencia de desarrollo.","description":"Agencia de Desarollo Local de Amurrio","potentialAction":[{"@type":"SearchAction","target":{"@type":"EntryPoint","urlTemplate":"https:\/\/amurriobidean.org\/es\/?s={search_term_string}"},"query-input":{"@type":"PropertyValueSpecification","valueRequired":true,"valueName":"search_term_string"}}],"inLanguage":"es"},{"@type":"Person","@id":"https:\/\/amurriobidean.org\/es\/#\/schema\/person\/56c71b474b3e7f5f5e6f209a6cf3abfe","name":"Amurrio Bidean","image":{"@type":"ImageObject","inLanguage":"es","@id":"https:\/\/amurriobidean.org\/es\/#\/schema\/person\/image\/","url":"https:\/\/secure.gravatar.com\/avatar\/84a34d50800d0bb5d80eba504fc44ed48c9b2faab16ad58fa7d30bce4e2b661e","contentUrl":"https:\/\/secure.gravatar.com\/avatar\/84a34d50800d0bb5d80eba504fc44ed48c9b2faab16ad58fa7d30bce4e2b661e","caption":"Amurrio Bidean"},"sameAs":["http:\/\/www.amurriobidean.eus"],"url":"https:\/\/amurriobidean.org\/es\/author\/amurrio-bidean\/"}]}},"_links":{"self":[{"href":"https:\/\/amurriobidean.org\/es\/wp-json\/wp\/v2\/posts\/3895","targetHints":{"allow":["GET"]}}],"collection":[{"href":"https:\/\/amurriobidean.org\/es\/wp-json\/wp\/v2\/posts"}],"about":[{"href":"https:\/\/amurriobidean.org\/es\/wp-json\/wp\/v2\/types\/post"}],"author":[{"embeddable":true,"href":"https:\/\/amurriobidean.org\/es\/wp-json\/wp\/v2\/users\/2"}],"replies":[{"embeddable":true,"href":"https:\/\/amurriobidean.org\/es\/wp-json\/wp\/v2\/comments?post=3895"}],"version-history":[{"count":0,"href":"https:\/\/amurriobidean.org\/es\/wp-json\/wp\/v2\/posts\/3895\/revisions"}],"wp:featuredmedia":[{"embeddable":true,"href":"https:\/\/amurriobidean.org\/es\/wp-json\/wp\/v2\/media\/3898"}],"wp:attachment":[{"href":"https:\/\/amurriobidean.org\/es\/wp-json\/wp\/v2\/media?parent=3895"}],"wp:term":[{"taxonomy":"category","embeddable":true,"href":"https:\/\/amurriobidean.org\/es\/wp-json\/wp\/v2\/categories?post=3895"},{"taxonomy":"post_tag","embeddable":true,"href":"https:\/\/amurriobidean.org\/es\/wp-json\/wp\/v2\/tags?post=3895"}],"curies":[{"name":"wp","href":"https:\/\/api.w.org\/{rel}","templated":true}]}}