{"id":3756,"date":"2020-05-12T10:42:45","date_gmt":"2020-05-12T10:42:45","guid":{"rendered":"http:\/\/amurriobidean.eus\/alarma-egoeraren-ondorioz-jarduerak-etenda-dituzten-kultura-arloko-profesionalentzako-lanbideko-laguntzen-deialdia\/"},"modified":"2020-05-12T10:45:49","modified_gmt":"2020-05-12T10:45:49","slug":"alarma-egoeraren-ondorioz-jarduerak-etenda-dituzten-kultura-arloko-profesionalentzako-lanbideko-laguntzen-deialdia","status":"publish","type":"post","link":"https:\/\/amurriobidean.org\/es\/alarma-egoeraren-ondorioz-jarduerak-etenda-dituzten-kultura-arloko-profesionalentzako-lanbideko-laguntzen-deialdia\/","title":{"rendered":"CONVOCATORIA DE AYUDAS LANBIDE DIRIGIDA A PROFESIONALES DE LA CULTURA CUYAS ACTIVIDADES HAN QUEDADO SUSPENDIDAS A CONSECUENCIA DEL ESTADO DE ALARMA"},"content":{"rendered":"<p><strong>El plazo de presentaci\u00f3n de solicitudes permanecer\u00e1 abierto del 12 al 25 de mayo.<\/strong><\/p>\n<p>El programa est\u00e1 dirigido a personas con residencia personal y fiscal en la CAPV, mayores de edad y con una <strong>actividad profesional relacionada con la cultura<\/strong> (en la convocatoria aparecen reflejados los ep\u00edgrafes de IAE, actividades, susceptibles de acceder a estas ayudas).<\/p>\n<p>Las personas que quieran optar a la ayuda, deber\u00e1n dedicarse de forma exclusiva a la actividad profesional del campo de la cultura que ha quedado suspendida o cancelada (se entiende que es exclusiva cuando el 60% de sus ingresos provienen de la misma).<\/p>\n<p>Respecto a la cuant\u00eda, el importe mensual de la ayuda ser\u00e1 equivalente al 70% de la media mensual de ingresos netos de 2019 en la actividad vinculada a la cultura o arte, con un l\u00edmite de 1.200 \u20ac mensuales. Si la persona solicitante ha iniciado la actividad profesional en el \u00e1mbito cultural entre el 1 de enero de 2020 y el 13 de marzo de 2020, ambos inclusive, el importe ser\u00e1 de 950 \u20ac\/mes.<\/p>\n<p>El periodo de duraci\u00f3n de la ayuda ser\u00e1, como m\u00e1ximo, el comprendido entre el 14 de marzo de 2020 y el \u00faltimo d\u00eda del mes en que se declare la finalizaci\u00f3n del estado de alarma o se autorice la vuelta a la actividad de espect\u00e1culos y eventos colectivos presenciales o a la concreta actividad profesional que desempe\u00f1e la persona beneficiaria, con el l\u00edmite m\u00e1ximo de 6 meses.<\/p>\n<p>Estas ayudas son incompatibles con la prestaci\u00f3n por cese de actividad, con la prestaci\u00f3n extraordinaria por cese de actividad para los afectados por la declaraci\u00f3n del estado de alarma ocasionada por el Covid-19, con la prestaci\u00f3n y subsidio por desempleo o con cualquier otro tipo de prestaci\u00f3n, ayuda o subvenci\u00f3n sustitutiva de los ingresos otorgadas por Lanbide o por otras Administraciones o entidades p\u00fablicas o privadas.<\/p>\n<p>Puedes acceder a toda la informaci\u00f3n sobre la ayuda pinchando en el siguiente en enlace <a href=\"https:\/\/www.lanbide.euskadi.eus\/ayuda\/-\/ayuda_subvencion\/2020\/aprocu-2020\/\">https:\/\/www.lanbide.euskadi.eus\/ayuda\/-\/ayuda_subvencion\/2020\/aprocu-2020\/<\/a><\/p>\n<p>De todas formas, para aclarar cualquier duda o solicitar m\u00e1s informaci\u00f3n puedes ponerte en contacto con nosotras en el tel. 945891721 o en el mail. administracion@amurriobidean.org.<\/p>\n<p><a href=\"http:\/\/amurriobidean.eus\/wp-content\/uploads\/2020\/05\/BOPV_11_Mayo_Convocatoria_Ayuda.pdf\">BOPV_11_Mayo_Convocatoria_Ayuda<\/a><\/p>\n<p><a href=\"http:\/\/amurriobidean.eus\/wp-content\/uploads\/2020\/05\/Gu\u00eda_Resumen_Ayuda_Lanbide_Cultura.pdf\">Gu\u00eda_Resumen_Ayuda_Lanbide_Cultura<\/a><\/p>\n","protected":false},"excerpt":{"rendered":"<p>El plazo de presentaci\u00f3n de solicitudes permanecer\u00e1 abierto del 12 al 25 de mayo. El programa est\u00e1 dirigido a personas con residencia personal y fiscal en la CAPV, mayores de edad y con una actividad profesional relacionada con la cultura (en la convocatoria aparecen reflejados los ep\u00edgrafes de IAE, actividades, susceptibles de acceder a estas [&hellip;]<\/p>\n","protected":false},"author":2,"featured_media":3753,"comment_status":"closed","ping_status":"closed","sticky":false,"template":"","format":"standard","meta":{"footnotes":""},"categories":[28],"tags":[],"class_list":["post-3756","post","type-post","status-publish","format-standard","has-post-thumbnail","hentry","category-noticias"],"yoast_head":"<!-- This site is optimized with the Yoast SEO plugin v25.3 - https:\/\/yoast.com\/wordpress\/plugins\/seo\/ -->\n<title>CONVOCATORIA DE AYUDAS LANBIDE DIRIGIDA A PROFESIONALES DE LA CULTURA CUYAS ACTIVIDADES HAN QUEDADO SUSPENDIDAS A CONSECUENCIA DEL ESTADO DE ALARMA - Amurrio Bidean. Garapen Agentzia - Agencia de desarrollo.<\/title>\n<meta name=\"robots\" content=\"index, follow, max-snippet:-1, max-image-preview:large, max-video-preview:-1\" \/>\n<link rel=\"canonical\" href=\"https:\/\/amurriobidean.org\/es\/alarma-egoeraren-ondorioz-jarduerak-etenda-dituzten-kultura-arloko-profesionalentzako-lanbideko-laguntzen-deialdia\/\" \/>\n<meta property=\"og:locale\" content=\"es_ES\" \/>\n<meta property=\"og:type\" content=\"article\" \/>\n<meta property=\"og:title\" content=\"CONVOCATORIA DE AYUDAS LANBIDE DIRIGIDA A PROFESIONALES DE LA CULTURA CUYAS ACTIVIDADES HAN QUEDADO SUSPENDIDAS A CONSECUENCIA DEL ESTADO DE ALARMA - Amurrio Bidean. Garapen Agentzia - Agencia de desarrollo.\" \/>\n<meta property=\"og:description\" content=\"El plazo de presentaci\u00f3n de solicitudes permanecer\u00e1 abierto del 12 al 25 de mayo. El programa est\u00e1 dirigido a personas con residencia personal y fiscal en la CAPV, mayores de edad y con una actividad profesional relacionada con la cultura (en la convocatoria aparecen reflejados los ep\u00edgrafes de IAE, actividades, susceptibles de acceder a estas [&hellip;]\" \/>\n<meta property=\"og:url\" content=\"https:\/\/amurriobidean.org\/es\/alarma-egoeraren-ondorioz-jarduerak-etenda-dituzten-kultura-arloko-profesionalentzako-lanbideko-laguntzen-deialdia\/\" \/>\n<meta property=\"og:site_name\" content=\"Amurrio Bidean. Garapen Agentzia - Agencia de desarrollo.\" \/>\n<meta property=\"article:publisher\" content=\"https:\/\/www.facebook.com\/amurrio.bidean\" \/>\n<meta property=\"article:published_time\" content=\"2020-05-12T10:42:45+00:00\" \/>\n<meta property=\"article:modified_time\" content=\"2020-05-12T10:45:49+00:00\" \/>\n<meta property=\"og:image\" content=\"https:\/\/amurriobidean.org\/wp-content\/uploads\/2020\/05\/florida-state-university-86197_1920.jpg\" \/>\n\t<meta property=\"og:image:width\" content=\"1920\" \/>\n\t<meta property=\"og:image:height\" content=\"1277\" \/>\n\t<meta property=\"og:image:type\" content=\"image\/jpeg\" \/>\n<meta name=\"author\" content=\"Amurrio Bidean\" \/>\n<meta name=\"twitter:card\" content=\"summary_large_image\" \/>\n<meta name=\"twitter:creator\" content=\"@amurriobidean\" \/>\n<meta name=\"twitter:site\" content=\"@amurriobidean\" \/>\n<meta name=\"twitter:label1\" content=\"Escrito por\" \/>\n\t<meta name=\"twitter:data1\" content=\"Amurrio Bidean\" \/>\n\t<meta name=\"twitter:label2\" content=\"Tiempo de lectura\" \/>\n\t<meta name=\"twitter:data2\" content=\"2 minutos\" \/>\n<script type=\"application\/ld+json\" class=\"yoast-schema-graph\">{\"@context\":\"https:\/\/schema.org\",\"@graph\":[{\"@type\":\"WebPage\",\"@id\":\"https:\/\/amurriobidean.org\/es\/alarma-egoeraren-ondorioz-jarduerak-etenda-dituzten-kultura-arloko-profesionalentzako-lanbideko-laguntzen-deialdia\/\",\"url\":\"https:\/\/amurriobidean.org\/es\/alarma-egoeraren-ondorioz-jarduerak-etenda-dituzten-kultura-arloko-profesionalentzako-lanbideko-laguntzen-deialdia\/\",\"name\":\"CONVOCATORIA DE AYUDAS LANBIDE DIRIGIDA A PROFESIONALES DE LA CULTURA CUYAS ACTIVIDADES HAN QUEDADO SUSPENDIDAS A CONSECUENCIA DEL ESTADO DE ALARMA - Amurrio Bidean. Garapen Agentzia - Agencia de desarrollo.\",\"isPartOf\":{\"@id\":\"https:\/\/amurriobidean.org\/es\/#website\"},\"primaryImageOfPage\":{\"@id\":\"https:\/\/amurriobidean.org\/es\/alarma-egoeraren-ondorioz-jarduerak-etenda-dituzten-kultura-arloko-profesionalentzako-lanbideko-laguntzen-deialdia\/#primaryimage\"},\"image\":{\"@id\":\"https:\/\/amurriobidean.org\/es\/alarma-egoeraren-ondorioz-jarduerak-etenda-dituzten-kultura-arloko-profesionalentzako-lanbideko-laguntzen-deialdia\/#primaryimage\"},\"thumbnailUrl\":\"https:\/\/amurriobidean.org\/wp-content\/uploads\/2020\/05\/florida-state-university-86197_1920.jpg\",\"datePublished\":\"2020-05-12T10:42:45+00:00\",\"dateModified\":\"2020-05-12T10:45:49+00:00\",\"author\":{\"@id\":\"https:\/\/amurriobidean.org\/es\/#\/schema\/person\/56c71b474b3e7f5f5e6f209a6cf3abfe\"},\"breadcrumb\":{\"@id\":\"https:\/\/amurriobidean.org\/es\/alarma-egoeraren-ondorioz-jarduerak-etenda-dituzten-kultura-arloko-profesionalentzako-lanbideko-laguntzen-deialdia\/#breadcrumb\"},\"inLanguage\":\"es\",\"potentialAction\":[{\"@type\":\"ReadAction\",\"target\":[\"https:\/\/amurriobidean.org\/es\/alarma-egoeraren-ondorioz-jarduerak-etenda-dituzten-kultura-arloko-profesionalentzako-lanbideko-laguntzen-deialdia\/\"]}]},{\"@type\":\"ImageObject\",\"inLanguage\":\"es\",\"@id\":\"https:\/\/amurriobidean.org\/es\/alarma-egoeraren-ondorioz-jarduerak-etenda-dituzten-kultura-arloko-profesionalentzako-lanbideko-laguntzen-deialdia\/#primaryimage\",\"url\":\"https:\/\/amurriobidean.org\/wp-content\/uploads\/2020\/05\/florida-state-university-86197_1920.jpg\",\"contentUrl\":\"https:\/\/amurriobidean.org\/wp-content\/uploads\/2020\/05\/florida-state-university-86197_1920.jpg\",\"width\":1920,\"height\":1277},{\"@type\":\"BreadcrumbList\",\"@id\":\"https:\/\/amurriobidean.org\/es\/alarma-egoeraren-ondorioz-jarduerak-etenda-dituzten-kultura-arloko-profesionalentzako-lanbideko-laguntzen-deialdia\/#breadcrumb\",\"itemListElement\":[{\"@type\":\"ListItem\",\"position\":1,\"name\":\"Portada\",\"item\":\"https:\/\/amurriobidean.org\/es\/\"},{\"@type\":\"ListItem\",\"position\":2,\"name\":\"CONVOCATORIA DE AYUDAS LANBIDE DIRIGIDA A PROFESIONALES DE LA CULTURA CUYAS ACTIVIDADES HAN QUEDADO SUSPENDIDAS A CONSECUENCIA DEL ESTADO DE ALARMA\"}]},{\"@type\":\"WebSite\",\"@id\":\"https:\/\/amurriobidean.org\/es\/#website\",\"url\":\"https:\/\/amurriobidean.org\/es\/\",\"name\":\"Amurrio Bidean. Garapen Agentzia - Agencia de desarrollo.\",\"description\":\"Agencia de Desarollo Local de Amurrio\",\"potentialAction\":[{\"@type\":\"SearchAction\",\"target\":{\"@type\":\"EntryPoint\",\"urlTemplate\":\"https:\/\/amurriobidean.org\/es\/?s={search_term_string}\"},\"query-input\":{\"@type\":\"PropertyValueSpecification\",\"valueRequired\":true,\"valueName\":\"search_term_string\"}}],\"inLanguage\":\"es\"},{\"@type\":\"Person\",\"@id\":\"https:\/\/amurriobidean.org\/es\/#\/schema\/person\/56c71b474b3e7f5f5e6f209a6cf3abfe\",\"name\":\"Amurrio Bidean\",\"image\":{\"@type\":\"ImageObject\",\"inLanguage\":\"es\",\"@id\":\"https:\/\/amurriobidean.org\/es\/#\/schema\/person\/image\/\",\"url\":\"https:\/\/secure.gravatar.com\/avatar\/84a34d50800d0bb5d80eba504fc44ed48c9b2faab16ad58fa7d30bce4e2b661e\",\"contentUrl\":\"https:\/\/secure.gravatar.com\/avatar\/84a34d50800d0bb5d80eba504fc44ed48c9b2faab16ad58fa7d30bce4e2b661e\",\"caption\":\"Amurrio Bidean\"},\"sameAs\":[\"http:\/\/www.amurriobidean.eus\"],\"url\":\"https:\/\/amurriobidean.org\/es\/author\/amurrio-bidean\/\"}]}<\/script>\n<!-- \/ Yoast SEO plugin. -->","yoast_head_json":{"title":"CONVOCATORIA DE AYUDAS LANBIDE DIRIGIDA A PROFESIONALES DE LA CULTURA CUYAS ACTIVIDADES HAN QUEDADO SUSPENDIDAS A CONSECUENCIA DEL ESTADO DE ALARMA - Amurrio Bidean. Garapen Agentzia - Agencia de desarrollo.","robots":{"index":"index","follow":"follow","max-snippet":"max-snippet:-1","max-image-preview":"max-image-preview:large","max-video-preview":"max-video-preview:-1"},"canonical":"https:\/\/amurriobidean.org\/es\/alarma-egoeraren-ondorioz-jarduerak-etenda-dituzten-kultura-arloko-profesionalentzako-lanbideko-laguntzen-deialdia\/","og_locale":"es_ES","og_type":"article","og_title":"CONVOCATORIA DE AYUDAS LANBIDE DIRIGIDA A PROFESIONALES DE LA CULTURA CUYAS ACTIVIDADES HAN QUEDADO SUSPENDIDAS A CONSECUENCIA DEL ESTADO DE ALARMA - Amurrio Bidean. Garapen Agentzia - Agencia de desarrollo.","og_description":"El plazo de presentaci\u00f3n de solicitudes permanecer\u00e1 abierto del 12 al 25 de mayo. El programa est\u00e1 dirigido a personas con residencia personal y fiscal en la CAPV, mayores de edad y con una actividad profesional relacionada con la cultura (en la convocatoria aparecen reflejados los ep\u00edgrafes de IAE, actividades, susceptibles de acceder a estas [&hellip;]","og_url":"https:\/\/amurriobidean.org\/es\/alarma-egoeraren-ondorioz-jarduerak-etenda-dituzten-kultura-arloko-profesionalentzako-lanbideko-laguntzen-deialdia\/","og_site_name":"Amurrio Bidean. Garapen Agentzia - Agencia de desarrollo.","article_publisher":"https:\/\/www.facebook.com\/amurrio.bidean","article_published_time":"2020-05-12T10:42:45+00:00","article_modified_time":"2020-05-12T10:45:49+00:00","og_image":[{"width":1920,"height":1277,"url":"https:\/\/amurriobidean.org\/wp-content\/uploads\/2020\/05\/florida-state-university-86197_1920.jpg","type":"image\/jpeg"}],"author":"Amurrio Bidean","twitter_card":"summary_large_image","twitter_creator":"@amurriobidean","twitter_site":"@amurriobidean","twitter_misc":{"Escrito por":"Amurrio Bidean","Tiempo de lectura":"2 minutos"},"schema":{"@context":"https:\/\/schema.org","@graph":[{"@type":"WebPage","@id":"https:\/\/amurriobidean.org\/es\/alarma-egoeraren-ondorioz-jarduerak-etenda-dituzten-kultura-arloko-profesionalentzako-lanbideko-laguntzen-deialdia\/","url":"https:\/\/amurriobidean.org\/es\/alarma-egoeraren-ondorioz-jarduerak-etenda-dituzten-kultura-arloko-profesionalentzako-lanbideko-laguntzen-deialdia\/","name":"CONVOCATORIA DE AYUDAS LANBIDE DIRIGIDA A PROFESIONALES DE LA CULTURA CUYAS ACTIVIDADES HAN QUEDADO SUSPENDIDAS A CONSECUENCIA DEL ESTADO DE ALARMA - Amurrio Bidean. Garapen Agentzia - Agencia de desarrollo.","isPartOf":{"@id":"https:\/\/amurriobidean.org\/es\/#website"},"primaryImageOfPage":{"@id":"https:\/\/amurriobidean.org\/es\/alarma-egoeraren-ondorioz-jarduerak-etenda-dituzten-kultura-arloko-profesionalentzako-lanbideko-laguntzen-deialdia\/#primaryimage"},"image":{"@id":"https:\/\/amurriobidean.org\/es\/alarma-egoeraren-ondorioz-jarduerak-etenda-dituzten-kultura-arloko-profesionalentzako-lanbideko-laguntzen-deialdia\/#primaryimage"},"thumbnailUrl":"https:\/\/amurriobidean.org\/wp-content\/uploads\/2020\/05\/florida-state-university-86197_1920.jpg","datePublished":"2020-05-12T10:42:45+00:00","dateModified":"2020-05-12T10:45:49+00:00","author":{"@id":"https:\/\/amurriobidean.org\/es\/#\/schema\/person\/56c71b474b3e7f5f5e6f209a6cf3abfe"},"breadcrumb":{"@id":"https:\/\/amurriobidean.org\/es\/alarma-egoeraren-ondorioz-jarduerak-etenda-dituzten-kultura-arloko-profesionalentzako-lanbideko-laguntzen-deialdia\/#breadcrumb"},"inLanguage":"es","potentialAction":[{"@type":"ReadAction","target":["https:\/\/amurriobidean.org\/es\/alarma-egoeraren-ondorioz-jarduerak-etenda-dituzten-kultura-arloko-profesionalentzako-lanbideko-laguntzen-deialdia\/"]}]},{"@type":"ImageObject","inLanguage":"es","@id":"https:\/\/amurriobidean.org\/es\/alarma-egoeraren-ondorioz-jarduerak-etenda-dituzten-kultura-arloko-profesionalentzako-lanbideko-laguntzen-deialdia\/#primaryimage","url":"https:\/\/amurriobidean.org\/wp-content\/uploads\/2020\/05\/florida-state-university-86197_1920.jpg","contentUrl":"https:\/\/amurriobidean.org\/wp-content\/uploads\/2020\/05\/florida-state-university-86197_1920.jpg","width":1920,"height":1277},{"@type":"BreadcrumbList","@id":"https:\/\/amurriobidean.org\/es\/alarma-egoeraren-ondorioz-jarduerak-etenda-dituzten-kultura-arloko-profesionalentzako-lanbideko-laguntzen-deialdia\/#breadcrumb","itemListElement":[{"@type":"ListItem","position":1,"name":"Portada","item":"https:\/\/amurriobidean.org\/es\/"},{"@type":"ListItem","position":2,"name":"CONVOCATORIA DE AYUDAS LANBIDE DIRIGIDA A PROFESIONALES DE LA CULTURA CUYAS ACTIVIDADES HAN QUEDADO SUSPENDIDAS A CONSECUENCIA DEL ESTADO DE ALARMA"}]},{"@type":"WebSite","@id":"https:\/\/amurriobidean.org\/es\/#website","url":"https:\/\/amurriobidean.org\/es\/","name":"Amurrio Bidean. Garapen Agentzia - Agencia de desarrollo.","description":"Agencia de Desarollo Local de Amurrio","potentialAction":[{"@type":"SearchAction","target":{"@type":"EntryPoint","urlTemplate":"https:\/\/amurriobidean.org\/es\/?s={search_term_string}"},"query-input":{"@type":"PropertyValueSpecification","valueRequired":true,"valueName":"search_term_string"}}],"inLanguage":"es"},{"@type":"Person","@id":"https:\/\/amurriobidean.org\/es\/#\/schema\/person\/56c71b474b3e7f5f5e6f209a6cf3abfe","name":"Amurrio Bidean","image":{"@type":"ImageObject","inLanguage":"es","@id":"https:\/\/amurriobidean.org\/es\/#\/schema\/person\/image\/","url":"https:\/\/secure.gravatar.com\/avatar\/84a34d50800d0bb5d80eba504fc44ed48c9b2faab16ad58fa7d30bce4e2b661e","contentUrl":"https:\/\/secure.gravatar.com\/avatar\/84a34d50800d0bb5d80eba504fc44ed48c9b2faab16ad58fa7d30bce4e2b661e","caption":"Amurrio Bidean"},"sameAs":["http:\/\/www.amurriobidean.eus"],"url":"https:\/\/amurriobidean.org\/es\/author\/amurrio-bidean\/"}]}},"_links":{"self":[{"href":"https:\/\/amurriobidean.org\/es\/wp-json\/wp\/v2\/posts\/3756","targetHints":{"allow":["GET"]}}],"collection":[{"href":"https:\/\/amurriobidean.org\/es\/wp-json\/wp\/v2\/posts"}],"about":[{"href":"https:\/\/amurriobidean.org\/es\/wp-json\/wp\/v2\/types\/post"}],"author":[{"embeddable":true,"href":"https:\/\/amurriobidean.org\/es\/wp-json\/wp\/v2\/users\/2"}],"replies":[{"embeddable":true,"href":"https:\/\/amurriobidean.org\/es\/wp-json\/wp\/v2\/comments?post=3756"}],"version-history":[{"count":0,"href":"https:\/\/amurriobidean.org\/es\/wp-json\/wp\/v2\/posts\/3756\/revisions"}],"wp:featuredmedia":[{"embeddable":true,"href":"https:\/\/amurriobidean.org\/es\/wp-json\/wp\/v2\/media\/3753"}],"wp:attachment":[{"href":"https:\/\/amurriobidean.org\/es\/wp-json\/wp\/v2\/media?parent=3756"}],"wp:term":[{"taxonomy":"category","embeddable":true,"href":"https:\/\/amurriobidean.org\/es\/wp-json\/wp\/v2\/categories?post=3756"},{"taxonomy":"post_tag","embeddable":true,"href":"https:\/\/amurriobidean.org\/es\/wp-json\/wp\/v2\/tags?post=3756"}],"curies":[{"name":"wp","href":"https:\/\/api.w.org\/{rel}","templated":true}]}}