{"id":3639,"date":"2020-04-01T09:57:42","date_gmt":"2020-04-01T09:57:42","guid":{"rendered":"http:\/\/amurriobidean.eus\/amurrio-bidean-ek-martxan-dauden-laguntzei-eta-maileguei-buruzko-informazioa-hurbilduko-die-ete-ei-eta-autonomoei\/"},"modified":"2020-04-02T10:30:45","modified_gmt":"2020-04-02T10:30:45","slug":"amurrio-bidean-ek-martxan-dauden-laguntzei-eta-maileguei-buruzko-informazioa-hurbilduko-die-ete-ei-eta-autonomoei","status":"publish","type":"post","link":"https:\/\/amurriobidean.org\/es\/amurrio-bidean-ek-martxan-dauden-laguntzei-eta-maileguei-buruzko-informazioa-hurbilduko-die-ete-ei-eta-autonomoei\/","title":{"rendered":"AMURRIO BIDEAN ACERCA A PYMES Y PERSONAS AUT\u00d3NOMAS TODA LA INFORMACI\u00d3N ACERCA DE AYUDAS Y PR\u00c9STAMOS EN MARCHA"},"content":{"rendered":"<p>El Ayuntamiento de Amurrio, con motivo de la situaci\u00f3n generada por la pandemia del Covid-19, pone a disposici\u00f3n de las empresas y las personas aut\u00f3nomas toda la informaci\u00f3n sobre medidas y programas que las diferentes instituciones est\u00e1n poniendo en marcha para paliar el impacto negativo en la econom\u00eda.<\/p>\n<p>A trav\u00e9s de la web <a href=\"http:\/\/amurriobidean.eus\/es\/\">amurriobidean.eus<\/a> de Amurrio Bidean, Sociedad para el Desarrollo Local del Ayuntamiento de Amurrio, o por v\u00eda telef\u00f3nica en el 945891721 \u00a0o telem\u00e1ticamente escribiendo a <a href=\"mailto:autoempleo@amurriobidean.org\">autoempleo@amurriobidean.org<\/a> o <a href=\"mailto:empresa@amurriobidean.org\">empresa@amurriobidean.org<\/a> todas las pymes (comercios, hosteler\u00eda, empresas industriales y de servicios, etc.) y las personas aut\u00f3nomas podr\u00e1n conocer detalladamente las ayudas y pr\u00e9stamos a los que pueden acceder y, si fuera necesario, se ayudar\u00e1 a las mismas a cumplimentar los formularios requeridos.<\/p>\n<p>Dentro de las ayudas puestas en marcha, cabe destacar la ayuda denominada \u201cPrestaci\u00f3n cese de actividad para aut\u00f3nomos\u201d otorgada por la Seguridad Social, as\u00ed como la l\u00ednea de financiaci\u00f3n a inter\u00e9s 0% puesta en marcha en com\u00fan entre Elkargi y el Gobierno Vasco.<\/p>\n<p>Asimismo, la Diputaci\u00f3n Foral de \u00c1lava, junto con otros agentes econ\u00f3micos y la colaboraci\u00f3n de las agencias de desarrollo y cuadrillas, ha puesto en marcha una p\u00e1gina web <strong>ayudasarabacovid19.eus<\/strong> donde se recogen todas las ayudas estatales, auton\u00f3micas, y de la propia Diputaci\u00f3n Foral de \u00c1lava, as\u00ed como informaci\u00f3n relevante.<\/p>\n<p><a href=\"https:\/\/www.ayudasarabacovid19.eus\/\">https:\/\/www.ayudasarabacovid19.eus\/<\/a><\/p>\n","protected":false},"excerpt":{"rendered":"<p>El Ayuntamiento de Amurrio, con motivo de la situaci\u00f3n generada por la pandemia del Covid-19, pone a disposici\u00f3n de las empresas y las personas aut\u00f3nomas toda la informaci\u00f3n sobre medidas y programas que las diferentes instituciones est\u00e1n poniendo en marcha para paliar el impacto negativo en la econom\u00eda. A trav\u00e9s de la web amurriobidean.eus de [&hellip;]<\/p>\n","protected":false},"author":2,"featured_media":3636,"comment_status":"closed","ping_status":"closed","sticky":false,"template":"","format":"standard","meta":{"footnotes":""},"categories":[28],"tags":[],"class_list":["post-3639","post","type-post","status-publish","format-standard","has-post-thumbnail","hentry","category-noticias"],"yoast_head":"<!-- This site is optimized with the Yoast SEO plugin v25.3 - https:\/\/yoast.com\/wordpress\/plugins\/seo\/ -->\n<title>AMURRIO BIDEAN ACERCA A PYMES Y PERSONAS AUT\u00d3NOMAS TODA LA INFORMACI\u00d3N ACERCA DE AYUDAS Y PR\u00c9STAMOS EN MARCHA - Amurrio Bidean. Garapen Agentzia - Agencia de desarrollo.<\/title>\n<meta name=\"robots\" content=\"index, follow, max-snippet:-1, max-image-preview:large, max-video-preview:-1\" \/>\n<link rel=\"canonical\" href=\"https:\/\/amurriobidean.org\/es\/amurrio-bidean-ek-martxan-dauden-laguntzei-eta-maileguei-buruzko-informazioa-hurbilduko-die-ete-ei-eta-autonomoei\/\" \/>\n<meta property=\"og:locale\" content=\"es_ES\" \/>\n<meta property=\"og:type\" content=\"article\" \/>\n<meta property=\"og:title\" content=\"AMURRIO BIDEAN ACERCA A PYMES Y PERSONAS AUT\u00d3NOMAS TODA LA INFORMACI\u00d3N ACERCA DE AYUDAS Y PR\u00c9STAMOS EN MARCHA - Amurrio Bidean. Garapen Agentzia - Agencia de desarrollo.\" \/>\n<meta property=\"og:description\" content=\"El Ayuntamiento de Amurrio, con motivo de la situaci\u00f3n generada por la pandemia del Covid-19, pone a disposici\u00f3n de las empresas y las personas aut\u00f3nomas toda la informaci\u00f3n sobre medidas y programas que las diferentes instituciones est\u00e1n poniendo en marcha para paliar el impacto negativo en la econom\u00eda. A trav\u00e9s de la web amurriobidean.eus de [&hellip;]\" \/>\n<meta property=\"og:url\" content=\"https:\/\/amurriobidean.org\/es\/amurrio-bidean-ek-martxan-dauden-laguntzei-eta-maileguei-buruzko-informazioa-hurbilduko-die-ete-ei-eta-autonomoei\/\" \/>\n<meta property=\"og:site_name\" content=\"Amurrio Bidean. Garapen Agentzia - Agencia de desarrollo.\" \/>\n<meta property=\"article:publisher\" content=\"https:\/\/www.facebook.com\/amurrio.bidean\" \/>\n<meta property=\"article:published_time\" content=\"2020-04-01T09:57:42+00:00\" \/>\n<meta property=\"article:modified_time\" content=\"2020-04-02T10:30:45+00:00\" \/>\n<meta property=\"og:image\" content=\"https:\/\/amurriobidean.org\/wp-content\/uploads\/2020\/04\/2.jpg\" \/>\n\t<meta property=\"og:image:width\" content=\"1747\" \/>\n\t<meta property=\"og:image:height\" content=\"1240\" \/>\n\t<meta property=\"og:image:type\" content=\"image\/jpeg\" \/>\n<meta name=\"author\" content=\"Amurrio Bidean\" \/>\n<meta name=\"twitter:card\" content=\"summary_large_image\" \/>\n<meta name=\"twitter:creator\" content=\"@amurriobidean\" \/>\n<meta name=\"twitter:site\" content=\"@amurriobidean\" \/>\n<meta name=\"twitter:label1\" content=\"Escrito por\" \/>\n\t<meta name=\"twitter:data1\" content=\"Amurrio Bidean\" \/>\n\t<meta name=\"twitter:label2\" content=\"Tiempo de lectura\" \/>\n\t<meta name=\"twitter:data2\" content=\"1 minuto\" \/>\n<script type=\"application\/ld+json\" class=\"yoast-schema-graph\">{\"@context\":\"https:\/\/schema.org\",\"@graph\":[{\"@type\":\"WebPage\",\"@id\":\"https:\/\/amurriobidean.org\/es\/amurrio-bidean-ek-martxan-dauden-laguntzei-eta-maileguei-buruzko-informazioa-hurbilduko-die-ete-ei-eta-autonomoei\/\",\"url\":\"https:\/\/amurriobidean.org\/es\/amurrio-bidean-ek-martxan-dauden-laguntzei-eta-maileguei-buruzko-informazioa-hurbilduko-die-ete-ei-eta-autonomoei\/\",\"name\":\"AMURRIO BIDEAN ACERCA A PYMES Y PERSONAS AUT\u00d3NOMAS TODA LA INFORMACI\u00d3N ACERCA DE AYUDAS Y PR\u00c9STAMOS EN MARCHA - Amurrio Bidean. Garapen Agentzia - Agencia de desarrollo.\",\"isPartOf\":{\"@id\":\"https:\/\/amurriobidean.org\/es\/#website\"},\"primaryImageOfPage\":{\"@id\":\"https:\/\/amurriobidean.org\/es\/amurrio-bidean-ek-martxan-dauden-laguntzei-eta-maileguei-buruzko-informazioa-hurbilduko-die-ete-ei-eta-autonomoei\/#primaryimage\"},\"image\":{\"@id\":\"https:\/\/amurriobidean.org\/es\/amurrio-bidean-ek-martxan-dauden-laguntzei-eta-maileguei-buruzko-informazioa-hurbilduko-die-ete-ei-eta-autonomoei\/#primaryimage\"},\"thumbnailUrl\":\"https:\/\/amurriobidean.org\/wp-content\/uploads\/2020\/04\/2.jpg\",\"datePublished\":\"2020-04-01T09:57:42+00:00\",\"dateModified\":\"2020-04-02T10:30:45+00:00\",\"author\":{\"@id\":\"https:\/\/amurriobidean.org\/es\/#\/schema\/person\/56c71b474b3e7f5f5e6f209a6cf3abfe\"},\"breadcrumb\":{\"@id\":\"https:\/\/amurriobidean.org\/es\/amurrio-bidean-ek-martxan-dauden-laguntzei-eta-maileguei-buruzko-informazioa-hurbilduko-die-ete-ei-eta-autonomoei\/#breadcrumb\"},\"inLanguage\":\"es\",\"potentialAction\":[{\"@type\":\"ReadAction\",\"target\":[\"https:\/\/amurriobidean.org\/es\/amurrio-bidean-ek-martxan-dauden-laguntzei-eta-maileguei-buruzko-informazioa-hurbilduko-die-ete-ei-eta-autonomoei\/\"]}]},{\"@type\":\"ImageObject\",\"inLanguage\":\"es\",\"@id\":\"https:\/\/amurriobidean.org\/es\/amurrio-bidean-ek-martxan-dauden-laguntzei-eta-maileguei-buruzko-informazioa-hurbilduko-die-ete-ei-eta-autonomoei\/#primaryimage\",\"url\":\"https:\/\/amurriobidean.org\/wp-content\/uploads\/2020\/04\/2.jpg\",\"contentUrl\":\"https:\/\/amurriobidean.org\/wp-content\/uploads\/2020\/04\/2.jpg\",\"width\":1747,\"height\":1240},{\"@type\":\"BreadcrumbList\",\"@id\":\"https:\/\/amurriobidean.org\/es\/amurrio-bidean-ek-martxan-dauden-laguntzei-eta-maileguei-buruzko-informazioa-hurbilduko-die-ete-ei-eta-autonomoei\/#breadcrumb\",\"itemListElement\":[{\"@type\":\"ListItem\",\"position\":1,\"name\":\"Portada\",\"item\":\"https:\/\/amurriobidean.org\/es\/\"},{\"@type\":\"ListItem\",\"position\":2,\"name\":\"AMURRIO BIDEAN ACERCA A PYMES Y PERSONAS AUT\u00d3NOMAS TODA LA INFORMACI\u00d3N ACERCA DE AYUDAS Y PR\u00c9STAMOS EN MARCHA\"}]},{\"@type\":\"WebSite\",\"@id\":\"https:\/\/amurriobidean.org\/es\/#website\",\"url\":\"https:\/\/amurriobidean.org\/es\/\",\"name\":\"Amurrio Bidean. Garapen Agentzia - Agencia de desarrollo.\",\"description\":\"Agencia de Desarollo Local de Amurrio\",\"potentialAction\":[{\"@type\":\"SearchAction\",\"target\":{\"@type\":\"EntryPoint\",\"urlTemplate\":\"https:\/\/amurriobidean.org\/es\/?s={search_term_string}\"},\"query-input\":{\"@type\":\"PropertyValueSpecification\",\"valueRequired\":true,\"valueName\":\"search_term_string\"}}],\"inLanguage\":\"es\"},{\"@type\":\"Person\",\"@id\":\"https:\/\/amurriobidean.org\/es\/#\/schema\/person\/56c71b474b3e7f5f5e6f209a6cf3abfe\",\"name\":\"Amurrio Bidean\",\"image\":{\"@type\":\"ImageObject\",\"inLanguage\":\"es\",\"@id\":\"https:\/\/amurriobidean.org\/es\/#\/schema\/person\/image\/\",\"url\":\"https:\/\/secure.gravatar.com\/avatar\/84a34d50800d0bb5d80eba504fc44ed48c9b2faab16ad58fa7d30bce4e2b661e\",\"contentUrl\":\"https:\/\/secure.gravatar.com\/avatar\/84a34d50800d0bb5d80eba504fc44ed48c9b2faab16ad58fa7d30bce4e2b661e\",\"caption\":\"Amurrio Bidean\"},\"sameAs\":[\"http:\/\/www.amurriobidean.eus\"],\"url\":\"https:\/\/amurriobidean.org\/es\/author\/amurrio-bidean\/\"}]}<\/script>\n<!-- \/ Yoast SEO plugin. -->","yoast_head_json":{"title":"AMURRIO BIDEAN ACERCA A PYMES Y PERSONAS AUT\u00d3NOMAS TODA LA INFORMACI\u00d3N ACERCA DE AYUDAS Y PR\u00c9STAMOS EN MARCHA - Amurrio Bidean. Garapen Agentzia - Agencia de desarrollo.","robots":{"index":"index","follow":"follow","max-snippet":"max-snippet:-1","max-image-preview":"max-image-preview:large","max-video-preview":"max-video-preview:-1"},"canonical":"https:\/\/amurriobidean.org\/es\/amurrio-bidean-ek-martxan-dauden-laguntzei-eta-maileguei-buruzko-informazioa-hurbilduko-die-ete-ei-eta-autonomoei\/","og_locale":"es_ES","og_type":"article","og_title":"AMURRIO BIDEAN ACERCA A PYMES Y PERSONAS AUT\u00d3NOMAS TODA LA INFORMACI\u00d3N ACERCA DE AYUDAS Y PR\u00c9STAMOS EN MARCHA - Amurrio Bidean. Garapen Agentzia - Agencia de desarrollo.","og_description":"El Ayuntamiento de Amurrio, con motivo de la situaci\u00f3n generada por la pandemia del Covid-19, pone a disposici\u00f3n de las empresas y las personas aut\u00f3nomas toda la informaci\u00f3n sobre medidas y programas que las diferentes instituciones est\u00e1n poniendo en marcha para paliar el impacto negativo en la econom\u00eda. A trav\u00e9s de la web amurriobidean.eus de [&hellip;]","og_url":"https:\/\/amurriobidean.org\/es\/amurrio-bidean-ek-martxan-dauden-laguntzei-eta-maileguei-buruzko-informazioa-hurbilduko-die-ete-ei-eta-autonomoei\/","og_site_name":"Amurrio Bidean. Garapen Agentzia - Agencia de desarrollo.","article_publisher":"https:\/\/www.facebook.com\/amurrio.bidean","article_published_time":"2020-04-01T09:57:42+00:00","article_modified_time":"2020-04-02T10:30:45+00:00","og_image":[{"width":1747,"height":1240,"url":"https:\/\/amurriobidean.org\/wp-content\/uploads\/2020\/04\/2.jpg","type":"image\/jpeg"}],"author":"Amurrio Bidean","twitter_card":"summary_large_image","twitter_creator":"@amurriobidean","twitter_site":"@amurriobidean","twitter_misc":{"Escrito por":"Amurrio Bidean","Tiempo de lectura":"1 minuto"},"schema":{"@context":"https:\/\/schema.org","@graph":[{"@type":"WebPage","@id":"https:\/\/amurriobidean.org\/es\/amurrio-bidean-ek-martxan-dauden-laguntzei-eta-maileguei-buruzko-informazioa-hurbilduko-die-ete-ei-eta-autonomoei\/","url":"https:\/\/amurriobidean.org\/es\/amurrio-bidean-ek-martxan-dauden-laguntzei-eta-maileguei-buruzko-informazioa-hurbilduko-die-ete-ei-eta-autonomoei\/","name":"AMURRIO BIDEAN ACERCA A PYMES Y PERSONAS AUT\u00d3NOMAS TODA LA INFORMACI\u00d3N ACERCA DE AYUDAS Y PR\u00c9STAMOS EN MARCHA - Amurrio Bidean. Garapen Agentzia - Agencia de desarrollo.","isPartOf":{"@id":"https:\/\/amurriobidean.org\/es\/#website"},"primaryImageOfPage":{"@id":"https:\/\/amurriobidean.org\/es\/amurrio-bidean-ek-martxan-dauden-laguntzei-eta-maileguei-buruzko-informazioa-hurbilduko-die-ete-ei-eta-autonomoei\/#primaryimage"},"image":{"@id":"https:\/\/amurriobidean.org\/es\/amurrio-bidean-ek-martxan-dauden-laguntzei-eta-maileguei-buruzko-informazioa-hurbilduko-die-ete-ei-eta-autonomoei\/#primaryimage"},"thumbnailUrl":"https:\/\/amurriobidean.org\/wp-content\/uploads\/2020\/04\/2.jpg","datePublished":"2020-04-01T09:57:42+00:00","dateModified":"2020-04-02T10:30:45+00:00","author":{"@id":"https:\/\/amurriobidean.org\/es\/#\/schema\/person\/56c71b474b3e7f5f5e6f209a6cf3abfe"},"breadcrumb":{"@id":"https:\/\/amurriobidean.org\/es\/amurrio-bidean-ek-martxan-dauden-laguntzei-eta-maileguei-buruzko-informazioa-hurbilduko-die-ete-ei-eta-autonomoei\/#breadcrumb"},"inLanguage":"es","potentialAction":[{"@type":"ReadAction","target":["https:\/\/amurriobidean.org\/es\/amurrio-bidean-ek-martxan-dauden-laguntzei-eta-maileguei-buruzko-informazioa-hurbilduko-die-ete-ei-eta-autonomoei\/"]}]},{"@type":"ImageObject","inLanguage":"es","@id":"https:\/\/amurriobidean.org\/es\/amurrio-bidean-ek-martxan-dauden-laguntzei-eta-maileguei-buruzko-informazioa-hurbilduko-die-ete-ei-eta-autonomoei\/#primaryimage","url":"https:\/\/amurriobidean.org\/wp-content\/uploads\/2020\/04\/2.jpg","contentUrl":"https:\/\/amurriobidean.org\/wp-content\/uploads\/2020\/04\/2.jpg","width":1747,"height":1240},{"@type":"BreadcrumbList","@id":"https:\/\/amurriobidean.org\/es\/amurrio-bidean-ek-martxan-dauden-laguntzei-eta-maileguei-buruzko-informazioa-hurbilduko-die-ete-ei-eta-autonomoei\/#breadcrumb","itemListElement":[{"@type":"ListItem","position":1,"name":"Portada","item":"https:\/\/amurriobidean.org\/es\/"},{"@type":"ListItem","position":2,"name":"AMURRIO BIDEAN ACERCA A PYMES Y PERSONAS AUT\u00d3NOMAS TODA LA INFORMACI\u00d3N ACERCA DE AYUDAS Y PR\u00c9STAMOS EN MARCHA"}]},{"@type":"WebSite","@id":"https:\/\/amurriobidean.org\/es\/#website","url":"https:\/\/amurriobidean.org\/es\/","name":"Amurrio Bidean. Garapen Agentzia - Agencia de desarrollo.","description":"Agencia de Desarollo Local de Amurrio","potentialAction":[{"@type":"SearchAction","target":{"@type":"EntryPoint","urlTemplate":"https:\/\/amurriobidean.org\/es\/?s={search_term_string}"},"query-input":{"@type":"PropertyValueSpecification","valueRequired":true,"valueName":"search_term_string"}}],"inLanguage":"es"},{"@type":"Person","@id":"https:\/\/amurriobidean.org\/es\/#\/schema\/person\/56c71b474b3e7f5f5e6f209a6cf3abfe","name":"Amurrio Bidean","image":{"@type":"ImageObject","inLanguage":"es","@id":"https:\/\/amurriobidean.org\/es\/#\/schema\/person\/image\/","url":"https:\/\/secure.gravatar.com\/avatar\/84a34d50800d0bb5d80eba504fc44ed48c9b2faab16ad58fa7d30bce4e2b661e","contentUrl":"https:\/\/secure.gravatar.com\/avatar\/84a34d50800d0bb5d80eba504fc44ed48c9b2faab16ad58fa7d30bce4e2b661e","caption":"Amurrio Bidean"},"sameAs":["http:\/\/www.amurriobidean.eus"],"url":"https:\/\/amurriobidean.org\/es\/author\/amurrio-bidean\/"}]}},"_links":{"self":[{"href":"https:\/\/amurriobidean.org\/es\/wp-json\/wp\/v2\/posts\/3639","targetHints":{"allow":["GET"]}}],"collection":[{"href":"https:\/\/amurriobidean.org\/es\/wp-json\/wp\/v2\/posts"}],"about":[{"href":"https:\/\/amurriobidean.org\/es\/wp-json\/wp\/v2\/types\/post"}],"author":[{"embeddable":true,"href":"https:\/\/amurriobidean.org\/es\/wp-json\/wp\/v2\/users\/2"}],"replies":[{"embeddable":true,"href":"https:\/\/amurriobidean.org\/es\/wp-json\/wp\/v2\/comments?post=3639"}],"version-history":[{"count":0,"href":"https:\/\/amurriobidean.org\/es\/wp-json\/wp\/v2\/posts\/3639\/revisions"}],"wp:featuredmedia":[{"embeddable":true,"href":"https:\/\/amurriobidean.org\/es\/wp-json\/wp\/v2\/media\/3636"}],"wp:attachment":[{"href":"https:\/\/amurriobidean.org\/es\/wp-json\/wp\/v2\/media?parent=3639"}],"wp:term":[{"taxonomy":"category","embeddable":true,"href":"https:\/\/amurriobidean.org\/es\/wp-json\/wp\/v2\/categories?post=3639"},{"taxonomy":"post_tag","embeddable":true,"href":"https:\/\/amurriobidean.org\/es\/wp-json\/wp\/v2\/tags?post=3639"}],"curies":[{"name":"wp","href":"https:\/\/api.w.org\/{rel}","templated":true}]}}