{"id":3622,"date":"2020-03-25T09:38:24","date_gmt":"2020-03-25T09:38:24","guid":{"rendered":"http:\/\/amurriobidean.eus\/langile-autonomoen-jarduera-uzteagatiko-prestazioa\/"},"modified":"2020-03-25T09:40:12","modified_gmt":"2020-03-25T09:40:12","slug":"langile-autonomoen-jarduera-uzteagatiko-prestazioa","status":"publish","type":"post","link":"https:\/\/amurriobidean.org\/es\/langile-autonomoen-jarduera-uzteagatiko-prestazioa\/","title":{"rendered":"PRESTACI\u00d3N EXTARORDINARIA POR CESE DE ACTIVIDAD PARA TRABAJADORES\/AS AUT\u00d3NOMOS\/AS"},"content":{"rendered":"<p>El Real Decreto ley 8\/2020 del 17 de marzo, de medidas urgentes extraordinarias para hacer frente al impacto econ\u00f3mico y social del COVID-19, prev\u00e9 en su art.17 la prestaci\u00f3n extraordinaria por cese de actividad para todos los\/as trabajadores\/as por cuenta propia o aut\u00f3nomos cuyas actividades hayan quedado suspendidas por la declaraci\u00f3n del estado alarma o en el caso de que su facturaci\u00f3n en el mes anterior al que se solicita la prestaci\u00f3n se vea reducida, al menos, un 75% en relaci\u00f3n al promedio de facturaci\u00f3n del mes semestre anterior.<\/p>\n<p>Para poder solicitar esta prestaci\u00f3n, adem\u00e1s de estar incluido\/a en alguna de las situaciones anteriormente descritas, es necesario haber estado afiliados y en alta, en la fecha de declaraci\u00f3n del estado de alarma (14 marzo 2020), en el R\u00e9gimen Especial de Aut\u00f3nomos y hallarse al corriente en el pago de las cuotas a la Seguridad Social (en el caso de que no fuera as\u00ed el \u00f3rganos gestor facilitar\u00e1 el ingreso de las cuotas debidas en el plazo de treinta d\u00edas naturales para poder optar a esta prestaci\u00f3n extraordinaria).<\/p>\n<p>La cuant\u00eda de la prestaci\u00f3n se determinar\u00e1 aplicando el 70% de la base reguladora de la persona solicitante. Cuando no se acredite el periodo m\u00ednimo de cotizaci\u00f3n para tener derecho a la prestaci\u00f3n, la cuant\u00eda de la prestaci\u00f3n ser\u00e1 equivalente al 70% de la base m\u00ednima de cotizaci\u00f3n en el RETA (944,40 \u20ac).<\/p>\n<p>La prestaci\u00f3n extraordinaria por cese de actividad tendr\u00e1 la duraci\u00f3n de un mes, ampli\u00e1ndose, en su caso, hasta el \u00faltimo d\u00eda del mes en el que finalice el estado de alarma, en el supuesto de que este se prorrogue y tenga una duraci\u00f3n superior al mes.<\/p>\n<p>El tiempo de su percepci\u00f3n se entender\u00e1 como cotizado y no reducir\u00e1 los per\u00edodos de prestaci\u00f3n por cese de actividad a los que el beneficiario pueda tener derecho en el futuro.<\/p>\n<p>La persona aut\u00f3noma deber\u00e1 ponerse en contacto con su mutua colaboradora con la Seguridad Social para solicitar la prestaci\u00f3n telem\u00e1ticamente.<\/p>\n<p>Para m\u00e1s informaci\u00f3n y aclarar posibles dudas puedes consultar el PDF anexo o ponerte en contacto con nosotras Amurrio Bidean Tel.945891721<\/p>\n<p><a href=\"http:\/\/amurriobidean.eus\/wp-content\/uploads\/2020\/03\/Prestaci\u00f3n_extraordinaria_aut\u00f3nomos.pdf\">Prestaci\u00f3n_extraordinaria_aut\u00f3nomos<\/a><\/p>\n","protected":false},"excerpt":{"rendered":"<p>El Real Decreto ley 8\/2020 del 17 de marzo, de medidas urgentes extraordinarias para hacer frente al impacto econ\u00f3mico y social del COVID-19, prev\u00e9 en su art.17 la prestaci\u00f3n extraordinaria por cese de actividad para todos los\/as trabajadores\/as por cuenta propia o aut\u00f3nomos cuyas actividades hayan quedado suspendidas por la declaraci\u00f3n del estado alarma o [&hellip;]<\/p>\n","protected":false},"author":2,"featured_media":3625,"comment_status":"closed","ping_status":"closed","sticky":false,"template":"","format":"standard","meta":{"footnotes":""},"categories":[28],"tags":[],"class_list":["post-3622","post","type-post","status-publish","format-standard","has-post-thumbnail","hentry","category-noticias"],"yoast_head":"<!-- This site is optimized with the Yoast SEO plugin v25.3 - https:\/\/yoast.com\/wordpress\/plugins\/seo\/ -->\n<title>PRESTACI\u00d3N EXTARORDINARIA POR CESE DE ACTIVIDAD PARA TRABAJADORES\/AS AUT\u00d3NOMOS\/AS - Amurrio Bidean. Garapen Agentzia - Agencia de desarrollo.<\/title>\n<meta name=\"robots\" content=\"index, follow, max-snippet:-1, max-image-preview:large, max-video-preview:-1\" \/>\n<link rel=\"canonical\" href=\"https:\/\/amurriobidean.org\/es\/langile-autonomoen-jarduera-uzteagatiko-prestazioa\/\" \/>\n<meta property=\"og:locale\" content=\"es_ES\" \/>\n<meta property=\"og:type\" content=\"article\" \/>\n<meta property=\"og:title\" content=\"PRESTACI\u00d3N EXTARORDINARIA POR CESE DE ACTIVIDAD PARA TRABAJADORES\/AS AUT\u00d3NOMOS\/AS - Amurrio Bidean. Garapen Agentzia - Agencia de desarrollo.\" \/>\n<meta property=\"og:description\" content=\"El Real Decreto ley 8\/2020 del 17 de marzo, de medidas urgentes extraordinarias para hacer frente al impacto econ\u00f3mico y social del COVID-19, prev\u00e9 en su art.17 la prestaci\u00f3n extraordinaria por cese de actividad para todos los\/as trabajadores\/as por cuenta propia o aut\u00f3nomos cuyas actividades hayan quedado suspendidas por la declaraci\u00f3n del estado alarma o [&hellip;]\" \/>\n<meta property=\"og:url\" content=\"https:\/\/amurriobidean.org\/es\/langile-autonomoen-jarduera-uzteagatiko-prestazioa\/\" \/>\n<meta property=\"og:site_name\" content=\"Amurrio Bidean. Garapen Agentzia - Agencia de desarrollo.\" \/>\n<meta property=\"article:publisher\" content=\"https:\/\/www.facebook.com\/amurrio.bidean\" \/>\n<meta property=\"article:published_time\" content=\"2020-03-25T09:38:24+00:00\" \/>\n<meta property=\"article:modified_time\" content=\"2020-03-25T09:40:12+00:00\" \/>\n<meta property=\"og:image\" content=\"https:\/\/amurriobidean.org\/wp-content\/uploads\/2020\/03\/2.jpg\" \/>\n\t<meta property=\"og:image:width\" content=\"1747\" \/>\n\t<meta property=\"og:image:height\" content=\"1240\" \/>\n\t<meta property=\"og:image:type\" content=\"image\/jpeg\" \/>\n<meta name=\"author\" content=\"Amurrio Bidean\" \/>\n<meta name=\"twitter:card\" content=\"summary_large_image\" \/>\n<meta name=\"twitter:creator\" content=\"@amurriobidean\" \/>\n<meta name=\"twitter:site\" content=\"@amurriobidean\" \/>\n<meta name=\"twitter:label1\" content=\"Escrito por\" \/>\n\t<meta name=\"twitter:data1\" content=\"Amurrio Bidean\" \/>\n\t<meta name=\"twitter:label2\" content=\"Tiempo de lectura\" \/>\n\t<meta name=\"twitter:data2\" content=\"2 minutos\" \/>\n<script type=\"application\/ld+json\" class=\"yoast-schema-graph\">{\"@context\":\"https:\/\/schema.org\",\"@graph\":[{\"@type\":\"WebPage\",\"@id\":\"https:\/\/amurriobidean.org\/es\/langile-autonomoen-jarduera-uzteagatiko-prestazioa\/\",\"url\":\"https:\/\/amurriobidean.org\/es\/langile-autonomoen-jarduera-uzteagatiko-prestazioa\/\",\"name\":\"PRESTACI\u00d3N EXTARORDINARIA POR CESE DE ACTIVIDAD PARA TRABAJADORES\/AS AUT\u00d3NOMOS\/AS - Amurrio Bidean. Garapen Agentzia - Agencia de desarrollo.\",\"isPartOf\":{\"@id\":\"https:\/\/amurriobidean.org\/es\/#website\"},\"primaryImageOfPage\":{\"@id\":\"https:\/\/amurriobidean.org\/es\/langile-autonomoen-jarduera-uzteagatiko-prestazioa\/#primaryimage\"},\"image\":{\"@id\":\"https:\/\/amurriobidean.org\/es\/langile-autonomoen-jarduera-uzteagatiko-prestazioa\/#primaryimage\"},\"thumbnailUrl\":\"https:\/\/amurriobidean.org\/wp-content\/uploads\/2020\/03\/2.jpg\",\"datePublished\":\"2020-03-25T09:38:24+00:00\",\"dateModified\":\"2020-03-25T09:40:12+00:00\",\"author\":{\"@id\":\"https:\/\/amurriobidean.org\/es\/#\/schema\/person\/56c71b474b3e7f5f5e6f209a6cf3abfe\"},\"breadcrumb\":{\"@id\":\"https:\/\/amurriobidean.org\/es\/langile-autonomoen-jarduera-uzteagatiko-prestazioa\/#breadcrumb\"},\"inLanguage\":\"es\",\"potentialAction\":[{\"@type\":\"ReadAction\",\"target\":[\"https:\/\/amurriobidean.org\/es\/langile-autonomoen-jarduera-uzteagatiko-prestazioa\/\"]}]},{\"@type\":\"ImageObject\",\"inLanguage\":\"es\",\"@id\":\"https:\/\/amurriobidean.org\/es\/langile-autonomoen-jarduera-uzteagatiko-prestazioa\/#primaryimage\",\"url\":\"https:\/\/amurriobidean.org\/wp-content\/uploads\/2020\/03\/2.jpg\",\"contentUrl\":\"https:\/\/amurriobidean.org\/wp-content\/uploads\/2020\/03\/2.jpg\",\"width\":1747,\"height\":1240},{\"@type\":\"BreadcrumbList\",\"@id\":\"https:\/\/amurriobidean.org\/es\/langile-autonomoen-jarduera-uzteagatiko-prestazioa\/#breadcrumb\",\"itemListElement\":[{\"@type\":\"ListItem\",\"position\":1,\"name\":\"Portada\",\"item\":\"https:\/\/amurriobidean.org\/es\/\"},{\"@type\":\"ListItem\",\"position\":2,\"name\":\"PRESTACI\u00d3N EXTARORDINARIA POR CESE DE ACTIVIDAD PARA TRABAJADORES\/AS AUT\u00d3NOMOS\/AS\"}]},{\"@type\":\"WebSite\",\"@id\":\"https:\/\/amurriobidean.org\/es\/#website\",\"url\":\"https:\/\/amurriobidean.org\/es\/\",\"name\":\"Amurrio Bidean. Garapen Agentzia - Agencia de desarrollo.\",\"description\":\"Agencia de Desarollo Local de Amurrio\",\"potentialAction\":[{\"@type\":\"SearchAction\",\"target\":{\"@type\":\"EntryPoint\",\"urlTemplate\":\"https:\/\/amurriobidean.org\/es\/?s={search_term_string}\"},\"query-input\":{\"@type\":\"PropertyValueSpecification\",\"valueRequired\":true,\"valueName\":\"search_term_string\"}}],\"inLanguage\":\"es\"},{\"@type\":\"Person\",\"@id\":\"https:\/\/amurriobidean.org\/es\/#\/schema\/person\/56c71b474b3e7f5f5e6f209a6cf3abfe\",\"name\":\"Amurrio Bidean\",\"image\":{\"@type\":\"ImageObject\",\"inLanguage\":\"es\",\"@id\":\"https:\/\/amurriobidean.org\/es\/#\/schema\/person\/image\/\",\"url\":\"https:\/\/secure.gravatar.com\/avatar\/84a34d50800d0bb5d80eba504fc44ed48c9b2faab16ad58fa7d30bce4e2b661e\",\"contentUrl\":\"https:\/\/secure.gravatar.com\/avatar\/84a34d50800d0bb5d80eba504fc44ed48c9b2faab16ad58fa7d30bce4e2b661e\",\"caption\":\"Amurrio Bidean\"},\"sameAs\":[\"http:\/\/www.amurriobidean.eus\"],\"url\":\"https:\/\/amurriobidean.org\/es\/author\/amurrio-bidean\/\"}]}<\/script>\n<!-- \/ Yoast SEO plugin. -->","yoast_head_json":{"title":"PRESTACI\u00d3N EXTARORDINARIA POR CESE DE ACTIVIDAD PARA TRABAJADORES\/AS AUT\u00d3NOMOS\/AS - Amurrio Bidean. Garapen Agentzia - Agencia de desarrollo.","robots":{"index":"index","follow":"follow","max-snippet":"max-snippet:-1","max-image-preview":"max-image-preview:large","max-video-preview":"max-video-preview:-1"},"canonical":"https:\/\/amurriobidean.org\/es\/langile-autonomoen-jarduera-uzteagatiko-prestazioa\/","og_locale":"es_ES","og_type":"article","og_title":"PRESTACI\u00d3N EXTARORDINARIA POR CESE DE ACTIVIDAD PARA TRABAJADORES\/AS AUT\u00d3NOMOS\/AS - Amurrio Bidean. Garapen Agentzia - Agencia de desarrollo.","og_description":"El Real Decreto ley 8\/2020 del 17 de marzo, de medidas urgentes extraordinarias para hacer frente al impacto econ\u00f3mico y social del COVID-19, prev\u00e9 en su art.17 la prestaci\u00f3n extraordinaria por cese de actividad para todos los\/as trabajadores\/as por cuenta propia o aut\u00f3nomos cuyas actividades hayan quedado suspendidas por la declaraci\u00f3n del estado alarma o [&hellip;]","og_url":"https:\/\/amurriobidean.org\/es\/langile-autonomoen-jarduera-uzteagatiko-prestazioa\/","og_site_name":"Amurrio Bidean. Garapen Agentzia - Agencia de desarrollo.","article_publisher":"https:\/\/www.facebook.com\/amurrio.bidean","article_published_time":"2020-03-25T09:38:24+00:00","article_modified_time":"2020-03-25T09:40:12+00:00","og_image":[{"width":1747,"height":1240,"url":"https:\/\/amurriobidean.org\/wp-content\/uploads\/2020\/03\/2.jpg","type":"image\/jpeg"}],"author":"Amurrio Bidean","twitter_card":"summary_large_image","twitter_creator":"@amurriobidean","twitter_site":"@amurriobidean","twitter_misc":{"Escrito por":"Amurrio Bidean","Tiempo de lectura":"2 minutos"},"schema":{"@context":"https:\/\/schema.org","@graph":[{"@type":"WebPage","@id":"https:\/\/amurriobidean.org\/es\/langile-autonomoen-jarduera-uzteagatiko-prestazioa\/","url":"https:\/\/amurriobidean.org\/es\/langile-autonomoen-jarduera-uzteagatiko-prestazioa\/","name":"PRESTACI\u00d3N EXTARORDINARIA POR CESE DE ACTIVIDAD PARA TRABAJADORES\/AS AUT\u00d3NOMOS\/AS - Amurrio Bidean. Garapen Agentzia - Agencia de desarrollo.","isPartOf":{"@id":"https:\/\/amurriobidean.org\/es\/#website"},"primaryImageOfPage":{"@id":"https:\/\/amurriobidean.org\/es\/langile-autonomoen-jarduera-uzteagatiko-prestazioa\/#primaryimage"},"image":{"@id":"https:\/\/amurriobidean.org\/es\/langile-autonomoen-jarduera-uzteagatiko-prestazioa\/#primaryimage"},"thumbnailUrl":"https:\/\/amurriobidean.org\/wp-content\/uploads\/2020\/03\/2.jpg","datePublished":"2020-03-25T09:38:24+00:00","dateModified":"2020-03-25T09:40:12+00:00","author":{"@id":"https:\/\/amurriobidean.org\/es\/#\/schema\/person\/56c71b474b3e7f5f5e6f209a6cf3abfe"},"breadcrumb":{"@id":"https:\/\/amurriobidean.org\/es\/langile-autonomoen-jarduera-uzteagatiko-prestazioa\/#breadcrumb"},"inLanguage":"es","potentialAction":[{"@type":"ReadAction","target":["https:\/\/amurriobidean.org\/es\/langile-autonomoen-jarduera-uzteagatiko-prestazioa\/"]}]},{"@type":"ImageObject","inLanguage":"es","@id":"https:\/\/amurriobidean.org\/es\/langile-autonomoen-jarduera-uzteagatiko-prestazioa\/#primaryimage","url":"https:\/\/amurriobidean.org\/wp-content\/uploads\/2020\/03\/2.jpg","contentUrl":"https:\/\/amurriobidean.org\/wp-content\/uploads\/2020\/03\/2.jpg","width":1747,"height":1240},{"@type":"BreadcrumbList","@id":"https:\/\/amurriobidean.org\/es\/langile-autonomoen-jarduera-uzteagatiko-prestazioa\/#breadcrumb","itemListElement":[{"@type":"ListItem","position":1,"name":"Portada","item":"https:\/\/amurriobidean.org\/es\/"},{"@type":"ListItem","position":2,"name":"PRESTACI\u00d3N EXTARORDINARIA POR CESE DE ACTIVIDAD PARA TRABAJADORES\/AS AUT\u00d3NOMOS\/AS"}]},{"@type":"WebSite","@id":"https:\/\/amurriobidean.org\/es\/#website","url":"https:\/\/amurriobidean.org\/es\/","name":"Amurrio Bidean. Garapen Agentzia - Agencia de desarrollo.","description":"Agencia de Desarollo Local de Amurrio","potentialAction":[{"@type":"SearchAction","target":{"@type":"EntryPoint","urlTemplate":"https:\/\/amurriobidean.org\/es\/?s={search_term_string}"},"query-input":{"@type":"PropertyValueSpecification","valueRequired":true,"valueName":"search_term_string"}}],"inLanguage":"es"},{"@type":"Person","@id":"https:\/\/amurriobidean.org\/es\/#\/schema\/person\/56c71b474b3e7f5f5e6f209a6cf3abfe","name":"Amurrio Bidean","image":{"@type":"ImageObject","inLanguage":"es","@id":"https:\/\/amurriobidean.org\/es\/#\/schema\/person\/image\/","url":"https:\/\/secure.gravatar.com\/avatar\/84a34d50800d0bb5d80eba504fc44ed48c9b2faab16ad58fa7d30bce4e2b661e","contentUrl":"https:\/\/secure.gravatar.com\/avatar\/84a34d50800d0bb5d80eba504fc44ed48c9b2faab16ad58fa7d30bce4e2b661e","caption":"Amurrio Bidean"},"sameAs":["http:\/\/www.amurriobidean.eus"],"url":"https:\/\/amurriobidean.org\/es\/author\/amurrio-bidean\/"}]}},"_links":{"self":[{"href":"https:\/\/amurriobidean.org\/es\/wp-json\/wp\/v2\/posts\/3622","targetHints":{"allow":["GET"]}}],"collection":[{"href":"https:\/\/amurriobidean.org\/es\/wp-json\/wp\/v2\/posts"}],"about":[{"href":"https:\/\/amurriobidean.org\/es\/wp-json\/wp\/v2\/types\/post"}],"author":[{"embeddable":true,"href":"https:\/\/amurriobidean.org\/es\/wp-json\/wp\/v2\/users\/2"}],"replies":[{"embeddable":true,"href":"https:\/\/amurriobidean.org\/es\/wp-json\/wp\/v2\/comments?post=3622"}],"version-history":[{"count":0,"href":"https:\/\/amurriobidean.org\/es\/wp-json\/wp\/v2\/posts\/3622\/revisions"}],"wp:featuredmedia":[{"embeddable":true,"href":"https:\/\/amurriobidean.org\/es\/wp-json\/wp\/v2\/media\/3625"}],"wp:attachment":[{"href":"https:\/\/amurriobidean.org\/es\/wp-json\/wp\/v2\/media?parent=3622"}],"wp:term":[{"taxonomy":"category","embeddable":true,"href":"https:\/\/amurriobidean.org\/es\/wp-json\/wp\/v2\/categories?post=3622"},{"taxonomy":"post_tag","embeddable":true,"href":"https:\/\/amurriobidean.org\/es\/wp-json\/wp\/v2\/tags?post=3622"}],"curies":[{"name":"wp","href":"https:\/\/api.w.org\/{rel}","templated":true}]}}