{"id":3602,"date":"2020-03-18T08:52:29","date_gmt":"2020-03-18T08:52:29","guid":{"rendered":"http:\/\/amurriobidean.eus\/pertsonak-beren-lanpostuan-zibersegurtasuneko-mailarik-ahulena-jardunaldia-on-line-formatuan-egingo-da\/"},"modified":"2020-03-18T08:53:59","modified_gmt":"2020-03-18T08:53:59","slug":"pertsonak-beren-lanpostuan-zibersegurtasuneko-mailarik-ahulena-jardunaldia-on-line-formatuan-egingo-da","status":"publish","type":"post","link":"https:\/\/amurriobidean.org\/es\/pertsonak-beren-lanpostuan-zibersegurtasuneko-mailarik-ahulena-jardunaldia-on-line-formatuan-egingo-da\/","title":{"rendered":"La jornada \u201cLas personas en su puesto de trabajo, el eslab\u00f3n m\u00e1s d\u00e9bil en ciberseguridad\u201d se har\u00e1 en formato on-line"},"content":{"rendered":"<p><strong>Amurrio Bidean y Basque CiberSecurity Center (BCSC), expondr\u00e1n el pr\u00f3ximo 27 de marzo, de 9.30 a 12.30 horas, ON LINE, las novedades y recomendaciones para la protecci\u00f3n de la empresa ante los ataques que est\u00e1 sufriendo o puede sufrir.<\/strong><\/p>\n<p>La novedad es que la jornada se desarrollar\u00e1 en formato on line para permitir la asistencia de todas las empresas que lo deseen y adapt\u00e1ndonos al estado de alarma y confinamiento por el COVID-19.<\/p>\n<p>La situaci\u00f3n actual nos obliga a adaptarnos y a aprovechar todo el potencial que nos ofrecen las nuevas tecnolog\u00edas e Internet, muchos de nosotros estos d\u00edas damos nuestros primeros pasos en el teletrabajo y esto abre nuevos escenarios para los ciberataques, si no organizamos nuestra\u00a0 nueva forma de trabajar de forma correcta.\u00a0 Por ello, no quer\u00edamos dejar pasar esta oportunidad de que el BCSC nos hablara del tema.<\/p>\n<p>Seguiremos trabajando los contenidos previstos de la jornada:<\/p>\n<p>*Introducir a las personas participantes dentro del mundo de la ciberseguridad y empezar a crear las habilidades y conocimientos m\u00ednimos.<\/p>\n<p>*Ayudar a las personas que no tienen conocimientos t\u00e9cnicos en ciberseguridad, pero que por diversos motivos pueden verse afectadas en su d\u00eda a d\u00eda por su terminolog\u00eda.<\/p>\n<p>*Propiciar la formaci\u00f3n necesaria para asimilar los conceptos introductorios que enmarcan y definen los est\u00e1ndares, pautas y pr\u00e1cticas de la industria sobre todo pero tambi\u00e9n de otros sectores..<\/p>\n<p>Para ampliar informaci\u00f3n o inscribirse se puede hacer por email: <a href=\"mailto:empresa@amurriobidean.org\">empresa@amurriobidean.org<\/a> o a trav\u00e9s del siguiente enlace: <a href=\"https:\/\/forms.gle\/mgX6yeYQu45MY5tg9\">https:\/\/forms.gle\/mgX6yeYQu45MY5tg9<\/a><\/p>\n","protected":false},"excerpt":{"rendered":"<p>Amurrio Bidean y Basque CiberSecurity Center (BCSC), expondr\u00e1n el pr\u00f3ximo 27 de marzo, de 9.30 a 12.30 horas, ON LINE, las novedades y recomendaciones para la protecci\u00f3n de la empresa ante los ataques que est\u00e1 sufriendo o puede sufrir. La novedad es que la jornada se desarrollar\u00e1 en formato on line para permitir la asistencia [&hellip;]<\/p>\n","protected":false},"author":2,"featured_media":3599,"comment_status":"closed","ping_status":"closed","sticky":false,"template":"","format":"standard","meta":{"footnotes":""},"categories":[28],"tags":[],"class_list":["post-3602","post","type-post","status-publish","format-standard","has-post-thumbnail","hentry","category-noticias"],"yoast_head":"<!-- This site is optimized with the Yoast SEO plugin v25.3 - https:\/\/yoast.com\/wordpress\/plugins\/seo\/ -->\n<title>La jornada \u201cLas personas en su puesto de trabajo, el eslab\u00f3n m\u00e1s d\u00e9bil en ciberseguridad\u201d se har\u00e1 en formato on-line - Amurrio Bidean. Garapen Agentzia - Agencia de desarrollo.<\/title>\n<meta name=\"robots\" content=\"index, follow, max-snippet:-1, max-image-preview:large, max-video-preview:-1\" \/>\n<link rel=\"canonical\" href=\"https:\/\/amurriobidean.org\/es\/pertsonak-beren-lanpostuan-zibersegurtasuneko-mailarik-ahulena-jardunaldia-on-line-formatuan-egingo-da\/\" \/>\n<meta property=\"og:locale\" content=\"es_ES\" \/>\n<meta property=\"og:type\" content=\"article\" \/>\n<meta property=\"og:title\" content=\"La jornada \u201cLas personas en su puesto de trabajo, el eslab\u00f3n m\u00e1s d\u00e9bil en ciberseguridad\u201d se har\u00e1 en formato on-line - Amurrio Bidean. Garapen Agentzia - Agencia de desarrollo.\" \/>\n<meta property=\"og:description\" content=\"Amurrio Bidean y Basque CiberSecurity Center (BCSC), expondr\u00e1n el pr\u00f3ximo 27 de marzo, de 9.30 a 12.30 horas, ON LINE, las novedades y recomendaciones para la protecci\u00f3n de la empresa ante los ataques que est\u00e1 sufriendo o puede sufrir. La novedad es que la jornada se desarrollar\u00e1 en formato on line para permitir la asistencia [&hellip;]\" \/>\n<meta property=\"og:url\" content=\"https:\/\/amurriobidean.org\/es\/pertsonak-beren-lanpostuan-zibersegurtasuneko-mailarik-ahulena-jardunaldia-on-line-formatuan-egingo-da\/\" \/>\n<meta property=\"og:site_name\" content=\"Amurrio Bidean. Garapen Agentzia - Agencia de desarrollo.\" \/>\n<meta property=\"article:publisher\" content=\"https:\/\/www.facebook.com\/amurrio.bidean\" \/>\n<meta property=\"article:published_time\" content=\"2020-03-18T08:52:29+00:00\" \/>\n<meta property=\"article:modified_time\" content=\"2020-03-18T08:53:59+00:00\" \/>\n<meta property=\"og:image\" content=\"https:\/\/amurriobidean.org\/wp-content\/uploads\/2020\/03\/formaci\u00f3n_on-line_d-link.jpg\" \/>\n\t<meta property=\"og:image:width\" content=\"600\" \/>\n\t<meta property=\"og:image:height\" content=\"400\" \/>\n\t<meta property=\"og:image:type\" content=\"image\/jpeg\" \/>\n<meta name=\"author\" content=\"Amurrio Bidean\" \/>\n<meta name=\"twitter:card\" content=\"summary_large_image\" \/>\n<meta name=\"twitter:creator\" content=\"@amurriobidean\" \/>\n<meta name=\"twitter:site\" content=\"@amurriobidean\" \/>\n<meta name=\"twitter:label1\" content=\"Escrito por\" \/>\n\t<meta name=\"twitter:data1\" content=\"Amurrio Bidean\" \/>\n\t<meta name=\"twitter:label2\" content=\"Tiempo de lectura\" \/>\n\t<meta name=\"twitter:data2\" content=\"1 minuto\" \/>\n<script type=\"application\/ld+json\" class=\"yoast-schema-graph\">{\"@context\":\"https:\/\/schema.org\",\"@graph\":[{\"@type\":\"WebPage\",\"@id\":\"https:\/\/amurriobidean.org\/es\/pertsonak-beren-lanpostuan-zibersegurtasuneko-mailarik-ahulena-jardunaldia-on-line-formatuan-egingo-da\/\",\"url\":\"https:\/\/amurriobidean.org\/es\/pertsonak-beren-lanpostuan-zibersegurtasuneko-mailarik-ahulena-jardunaldia-on-line-formatuan-egingo-da\/\",\"name\":\"La jornada \u201cLas personas en su puesto de trabajo, el eslab\u00f3n m\u00e1s d\u00e9bil en ciberseguridad\u201d se har\u00e1 en formato on-line - Amurrio Bidean. Garapen Agentzia - Agencia de desarrollo.\",\"isPartOf\":{\"@id\":\"https:\/\/amurriobidean.org\/es\/#website\"},\"primaryImageOfPage\":{\"@id\":\"https:\/\/amurriobidean.org\/es\/pertsonak-beren-lanpostuan-zibersegurtasuneko-mailarik-ahulena-jardunaldia-on-line-formatuan-egingo-da\/#primaryimage\"},\"image\":{\"@id\":\"https:\/\/amurriobidean.org\/es\/pertsonak-beren-lanpostuan-zibersegurtasuneko-mailarik-ahulena-jardunaldia-on-line-formatuan-egingo-da\/#primaryimage\"},\"thumbnailUrl\":\"https:\/\/amurriobidean.org\/wp-content\/uploads\/2020\/03\/formaci\u00f3n_on-line_d-link.jpg\",\"datePublished\":\"2020-03-18T08:52:29+00:00\",\"dateModified\":\"2020-03-18T08:53:59+00:00\",\"author\":{\"@id\":\"https:\/\/amurriobidean.org\/es\/#\/schema\/person\/56c71b474b3e7f5f5e6f209a6cf3abfe\"},\"breadcrumb\":{\"@id\":\"https:\/\/amurriobidean.org\/es\/pertsonak-beren-lanpostuan-zibersegurtasuneko-mailarik-ahulena-jardunaldia-on-line-formatuan-egingo-da\/#breadcrumb\"},\"inLanguage\":\"es\",\"potentialAction\":[{\"@type\":\"ReadAction\",\"target\":[\"https:\/\/amurriobidean.org\/es\/pertsonak-beren-lanpostuan-zibersegurtasuneko-mailarik-ahulena-jardunaldia-on-line-formatuan-egingo-da\/\"]}]},{\"@type\":\"ImageObject\",\"inLanguage\":\"es\",\"@id\":\"https:\/\/amurriobidean.org\/es\/pertsonak-beren-lanpostuan-zibersegurtasuneko-mailarik-ahulena-jardunaldia-on-line-formatuan-egingo-da\/#primaryimage\",\"url\":\"https:\/\/amurriobidean.org\/wp-content\/uploads\/2020\/03\/formaci\u00f3n_on-line_d-link.jpg\",\"contentUrl\":\"https:\/\/amurriobidean.org\/wp-content\/uploads\/2020\/03\/formaci\u00f3n_on-line_d-link.jpg\",\"width\":600,\"height\":400},{\"@type\":\"BreadcrumbList\",\"@id\":\"https:\/\/amurriobidean.org\/es\/pertsonak-beren-lanpostuan-zibersegurtasuneko-mailarik-ahulena-jardunaldia-on-line-formatuan-egingo-da\/#breadcrumb\",\"itemListElement\":[{\"@type\":\"ListItem\",\"position\":1,\"name\":\"Portada\",\"item\":\"https:\/\/amurriobidean.org\/es\/\"},{\"@type\":\"ListItem\",\"position\":2,\"name\":\"La jornada \u201cLas personas en su puesto de trabajo, el eslab\u00f3n m\u00e1s d\u00e9bil en ciberseguridad\u201d se har\u00e1 en formato on-line\"}]},{\"@type\":\"WebSite\",\"@id\":\"https:\/\/amurriobidean.org\/es\/#website\",\"url\":\"https:\/\/amurriobidean.org\/es\/\",\"name\":\"Amurrio Bidean. Garapen Agentzia - Agencia de desarrollo.\",\"description\":\"Agencia de Desarollo Local de Amurrio\",\"potentialAction\":[{\"@type\":\"SearchAction\",\"target\":{\"@type\":\"EntryPoint\",\"urlTemplate\":\"https:\/\/amurriobidean.org\/es\/?s={search_term_string}\"},\"query-input\":{\"@type\":\"PropertyValueSpecification\",\"valueRequired\":true,\"valueName\":\"search_term_string\"}}],\"inLanguage\":\"es\"},{\"@type\":\"Person\",\"@id\":\"https:\/\/amurriobidean.org\/es\/#\/schema\/person\/56c71b474b3e7f5f5e6f209a6cf3abfe\",\"name\":\"Amurrio Bidean\",\"image\":{\"@type\":\"ImageObject\",\"inLanguage\":\"es\",\"@id\":\"https:\/\/amurriobidean.org\/es\/#\/schema\/person\/image\/\",\"url\":\"https:\/\/secure.gravatar.com\/avatar\/84a34d50800d0bb5d80eba504fc44ed48c9b2faab16ad58fa7d30bce4e2b661e\",\"contentUrl\":\"https:\/\/secure.gravatar.com\/avatar\/84a34d50800d0bb5d80eba504fc44ed48c9b2faab16ad58fa7d30bce4e2b661e\",\"caption\":\"Amurrio Bidean\"},\"sameAs\":[\"http:\/\/www.amurriobidean.eus\"],\"url\":\"https:\/\/amurriobidean.org\/es\/author\/amurrio-bidean\/\"}]}<\/script>\n<!-- \/ Yoast SEO plugin. -->","yoast_head_json":{"title":"La jornada \u201cLas personas en su puesto de trabajo, el eslab\u00f3n m\u00e1s d\u00e9bil en ciberseguridad\u201d se har\u00e1 en formato on-line - Amurrio Bidean. Garapen Agentzia - Agencia de desarrollo.","robots":{"index":"index","follow":"follow","max-snippet":"max-snippet:-1","max-image-preview":"max-image-preview:large","max-video-preview":"max-video-preview:-1"},"canonical":"https:\/\/amurriobidean.org\/es\/pertsonak-beren-lanpostuan-zibersegurtasuneko-mailarik-ahulena-jardunaldia-on-line-formatuan-egingo-da\/","og_locale":"es_ES","og_type":"article","og_title":"La jornada \u201cLas personas en su puesto de trabajo, el eslab\u00f3n m\u00e1s d\u00e9bil en ciberseguridad\u201d se har\u00e1 en formato on-line - Amurrio Bidean. Garapen Agentzia - Agencia de desarrollo.","og_description":"Amurrio Bidean y Basque CiberSecurity Center (BCSC), expondr\u00e1n el pr\u00f3ximo 27 de marzo, de 9.30 a 12.30 horas, ON LINE, las novedades y recomendaciones para la protecci\u00f3n de la empresa ante los ataques que est\u00e1 sufriendo o puede sufrir. La novedad es que la jornada se desarrollar\u00e1 en formato on line para permitir la asistencia [&hellip;]","og_url":"https:\/\/amurriobidean.org\/es\/pertsonak-beren-lanpostuan-zibersegurtasuneko-mailarik-ahulena-jardunaldia-on-line-formatuan-egingo-da\/","og_site_name":"Amurrio Bidean. Garapen Agentzia - Agencia de desarrollo.","article_publisher":"https:\/\/www.facebook.com\/amurrio.bidean","article_published_time":"2020-03-18T08:52:29+00:00","article_modified_time":"2020-03-18T08:53:59+00:00","og_image":[{"width":600,"height":400,"url":"https:\/\/amurriobidean.org\/wp-content\/uploads\/2020\/03\/formaci\u00f3n_on-line_d-link.jpg","type":"image\/jpeg"}],"author":"Amurrio Bidean","twitter_card":"summary_large_image","twitter_creator":"@amurriobidean","twitter_site":"@amurriobidean","twitter_misc":{"Escrito por":"Amurrio Bidean","Tiempo de lectura":"1 minuto"},"schema":{"@context":"https:\/\/schema.org","@graph":[{"@type":"WebPage","@id":"https:\/\/amurriobidean.org\/es\/pertsonak-beren-lanpostuan-zibersegurtasuneko-mailarik-ahulena-jardunaldia-on-line-formatuan-egingo-da\/","url":"https:\/\/amurriobidean.org\/es\/pertsonak-beren-lanpostuan-zibersegurtasuneko-mailarik-ahulena-jardunaldia-on-line-formatuan-egingo-da\/","name":"La jornada \u201cLas personas en su puesto de trabajo, el eslab\u00f3n m\u00e1s d\u00e9bil en ciberseguridad\u201d se har\u00e1 en formato on-line - Amurrio Bidean. Garapen Agentzia - Agencia de desarrollo.","isPartOf":{"@id":"https:\/\/amurriobidean.org\/es\/#website"},"primaryImageOfPage":{"@id":"https:\/\/amurriobidean.org\/es\/pertsonak-beren-lanpostuan-zibersegurtasuneko-mailarik-ahulena-jardunaldia-on-line-formatuan-egingo-da\/#primaryimage"},"image":{"@id":"https:\/\/amurriobidean.org\/es\/pertsonak-beren-lanpostuan-zibersegurtasuneko-mailarik-ahulena-jardunaldia-on-line-formatuan-egingo-da\/#primaryimage"},"thumbnailUrl":"https:\/\/amurriobidean.org\/wp-content\/uploads\/2020\/03\/formaci\u00f3n_on-line_d-link.jpg","datePublished":"2020-03-18T08:52:29+00:00","dateModified":"2020-03-18T08:53:59+00:00","author":{"@id":"https:\/\/amurriobidean.org\/es\/#\/schema\/person\/56c71b474b3e7f5f5e6f209a6cf3abfe"},"breadcrumb":{"@id":"https:\/\/amurriobidean.org\/es\/pertsonak-beren-lanpostuan-zibersegurtasuneko-mailarik-ahulena-jardunaldia-on-line-formatuan-egingo-da\/#breadcrumb"},"inLanguage":"es","potentialAction":[{"@type":"ReadAction","target":["https:\/\/amurriobidean.org\/es\/pertsonak-beren-lanpostuan-zibersegurtasuneko-mailarik-ahulena-jardunaldia-on-line-formatuan-egingo-da\/"]}]},{"@type":"ImageObject","inLanguage":"es","@id":"https:\/\/amurriobidean.org\/es\/pertsonak-beren-lanpostuan-zibersegurtasuneko-mailarik-ahulena-jardunaldia-on-line-formatuan-egingo-da\/#primaryimage","url":"https:\/\/amurriobidean.org\/wp-content\/uploads\/2020\/03\/formaci\u00f3n_on-line_d-link.jpg","contentUrl":"https:\/\/amurriobidean.org\/wp-content\/uploads\/2020\/03\/formaci\u00f3n_on-line_d-link.jpg","width":600,"height":400},{"@type":"BreadcrumbList","@id":"https:\/\/amurriobidean.org\/es\/pertsonak-beren-lanpostuan-zibersegurtasuneko-mailarik-ahulena-jardunaldia-on-line-formatuan-egingo-da\/#breadcrumb","itemListElement":[{"@type":"ListItem","position":1,"name":"Portada","item":"https:\/\/amurriobidean.org\/es\/"},{"@type":"ListItem","position":2,"name":"La jornada \u201cLas personas en su puesto de trabajo, el eslab\u00f3n m\u00e1s d\u00e9bil en ciberseguridad\u201d se har\u00e1 en formato on-line"}]},{"@type":"WebSite","@id":"https:\/\/amurriobidean.org\/es\/#website","url":"https:\/\/amurriobidean.org\/es\/","name":"Amurrio Bidean. Garapen Agentzia - Agencia de desarrollo.","description":"Agencia de Desarollo Local de Amurrio","potentialAction":[{"@type":"SearchAction","target":{"@type":"EntryPoint","urlTemplate":"https:\/\/amurriobidean.org\/es\/?s={search_term_string}"},"query-input":{"@type":"PropertyValueSpecification","valueRequired":true,"valueName":"search_term_string"}}],"inLanguage":"es"},{"@type":"Person","@id":"https:\/\/amurriobidean.org\/es\/#\/schema\/person\/56c71b474b3e7f5f5e6f209a6cf3abfe","name":"Amurrio Bidean","image":{"@type":"ImageObject","inLanguage":"es","@id":"https:\/\/amurriobidean.org\/es\/#\/schema\/person\/image\/","url":"https:\/\/secure.gravatar.com\/avatar\/84a34d50800d0bb5d80eba504fc44ed48c9b2faab16ad58fa7d30bce4e2b661e","contentUrl":"https:\/\/secure.gravatar.com\/avatar\/84a34d50800d0bb5d80eba504fc44ed48c9b2faab16ad58fa7d30bce4e2b661e","caption":"Amurrio Bidean"},"sameAs":["http:\/\/www.amurriobidean.eus"],"url":"https:\/\/amurriobidean.org\/es\/author\/amurrio-bidean\/"}]}},"_links":{"self":[{"href":"https:\/\/amurriobidean.org\/es\/wp-json\/wp\/v2\/posts\/3602","targetHints":{"allow":["GET"]}}],"collection":[{"href":"https:\/\/amurriobidean.org\/es\/wp-json\/wp\/v2\/posts"}],"about":[{"href":"https:\/\/amurriobidean.org\/es\/wp-json\/wp\/v2\/types\/post"}],"author":[{"embeddable":true,"href":"https:\/\/amurriobidean.org\/es\/wp-json\/wp\/v2\/users\/2"}],"replies":[{"embeddable":true,"href":"https:\/\/amurriobidean.org\/es\/wp-json\/wp\/v2\/comments?post=3602"}],"version-history":[{"count":0,"href":"https:\/\/amurriobidean.org\/es\/wp-json\/wp\/v2\/posts\/3602\/revisions"}],"wp:featuredmedia":[{"embeddable":true,"href":"https:\/\/amurriobidean.org\/es\/wp-json\/wp\/v2\/media\/3599"}],"wp:attachment":[{"href":"https:\/\/amurriobidean.org\/es\/wp-json\/wp\/v2\/media?parent=3602"}],"wp:term":[{"taxonomy":"category","embeddable":true,"href":"https:\/\/amurriobidean.org\/es\/wp-json\/wp\/v2\/categories?post=3602"},{"taxonomy":"post_tag","embeddable":true,"href":"https:\/\/amurriobidean.org\/es\/wp-json\/wp\/v2\/tags?post=3602"}],"curies":[{"name":"wp","href":"https:\/\/api.w.org\/{rel}","templated":true}]}}