{"id":3570,"date":"2020-02-12T11:06:25","date_gmt":"2020-02-12T11:06:25","guid":{"rendered":"http:\/\/amurriobidean.eus\/office-365-tresnarekin-enpresetako-produktibitateari-elkarlanari-eta-talde-lanari-buruzko-jardunaldia\/"},"modified":"2020-02-12T11:08:18","modified_gmt":"2020-02-12T11:08:18","slug":"office-365-tresnarekin-enpresetako-produktibitateari-elkarlanari-eta-talde-lanari-buruzko-jardunaldia","status":"publish","type":"post","link":"https:\/\/amurriobidean.org\/es\/office-365-tresnarekin-enpresetako-produktibitateari-elkarlanari-eta-talde-lanari-buruzko-jardunaldia\/","title":{"rendered":"Jornada sobre Productividad, colaboraci\u00f3n y trabajo en equipo en la empresa con Office 365"},"content":{"rendered":"<p><strong>El 28 de febrero de 9.30 a 13 horas en ReforAmurrio Empresaldea tendr\u00e1 lugar esta jornada gratuita organizada en el marco de Enpresa Digitala de SPRI.<\/strong><\/p>\n<p>Desde el lanzamiento de su primera versi\u00f3n en 1990, hace ya casi 30 a\u00f1os, Microsoft Office es una suite ofim\u00e1tica de uso habitual en muchas empresas para la edici\u00f3n de ficheros, creaci\u00f3n de hojas de c\u00e1lculo o elaboraci\u00f3n de presentaciones, as\u00ed como para gestionar el correo electr\u00f3nico.<\/p>\n<p>Pero en los \u00faltimos a\u00f1os Office ha evolucionado con la incorporaci\u00f3n de un gran n\u00famero de aplicaciones, muchas de ellas poco conocidas, que le han llevado a dar el salto y pasar de ser una suite ofim\u00e1tica a un completo ecosistema orientado a la productividad y al trabajo colaborativo en equipo.<\/p>\n<p>El objetivo de esta jornada, dirigida a profesionales de cualquier sector, es proporcionar una visi\u00f3n de conjunto de todas las aplicaciones de la suite de Office 365, m\u00e1s all\u00e1 de las puramente ofim\u00e1ticas y centr\u00e1ndose en aquellas orientadas al trabajo colaborativo: Outlook, calendarios y contactos compartidos, compartir reuniones, agendar tareas, almacenar en la nube en OneDrive, crear y compartir informes, Sharepoint, Planner, Chat, herramientas Power, Stream, Booking\u2026<\/p>\n<p>&nbsp;<\/p>\n<p><strong>INFORMACI\u00d3N Y RESERVAS<\/strong><\/p>\n<p>Para m\u00e1s informaci\u00f3n se puede contactar con Amurrio Bidean en el 945891721 o inscribirse a trav\u00e9s del siguiente enlace:\u00a0 <a href=\"http:\/\/bit.ly\/372rCLi\">http:\/\/bit.ly\/372rCLi<\/a><\/p>\n<p><a href=\"http:\/\/amurriobidean.eus\/wp-content\/uploads\/2020\/02\/cartel-office-365-eusk_cast.pdf\">cartel office 365 eusk_cast<\/a><\/p>\n","protected":false},"excerpt":{"rendered":"<p>El 28 de febrero de 9.30 a 13 horas en ReforAmurrio Empresaldea tendr\u00e1 lugar esta jornada gratuita organizada en el marco de Enpresa Digitala de SPRI. Desde el lanzamiento de su primera versi\u00f3n en 1990, hace ya casi 30 a\u00f1os, Microsoft Office es una suite ofim\u00e1tica de uso habitual en muchas empresas para la edici\u00f3n [&hellip;]<\/p>\n","protected":false},"author":2,"featured_media":3567,"comment_status":"closed","ping_status":"closed","sticky":false,"template":"","format":"standard","meta":{"footnotes":""},"categories":[28],"tags":[],"class_list":["post-3570","post","type-post","status-publish","format-standard","has-post-thumbnail","hentry","category-noticias"],"yoast_head":"<!-- This site is optimized with the Yoast SEO plugin v25.3 - https:\/\/yoast.com\/wordpress\/plugins\/seo\/ -->\n<title>Jornada sobre Productividad, colaboraci\u00f3n y trabajo en equipo en la empresa con Office 365 - Amurrio Bidean. Garapen Agentzia - Agencia de desarrollo.<\/title>\n<meta name=\"robots\" content=\"index, follow, max-snippet:-1, max-image-preview:large, max-video-preview:-1\" \/>\n<link rel=\"canonical\" href=\"https:\/\/amurriobidean.org\/es\/office-365-tresnarekin-enpresetako-produktibitateari-elkarlanari-eta-talde-lanari-buruzko-jardunaldia\/\" \/>\n<meta property=\"og:locale\" content=\"es_ES\" \/>\n<meta property=\"og:type\" content=\"article\" \/>\n<meta property=\"og:title\" content=\"Jornada sobre Productividad, colaboraci\u00f3n y trabajo en equipo en la empresa con Office 365 - Amurrio Bidean. Garapen Agentzia - Agencia de desarrollo.\" \/>\n<meta property=\"og:description\" content=\"El 28 de febrero de 9.30 a 13 horas en ReforAmurrio Empresaldea tendr\u00e1 lugar esta jornada gratuita organizada en el marco de Enpresa Digitala de SPRI. Desde el lanzamiento de su primera versi\u00f3n en 1990, hace ya casi 30 a\u00f1os, Microsoft Office es una suite ofim\u00e1tica de uso habitual en muchas empresas para la edici\u00f3n [&hellip;]\" \/>\n<meta property=\"og:url\" content=\"https:\/\/amurriobidean.org\/es\/office-365-tresnarekin-enpresetako-produktibitateari-elkarlanari-eta-talde-lanari-buruzko-jardunaldia\/\" \/>\n<meta property=\"og:site_name\" content=\"Amurrio Bidean. Garapen Agentzia - Agencia de desarrollo.\" \/>\n<meta property=\"article:publisher\" content=\"https:\/\/www.facebook.com\/amurrio.bidean\" \/>\n<meta property=\"article:published_time\" content=\"2020-02-12T11:06:25+00:00\" \/>\n<meta property=\"article:modified_time\" content=\"2020-02-12T11:08:18+00:00\" \/>\n<meta property=\"og:image\" content=\"https:\/\/amurriobidean.org\/wp-content\/uploads\/2020\/02\/office-365_grande.png\" \/>\n\t<meta property=\"og:image:width\" content=\"1200\" \/>\n\t<meta property=\"og:image:height\" content=\"1200\" \/>\n\t<meta property=\"og:image:type\" content=\"image\/png\" \/>\n<meta name=\"author\" content=\"Amurrio Bidean\" \/>\n<meta name=\"twitter:card\" content=\"summary_large_image\" \/>\n<meta name=\"twitter:creator\" content=\"@amurriobidean\" \/>\n<meta name=\"twitter:site\" content=\"@amurriobidean\" \/>\n<meta name=\"twitter:label1\" content=\"Escrito por\" \/>\n\t<meta name=\"twitter:data1\" content=\"Amurrio Bidean\" \/>\n\t<meta name=\"twitter:label2\" content=\"Tiempo de lectura\" \/>\n\t<meta name=\"twitter:data2\" content=\"1 minuto\" \/>\n<script type=\"application\/ld+json\" class=\"yoast-schema-graph\">{\"@context\":\"https:\/\/schema.org\",\"@graph\":[{\"@type\":\"WebPage\",\"@id\":\"https:\/\/amurriobidean.org\/es\/office-365-tresnarekin-enpresetako-produktibitateari-elkarlanari-eta-talde-lanari-buruzko-jardunaldia\/\",\"url\":\"https:\/\/amurriobidean.org\/es\/office-365-tresnarekin-enpresetako-produktibitateari-elkarlanari-eta-talde-lanari-buruzko-jardunaldia\/\",\"name\":\"Jornada sobre Productividad, colaboraci\u00f3n y trabajo en equipo en la empresa con Office 365 - Amurrio Bidean. Garapen Agentzia - Agencia de desarrollo.\",\"isPartOf\":{\"@id\":\"https:\/\/amurriobidean.org\/es\/#website\"},\"primaryImageOfPage\":{\"@id\":\"https:\/\/amurriobidean.org\/es\/office-365-tresnarekin-enpresetako-produktibitateari-elkarlanari-eta-talde-lanari-buruzko-jardunaldia\/#primaryimage\"},\"image\":{\"@id\":\"https:\/\/amurriobidean.org\/es\/office-365-tresnarekin-enpresetako-produktibitateari-elkarlanari-eta-talde-lanari-buruzko-jardunaldia\/#primaryimage\"},\"thumbnailUrl\":\"https:\/\/amurriobidean.org\/wp-content\/uploads\/2020\/02\/office-365_grande.png\",\"datePublished\":\"2020-02-12T11:06:25+00:00\",\"dateModified\":\"2020-02-12T11:08:18+00:00\",\"author\":{\"@id\":\"https:\/\/amurriobidean.org\/es\/#\/schema\/person\/56c71b474b3e7f5f5e6f209a6cf3abfe\"},\"breadcrumb\":{\"@id\":\"https:\/\/amurriobidean.org\/es\/office-365-tresnarekin-enpresetako-produktibitateari-elkarlanari-eta-talde-lanari-buruzko-jardunaldia\/#breadcrumb\"},\"inLanguage\":\"es\",\"potentialAction\":[{\"@type\":\"ReadAction\",\"target\":[\"https:\/\/amurriobidean.org\/es\/office-365-tresnarekin-enpresetako-produktibitateari-elkarlanari-eta-talde-lanari-buruzko-jardunaldia\/\"]}]},{\"@type\":\"ImageObject\",\"inLanguage\":\"es\",\"@id\":\"https:\/\/amurriobidean.org\/es\/office-365-tresnarekin-enpresetako-produktibitateari-elkarlanari-eta-talde-lanari-buruzko-jardunaldia\/#primaryimage\",\"url\":\"https:\/\/amurriobidean.org\/wp-content\/uploads\/2020\/02\/office-365_grande.png\",\"contentUrl\":\"https:\/\/amurriobidean.org\/wp-content\/uploads\/2020\/02\/office-365_grande.png\",\"width\":1200,\"height\":1200},{\"@type\":\"BreadcrumbList\",\"@id\":\"https:\/\/amurriobidean.org\/es\/office-365-tresnarekin-enpresetako-produktibitateari-elkarlanari-eta-talde-lanari-buruzko-jardunaldia\/#breadcrumb\",\"itemListElement\":[{\"@type\":\"ListItem\",\"position\":1,\"name\":\"Portada\",\"item\":\"https:\/\/amurriobidean.org\/es\/\"},{\"@type\":\"ListItem\",\"position\":2,\"name\":\"Jornada sobre Productividad, colaboraci\u00f3n y trabajo en equipo en la empresa con Office 365\"}]},{\"@type\":\"WebSite\",\"@id\":\"https:\/\/amurriobidean.org\/es\/#website\",\"url\":\"https:\/\/amurriobidean.org\/es\/\",\"name\":\"Amurrio Bidean. Garapen Agentzia - Agencia de desarrollo.\",\"description\":\"Agencia de Desarollo Local de Amurrio\",\"potentialAction\":[{\"@type\":\"SearchAction\",\"target\":{\"@type\":\"EntryPoint\",\"urlTemplate\":\"https:\/\/amurriobidean.org\/es\/?s={search_term_string}\"},\"query-input\":{\"@type\":\"PropertyValueSpecification\",\"valueRequired\":true,\"valueName\":\"search_term_string\"}}],\"inLanguage\":\"es\"},{\"@type\":\"Person\",\"@id\":\"https:\/\/amurriobidean.org\/es\/#\/schema\/person\/56c71b474b3e7f5f5e6f209a6cf3abfe\",\"name\":\"Amurrio Bidean\",\"image\":{\"@type\":\"ImageObject\",\"inLanguage\":\"es\",\"@id\":\"https:\/\/amurriobidean.org\/es\/#\/schema\/person\/image\/\",\"url\":\"https:\/\/secure.gravatar.com\/avatar\/84a34d50800d0bb5d80eba504fc44ed48c9b2faab16ad58fa7d30bce4e2b661e\",\"contentUrl\":\"https:\/\/secure.gravatar.com\/avatar\/84a34d50800d0bb5d80eba504fc44ed48c9b2faab16ad58fa7d30bce4e2b661e\",\"caption\":\"Amurrio Bidean\"},\"sameAs\":[\"http:\/\/www.amurriobidean.eus\"],\"url\":\"https:\/\/amurriobidean.org\/es\/author\/amurrio-bidean\/\"}]}<\/script>\n<!-- \/ Yoast SEO plugin. -->","yoast_head_json":{"title":"Jornada sobre Productividad, colaboraci\u00f3n y trabajo en equipo en la empresa con Office 365 - Amurrio Bidean. Garapen Agentzia - Agencia de desarrollo.","robots":{"index":"index","follow":"follow","max-snippet":"max-snippet:-1","max-image-preview":"max-image-preview:large","max-video-preview":"max-video-preview:-1"},"canonical":"https:\/\/amurriobidean.org\/es\/office-365-tresnarekin-enpresetako-produktibitateari-elkarlanari-eta-talde-lanari-buruzko-jardunaldia\/","og_locale":"es_ES","og_type":"article","og_title":"Jornada sobre Productividad, colaboraci\u00f3n y trabajo en equipo en la empresa con Office 365 - Amurrio Bidean. Garapen Agentzia - Agencia de desarrollo.","og_description":"El 28 de febrero de 9.30 a 13 horas en ReforAmurrio Empresaldea tendr\u00e1 lugar esta jornada gratuita organizada en el marco de Enpresa Digitala de SPRI. Desde el lanzamiento de su primera versi\u00f3n en 1990, hace ya casi 30 a\u00f1os, Microsoft Office es una suite ofim\u00e1tica de uso habitual en muchas empresas para la edici\u00f3n [&hellip;]","og_url":"https:\/\/amurriobidean.org\/es\/office-365-tresnarekin-enpresetako-produktibitateari-elkarlanari-eta-talde-lanari-buruzko-jardunaldia\/","og_site_name":"Amurrio Bidean. Garapen Agentzia - Agencia de desarrollo.","article_publisher":"https:\/\/www.facebook.com\/amurrio.bidean","article_published_time":"2020-02-12T11:06:25+00:00","article_modified_time":"2020-02-12T11:08:18+00:00","og_image":[{"width":1200,"height":1200,"url":"https:\/\/amurriobidean.org\/wp-content\/uploads\/2020\/02\/office-365_grande.png","type":"image\/png"}],"author":"Amurrio Bidean","twitter_card":"summary_large_image","twitter_creator":"@amurriobidean","twitter_site":"@amurriobidean","twitter_misc":{"Escrito por":"Amurrio Bidean","Tiempo de lectura":"1 minuto"},"schema":{"@context":"https:\/\/schema.org","@graph":[{"@type":"WebPage","@id":"https:\/\/amurriobidean.org\/es\/office-365-tresnarekin-enpresetako-produktibitateari-elkarlanari-eta-talde-lanari-buruzko-jardunaldia\/","url":"https:\/\/amurriobidean.org\/es\/office-365-tresnarekin-enpresetako-produktibitateari-elkarlanari-eta-talde-lanari-buruzko-jardunaldia\/","name":"Jornada sobre Productividad, colaboraci\u00f3n y trabajo en equipo en la empresa con Office 365 - Amurrio Bidean. Garapen Agentzia - Agencia de desarrollo.","isPartOf":{"@id":"https:\/\/amurriobidean.org\/es\/#website"},"primaryImageOfPage":{"@id":"https:\/\/amurriobidean.org\/es\/office-365-tresnarekin-enpresetako-produktibitateari-elkarlanari-eta-talde-lanari-buruzko-jardunaldia\/#primaryimage"},"image":{"@id":"https:\/\/amurriobidean.org\/es\/office-365-tresnarekin-enpresetako-produktibitateari-elkarlanari-eta-talde-lanari-buruzko-jardunaldia\/#primaryimage"},"thumbnailUrl":"https:\/\/amurriobidean.org\/wp-content\/uploads\/2020\/02\/office-365_grande.png","datePublished":"2020-02-12T11:06:25+00:00","dateModified":"2020-02-12T11:08:18+00:00","author":{"@id":"https:\/\/amurriobidean.org\/es\/#\/schema\/person\/56c71b474b3e7f5f5e6f209a6cf3abfe"},"breadcrumb":{"@id":"https:\/\/amurriobidean.org\/es\/office-365-tresnarekin-enpresetako-produktibitateari-elkarlanari-eta-talde-lanari-buruzko-jardunaldia\/#breadcrumb"},"inLanguage":"es","potentialAction":[{"@type":"ReadAction","target":["https:\/\/amurriobidean.org\/es\/office-365-tresnarekin-enpresetako-produktibitateari-elkarlanari-eta-talde-lanari-buruzko-jardunaldia\/"]}]},{"@type":"ImageObject","inLanguage":"es","@id":"https:\/\/amurriobidean.org\/es\/office-365-tresnarekin-enpresetako-produktibitateari-elkarlanari-eta-talde-lanari-buruzko-jardunaldia\/#primaryimage","url":"https:\/\/amurriobidean.org\/wp-content\/uploads\/2020\/02\/office-365_grande.png","contentUrl":"https:\/\/amurriobidean.org\/wp-content\/uploads\/2020\/02\/office-365_grande.png","width":1200,"height":1200},{"@type":"BreadcrumbList","@id":"https:\/\/amurriobidean.org\/es\/office-365-tresnarekin-enpresetako-produktibitateari-elkarlanari-eta-talde-lanari-buruzko-jardunaldia\/#breadcrumb","itemListElement":[{"@type":"ListItem","position":1,"name":"Portada","item":"https:\/\/amurriobidean.org\/es\/"},{"@type":"ListItem","position":2,"name":"Jornada sobre Productividad, colaboraci\u00f3n y trabajo en equipo en la empresa con Office 365"}]},{"@type":"WebSite","@id":"https:\/\/amurriobidean.org\/es\/#website","url":"https:\/\/amurriobidean.org\/es\/","name":"Amurrio Bidean. Garapen Agentzia - Agencia de desarrollo.","description":"Agencia de Desarollo Local de Amurrio","potentialAction":[{"@type":"SearchAction","target":{"@type":"EntryPoint","urlTemplate":"https:\/\/amurriobidean.org\/es\/?s={search_term_string}"},"query-input":{"@type":"PropertyValueSpecification","valueRequired":true,"valueName":"search_term_string"}}],"inLanguage":"es"},{"@type":"Person","@id":"https:\/\/amurriobidean.org\/es\/#\/schema\/person\/56c71b474b3e7f5f5e6f209a6cf3abfe","name":"Amurrio Bidean","image":{"@type":"ImageObject","inLanguage":"es","@id":"https:\/\/amurriobidean.org\/es\/#\/schema\/person\/image\/","url":"https:\/\/secure.gravatar.com\/avatar\/84a34d50800d0bb5d80eba504fc44ed48c9b2faab16ad58fa7d30bce4e2b661e","contentUrl":"https:\/\/secure.gravatar.com\/avatar\/84a34d50800d0bb5d80eba504fc44ed48c9b2faab16ad58fa7d30bce4e2b661e","caption":"Amurrio Bidean"},"sameAs":["http:\/\/www.amurriobidean.eus"],"url":"https:\/\/amurriobidean.org\/es\/author\/amurrio-bidean\/"}]}},"_links":{"self":[{"href":"https:\/\/amurriobidean.org\/es\/wp-json\/wp\/v2\/posts\/3570","targetHints":{"allow":["GET"]}}],"collection":[{"href":"https:\/\/amurriobidean.org\/es\/wp-json\/wp\/v2\/posts"}],"about":[{"href":"https:\/\/amurriobidean.org\/es\/wp-json\/wp\/v2\/types\/post"}],"author":[{"embeddable":true,"href":"https:\/\/amurriobidean.org\/es\/wp-json\/wp\/v2\/users\/2"}],"replies":[{"embeddable":true,"href":"https:\/\/amurriobidean.org\/es\/wp-json\/wp\/v2\/comments?post=3570"}],"version-history":[{"count":0,"href":"https:\/\/amurriobidean.org\/es\/wp-json\/wp\/v2\/posts\/3570\/revisions"}],"wp:featuredmedia":[{"embeddable":true,"href":"https:\/\/amurriobidean.org\/es\/wp-json\/wp\/v2\/media\/3567"}],"wp:attachment":[{"href":"https:\/\/amurriobidean.org\/es\/wp-json\/wp\/v2\/media?parent=3570"}],"wp:term":[{"taxonomy":"category","embeddable":true,"href":"https:\/\/amurriobidean.org\/es\/wp-json\/wp\/v2\/categories?post=3570"},{"taxonomy":"post_tag","embeddable":true,"href":"https:\/\/amurriobidean.org\/es\/wp-json\/wp\/v2\/tags?post=3570"}],"curies":[{"name":"wp","href":"https:\/\/api.w.org\/{rel}","templated":true}]}}