{"id":3536,"date":"2019-12-05T10:19:19","date_gmt":"2019-12-05T10:19:19","guid":{"rendered":"http:\/\/amurriobidean.eus\/reforamurrio-enpresaldea-enpresen-haztegira-eta-zentrora-sartzeko-deialdi-berria-3\/"},"modified":"2019-12-05T10:24:33","modified_gmt":"2019-12-05T10:24:33","slug":"reforamurrio-enpresaldea-enpresen-haztegira-eta-zentrora-sartzeko-deialdi-berria-3","status":"publish","type":"post","link":"https:\/\/amurriobidean.org\/es\/reforamurrio-enpresaldea-enpresen-haztegira-eta-zentrora-sartzeko-deialdi-berria-3\/","title":{"rendered":"Nueva Convocatoria de acceso al Semillero y Centro de Empresas Reforamurrio Enpresaldea  y Espacio Coworking"},"content":{"rendered":"<p><strong>Del 2 al 27 de diciembre permanece abierto el plazo para la presentaci\u00f3n de solicitudes<\/strong><\/p>\n<p>Los locales est\u00e1n destinados a empresas o personas promotoras que realicen o vayan a realizar su actividad dentro del llamado Sector Servicios (\u00abOficinas\u00bb).<br \/>\nEn el precio de alquiler de cada m\u00f3dulo o despacho est\u00e1n incluidos los gastos derivados del consumo de cada local arrendado, tales como electricidad, conexi\u00f3n a Internet, calefacci\u00f3n, limpieza, etc. as\u00ed como una serie de servicios comunes; recepci\u00f3n, office, buz\u00f3n privado, mantenimiento de los locales, sistema de seguridad, salas de reuniones, etc.<br \/>\nLas empresas o personas promotoras que vayan a iniciar su actividad o que lleven menos de tres a\u00f1os desde el alta de actividad en el momento de presentaci\u00f3n de la solicitud cuentan con un precio bonificado respecto a las empresas ya consolidadas.<br \/>\nAdem\u00e1s, se aplican bonificaciones adicionales por la creaci\u00f3n de empleo (del 20% al 37%) y si la actividad a desarrollar se considera innovadora (10%-25%). Ambos porcentajes de bonificaci\u00f3n son compatibles siempre y cuando no se supere el 50%.<br \/>\nEn estos momentos, nueve empresas se encuentran ubicadas en las instalaciones y se dispone de dos m\u00f3dulos libres de 32,64 m2 y 34, 66 m2, respectivamente.<\/p>\n<p><strong>Espacio Coworking<\/strong><br \/>\nSe trata de una oficina compartida de 34,66 m\u00b2 ubicado en la primera planta de Reforamurrio Enpresaldea. El local dispone de cuatro puestos de trabajo, mesa de reuniones y mobiliario espec\u00edfico de oficina adem\u00e1s de conexi\u00f3n a Internet, pudiendo las personas usuarias hacer uso del resto de instalaciones del Centro como salas de reuniones, recepci\u00f3n, office.<br \/>\nEl espacio est\u00e1 dirigido a personas o empresas que desarrollen o vayan a desarrollar una actividad relacionada con el dise\u00f1o, TICs, servicios conexos a la industria, etc. que requieran de un espacio limitado para trabajar y no tengan inconveniente en compartir oficina. El precio de acceso es de 26, 09 \u20ac mensuales m\u00e1s IVA.<\/p>\n<p>Todas aquellas personas y empresas interesadas pueden consultar o ampliar informaci\u00f3n en Amurrio Bidean ( El Refor Kalea sn) Tel. 945 891721. E- mail administracion@amurriobidean.org<br \/>\nwww.amurriobidean.org<\/p>\n","protected":false},"excerpt":{"rendered":"<p>Del 2 al 27 de diciembre permanece abierto el plazo para la presentaci\u00f3n de solicitudes Los locales est\u00e1n destinados a empresas o personas promotoras que realicen o vayan a realizar su actividad dentro del llamado Sector Servicios (\u00abOficinas\u00bb). En el precio de alquiler de cada m\u00f3dulo o despacho est\u00e1n incluidos los gastos derivados del consumo [&hellip;]<\/p>\n","protected":false},"author":2,"featured_media":3533,"comment_status":"closed","ping_status":"closed","sticky":false,"template":"","format":"standard","meta":{"footnotes":""},"categories":[28],"tags":[],"class_list":["post-3536","post","type-post","status-publish","format-standard","has-post-thumbnail","hentry","category-noticias"],"yoast_head":"<!-- This site is optimized with the Yoast SEO plugin v25.3 - https:\/\/yoast.com\/wordpress\/plugins\/seo\/ -->\n<title>Nueva Convocatoria de acceso al Semillero y Centro de Empresas Reforamurrio Enpresaldea y Espacio Coworking - Amurrio Bidean. Garapen Agentzia - Agencia de desarrollo.<\/title>\n<meta name=\"robots\" content=\"index, follow, max-snippet:-1, max-image-preview:large, max-video-preview:-1\" \/>\n<link rel=\"canonical\" href=\"https:\/\/amurriobidean.org\/es\/reforamurrio-enpresaldea-enpresen-haztegira-eta-zentrora-sartzeko-deialdi-berria-3\/\" \/>\n<meta property=\"og:locale\" content=\"es_ES\" \/>\n<meta property=\"og:type\" content=\"article\" \/>\n<meta property=\"og:title\" content=\"Nueva Convocatoria de acceso al Semillero y Centro de Empresas Reforamurrio Enpresaldea y Espacio Coworking - Amurrio Bidean. Garapen Agentzia - Agencia de desarrollo.\" \/>\n<meta property=\"og:description\" content=\"Del 2 al 27 de diciembre permanece abierto el plazo para la presentaci\u00f3n de solicitudes Los locales est\u00e1n destinados a empresas o personas promotoras que realicen o vayan a realizar su actividad dentro del llamado Sector Servicios (\u00abOficinas\u00bb). En el precio de alquiler de cada m\u00f3dulo o despacho est\u00e1n incluidos los gastos derivados del consumo [&hellip;]\" \/>\n<meta property=\"og:url\" content=\"https:\/\/amurriobidean.org\/es\/reforamurrio-enpresaldea-enpresen-haztegira-eta-zentrora-sartzeko-deialdi-berria-3\/\" \/>\n<meta property=\"og:site_name\" content=\"Amurrio Bidean. Garapen Agentzia - Agencia de desarrollo.\" \/>\n<meta property=\"article:publisher\" content=\"https:\/\/www.facebook.com\/amurrio.bidean\" \/>\n<meta property=\"article:published_time\" content=\"2019-12-05T10:19:19+00:00\" \/>\n<meta property=\"article:modified_time\" content=\"2019-12-05T10:24:33+00:00\" \/>\n<meta property=\"og:image\" content=\"https:\/\/amurriobidean.org\/wp-content\/uploads\/2019\/12\/IMG_4234_1.jpg\" \/>\n\t<meta property=\"og:image:width\" content=\"594\" \/>\n\t<meta property=\"og:image:height\" content=\"396\" \/>\n\t<meta property=\"og:image:type\" content=\"image\/jpeg\" \/>\n<meta name=\"author\" content=\"Amurrio Bidean\" \/>\n<meta name=\"twitter:card\" content=\"summary_large_image\" \/>\n<meta name=\"twitter:creator\" content=\"@amurriobidean\" \/>\n<meta name=\"twitter:site\" content=\"@amurriobidean\" \/>\n<meta name=\"twitter:label1\" content=\"Escrito por\" \/>\n\t<meta name=\"twitter:data1\" content=\"Amurrio Bidean\" \/>\n\t<meta name=\"twitter:label2\" content=\"Tiempo de lectura\" \/>\n\t<meta name=\"twitter:data2\" content=\"2 minutos\" \/>\n<script type=\"application\/ld+json\" class=\"yoast-schema-graph\">{\"@context\":\"https:\/\/schema.org\",\"@graph\":[{\"@type\":\"WebPage\",\"@id\":\"https:\/\/amurriobidean.org\/es\/reforamurrio-enpresaldea-enpresen-haztegira-eta-zentrora-sartzeko-deialdi-berria-3\/\",\"url\":\"https:\/\/amurriobidean.org\/es\/reforamurrio-enpresaldea-enpresen-haztegira-eta-zentrora-sartzeko-deialdi-berria-3\/\",\"name\":\"Nueva Convocatoria de acceso al Semillero y Centro de Empresas Reforamurrio Enpresaldea y Espacio Coworking - Amurrio Bidean. Garapen Agentzia - Agencia de desarrollo.\",\"isPartOf\":{\"@id\":\"https:\/\/amurriobidean.org\/es\/#website\"},\"primaryImageOfPage\":{\"@id\":\"https:\/\/amurriobidean.org\/es\/reforamurrio-enpresaldea-enpresen-haztegira-eta-zentrora-sartzeko-deialdi-berria-3\/#primaryimage\"},\"image\":{\"@id\":\"https:\/\/amurriobidean.org\/es\/reforamurrio-enpresaldea-enpresen-haztegira-eta-zentrora-sartzeko-deialdi-berria-3\/#primaryimage\"},\"thumbnailUrl\":\"https:\/\/amurriobidean.org\/wp-content\/uploads\/2019\/12\/IMG_4234_1.jpg\",\"datePublished\":\"2019-12-05T10:19:19+00:00\",\"dateModified\":\"2019-12-05T10:24:33+00:00\",\"author\":{\"@id\":\"https:\/\/amurriobidean.org\/es\/#\/schema\/person\/56c71b474b3e7f5f5e6f209a6cf3abfe\"},\"breadcrumb\":{\"@id\":\"https:\/\/amurriobidean.org\/es\/reforamurrio-enpresaldea-enpresen-haztegira-eta-zentrora-sartzeko-deialdi-berria-3\/#breadcrumb\"},\"inLanguage\":\"es\",\"potentialAction\":[{\"@type\":\"ReadAction\",\"target\":[\"https:\/\/amurriobidean.org\/es\/reforamurrio-enpresaldea-enpresen-haztegira-eta-zentrora-sartzeko-deialdi-berria-3\/\"]}]},{\"@type\":\"ImageObject\",\"inLanguage\":\"es\",\"@id\":\"https:\/\/amurriobidean.org\/es\/reforamurrio-enpresaldea-enpresen-haztegira-eta-zentrora-sartzeko-deialdi-berria-3\/#primaryimage\",\"url\":\"https:\/\/amurriobidean.org\/wp-content\/uploads\/2019\/12\/IMG_4234_1.jpg\",\"contentUrl\":\"https:\/\/amurriobidean.org\/wp-content\/uploads\/2019\/12\/IMG_4234_1.jpg\",\"width\":594,\"height\":396},{\"@type\":\"BreadcrumbList\",\"@id\":\"https:\/\/amurriobidean.org\/es\/reforamurrio-enpresaldea-enpresen-haztegira-eta-zentrora-sartzeko-deialdi-berria-3\/#breadcrumb\",\"itemListElement\":[{\"@type\":\"ListItem\",\"position\":1,\"name\":\"Portada\",\"item\":\"https:\/\/amurriobidean.org\/es\/\"},{\"@type\":\"ListItem\",\"position\":2,\"name\":\"Nueva Convocatoria de acceso al Semillero y Centro de Empresas Reforamurrio Enpresaldea y Espacio Coworking\"}]},{\"@type\":\"WebSite\",\"@id\":\"https:\/\/amurriobidean.org\/es\/#website\",\"url\":\"https:\/\/amurriobidean.org\/es\/\",\"name\":\"Amurrio Bidean. Garapen Agentzia - Agencia de desarrollo.\",\"description\":\"Agencia de Desarollo Local de Amurrio\",\"potentialAction\":[{\"@type\":\"SearchAction\",\"target\":{\"@type\":\"EntryPoint\",\"urlTemplate\":\"https:\/\/amurriobidean.org\/es\/?s={search_term_string}\"},\"query-input\":{\"@type\":\"PropertyValueSpecification\",\"valueRequired\":true,\"valueName\":\"search_term_string\"}}],\"inLanguage\":\"es\"},{\"@type\":\"Person\",\"@id\":\"https:\/\/amurriobidean.org\/es\/#\/schema\/person\/56c71b474b3e7f5f5e6f209a6cf3abfe\",\"name\":\"Amurrio Bidean\",\"image\":{\"@type\":\"ImageObject\",\"inLanguage\":\"es\",\"@id\":\"https:\/\/amurriobidean.org\/es\/#\/schema\/person\/image\/\",\"url\":\"https:\/\/secure.gravatar.com\/avatar\/84a34d50800d0bb5d80eba504fc44ed48c9b2faab16ad58fa7d30bce4e2b661e\",\"contentUrl\":\"https:\/\/secure.gravatar.com\/avatar\/84a34d50800d0bb5d80eba504fc44ed48c9b2faab16ad58fa7d30bce4e2b661e\",\"caption\":\"Amurrio Bidean\"},\"sameAs\":[\"http:\/\/www.amurriobidean.eus\"],\"url\":\"https:\/\/amurriobidean.org\/es\/author\/amurrio-bidean\/\"}]}<\/script>\n<!-- \/ Yoast SEO plugin. -->","yoast_head_json":{"title":"Nueva Convocatoria de acceso al Semillero y Centro de Empresas Reforamurrio Enpresaldea y Espacio Coworking - Amurrio Bidean. Garapen Agentzia - Agencia de desarrollo.","robots":{"index":"index","follow":"follow","max-snippet":"max-snippet:-1","max-image-preview":"max-image-preview:large","max-video-preview":"max-video-preview:-1"},"canonical":"https:\/\/amurriobidean.org\/es\/reforamurrio-enpresaldea-enpresen-haztegira-eta-zentrora-sartzeko-deialdi-berria-3\/","og_locale":"es_ES","og_type":"article","og_title":"Nueva Convocatoria de acceso al Semillero y Centro de Empresas Reforamurrio Enpresaldea y Espacio Coworking - Amurrio Bidean. Garapen Agentzia - Agencia de desarrollo.","og_description":"Del 2 al 27 de diciembre permanece abierto el plazo para la presentaci\u00f3n de solicitudes Los locales est\u00e1n destinados a empresas o personas promotoras que realicen o vayan a realizar su actividad dentro del llamado Sector Servicios (\u00abOficinas\u00bb). En el precio de alquiler de cada m\u00f3dulo o despacho est\u00e1n incluidos los gastos derivados del consumo [&hellip;]","og_url":"https:\/\/amurriobidean.org\/es\/reforamurrio-enpresaldea-enpresen-haztegira-eta-zentrora-sartzeko-deialdi-berria-3\/","og_site_name":"Amurrio Bidean. Garapen Agentzia - Agencia de desarrollo.","article_publisher":"https:\/\/www.facebook.com\/amurrio.bidean","article_published_time":"2019-12-05T10:19:19+00:00","article_modified_time":"2019-12-05T10:24:33+00:00","og_image":[{"width":594,"height":396,"url":"https:\/\/amurriobidean.org\/wp-content\/uploads\/2019\/12\/IMG_4234_1.jpg","type":"image\/jpeg"}],"author":"Amurrio Bidean","twitter_card":"summary_large_image","twitter_creator":"@amurriobidean","twitter_site":"@amurriobidean","twitter_misc":{"Escrito por":"Amurrio Bidean","Tiempo de lectura":"2 minutos"},"schema":{"@context":"https:\/\/schema.org","@graph":[{"@type":"WebPage","@id":"https:\/\/amurriobidean.org\/es\/reforamurrio-enpresaldea-enpresen-haztegira-eta-zentrora-sartzeko-deialdi-berria-3\/","url":"https:\/\/amurriobidean.org\/es\/reforamurrio-enpresaldea-enpresen-haztegira-eta-zentrora-sartzeko-deialdi-berria-3\/","name":"Nueva Convocatoria de acceso al Semillero y Centro de Empresas Reforamurrio Enpresaldea y Espacio Coworking - Amurrio Bidean. Garapen Agentzia - Agencia de desarrollo.","isPartOf":{"@id":"https:\/\/amurriobidean.org\/es\/#website"},"primaryImageOfPage":{"@id":"https:\/\/amurriobidean.org\/es\/reforamurrio-enpresaldea-enpresen-haztegira-eta-zentrora-sartzeko-deialdi-berria-3\/#primaryimage"},"image":{"@id":"https:\/\/amurriobidean.org\/es\/reforamurrio-enpresaldea-enpresen-haztegira-eta-zentrora-sartzeko-deialdi-berria-3\/#primaryimage"},"thumbnailUrl":"https:\/\/amurriobidean.org\/wp-content\/uploads\/2019\/12\/IMG_4234_1.jpg","datePublished":"2019-12-05T10:19:19+00:00","dateModified":"2019-12-05T10:24:33+00:00","author":{"@id":"https:\/\/amurriobidean.org\/es\/#\/schema\/person\/56c71b474b3e7f5f5e6f209a6cf3abfe"},"breadcrumb":{"@id":"https:\/\/amurriobidean.org\/es\/reforamurrio-enpresaldea-enpresen-haztegira-eta-zentrora-sartzeko-deialdi-berria-3\/#breadcrumb"},"inLanguage":"es","potentialAction":[{"@type":"ReadAction","target":["https:\/\/amurriobidean.org\/es\/reforamurrio-enpresaldea-enpresen-haztegira-eta-zentrora-sartzeko-deialdi-berria-3\/"]}]},{"@type":"ImageObject","inLanguage":"es","@id":"https:\/\/amurriobidean.org\/es\/reforamurrio-enpresaldea-enpresen-haztegira-eta-zentrora-sartzeko-deialdi-berria-3\/#primaryimage","url":"https:\/\/amurriobidean.org\/wp-content\/uploads\/2019\/12\/IMG_4234_1.jpg","contentUrl":"https:\/\/amurriobidean.org\/wp-content\/uploads\/2019\/12\/IMG_4234_1.jpg","width":594,"height":396},{"@type":"BreadcrumbList","@id":"https:\/\/amurriobidean.org\/es\/reforamurrio-enpresaldea-enpresen-haztegira-eta-zentrora-sartzeko-deialdi-berria-3\/#breadcrumb","itemListElement":[{"@type":"ListItem","position":1,"name":"Portada","item":"https:\/\/amurriobidean.org\/es\/"},{"@type":"ListItem","position":2,"name":"Nueva Convocatoria de acceso al Semillero y Centro de Empresas Reforamurrio Enpresaldea y Espacio Coworking"}]},{"@type":"WebSite","@id":"https:\/\/amurriobidean.org\/es\/#website","url":"https:\/\/amurriobidean.org\/es\/","name":"Amurrio Bidean. Garapen Agentzia - Agencia de desarrollo.","description":"Agencia de Desarollo Local de Amurrio","potentialAction":[{"@type":"SearchAction","target":{"@type":"EntryPoint","urlTemplate":"https:\/\/amurriobidean.org\/es\/?s={search_term_string}"},"query-input":{"@type":"PropertyValueSpecification","valueRequired":true,"valueName":"search_term_string"}}],"inLanguage":"es"},{"@type":"Person","@id":"https:\/\/amurriobidean.org\/es\/#\/schema\/person\/56c71b474b3e7f5f5e6f209a6cf3abfe","name":"Amurrio Bidean","image":{"@type":"ImageObject","inLanguage":"es","@id":"https:\/\/amurriobidean.org\/es\/#\/schema\/person\/image\/","url":"https:\/\/secure.gravatar.com\/avatar\/84a34d50800d0bb5d80eba504fc44ed48c9b2faab16ad58fa7d30bce4e2b661e","contentUrl":"https:\/\/secure.gravatar.com\/avatar\/84a34d50800d0bb5d80eba504fc44ed48c9b2faab16ad58fa7d30bce4e2b661e","caption":"Amurrio Bidean"},"sameAs":["http:\/\/www.amurriobidean.eus"],"url":"https:\/\/amurriobidean.org\/es\/author\/amurrio-bidean\/"}]}},"_links":{"self":[{"href":"https:\/\/amurriobidean.org\/es\/wp-json\/wp\/v2\/posts\/3536","targetHints":{"allow":["GET"]}}],"collection":[{"href":"https:\/\/amurriobidean.org\/es\/wp-json\/wp\/v2\/posts"}],"about":[{"href":"https:\/\/amurriobidean.org\/es\/wp-json\/wp\/v2\/types\/post"}],"author":[{"embeddable":true,"href":"https:\/\/amurriobidean.org\/es\/wp-json\/wp\/v2\/users\/2"}],"replies":[{"embeddable":true,"href":"https:\/\/amurriobidean.org\/es\/wp-json\/wp\/v2\/comments?post=3536"}],"version-history":[{"count":0,"href":"https:\/\/amurriobidean.org\/es\/wp-json\/wp\/v2\/posts\/3536\/revisions"}],"wp:featuredmedia":[{"embeddable":true,"href":"https:\/\/amurriobidean.org\/es\/wp-json\/wp\/v2\/media\/3533"}],"wp:attachment":[{"href":"https:\/\/amurriobidean.org\/es\/wp-json\/wp\/v2\/media?parent=3536"}],"wp:term":[{"taxonomy":"category","embeddable":true,"href":"https:\/\/amurriobidean.org\/es\/wp-json\/wp\/v2\/categories?post=3536"},{"taxonomy":"post_tag","embeddable":true,"href":"https:\/\/amurriobidean.org\/es\/wp-json\/wp\/v2\/tags?post=3536"}],"curies":[{"name":"wp","href":"https:\/\/api.w.org\/{rel}","templated":true}]}}